{"id":34750,"date":"2010-06-20T17:29:04","date_gmt":"2010-06-20T15:29:04","guid":{"rendered":"http:\/\/www.visit-ulcinj.com\/blog\/?p=34750"},"modified":"2010-06-29T19:24:34","modified_gmt":"2010-06-29T17:24:34","slug":"haziri-i-premton-ulqinit-turiste-dhe-kulture-kosovare","status":"publish","type":"post","link":"https:\/\/www.visit-ulcinj.com\/blog\/2010\/06\/20\/haziri-i-premton-ulqinit-turiste-dhe-kulture-kosovare\/","title":{"rendered":"Haziri i premton Ulqinit turist\u00eb dhe kultur\u00eb kosovare &#8211; Video"},"content":{"rendered":"<p><a href=\"http:\/\/www.visit-ulcinj.com\/blog\/wp-content\/uploads\/2010\/06\/Lutfi-Haziri.jpg\"><img loading=\"lazy\" class=\"alignleft size-full wp-image-34752\" title=\"Lutfi Haziri\" src=\"http:\/\/www.visit-ulcinj.com\/blog\/wp-content\/uploads\/2010\/06\/Lutfi-Haziri.jpg\" alt=\"Lutfi Haziri\" width=\"490\" height=\"320\" srcset=\"https:\/\/www.visit-ulcinj.com\/blog\/wp-content\/uploads\/2010\/06\/Lutfi-Haziri.jpg 490w, https:\/\/www.visit-ulcinj.com\/blog\/wp-content\/uploads\/2010\/06\/Lutfi-Haziri-300x195.jpg 300w\" sizes=\"(max-width: 490px) 100vw, 490px\" \/><\/a>Ministri kosovar i Kultur\u00ebs, Rinis\u00eb dhe Sportit, Lutfi Haziri, duke u kthyer nga nj\u00eb vizit\u00eb zyrtare n\u00eb Rom\u00eb t\u00eb Italis\u00eb, t\u00eb premten pasdite vizitoi edhe Ulqinin, ku u prit nga kryetari i k\u00ebsaj komune G\u00ebzim Hajdinaga.<br \/>\nMinistri Haziri tha se turist\u00ebt kosovar\u00eb i njohin mir\u00eb bukurit\u00eb dhe kushtet e pushimit n\u00eb k\u00ebt\u00eb qytet t\u00eb mrekulluesh\u00ebm dhe, sipas tij, ata kurr\u00eb nuk e anashkalojn\u00eb Ulqinin.<br \/>\n\u201cPo shoh angazhimin e madh t\u00eb pushtetit lokal n\u00eb p\u00ebrgatitjen e t\u00eb gjitha segmenteve t\u00eb qytetit dhe rrethin\u00ebs, duke e shnd\u00ebrruar Ulqinin n\u00eb nj\u00eb ambient v\u00ebrtet\u00eb evropian turistik\u201d, u shpreh ministri Haziri.<br \/>\nHaziri mir\u00ebpriti ftes\u00ebn e kryetarit t\u00eb Ulqinit q\u00eb krijuesit dhe artist\u00ebt kosovar\u00eb t\u00eb jen\u00eb t\u00eb pranish\u00ebm n\u00eb Panairin tradicional t\u00eb librit shqip, i cili mbahet n\u00eb fund t\u00eb korrikut dhe n\u00eb Festivalin kulturor \u201cSkena verore Ulqini 2010\u201d.<br \/>\nI pyetur nga KosovaLive se a mund t\u2019i p\u00ebrkrah Qeveria e Republik\u00ebs s\u00eb Kosov\u00ebs projektet kulturore t\u00eb shqiptar\u00ebve n\u00eb Malin e Zi ashtu si vepron Qeveria e Republik\u00ebs s\u00eb Kroacis\u00eb, e cila p\u00ebrkrah t\u00eb gjitha projektet e identitetit kulturor t\u00eb pakic\u00ebs kroate n\u00eb rajonin e Bok\u00ebs s\u00eb Kotorrit n\u00eb Malin e Zi, ministri kosovar i Kultur\u00ebs, Lutfi Haziri, pohoi se edhe Qeveria e Republik\u00ebs s\u00eb Kosov\u00ebs mund t\u2019i p\u00ebrkrah\u00eb projektet kulturore t\u00eb shqiptar\u00ebve n\u00eb Malin e Zi.<br \/>\n\u201cDeri n\u00eb fund t\u00eb k\u00ebtij muaji parashihet nj\u00eb takim me kolegun tim malazias, Branislav Mi\u00e7unoviq, me t\u00eb cilin do t\u00eb n\u00ebnshkruajm\u00eb nj\u00eb protokoll bashk\u00ebpunimi nd\u00ebrmjet dy ministrive dhe shpresoj se n\u00eb aneksin e atij dokumenti do ta definojm\u00eb edhe p\u00ebrkrahjen e projekteve t\u00eb kultur\u00ebs s\u00eb shqiptar\u00ebve n\u00eb Malin e Zi\u201d, premtoi ministri Haziri.<\/p>\n<p><strong>KOHA NET<br \/>\n<!--YouTube Error: bad URL entered--><\/strong><\/p>\n","protected":false},"excerpt":{"rendered":"<p>Ministri kosovar i Kultur\u00ebs, Rinis\u00eb dhe Sportit, Lutfi Haziri, duke u kthyer nga nj\u00eb vizit\u00eb zyrtare n\u00eb Rom\u00eb t\u00eb Italis\u00eb, t\u00eb premten pasdite vizitoi edhe Ulqinin, ku u prit nga kryetari i k\u00ebsaj komune G\u00ebzim Hajdinaga. Ministri Haziri tha se turist\u00ebt kosovar\u00eb i njohin mir\u00eb bukurit\u00eb dhe kushtet e pushimit n\u00eb k\u00ebt\u00eb qytet t\u00eb mrekulluesh\u00ebm [&hellip;]<\/p>\n","protected":false},"author":1,"featured_media":0,"comment_status":"open","ping_status":"closed","sticky":false,"template":"","format":"standard","meta":{"spay_email":"","jetpack_publicize_message":"","jetpack_is_tweetstorm":false,"jetpack_publicize_feature_enabled":true},"categories":[1,14],"tags":[222,4549,14712,14713,14714],"jetpack_publicize_connections":[],"yoast_head":"<!-- This site is optimized with the Yoast SEO plugin v19.1 - https:\/\/yoast.com\/wordpress\/plugins\/seo\/ -->\n<title>Haziri i premton Ulqinit turist\u00eb dhe kultur\u00eb kosovare - Video - Lajme nga Ulqini<\/title>\n<meta name=\"description\" content=\"Ministri kosovar i Kultur\u00ebs, Rinis\u00eb dhe Sportit, Lutfi Haziri, duke u kthyer nga nj\u00eb vizit\u00eb zyrtare n\u00eb Rom\u00eb t\u00eb Italis\u00eb, t\u00eb premten pasdite vizitoi edhe\" \/>\n<meta name=\"robots\" content=\"index, follow, max-snippet:-1, max-image-preview:large, max-video-preview:-1\" \/>\n<link rel=\"canonical\" href=\"https:\/\/www.visit-ulcinj.com\/blog\/2010\/06\/20\/haziri-i-premton-ulqinit-turiste-dhe-kulture-kosovare\/\" \/>\n<meta property=\"og:locale\" content=\"en_US\" \/>\n<meta property=\"og:type\" content=\"article\" \/>\n<meta property=\"og:title\" content=\"Haziri i premton Ulqinit turist\u00eb dhe kultur\u00eb kosovare - Video - Lajme nga Ulqini\" \/>\n<meta property=\"og:description\" content=\"Ministri kosovar i Kultur\u00ebs, Rinis\u00eb dhe Sportit, Lutfi Haziri, duke u kthyer nga nj\u00eb vizit\u00eb zyrtare n\u00eb Rom\u00eb t\u00eb Italis\u00eb, t\u00eb premten pasdite vizitoi edhe\" \/>\n<meta property=\"og:url\" content=\"https:\/\/www.visit-ulcinj.com\/blog\/2010\/06\/20\/haziri-i-premton-ulqinit-turiste-dhe-kulture-kosovare\/\" \/>\n<meta property=\"og:site_name\" content=\"Lajme nga Ulqini\" \/>\n<meta property=\"article:published_time\" content=\"2010-06-20T15:29:04+00:00\" \/>\n<meta property=\"article:modified_time\" content=\"2010-06-29T17:24:34+00:00\" \/>\n<meta property=\"og:image\" content=\"http:\/\/www.visit-ulcinj.com\/blog\/wp-content\/uploads\/2010\/06\/Lutfi-Haziri.jpg\" \/>\n<meta name=\"twitter:label1\" content=\"Written by\" \/>\n\t<meta name=\"twitter:data1\" content=\"ulqini\" \/>\n\t<meta name=\"twitter:label2\" content=\"Est. reading time\" \/>\n\t<meta name=\"twitter:data2\" content=\"2 minutes\" \/>\n<script type=\"application\/ld+json\" class=\"yoast-schema-graph\">{\"@context\":\"https:\/\/schema.org\",\"@graph\":[{\"@type\":\"WebSite\",\"@id\":\"https:\/\/www.visit-ulcinj.com\/blog\/#website\",\"url\":\"https:\/\/www.visit-ulcinj.com\/blog\/\",\"name\":\"Lajme nga Ulqini\",\"description\":\"Lajme,Vijesti,Ulqini,Ulqin,Crna Gora,Mali i Zi\",\"potentialAction\":[{\"@type\":\"SearchAction\",\"target\":{\"@type\":\"EntryPoint\",\"urlTemplate\":\"https:\/\/www.visit-ulcinj.com\/blog\/?s={search_term_string}\"},\"query-input\":\"required name=search_term_string\"}],\"inLanguage\":\"en-US\"},{\"@type\":\"ImageObject\",\"inLanguage\":\"en-US\",\"@id\":\"https:\/\/www.visit-ulcinj.com\/blog\/2010\/06\/20\/haziri-i-premton-ulqinit-turiste-dhe-kulture-kosovare\/#primaryimage\",\"url\":\"https:\/\/www.visit-ulcinj.com\/blog\/wp-content\/uploads\/2010\/06\/Lutfi-Haziri.jpg\",\"contentUrl\":\"https:\/\/www.visit-ulcinj.com\/blog\/wp-content\/uploads\/2010\/06\/Lutfi-Haziri.jpg\",\"width\":\"490\",\"height\":\"320\"},{\"@type\":\"WebPage\",\"@id\":\"https:\/\/www.visit-ulcinj.com\/blog\/2010\/06\/20\/haziri-i-premton-ulqinit-turiste-dhe-kulture-kosovare\/#webpage\",\"url\":\"https:\/\/www.visit-ulcinj.com\/blog\/2010\/06\/20\/haziri-i-premton-ulqinit-turiste-dhe-kulture-kosovare\/\",\"name\":\"Haziri i premton Ulqinit turist\u00eb dhe kultur\u00eb kosovare - Video - Lajme nga Ulqini\",\"isPartOf\":{\"@id\":\"https:\/\/www.visit-ulcinj.com\/blog\/#website\"},\"primaryImageOfPage\":{\"@id\":\"https:\/\/www.visit-ulcinj.com\/blog\/2010\/06\/20\/haziri-i-premton-ulqinit-turiste-dhe-kulture-kosovare\/#primaryimage\"},\"datePublished\":\"2010-06-20T15:29:04+00:00\",\"dateModified\":\"2010-06-29T17:24:34+00:00\",\"author\":{\"@id\":\"https:\/\/www.visit-ulcinj.com\/blog\/#\/schema\/person\/dcab619c614d3038751c63bc2aadc06d\"},\"description\":\"Ministri kosovar i Kultur\u00ebs, Rinis\u00eb dhe Sportit, Lutfi Haziri, duke u kthyer nga nj\u00eb vizit\u00eb zyrtare n\u00eb Rom\u00eb t\u00eb Italis\u00eb, t\u00eb premten pasdite vizitoi edhe\",\"breadcrumb\":{\"@id\":\"https:\/\/www.visit-ulcinj.com\/blog\/2010\/06\/20\/haziri-i-premton-ulqinit-turiste-dhe-kulture-kosovare\/#breadcrumb\"},\"inLanguage\":\"en-US\",\"potentialAction\":[{\"@type\":\"ReadAction\",\"target\":[\"https:\/\/www.visit-ulcinj.com\/blog\/2010\/06\/20\/haziri-i-premton-ulqinit-turiste-dhe-kulture-kosovare\/\"]}]},{\"@type\":\"BreadcrumbList\",\"@id\":\"https:\/\/www.visit-ulcinj.com\/blog\/2010\/06\/20\/haziri-i-premton-ulqinit-turiste-dhe-kulture-kosovare\/#breadcrumb\",\"itemListElement\":[{\"@type\":\"ListItem\",\"position\":1,\"name\":\"Haziri i premton Ulqinit turist\u00eb dhe kultur\u00eb kosovare &#8211; Video\"}]},{\"@type\":\"Person\",\"@id\":\"https:\/\/www.visit-ulcinj.com\/blog\/#\/schema\/person\/dcab619c614d3038751c63bc2aadc06d\",\"name\":\"ulqini\",\"sameAs\":[\"http:\/\/www.visit-ulcinj.com\"],\"url\":\"https:\/\/www.visit-ulcinj.com\/blog\/author\/admin\/\"}]}<\/script>\n<!-- \/ Yoast SEO plugin. -->","yoast_head_json":{"title":"Haziri i premton Ulqinit turist\u00eb dhe kultur\u00eb kosovare - Video - Lajme nga Ulqini","description":"Ministri kosovar i Kultur\u00ebs, Rinis\u00eb dhe Sportit, Lutfi Haziri, duke u kthyer nga nj\u00eb vizit\u00eb zyrtare n\u00eb Rom\u00eb t\u00eb Italis\u00eb, t\u00eb premten pasdite vizitoi edhe","robots":{"index":"index","follow":"follow","max-snippet":"max-snippet:-1","max-image-preview":"max-image-preview:large","max-video-preview":"max-video-preview:-1"},"canonical":"https:\/\/www.visit-ulcinj.com\/blog\/2010\/06\/20\/haziri-i-premton-ulqinit-turiste-dhe-kulture-kosovare\/","og_locale":"en_US","og_type":"article","og_title":"Haziri i premton Ulqinit turist\u00eb dhe kultur\u00eb kosovare - Video - Lajme nga Ulqini","og_description":"Ministri kosovar i Kultur\u00ebs, Rinis\u00eb dhe Sportit, Lutfi Haziri, duke u kthyer nga nj\u00eb vizit\u00eb zyrtare n\u00eb Rom\u00eb t\u00eb Italis\u00eb, t\u00eb premten pasdite vizitoi edhe","og_url":"https:\/\/www.visit-ulcinj.com\/blog\/2010\/06\/20\/haziri-i-premton-ulqinit-turiste-dhe-kulture-kosovare\/","og_site_name":"Lajme nga Ulqini","article_published_time":"2010-06-20T15:29:04+00:00","article_modified_time":"2010-06-29T17:24:34+00:00","og_image":[{"url":"http:\/\/www.visit-ulcinj.com\/blog\/wp-content\/uploads\/2010\/06\/Lutfi-Haziri.jpg"}],"twitter_misc":{"Written by":"ulqini","Est. reading time":"2 minutes"},"schema":{"@context":"https:\/\/schema.org","@graph":[{"@type":"WebSite","@id":"https:\/\/www.visit-ulcinj.com\/blog\/#website","url":"https:\/\/www.visit-ulcinj.com\/blog\/","name":"Lajme nga Ulqini","description":"Lajme,Vijesti,Ulqini,Ulqin,Crna Gora,Mali i Zi","potentialAction":[{"@type":"SearchAction","target":{"@type":"EntryPoint","urlTemplate":"https:\/\/www.visit-ulcinj.com\/blog\/?s={search_term_string}"},"query-input":"required name=search_term_string"}],"inLanguage":"en-US"},{"@type":"ImageObject","inLanguage":"en-US","@id":"https:\/\/www.visit-ulcinj.com\/blog\/2010\/06\/20\/haziri-i-premton-ulqinit-turiste-dhe-kulture-kosovare\/#primaryimage","url":"https:\/\/www.visit-ulcinj.com\/blog\/wp-content\/uploads\/2010\/06\/Lutfi-Haziri.jpg","contentUrl":"https:\/\/www.visit-ulcinj.com\/blog\/wp-content\/uploads\/2010\/06\/Lutfi-Haziri.jpg","width":"490","height":"320"},{"@type":"WebPage","@id":"https:\/\/www.visit-ulcinj.com\/blog\/2010\/06\/20\/haziri-i-premton-ulqinit-turiste-dhe-kulture-kosovare\/#webpage","url":"https:\/\/www.visit-ulcinj.com\/blog\/2010\/06\/20\/haziri-i-premton-ulqinit-turiste-dhe-kulture-kosovare\/","name":"Haziri i premton Ulqinit turist\u00eb dhe kultur\u00eb kosovare - Video - Lajme nga Ulqini","isPartOf":{"@id":"https:\/\/www.visit-ulcinj.com\/blog\/#website"},"primaryImageOfPage":{"@id":"https:\/\/www.visit-ulcinj.com\/blog\/2010\/06\/20\/haziri-i-premton-ulqinit-turiste-dhe-kulture-kosovare\/#primaryimage"},"datePublished":"2010-06-20T15:29:04+00:00","dateModified":"2010-06-29T17:24:34+00:00","author":{"@id":"https:\/\/www.visit-ulcinj.com\/blog\/#\/schema\/person\/dcab619c614d3038751c63bc2aadc06d"},"description":"Ministri kosovar i Kultur\u00ebs, Rinis\u00eb dhe Sportit, Lutfi Haziri, duke u kthyer nga nj\u00eb vizit\u00eb zyrtare n\u00eb Rom\u00eb t\u00eb Italis\u00eb, t\u00eb premten pasdite vizitoi edhe","breadcrumb":{"@id":"https:\/\/www.visit-ulcinj.com\/blog\/2010\/06\/20\/haziri-i-premton-ulqinit-turiste-dhe-kulture-kosovare\/#breadcrumb"},"inLanguage":"en-US","potentialAction":[{"@type":"ReadAction","target":["https:\/\/www.visit-ulcinj.com\/blog\/2010\/06\/20\/haziri-i-premton-ulqinit-turiste-dhe-kulture-kosovare\/"]}]},{"@type":"BreadcrumbList","@id":"https:\/\/www.visit-ulcinj.com\/blog\/2010\/06\/20\/haziri-i-premton-ulqinit-turiste-dhe-kulture-kosovare\/#breadcrumb","itemListElement":[{"@type":"ListItem","position":1,"name":"Haziri i premton Ulqinit turist\u00eb dhe kultur\u00eb kosovare &#8211; Video"}]},{"@type":"Person","@id":"https:\/\/www.visit-ulcinj.com\/blog\/#\/schema\/person\/dcab619c614d3038751c63bc2aadc06d","name":"ulqini","sameAs":["http:\/\/www.visit-ulcinj.com"],"url":"https:\/\/www.visit-ulcinj.com\/blog\/author\/admin\/"}]}},"jetpack_featured_media_url":"","jetpack_sharing_enabled":true,"jetpack_shortlink":"https:\/\/wp.me\/pe6lTn-92u","_links":{"self":[{"href":"https:\/\/www.visit-ulcinj.com\/blog\/wp-json\/wp\/v2\/posts\/34750"}],"collection":[{"href":"https:\/\/www.visit-ulcinj.com\/blog\/wp-json\/wp\/v2\/posts"}],"about":[{"href":"https:\/\/www.visit-ulcinj.com\/blog\/wp-json\/wp\/v2\/types\/post"}],"author":[{"embeddable":true,"href":"https:\/\/www.visit-ulcinj.com\/blog\/wp-json\/wp\/v2\/users\/1"}],"replies":[{"embeddable":true,"href":"https:\/\/www.visit-ulcinj.com\/blog\/wp-json\/wp\/v2\/comments?post=34750"}],"version-history":[{"count":0,"href":"https:\/\/www.visit-ulcinj.com\/blog\/wp-json\/wp\/v2\/posts\/34750\/revisions"}],"wp:attachment":[{"href":"https:\/\/www.visit-ulcinj.com\/blog\/wp-json\/wp\/v2\/media?parent=34750"}],"wp:term":[{"taxonomy":"category","embeddable":true,"href":"https:\/\/www.visit-ulcinj.com\/blog\/wp-json\/wp\/v2\/categories?post=34750"},{"taxonomy":"post_tag","embeddable":true,"href":"https:\/\/www.visit-ulcinj.com\/blog\/wp-json\/wp\/v2\/tags?post=34750"}],"curies":[{"name":"wp","href":"https:\/\/api.w.org\/{rel}","templated":true}]}}