{"id":34755,"date":"2010-06-20T18:18:33","date_gmt":"2010-06-20T16:18:33","guid":{"rendered":"http:\/\/www.visit-ulcinj.com\/blog\/?p=34755"},"modified":"2010-06-20T18:18:33","modified_gmt":"2010-06-20T16:18:33","slug":"qeverisja-e-re-e-ulqinit-peng-i-podgorices","status":"publish","type":"post","link":"https:\/\/www.visit-ulcinj.com\/blog\/2010\/06\/20\/qeverisja-e-re-e-ulqinit-peng-i-podgorices\/","title":{"rendered":"Qeverisja e re e Ulqinit, peng i Podgoric\u00ebs"},"content":{"rendered":"<p><a href=\"http:\/\/www.visit-ulcinj.com\/blog\/wp-content\/uploads\/2010\/06\/Gjukanoviq_Hajdinaga_Shkerli_ulqin.jpg\"><img loading=\"lazy\" class=\"alignleft size-full wp-image-34756\" title=\"Gjukanoviq_Hajdinaga_Shkerli_ulqin\" src=\"http:\/\/www.visit-ulcinj.com\/blog\/wp-content\/uploads\/2010\/06\/Gjukanoviq_Hajdinaga_Shkerli_ulqin.jpg\" alt=\"Gjukanoviq_Hajdinaga_Shkerli_ulqin\" width=\"490\" height=\"380\" \/><\/a>Ulqin, 18 qershor &#8211; Edhe pse seanca konstituive e Parlamentit vendor t\u00eb Ulqinit \u00ebsht\u00eb thirrur p\u00ebr dit\u00ebn e h\u00ebn\u00eb p\u00ebr t\u00eb verifikuar mandatet e dala nga zgjedhjet lokale t\u00eb 23 majit, qeverisja e re vendore nuk shihet as n\u00eb horizont.<br \/>\nDy udh\u00ebheq\u00ebsit kryesor\u00eb t\u00eb koalicionit \u201cP\u00ebr Ulqinin evropian\u201d, G\u00ebzim Hajdinaga nga Unioni Demokratik i Shqiptar\u00ebve \/UDSH\/, bart\u00ebs i list\u00ebs zgjedhore dhe Luigj Shkreli, kryetar i K\u00ebshillit komunal t\u00eb Partis\u00eb Demokratike t\u00eb Socialist\u00ebve \/PDS\/, nj\u00eb dit\u00eb pas zgjedhjeve, pat\u00ebn deklaruar p\u00ebr KosovaLive se kan\u00eb siguruar 14 k\u00ebshilltar\u00eb dhe \u201cme dy partner\u00ebt bashk\u00ebqeveris\u00ebs q\u00eb n\u00eb mandatin e kaluar, Partin\u00eb e Prosperitetit Demokratik dhe Partin\u00eb Socialdemokratike \/PSD\/, t\u00eb cilat fituan nga dy mandate, \u00ebsht\u00eb harmonizuar \u00e7do gj\u00eb p\u00ebr t\u00eb formuar pushtetin e ri\u201d, kjo nuk ka ndodhur as sot e k\u00ebsaj dite.<br \/>\n<a href=\"http:\/\/www.visit-ulcinj.com\/blog\/wp-content\/uploads\/2010\/06\/Skender-Elezaga.jpg\"><img loading=\"lazy\" class=\"alignleft size-medium wp-image-34757\" title=\"Skender Elezaga\" src=\"http:\/\/www.visit-ulcinj.com\/blog\/wp-content\/uploads\/2010\/06\/Skender-Elezaga-192x300.jpg\" alt=\"Skender Elezaga\" width=\"192\" height=\"300\" srcset=\"https:\/\/www.visit-ulcinj.com\/blog\/wp-content\/uploads\/2010\/06\/Skender-Elezaga-192x300.jpg 192w, https:\/\/www.visit-ulcinj.com\/blog\/wp-content\/uploads\/2010\/06\/Skender-Elezaga.jpg 250w\" sizes=\"(max-width: 192px) 100vw, 192px\" \/><\/a>Funksionari i lart\u00eb i Socialdemokrat\u00ebve t\u00eb Ulqinit, Sk\u00ebnder Elezaga, tha p\u00ebr KosovaLive se koalicionit \u201cP\u00ebr Ulqin evropian\u201d i kemi k\u00ebrkuar ofert\u00eb me shkrim, por ajo nuk na ka arritur dot.<br \/>\nPik\u00ebrisht, nj\u00eb jav\u00eb m\u00eb par\u00eb kryesocialisti i Ulqinit, Luigj Shkreli, pat shprehur bindjen se qeveria e re lokale n\u00eb Ulqin do t\u00eb themelohet k\u00ebt\u00eb fundjav\u00eb, apo n\u00eb fillim t\u00eb jav\u00ebs s\u00eb ardhshme, mir\u00ebpo ende nuk \u00ebsht\u00eb b\u00ebr\u00eb asnj\u00eb l\u00ebvizje n\u00eb k\u00ebt\u00eb drejtim.<br \/>\nPor, si\u00e7 thon\u00eb analist\u00ebt e pavarur t\u00eb rrethanave politike n\u00eb Ulqin, qeverin\u00eb e re t\u00eb k\u00ebsaj komune po e mban peng Podgorica, sepse raportet q\u00eb zot\u00ebrojn\u00eb n\u00eb Podgoric\u00eb, reflektohen n\u00eb t\u00eb gjitha komunat ku deri m\u00eb tash kan\u00eb bashk\u00ebqeverisur PDS dhe PSD, t\u00eb cilat do t\u00eb vendosin p\u00ebr formimin e pushtetit t\u00eb ri edhe n\u00eb Ulqin.<br \/>\nMe t\u00eb drejt\u00eb analist\u00ebt e pavarur thon\u00eb se ky \u00ebsht\u00eb nj\u00eb absurditet i papar\u00eb, \u00ebsht\u00eb shp\u00ebrfillje e votuesve t\u00eb komun\u00ebs s\u00eb Ulqinit, q\u00eb mbi bazat e rezultateve t\u00eb arritura, t\u00eb mos arrihet nj\u00eb shumic\u00eb, e cila do t\u00eb udh\u00ebheq me k\u00ebt\u00eb qytet n\u00eb kat\u00ebr vitetet e ardhshme, por duhet pritur se \u00e7far\u00eb do t\u00eb vendoset n\u00eb Podgoric\u00eb.<br \/>\nNga selia e Forc\u00ebs s\u00eb Re Demokratike m\u00ebsojm\u00eb se ende nuk kan\u00eb marr\u00eb asnj\u00eb p\u00ebrgjigje nga Socialdemokrat\u00ebt e k\u00ebtush\u00ebm pas ofert\u00ebs \u201cp\u00ebr nj\u00eb qeverisje m\u00eb t\u00eb p\u00ebrgjegjshme dhe m\u00eb funksionale\u201d, por vazhdojn\u00eb kontaktet mes tyre.<br \/>\nNga sa shihet, Ulqini nuk ka fuqi politike p\u00ebr t\u00eb formuar qeverin\u00eb e re lokale, pa i dh\u00ebn\u00eb leje Podgorica. Kjo gjendje, natyrisht se sjell pasoja, sidomos n\u00eb fush\u00ebn e turizmit mbi t\u00eb gjitha, duke e ditur se \u00ebsht\u00eb dega e vetme ekonomike q\u00eb funksionon n\u00eb k\u00ebt\u00eb qytet me papun\u00ebsi m\u00eb t\u00eb lart\u00eb n\u00eb Mal t\u00eb Zi.<\/p>\n<p><strong>KOHA NET<\/strong><\/p>\n","protected":false},"excerpt":{"rendered":"<p>Ulqin, 18 qershor &#8211; Edhe pse seanca konstituive e Parlamentit vendor t\u00eb Ulqinit \u00ebsht\u00eb thirrur p\u00ebr dit\u00ebn e h\u00ebn\u00eb p\u00ebr t\u00eb verifikuar mandatet e dala nga zgjedhjet lokale t\u00eb 23 majit, qeverisja e re vendore nuk shihet as n\u00eb horizont. Dy udh\u00ebheq\u00ebsit kryesor\u00eb t\u00eb koalicionit \u201cP\u00ebr Ulqinin evropian\u201d, G\u00ebzim Hajdinaga nga Unioni Demokratik i Shqiptar\u00ebve [&hellip;]<\/p>\n","protected":false},"author":1,"featured_media":0,"comment_status":"open","ping_status":"closed","sticky":false,"template":"","format":"standard","meta":{"spay_email":"","jetpack_publicize_message":"","jetpack_is_tweetstorm":false,"jetpack_publicize_feature_enabled":true},"categories":[6],"tags":[222,14716,14715,200,18],"jetpack_publicize_connections":[],"yoast_head":"<!-- This site is optimized with the Yoast SEO plugin v19.1 - https:\/\/yoast.com\/wordpress\/plugins\/seo\/ -->\n<title>Qeverisja e re e Ulqinit, peng i Podgoric\u00ebs - Lajme nga Ulqini<\/title>\n<meta name=\"description\" content=\"Ulqin, 18 qershor - Edhe pse seanca konstituive e Parlamentit vendor t\u00eb Ulqinit \u00ebsht\u00eb thirrur p\u00ebr dit\u00ebn e h\u00ebn\u00eb p\u00ebr t\u00eb verifikuar mandatet e dala nga\" \/>\n<meta name=\"robots\" content=\"index, follow, max-snippet:-1, max-image-preview:large, max-video-preview:-1\" \/>\n<link rel=\"canonical\" href=\"https:\/\/www.visit-ulcinj.com\/blog\/2010\/06\/20\/qeverisja-e-re-e-ulqinit-peng-i-podgorices\/\" \/>\n<meta property=\"og:locale\" content=\"en_US\" \/>\n<meta property=\"og:type\" content=\"article\" \/>\n<meta property=\"og:title\" content=\"Qeverisja e re e Ulqinit, peng i Podgoric\u00ebs - Lajme nga Ulqini\" \/>\n<meta property=\"og:description\" content=\"Ulqin, 18 qershor - Edhe pse seanca konstituive e Parlamentit vendor t\u00eb Ulqinit \u00ebsht\u00eb thirrur p\u00ebr dit\u00ebn e h\u00ebn\u00eb p\u00ebr t\u00eb verifikuar mandatet e dala nga\" \/>\n<meta property=\"og:url\" content=\"https:\/\/www.visit-ulcinj.com\/blog\/2010\/06\/20\/qeverisja-e-re-e-ulqinit-peng-i-podgorices\/\" \/>\n<meta property=\"og:site_name\" content=\"Lajme nga Ulqini\" \/>\n<meta property=\"article:published_time\" content=\"2010-06-20T16:18:33+00:00\" \/>\n<meta property=\"og:image\" content=\"http:\/\/www.visit-ulcinj.com\/blog\/wp-content\/uploads\/2010\/06\/Gjukanoviq_Hajdinaga_Shkerli_ulqin.jpg\" \/>\n<meta name=\"twitter:label1\" content=\"Written by\" \/>\n\t<meta name=\"twitter:data1\" content=\"ulqini\" \/>\n\t<meta name=\"twitter:label2\" content=\"Est. reading time\" \/>\n\t<meta name=\"twitter:data2\" content=\"2 minutes\" \/>\n<script type=\"application\/ld+json\" class=\"yoast-schema-graph\">{\"@context\":\"https:\/\/schema.org\",\"@graph\":[{\"@type\":\"WebSite\",\"@id\":\"https:\/\/www.visit-ulcinj.com\/blog\/#website\",\"url\":\"https:\/\/www.visit-ulcinj.com\/blog\/\",\"name\":\"Lajme nga Ulqini\",\"description\":\"Lajme,Vijesti,Ulqini,Ulqin,Crna Gora,Mali i Zi\",\"potentialAction\":[{\"@type\":\"SearchAction\",\"target\":{\"@type\":\"EntryPoint\",\"urlTemplate\":\"https:\/\/www.visit-ulcinj.com\/blog\/?s={search_term_string}\"},\"query-input\":\"required name=search_term_string\"}],\"inLanguage\":\"en-US\"},{\"@type\":\"ImageObject\",\"inLanguage\":\"en-US\",\"@id\":\"https:\/\/www.visit-ulcinj.com\/blog\/2010\/06\/20\/qeverisja-e-re-e-ulqinit-peng-i-podgorices\/#primaryimage\",\"url\":\"https:\/\/www.visit-ulcinj.com\/blog\/wp-content\/uploads\/2010\/06\/Gjukanoviq_Hajdinaga_Shkerli_ulqin.jpg\",\"contentUrl\":\"https:\/\/www.visit-ulcinj.com\/blog\/wp-content\/uploads\/2010\/06\/Gjukanoviq_Hajdinaga_Shkerli_ulqin.jpg\",\"width\":\"720\",\"height\":\"540\"},{\"@type\":\"WebPage\",\"@id\":\"https:\/\/www.visit-ulcinj.com\/blog\/2010\/06\/20\/qeverisja-e-re-e-ulqinit-peng-i-podgorices\/#webpage\",\"url\":\"https:\/\/www.visit-ulcinj.com\/blog\/2010\/06\/20\/qeverisja-e-re-e-ulqinit-peng-i-podgorices\/\",\"name\":\"Qeverisja e re e Ulqinit, peng i Podgoric\u00ebs - Lajme nga Ulqini\",\"isPartOf\":{\"@id\":\"https:\/\/www.visit-ulcinj.com\/blog\/#website\"},\"primaryImageOfPage\":{\"@id\":\"https:\/\/www.visit-ulcinj.com\/blog\/2010\/06\/20\/qeverisja-e-re-e-ulqinit-peng-i-podgorices\/#primaryimage\"},\"datePublished\":\"2010-06-20T16:18:33+00:00\",\"dateModified\":\"2010-06-20T16:18:33+00:00\",\"author\":{\"@id\":\"https:\/\/www.visit-ulcinj.com\/blog\/#\/schema\/person\/dcab619c614d3038751c63bc2aadc06d\"},\"description\":\"Ulqin, 18 qershor - Edhe pse seanca konstituive e Parlamentit vendor t\u00eb Ulqinit \u00ebsht\u00eb thirrur p\u00ebr dit\u00ebn e h\u00ebn\u00eb p\u00ebr t\u00eb verifikuar mandatet e dala nga\",\"breadcrumb\":{\"@id\":\"https:\/\/www.visit-ulcinj.com\/blog\/2010\/06\/20\/qeverisja-e-re-e-ulqinit-peng-i-podgorices\/#breadcrumb\"},\"inLanguage\":\"en-US\",\"potentialAction\":[{\"@type\":\"ReadAction\",\"target\":[\"https:\/\/www.visit-ulcinj.com\/blog\/2010\/06\/20\/qeverisja-e-re-e-ulqinit-peng-i-podgorices\/\"]}]},{\"@type\":\"BreadcrumbList\",\"@id\":\"https:\/\/www.visit-ulcinj.com\/blog\/2010\/06\/20\/qeverisja-e-re-e-ulqinit-peng-i-podgorices\/#breadcrumb\",\"itemListElement\":[{\"@type\":\"ListItem\",\"position\":1,\"name\":\"Qeverisja e re e Ulqinit, peng i Podgoric\u00ebs\"}]},{\"@type\":\"Person\",\"@id\":\"https:\/\/www.visit-ulcinj.com\/blog\/#\/schema\/person\/dcab619c614d3038751c63bc2aadc06d\",\"name\":\"ulqini\",\"sameAs\":[\"http:\/\/www.visit-ulcinj.com\"],\"url\":\"https:\/\/www.visit-ulcinj.com\/blog\/author\/admin\/\"}]}<\/script>\n<!-- \/ Yoast SEO plugin. -->","yoast_head_json":{"title":"Qeverisja e re e Ulqinit, peng i Podgoric\u00ebs - Lajme nga Ulqini","description":"Ulqin, 18 qershor - Edhe pse seanca konstituive e Parlamentit vendor t\u00eb Ulqinit \u00ebsht\u00eb thirrur p\u00ebr dit\u00ebn e h\u00ebn\u00eb p\u00ebr t\u00eb verifikuar mandatet e dala nga","robots":{"index":"index","follow":"follow","max-snippet":"max-snippet:-1","max-image-preview":"max-image-preview:large","max-video-preview":"max-video-preview:-1"},"canonical":"https:\/\/www.visit-ulcinj.com\/blog\/2010\/06\/20\/qeverisja-e-re-e-ulqinit-peng-i-podgorices\/","og_locale":"en_US","og_type":"article","og_title":"Qeverisja e re e Ulqinit, peng i Podgoric\u00ebs - Lajme nga Ulqini","og_description":"Ulqin, 18 qershor - Edhe pse seanca konstituive e Parlamentit vendor t\u00eb Ulqinit \u00ebsht\u00eb thirrur p\u00ebr dit\u00ebn e h\u00ebn\u00eb p\u00ebr t\u00eb verifikuar mandatet e dala nga","og_url":"https:\/\/www.visit-ulcinj.com\/blog\/2010\/06\/20\/qeverisja-e-re-e-ulqinit-peng-i-podgorices\/","og_site_name":"Lajme nga Ulqini","article_published_time":"2010-06-20T16:18:33+00:00","og_image":[{"url":"http:\/\/www.visit-ulcinj.com\/blog\/wp-content\/uploads\/2010\/06\/Gjukanoviq_Hajdinaga_Shkerli_ulqin.jpg"}],"twitter_misc":{"Written by":"ulqini","Est. reading time":"2 minutes"},"schema":{"@context":"https:\/\/schema.org","@graph":[{"@type":"WebSite","@id":"https:\/\/www.visit-ulcinj.com\/blog\/#website","url":"https:\/\/www.visit-ulcinj.com\/blog\/","name":"Lajme nga Ulqini","description":"Lajme,Vijesti,Ulqini,Ulqin,Crna Gora,Mali i Zi","potentialAction":[{"@type":"SearchAction","target":{"@type":"EntryPoint","urlTemplate":"https:\/\/www.visit-ulcinj.com\/blog\/?s={search_term_string}"},"query-input":"required name=search_term_string"}],"inLanguage":"en-US"},{"@type":"ImageObject","inLanguage":"en-US","@id":"https:\/\/www.visit-ulcinj.com\/blog\/2010\/06\/20\/qeverisja-e-re-e-ulqinit-peng-i-podgorices\/#primaryimage","url":"https:\/\/www.visit-ulcinj.com\/blog\/wp-content\/uploads\/2010\/06\/Gjukanoviq_Hajdinaga_Shkerli_ulqin.jpg","contentUrl":"https:\/\/www.visit-ulcinj.com\/blog\/wp-content\/uploads\/2010\/06\/Gjukanoviq_Hajdinaga_Shkerli_ulqin.jpg","width":"720","height":"540"},{"@type":"WebPage","@id":"https:\/\/www.visit-ulcinj.com\/blog\/2010\/06\/20\/qeverisja-e-re-e-ulqinit-peng-i-podgorices\/#webpage","url":"https:\/\/www.visit-ulcinj.com\/blog\/2010\/06\/20\/qeverisja-e-re-e-ulqinit-peng-i-podgorices\/","name":"Qeverisja e re e Ulqinit, peng i Podgoric\u00ebs - Lajme nga Ulqini","isPartOf":{"@id":"https:\/\/www.visit-ulcinj.com\/blog\/#website"},"primaryImageOfPage":{"@id":"https:\/\/www.visit-ulcinj.com\/blog\/2010\/06\/20\/qeverisja-e-re-e-ulqinit-peng-i-podgorices\/#primaryimage"},"datePublished":"2010-06-20T16:18:33+00:00","dateModified":"2010-06-20T16:18:33+00:00","author":{"@id":"https:\/\/www.visit-ulcinj.com\/blog\/#\/schema\/person\/dcab619c614d3038751c63bc2aadc06d"},"description":"Ulqin, 18 qershor - Edhe pse seanca konstituive e Parlamentit vendor t\u00eb Ulqinit \u00ebsht\u00eb thirrur p\u00ebr dit\u00ebn e h\u00ebn\u00eb p\u00ebr t\u00eb verifikuar mandatet e dala nga","breadcrumb":{"@id":"https:\/\/www.visit-ulcinj.com\/blog\/2010\/06\/20\/qeverisja-e-re-e-ulqinit-peng-i-podgorices\/#breadcrumb"},"inLanguage":"en-US","potentialAction":[{"@type":"ReadAction","target":["https:\/\/www.visit-ulcinj.com\/blog\/2010\/06\/20\/qeverisja-e-re-e-ulqinit-peng-i-podgorices\/"]}]},{"@type":"BreadcrumbList","@id":"https:\/\/www.visit-ulcinj.com\/blog\/2010\/06\/20\/qeverisja-e-re-e-ulqinit-peng-i-podgorices\/#breadcrumb","itemListElement":[{"@type":"ListItem","position":1,"name":"Qeverisja e re e Ulqinit, peng i Podgoric\u00ebs"}]},{"@type":"Person","@id":"https:\/\/www.visit-ulcinj.com\/blog\/#\/schema\/person\/dcab619c614d3038751c63bc2aadc06d","name":"ulqini","sameAs":["http:\/\/www.visit-ulcinj.com"],"url":"https:\/\/www.visit-ulcinj.com\/blog\/author\/admin\/"}]}},"jetpack_featured_media_url":"","jetpack_sharing_enabled":true,"jetpack_shortlink":"https:\/\/wp.me\/pe6lTn-92z","_links":{"self":[{"href":"https:\/\/www.visit-ulcinj.com\/blog\/wp-json\/wp\/v2\/posts\/34755"}],"collection":[{"href":"https:\/\/www.visit-ulcinj.com\/blog\/wp-json\/wp\/v2\/posts"}],"about":[{"href":"https:\/\/www.visit-ulcinj.com\/blog\/wp-json\/wp\/v2\/types\/post"}],"author":[{"embeddable":true,"href":"https:\/\/www.visit-ulcinj.com\/blog\/wp-json\/wp\/v2\/users\/1"}],"replies":[{"embeddable":true,"href":"https:\/\/www.visit-ulcinj.com\/blog\/wp-json\/wp\/v2\/comments?post=34755"}],"version-history":[{"count":0,"href":"https:\/\/www.visit-ulcinj.com\/blog\/wp-json\/wp\/v2\/posts\/34755\/revisions"}],"wp:attachment":[{"href":"https:\/\/www.visit-ulcinj.com\/blog\/wp-json\/wp\/v2\/media?parent=34755"}],"wp:term":[{"taxonomy":"category","embeddable":true,"href":"https:\/\/www.visit-ulcinj.com\/blog\/wp-json\/wp\/v2\/categories?post=34755"},{"taxonomy":"post_tag","embeddable":true,"href":"https:\/\/www.visit-ulcinj.com\/blog\/wp-json\/wp\/v2\/tags?post=34755"}],"curies":[{"name":"wp","href":"https:\/\/api.w.org\/{rel}","templated":true}]}}