{"id":34767,"date":"2010-06-20T20:04:13","date_gmt":"2010-06-20T18:04:13","guid":{"rendered":"http:\/\/www.visit-ulcinj.com\/blog\/?p=34767"},"modified":"2010-06-20T20:04:13","modified_gmt":"2010-06-20T18:04:13","slug":"lidhja-demokratike-leter-e-hapur-iniciatives-qytetare","status":"publish","type":"post","link":"https:\/\/www.visit-ulcinj.com\/blog\/2010\/06\/20\/lidhja-demokratike-leter-e-hapur-iniciatives-qytetare\/","title":{"rendered":"Lidhja Demokratike &#8211; Leter e hapur Iniciativ\u00ebs Qytetare"},"content":{"rendered":"<p><strong><img loading=\"lazy\" class=\"alignleft\" title=\" Lidhja Demokratike n\u00eb Mal t\u00eb Zi, \" src=\"http:\/\/www.visit-ulcinj.com\/blog\/wp-content\/uploads\/2009\/01\/lidhja-demokratike-ne-mal-te-zi.jpg\" alt=\"\" width=\"490\" height=\"390\" \/>Leter e hapur Iniciativ\u00ebs Qytetare<br \/>\nRespektivisht, dy antar\u00ebve t\u00eb saj Vasel Sinishtaj dhe Smail \u00c7unmulaj<\/strong><\/p>\n<p>Meqen\u00ebse bisedimet dypal\u00ebshe dhe shkresa interne, t\u00eb cil\u00ebn, dit\u00eb m\u00eb par\u00eb, Lidhja Demokratike n\u00eb Mal t\u00eb Zi, ia drejtoi Iniciativ\u00ebs Qytetare, sikur as apeli yn\u00eb n\u00eb Kuvendin e KU t\u00eb Tuzit, q\u00eb t\u00eb mos verifikohet mandati i shtat\u00eb, nuk dhan\u00eb shpres\u00eb p\u00ebr zgjedhje t\u00eb situat\u00ebs s\u00eb krijuar pas grabitjes s\u00eb mandatit t\u00eb Lidhjes Demokratike, nga ana e IQ, jemi t\u00eb detyruar q\u00eb, publikisht t\u2019i ftojm\u00eb zot\u00ebrinjt\u00eb n\u00eb fjal\u00eb, q\u00eb t\u2019i kthehen respektimit t\u00eb marr\u00ebveshjes q\u00eb b\u00ebm\u00eb disa \u00e7aste para dor\u00ebzimit t\u00eb listave. Me k\u00ebt marr\u00ebveshje parashihet q\u00eb, n\u00ebse \u201cKoalicioni p\u00ebr Mal\u00ebsin\u00eb\u201d fiton vet\u00ebm shtat\u00eb mandate, mandati i shtat\u00eb i takon Lidhjes Demokratike, konkretisht kandidatit t\u00eb saj, Marash Dedvukaj, i cili, p\u00ebr hir t\u00eb kompromisit, n\u00eb list\u00ebn zgjedhore, \u00ebsht\u00eb n\u00eb vendin e tet\u00eb.<\/p>\n<p>Si\u00e7 dihet, n\u00eb Mal\u00ebsi, marr\u00ebveshja e lidhur me fjal\u00eb t\u00eb dh\u00ebn\u00eb dhe me shtr\u00ebngim dore ka karakter t\u00eb norm\u00ebs dhe, si e till\u00eb, p\u00ebr ne q\u00eb ende funksionojm\u00eb n\u00ebn institucionin e fjal\u00ebs s\u00eb dh\u00ebn\u00eb, \u00ebsht\u00eb e barabart\u00eb me \u00e7do akt t\u00eb n\u00ebnshkruar, andaj ju ftojm\u00eb q\u00eb t\u00eb b\u00ebni \u00e7ka \u00ebsht\u00eb e mundur n\u00eb m\u00ebnyr\u00eb q\u00eb ajo t\u00eb ruhet edhe kur \u00ebsht\u00eb n\u00eb pyetje marr\u00ebveshja t\u00eb cil\u00ebn e arrit\u00ebn Lidhja Demokratike-Dega e Mal\u00ebsis\u00eb, e lidhi me Iniciativ\u00ebn Qytetare.<\/p>\n<p>A thua zot\u00ebrinj t\u00eb nderuar, p\u00ebr interesa t\u00eb ngushta partiake, jeni t\u00eb gatsh\u00ebm t\u2019i humbni kuptimin vetis\u00eb m\u00eb t\u00eb bukur, me t\u00eb cil\u00ebn jan\u00eb njoft\u00eb me shekuj malsor\u00ebt e Mal\u00ebsis\u00eb, Fjala e dh\u00ebn\u00eb. A thua se p\u00ebr ju marr\u00ebveshja e lidhur me fjal\u00eb t\u00eb dh\u00ebn\u00eb dhe me sht\u00ebrngim dore nuk ka t\u00eb nj\u00ebjt\u00ebn vler\u00eb me \u00e7do akt t\u00eb n\u00ebnshkruar. Ne an\u00ebtar\u00ebt e Lidhjes Demokratike, Dega e Mal\u00ebsis\u00eb besuam se po, prandaj, t\u00eb vet\u00ebdijsh\u00ebm p\u00ebr pesh\u00ebn q\u00eb pik\u00ebrisht mban fjala e dh\u00ebn\u00eb, marr\u00ebveshjen me ju nuk e qit\u00ebm n\u00eb let\u00ebr, por besuam n\u00eb fjal\u00ebn e burrit e t\u00eb mal\u00ebsorit t\u00eb dh\u00ebn\u00eb nga Smail \u00c7unmulaj e Vasel Sinishtaj. Por ju nuk e perjetuat sikur ne.<br \/>\nNe, Nikoll\u00eb Camaj, Marash Dedvukaj e Gjok\u00eb Dukaj, menduam se nuk ka nevoj\u00eb q\u00eb marr\u00ebveshja t\u00eb jet\u00eb n\u00eb let\u00ebr, edhe p\u00ebr arsye se nuk e \u00e7monim t\u00eb natyrshme q\u00eb n\u00eb opinjon t\u00eb paraqesim se luftohet p\u00ebr mandatin e shtat\u00eb, p\u00ebrderisa ne pretendonim t\u00eb merrnim pushtetin, apo s\u00eb paku 10 mandate.<\/p>\n<p>Ju besuam n\u00eb fjal\u00eb t\u00eb dh\u00ebn\u00eb edhe p\u00ebr shkak se, kur ju kishit problemin me Amir Hollaj rreth mandatit t\u00eb deputetit, haptazi deklaruat se n\u00eb Mal\u00ebsi nj\u00eb gj\u00eb e till\u00eb kurr\u00eb nuk do t\u00eb mund t\u00eb ndodhte. Por, ja pra se ndodhi! Bile edhe m\u00eb keq, se nuk \u00ebsht\u00eb fjala p\u00ebr mandatin e deputetit pot t\u00eb nj\u00eb k\u00ebshilltarit.<\/p>\n<p>Grabitja e mandatit, i cili sipas t\u00eb gjitha parametrave na takon dhe n\u00eb \u00e7do variant, gjat\u00eb bisedimeve, p\u00ebr LD rezervoheshin 2 vende brenda shtat\u00ebshes, \u00e7ka nuk \u00ebsht\u00eb kontestuar asnj\u00ebher\u00eb as nga ana juaj, e \u00e7ka mund t\u00eb v\u00ebrtetohet duke shikuar procesverbalet, kopjet e t\u00eb cil\u00ebve u jan\u00eb dh\u00ebn\u00eb \u00e7do nat\u00eb pas takimit, bie n\u00eb pyetje, jo vet\u00ebm funksionimin e LD n\u00eb KK t\u00eb Tuzit, pa mund\u00ebsi t\u00eb formimit t\u00eb klubit, jo vet\u00ebm se zhvler\u00ebson institucionin e fjal\u00ebs s\u00eb dh\u00ebn\u00eb, por bie n\u00eb pyetje edhe funksionimin e koalicionit, me \u00e7ka drejtp\u00ebrs\u00ebdrejti d\u00ebmtohet Mal\u00ebsia dhe, p\u00ebr k\u00ebt\u00eb, p\u00ebrgjegj\u00ebsia do t\u2019ju takoj\u00eb ju. D\u00ebmin material nuk \u00ebsht\u00eb rasti ta p\u00ebrmendim ndon\u00ebse edhe ai \u00ebsht\u00eb evident.<\/p>\n<p>Votuesit n\u00eb Mal\u00ebsi e prit\u00ebn duar-hapur formimin e koalicionit ton\u00eb, edhepse ishin skeptik pas per\u00e7arjeve t\u00eb para nj\u00eb viti brenda ASH. Mir\u00ebpo t\u00eb vet\u00ebdish\u00ebm se votuesit n\u00eb Mal\u00ebsi duhet t\u2019i ndihmojm\u00eb t\u00eb deklaroh\u00ebn n\u00eb zgjedhjet lokale, LD u angazhua shpirt\u00ebrisht n\u00eb formimin e list\u00ebs unike, respektivisht \u201cKoalicionit p\u00ebr Mal\u00ebsin\u00eb\u201d, duke hequr dor\u00eb nga pozita dhe poste t\u00eb mundshme, vet\u00ebm p\u00ebr hir\u00eb t\u00eb arritjes s\u00eb marrveshjes. N\u00eb vazhd\u00ebn e k\u00ebsaj edhe pranuam marrveshj\u00ebn gojore si\u00e7 e tham\u00eb m\u00eb lart\u00eb duke e d\u00ebshmuar edhe n\u00eb k\u00ebt\u00eb m\u00ebnyr\u00eb besimin ndaj partner\u00ebve tone t\u00eb koalicionit.<\/p>\n<p>Por partner\u00ebt ton\u00eb e d\u00ebshmuan se nuk u ka mbetur deri tek veprimtaria unike e \u201cKoalicionit p\u00ebr Mal\u00ebsin\u00eb\u201d, si grup opozitar, n\u00eb parlamentin vendor. Se kush p\u00ebrfitoi nga kjo, ne e dim\u00eb, por edhe juve do t\u2019ua d\u00ebshmoj\u00eb koha. Se kujt i sh\u00ebrbyet ju, le t\u00eb gjykojn\u00eb ata q\u00eb na e dhan\u00eb vot\u00ebn, t\u00eb cil\u00ebve ne u jemi mir\u00ebnjoh\u00ebs dhe do t\u00eb tentojm\u00eb t\u2019ua shp\u00ebrblejm\u00eb me angazhimin tone t\u00eb pa rezerv\u00eb n\u00eb vij\u00ebn programore t\u00eb LD edhe pse juve ndoshta kjo nuk ju p\u00eblqen. Pra ju perkujtojm\u00eb se nga LD do t\u00eb vazhdohet t\u00eb d\u00ebgjohet z\u00ebri i shpres\u00ebs, qoft\u00eb edhe i vet\u00ebm.<\/p>\n<p>P\u00ebr sh\u00ebrbimin informativ t\u00eb LD n\u00eb MZ,<br \/>\nMarash Dedvukaj<\/p>\n<p><a href=\"http:\/\/www.malesia.org\/index.php?news=3917\" target=\"_blank\"><strong>MALESIA.ORG<\/strong><\/a><\/p>\n","protected":false},"excerpt":{"rendered":"<p>Leter e hapur Iniciativ\u00ebs Qytetare Respektivisht, dy antar\u00ebve t\u00eb saj Vasel Sinishtaj dhe Smail \u00c7unmulaj Meqen\u00ebse bisedimet dypal\u00ebshe dhe shkresa interne, t\u00eb cil\u00ebn, dit\u00eb m\u00eb par\u00eb, Lidhja Demokratike n\u00eb Mal t\u00eb Zi, ia drejtoi Iniciativ\u00ebs Qytetare, sikur as apeli yn\u00eb n\u00eb Kuvendin e KU t\u00eb Tuzit, q\u00eb t\u00eb mos verifikohet mandati i shtat\u00eb, nuk dhan\u00eb [&hellip;]<\/p>\n","protected":false},"author":1,"featured_media":0,"comment_status":"open","ping_status":"closed","sticky":false,"template":"","format":"standard","meta":{"spay_email":"","jetpack_publicize_message":"","jetpack_is_tweetstorm":false,"jetpack_publicize_feature_enabled":true},"categories":[12],"tags":[687,95,201,200,18],"jetpack_publicize_connections":[],"yoast_head":"<!-- This site is optimized with the Yoast SEO plugin v19.1 - https:\/\/yoast.com\/wordpress\/plugins\/seo\/ -->\n<title>Lidhja Demokratike - Leter e hapur Iniciativ\u00ebs Qytetare - Lajme nga Ulqini<\/title>\n<meta name=\"description\" content=\"Leter e hapur Iniciativ\u00ebs Qytetare Respektivisht, dy antar\u00ebve t\u00eb saj Vasel Sinishtaj dhe Smail \u00c7unmulaj Meqen\u00ebse bisedimet dypal\u00ebshe dhe shkresa interne,\" \/>\n<meta name=\"robots\" content=\"index, follow, max-snippet:-1, max-image-preview:large, max-video-preview:-1\" \/>\n<link rel=\"canonical\" href=\"https:\/\/www.visit-ulcinj.com\/blog\/2010\/06\/20\/lidhja-demokratike-leter-e-hapur-iniciatives-qytetare\/\" \/>\n<meta property=\"og:locale\" content=\"en_US\" \/>\n<meta property=\"og:type\" content=\"article\" \/>\n<meta property=\"og:title\" content=\"Lidhja Demokratike - Leter e hapur Iniciativ\u00ebs Qytetare - Lajme nga Ulqini\" \/>\n<meta property=\"og:description\" content=\"Leter e hapur Iniciativ\u00ebs Qytetare Respektivisht, dy antar\u00ebve t\u00eb saj Vasel Sinishtaj dhe Smail \u00c7unmulaj Meqen\u00ebse bisedimet dypal\u00ebshe dhe shkresa interne,\" \/>\n<meta property=\"og:url\" content=\"https:\/\/www.visit-ulcinj.com\/blog\/2010\/06\/20\/lidhja-demokratike-leter-e-hapur-iniciatives-qytetare\/\" \/>\n<meta property=\"og:site_name\" content=\"Lajme nga Ulqini\" \/>\n<meta property=\"article:published_time\" content=\"2010-06-20T18:04:13+00:00\" \/>\n<meta property=\"og:image\" content=\"http:\/\/www.visit-ulcinj.com\/blog\/wp-content\/uploads\/2009\/01\/lidhja-demokratike-ne-mal-te-zi.jpg\" \/>\n<meta name=\"twitter:label1\" content=\"Written by\" \/>\n\t<meta name=\"twitter:data1\" content=\"ulqini\" \/>\n\t<meta name=\"twitter:label2\" content=\"Est. reading time\" \/>\n\t<meta name=\"twitter:data2\" content=\"4 minutes\" \/>\n<script type=\"application\/ld+json\" class=\"yoast-schema-graph\">{\"@context\":\"https:\/\/schema.org\",\"@graph\":[{\"@type\":\"WebSite\",\"@id\":\"https:\/\/www.visit-ulcinj.com\/blog\/#website\",\"url\":\"https:\/\/www.visit-ulcinj.com\/blog\/\",\"name\":\"Lajme nga Ulqini\",\"description\":\"Lajme,Vijesti,Ulqini,Ulqin,Crna Gora,Mali i Zi\",\"potentialAction\":[{\"@type\":\"SearchAction\",\"target\":{\"@type\":\"EntryPoint\",\"urlTemplate\":\"https:\/\/www.visit-ulcinj.com\/blog\/?s={search_term_string}\"},\"query-input\":\"required name=search_term_string\"}],\"inLanguage\":\"en-US\"},{\"@type\":\"ImageObject\",\"inLanguage\":\"en-US\",\"@id\":\"https:\/\/www.visit-ulcinj.com\/blog\/2010\/06\/20\/lidhja-demokratike-leter-e-hapur-iniciatives-qytetare\/#primaryimage\",\"url\":\"https:\/\/www.visit-ulcinj.com\/blog\/wp-content\/uploads\/2009\/01\/lidhja-demokratike-ne-mal-te-zi.jpg\",\"contentUrl\":\"https:\/\/www.visit-ulcinj.com\/blog\/wp-content\/uploads\/2009\/01\/lidhja-demokratike-ne-mal-te-zi.jpg\",\"width\":\"800\",\"height\":\"752\"},{\"@type\":\"WebPage\",\"@id\":\"https:\/\/www.visit-ulcinj.com\/blog\/2010\/06\/20\/lidhja-demokratike-leter-e-hapur-iniciatives-qytetare\/#webpage\",\"url\":\"https:\/\/www.visit-ulcinj.com\/blog\/2010\/06\/20\/lidhja-demokratike-leter-e-hapur-iniciatives-qytetare\/\",\"name\":\"Lidhja Demokratike - Leter e hapur Iniciativ\u00ebs Qytetare - Lajme nga Ulqini\",\"isPartOf\":{\"@id\":\"https:\/\/www.visit-ulcinj.com\/blog\/#website\"},\"primaryImageOfPage\":{\"@id\":\"https:\/\/www.visit-ulcinj.com\/blog\/2010\/06\/20\/lidhja-demokratike-leter-e-hapur-iniciatives-qytetare\/#primaryimage\"},\"datePublished\":\"2010-06-20T18:04:13+00:00\",\"dateModified\":\"2010-06-20T18:04:13+00:00\",\"author\":{\"@id\":\"https:\/\/www.visit-ulcinj.com\/blog\/#\/schema\/person\/dcab619c614d3038751c63bc2aadc06d\"},\"description\":\"Leter e hapur Iniciativ\u00ebs Qytetare Respektivisht, dy antar\u00ebve t\u00eb saj Vasel Sinishtaj dhe Smail \u00c7unmulaj Meqen\u00ebse bisedimet dypal\u00ebshe dhe shkresa interne,\",\"breadcrumb\":{\"@id\":\"https:\/\/www.visit-ulcinj.com\/blog\/2010\/06\/20\/lidhja-demokratike-leter-e-hapur-iniciatives-qytetare\/#breadcrumb\"},\"inLanguage\":\"en-US\",\"potentialAction\":[{\"@type\":\"ReadAction\",\"target\":[\"https:\/\/www.visit-ulcinj.com\/blog\/2010\/06\/20\/lidhja-demokratike-leter-e-hapur-iniciatives-qytetare\/\"]}]},{\"@type\":\"BreadcrumbList\",\"@id\":\"https:\/\/www.visit-ulcinj.com\/blog\/2010\/06\/20\/lidhja-demokratike-leter-e-hapur-iniciatives-qytetare\/#breadcrumb\",\"itemListElement\":[{\"@type\":\"ListItem\",\"position\":1,\"name\":\"Lidhja Demokratike &#8211; Leter e hapur Iniciativ\u00ebs Qytetare\"}]},{\"@type\":\"Person\",\"@id\":\"https:\/\/www.visit-ulcinj.com\/blog\/#\/schema\/person\/dcab619c614d3038751c63bc2aadc06d\",\"name\":\"ulqini\",\"sameAs\":[\"http:\/\/www.visit-ulcinj.com\"],\"url\":\"https:\/\/www.visit-ulcinj.com\/blog\/author\/admin\/\"}]}<\/script>\n<!-- \/ Yoast SEO plugin. -->","yoast_head_json":{"title":"Lidhja Demokratike - Leter e hapur Iniciativ\u00ebs Qytetare - Lajme nga Ulqini","description":"Leter e hapur Iniciativ\u00ebs Qytetare Respektivisht, dy antar\u00ebve t\u00eb saj Vasel Sinishtaj dhe Smail \u00c7unmulaj Meqen\u00ebse bisedimet dypal\u00ebshe dhe shkresa interne,","robots":{"index":"index","follow":"follow","max-snippet":"max-snippet:-1","max-image-preview":"max-image-preview:large","max-video-preview":"max-video-preview:-1"},"canonical":"https:\/\/www.visit-ulcinj.com\/blog\/2010\/06\/20\/lidhja-demokratike-leter-e-hapur-iniciatives-qytetare\/","og_locale":"en_US","og_type":"article","og_title":"Lidhja Demokratike - Leter e hapur Iniciativ\u00ebs Qytetare - Lajme nga Ulqini","og_description":"Leter e hapur Iniciativ\u00ebs Qytetare Respektivisht, dy antar\u00ebve t\u00eb saj Vasel Sinishtaj dhe Smail \u00c7unmulaj Meqen\u00ebse bisedimet dypal\u00ebshe dhe shkresa interne,","og_url":"https:\/\/www.visit-ulcinj.com\/blog\/2010\/06\/20\/lidhja-demokratike-leter-e-hapur-iniciatives-qytetare\/","og_site_name":"Lajme nga Ulqini","article_published_time":"2010-06-20T18:04:13+00:00","og_image":[{"url":"http:\/\/www.visit-ulcinj.com\/blog\/wp-content\/uploads\/2009\/01\/lidhja-demokratike-ne-mal-te-zi.jpg"}],"twitter_misc":{"Written by":"ulqini","Est. reading time":"4 minutes"},"schema":{"@context":"https:\/\/schema.org","@graph":[{"@type":"WebSite","@id":"https:\/\/www.visit-ulcinj.com\/blog\/#website","url":"https:\/\/www.visit-ulcinj.com\/blog\/","name":"Lajme nga Ulqini","description":"Lajme,Vijesti,Ulqini,Ulqin,Crna Gora,Mali i Zi","potentialAction":[{"@type":"SearchAction","target":{"@type":"EntryPoint","urlTemplate":"https:\/\/www.visit-ulcinj.com\/blog\/?s={search_term_string}"},"query-input":"required name=search_term_string"}],"inLanguage":"en-US"},{"@type":"ImageObject","inLanguage":"en-US","@id":"https:\/\/www.visit-ulcinj.com\/blog\/2010\/06\/20\/lidhja-demokratike-leter-e-hapur-iniciatives-qytetare\/#primaryimage","url":"https:\/\/www.visit-ulcinj.com\/blog\/wp-content\/uploads\/2009\/01\/lidhja-demokratike-ne-mal-te-zi.jpg","contentUrl":"https:\/\/www.visit-ulcinj.com\/blog\/wp-content\/uploads\/2009\/01\/lidhja-demokratike-ne-mal-te-zi.jpg","width":"800","height":"752"},{"@type":"WebPage","@id":"https:\/\/www.visit-ulcinj.com\/blog\/2010\/06\/20\/lidhja-demokratike-leter-e-hapur-iniciatives-qytetare\/#webpage","url":"https:\/\/www.visit-ulcinj.com\/blog\/2010\/06\/20\/lidhja-demokratike-leter-e-hapur-iniciatives-qytetare\/","name":"Lidhja Demokratike - Leter e hapur Iniciativ\u00ebs Qytetare - Lajme nga Ulqini","isPartOf":{"@id":"https:\/\/www.visit-ulcinj.com\/blog\/#website"},"primaryImageOfPage":{"@id":"https:\/\/www.visit-ulcinj.com\/blog\/2010\/06\/20\/lidhja-demokratike-leter-e-hapur-iniciatives-qytetare\/#primaryimage"},"datePublished":"2010-06-20T18:04:13+00:00","dateModified":"2010-06-20T18:04:13+00:00","author":{"@id":"https:\/\/www.visit-ulcinj.com\/blog\/#\/schema\/person\/dcab619c614d3038751c63bc2aadc06d"},"description":"Leter e hapur Iniciativ\u00ebs Qytetare Respektivisht, dy antar\u00ebve t\u00eb saj Vasel Sinishtaj dhe Smail \u00c7unmulaj Meqen\u00ebse bisedimet dypal\u00ebshe dhe shkresa interne,","breadcrumb":{"@id":"https:\/\/www.visit-ulcinj.com\/blog\/2010\/06\/20\/lidhja-demokratike-leter-e-hapur-iniciatives-qytetare\/#breadcrumb"},"inLanguage":"en-US","potentialAction":[{"@type":"ReadAction","target":["https:\/\/www.visit-ulcinj.com\/blog\/2010\/06\/20\/lidhja-demokratike-leter-e-hapur-iniciatives-qytetare\/"]}]},{"@type":"BreadcrumbList","@id":"https:\/\/www.visit-ulcinj.com\/blog\/2010\/06\/20\/lidhja-demokratike-leter-e-hapur-iniciatives-qytetare\/#breadcrumb","itemListElement":[{"@type":"ListItem","position":1,"name":"Lidhja Demokratike &#8211; Leter e hapur Iniciativ\u00ebs Qytetare"}]},{"@type":"Person","@id":"https:\/\/www.visit-ulcinj.com\/blog\/#\/schema\/person\/dcab619c614d3038751c63bc2aadc06d","name":"ulqini","sameAs":["http:\/\/www.visit-ulcinj.com"],"url":"https:\/\/www.visit-ulcinj.com\/blog\/author\/admin\/"}]}},"jetpack_featured_media_url":"","jetpack_sharing_enabled":true,"jetpack_shortlink":"https:\/\/wp.me\/pe6lTn-92L","_links":{"self":[{"href":"https:\/\/www.visit-ulcinj.com\/blog\/wp-json\/wp\/v2\/posts\/34767"}],"collection":[{"href":"https:\/\/www.visit-ulcinj.com\/blog\/wp-json\/wp\/v2\/posts"}],"about":[{"href":"https:\/\/www.visit-ulcinj.com\/blog\/wp-json\/wp\/v2\/types\/post"}],"author":[{"embeddable":true,"href":"https:\/\/www.visit-ulcinj.com\/blog\/wp-json\/wp\/v2\/users\/1"}],"replies":[{"embeddable":true,"href":"https:\/\/www.visit-ulcinj.com\/blog\/wp-json\/wp\/v2\/comments?post=34767"}],"version-history":[{"count":0,"href":"https:\/\/www.visit-ulcinj.com\/blog\/wp-json\/wp\/v2\/posts\/34767\/revisions"}],"wp:attachment":[{"href":"https:\/\/www.visit-ulcinj.com\/blog\/wp-json\/wp\/v2\/media?parent=34767"}],"wp:term":[{"taxonomy":"category","embeddable":true,"href":"https:\/\/www.visit-ulcinj.com\/blog\/wp-json\/wp\/v2\/categories?post=34767"},{"taxonomy":"post_tag","embeddable":true,"href":"https:\/\/www.visit-ulcinj.com\/blog\/wp-json\/wp\/v2\/tags?post=34767"}],"curies":[{"name":"wp","href":"https:\/\/api.w.org\/{rel}","templated":true}]}}