{"id":34775,"date":"2010-06-20T23:16:05","date_gmt":"2010-06-20T21:16:05","guid":{"rendered":"http:\/\/www.visit-ulcinj.com\/blog\/?p=34775"},"modified":"2010-06-20T23:21:05","modified_gmt":"2010-06-20T21:21:05","slug":"adrian-gaxha-perse-habitet","status":"publish","type":"post","link":"https:\/\/www.visit-ulcinj.com\/blog\/2010\/06\/20\/adrian-gaxha-perse-habitet\/","title":{"rendered":"Adrian Gaxha p\u00ebrse habitet?"},"content":{"rendered":"<p><a href=\"http:\/\/www.visit-ulcinj.com\/blog\/wp-content\/uploads\/2010\/06\/Adrian-Gaxha.jpg\"><img loading=\"lazy\" class=\"alignleft size-full wp-image-34776\" title=\"Adrian Gaxha\" src=\"http:\/\/www.visit-ulcinj.com\/blog\/wp-content\/uploads\/2010\/06\/Adrian-Gaxha.jpg\" alt=\"Adrian Gaxha\" width=\"490\" height=\"370\" \/><\/a>Tiran\u00eb, 20 qershor &#8211; Nj\u00eb sfilat\u00eb e organizuar nga \u201cFashion Tv\u201d n\u00eb Prishtin\u00eb ka mbledhur s\u00eb bashku shum\u00eb prej personazheve m\u00eb t\u00eb njohura t\u00eb muzik\u00ebs, artit dhe pasarelave n\u00eb Kosov\u00eb. Mes tyre ka qen\u00eb edhe k\u00ebng\u00ebtari i mir\u00ebnjohur, Adrian Gaxha, i cili n\u00eb k\u00ebt\u00eb foto na shfaqet shum\u00eb i habitur. Po \u00e7far\u00eb ta ket\u00eb habitur kaq shum\u00eb vall\u00eb k\u00ebng\u00ebtarin Gaxha? Zbuluam se Adriani ka frik\u00eb se mos e dashura e tij, Luana, e cila jeton n\u00eb Shqip\u00ebri, mund t\u00eb b\u00ebhet xheloze pas publikimit t\u00eb k\u00ebtyre fotove, e si pasoj\u00eb t\u00eb lind\u00eb ndonj\u00eb grindje n\u00eb \u00e7ift. Ndon\u00ebse Adriani n\u00eb foto shfaqet i rrethuar nga femra shum\u00eb simpatike, Bluetooth e k\u00ebshillon q\u00eb t\u00eb mos ket\u00eb merak, sepse Luana nuk e v\u00eb n\u00eb dyshim p\u00ebr asnj\u00eb moment besnik\u00ebrin\u00eb e tij, p\u00ebrderisa vijon ende t\u00eb jet\u00eb n\u00eb nj\u00eb lidhje me t\u00eb. Detaji tjet\u00ebr q\u00eb bie n\u00eb sy nga Gaxha jan\u00eb flok\u00ebt q\u00eb nuk i ka m\u00eb. Ja p\u00ebrse Adriani mban p\u00ebrher\u00eb kapele n\u00eb kok\u00eb.<\/p>\n<p><strong>KOHA NET<\/strong><br \/>\n<br \/>\n<!--YouTube Error: bad URL entered--><\/p>\n","protected":false},"excerpt":{"rendered":"<p>Tiran\u00eb, 20 qershor &#8211; Nj\u00eb sfilat\u00eb e organizuar nga \u201cFashion Tv\u201d n\u00eb Prishtin\u00eb ka mbledhur s\u00eb bashku shum\u00eb prej personazheve m\u00eb t\u00eb njohura t\u00eb muzik\u00ebs, artit dhe pasarelave n\u00eb Kosov\u00eb. Mes tyre ka qen\u00eb edhe k\u00ebng\u00ebtari i mir\u00ebnjohur, Adrian Gaxha, i cili n\u00eb k\u00ebt\u00eb foto na shfaqet shum\u00eb i habitur. Po \u00e7far\u00eb ta ket\u00eb habitur [&hellip;]<\/p>\n","protected":false},"author":1,"featured_media":0,"comment_status":"open","ping_status":"closed","sticky":false,"template":"","format":"standard","meta":{"spay_email":"","jetpack_publicize_message":"","jetpack_is_tweetstorm":false,"jetpack_publicize_feature_enabled":true},"categories":[1],"tags":[13177],"jetpack_publicize_connections":[],"yoast_head":"<!-- This site is optimized with the Yoast SEO plugin v19.1 - https:\/\/yoast.com\/wordpress\/plugins\/seo\/ -->\n<title>Adrian Gaxha p\u00ebrse habitet? - Lajme nga Ulqini<\/title>\n<meta name=\"description\" content=\"Tiran\u00eb, 20 qershor - Nj\u00eb sfilat\u00eb e organizuar nga \u201cFashion Tv\u201d n\u00eb Prishtin\u00eb ka mbledhur s\u00eb bashku shum\u00eb prej personazheve m\u00eb t\u00eb njohura t\u00eb muzik\u00ebs, artit\" \/>\n<meta name=\"robots\" content=\"index, follow, max-snippet:-1, max-image-preview:large, max-video-preview:-1\" \/>\n<link rel=\"canonical\" href=\"https:\/\/www.visit-ulcinj.com\/blog\/2010\/06\/20\/adrian-gaxha-perse-habitet\/\" \/>\n<meta property=\"og:locale\" content=\"en_US\" \/>\n<meta property=\"og:type\" content=\"article\" \/>\n<meta property=\"og:title\" content=\"Adrian Gaxha p\u00ebrse habitet? - Lajme nga Ulqini\" \/>\n<meta property=\"og:description\" content=\"Tiran\u00eb, 20 qershor - Nj\u00eb sfilat\u00eb e organizuar nga \u201cFashion Tv\u201d n\u00eb Prishtin\u00eb ka mbledhur s\u00eb bashku shum\u00eb prej personazheve m\u00eb t\u00eb njohura t\u00eb muzik\u00ebs, artit\" \/>\n<meta property=\"og:url\" content=\"https:\/\/www.visit-ulcinj.com\/blog\/2010\/06\/20\/adrian-gaxha-perse-habitet\/\" \/>\n<meta property=\"og:site_name\" content=\"Lajme nga Ulqini\" \/>\n<meta property=\"article:published_time\" content=\"2010-06-20T21:16:05+00:00\" \/>\n<meta property=\"article:modified_time\" content=\"2010-06-20T21:21:05+00:00\" \/>\n<meta property=\"og:image\" content=\"https:\/\/www.visit-ulcinj.com\/blog\/wp-content\/uploads\/2010\/06\/Adrian-Gaxha-150x150.jpg\" \/>\n<meta name=\"twitter:label1\" content=\"Written by\" \/>\n\t<meta name=\"twitter:data1\" content=\"ulqini\" \/>\n\t<meta name=\"twitter:label2\" content=\"Est. reading time\" \/>\n\t<meta name=\"twitter:data2\" content=\"1 minute\" \/>\n<script type=\"application\/ld+json\" class=\"yoast-schema-graph\">{\"@context\":\"https:\/\/schema.org\",\"@graph\":[{\"@type\":\"WebSite\",\"@id\":\"https:\/\/www.visit-ulcinj.com\/blog\/#website\",\"url\":\"https:\/\/www.visit-ulcinj.com\/blog\/\",\"name\":\"Lajme nga Ulqini\",\"description\":\"Lajme,Vijesti,Ulqini,Ulqin,Crna Gora,Mali i Zi\",\"potentialAction\":[{\"@type\":\"SearchAction\",\"target\":{\"@type\":\"EntryPoint\",\"urlTemplate\":\"https:\/\/www.visit-ulcinj.com\/blog\/?s={search_term_string}\"},\"query-input\":\"required name=search_term_string\"}],\"inLanguage\":\"en-US\"},{\"@type\":\"ImageObject\",\"inLanguage\":\"en-US\",\"@id\":\"https:\/\/www.visit-ulcinj.com\/blog\/2010\/06\/20\/adrian-gaxha-perse-habitet\/#primaryimage\",\"url\":\"http:\/\/www.visit-ulcinj.com\/blog\/wp-content\/uploads\/2010\/06\/Adrian-Gaxha.jpg\",\"contentUrl\":\"http:\/\/www.visit-ulcinj.com\/blog\/wp-content\/uploads\/2010\/06\/Adrian-Gaxha.jpg\"},{\"@type\":\"WebPage\",\"@id\":\"https:\/\/www.visit-ulcinj.com\/blog\/2010\/06\/20\/adrian-gaxha-perse-habitet\/#webpage\",\"url\":\"https:\/\/www.visit-ulcinj.com\/blog\/2010\/06\/20\/adrian-gaxha-perse-habitet\/\",\"name\":\"Adrian Gaxha p\u00ebrse habitet? - Lajme nga Ulqini\",\"isPartOf\":{\"@id\":\"https:\/\/www.visit-ulcinj.com\/blog\/#website\"},\"primaryImageOfPage\":{\"@id\":\"https:\/\/www.visit-ulcinj.com\/blog\/2010\/06\/20\/adrian-gaxha-perse-habitet\/#primaryimage\"},\"datePublished\":\"2010-06-20T21:16:05+00:00\",\"dateModified\":\"2010-06-20T21:21:05+00:00\",\"author\":{\"@id\":\"https:\/\/www.visit-ulcinj.com\/blog\/#\/schema\/person\/dcab619c614d3038751c63bc2aadc06d\"},\"description\":\"Tiran\u00eb, 20 qershor - Nj\u00eb sfilat\u00eb e organizuar nga \u201cFashion Tv\u201d n\u00eb Prishtin\u00eb ka mbledhur s\u00eb bashku shum\u00eb prej personazheve m\u00eb t\u00eb njohura t\u00eb muzik\u00ebs, artit\",\"breadcrumb\":{\"@id\":\"https:\/\/www.visit-ulcinj.com\/blog\/2010\/06\/20\/adrian-gaxha-perse-habitet\/#breadcrumb\"},\"inLanguage\":\"en-US\",\"potentialAction\":[{\"@type\":\"ReadAction\",\"target\":[\"https:\/\/www.visit-ulcinj.com\/blog\/2010\/06\/20\/adrian-gaxha-perse-habitet\/\"]}]},{\"@type\":\"BreadcrumbList\",\"@id\":\"https:\/\/www.visit-ulcinj.com\/blog\/2010\/06\/20\/adrian-gaxha-perse-habitet\/#breadcrumb\",\"itemListElement\":[{\"@type\":\"ListItem\",\"position\":1,\"name\":\"Adrian Gaxha p\u00ebrse habitet?\"}]},{\"@type\":\"Person\",\"@id\":\"https:\/\/www.visit-ulcinj.com\/blog\/#\/schema\/person\/dcab619c614d3038751c63bc2aadc06d\",\"name\":\"ulqini\",\"sameAs\":[\"http:\/\/www.visit-ulcinj.com\"],\"url\":\"https:\/\/www.visit-ulcinj.com\/blog\/author\/admin\/\"}]}<\/script>\n<!-- \/ Yoast SEO plugin. -->","yoast_head_json":{"title":"Adrian Gaxha p\u00ebrse habitet? - Lajme nga Ulqini","description":"Tiran\u00eb, 20 qershor - Nj\u00eb sfilat\u00eb e organizuar nga \u201cFashion Tv\u201d n\u00eb Prishtin\u00eb ka mbledhur s\u00eb bashku shum\u00eb prej personazheve m\u00eb t\u00eb njohura t\u00eb muzik\u00ebs, artit","robots":{"index":"index","follow":"follow","max-snippet":"max-snippet:-1","max-image-preview":"max-image-preview:large","max-video-preview":"max-video-preview:-1"},"canonical":"https:\/\/www.visit-ulcinj.com\/blog\/2010\/06\/20\/adrian-gaxha-perse-habitet\/","og_locale":"en_US","og_type":"article","og_title":"Adrian Gaxha p\u00ebrse habitet? - Lajme nga Ulqini","og_description":"Tiran\u00eb, 20 qershor - Nj\u00eb sfilat\u00eb e organizuar nga \u201cFashion Tv\u201d n\u00eb Prishtin\u00eb ka mbledhur s\u00eb bashku shum\u00eb prej personazheve m\u00eb t\u00eb njohura t\u00eb muzik\u00ebs, artit","og_url":"https:\/\/www.visit-ulcinj.com\/blog\/2010\/06\/20\/adrian-gaxha-perse-habitet\/","og_site_name":"Lajme nga Ulqini","article_published_time":"2010-06-20T21:16:05+00:00","article_modified_time":"2010-06-20T21:21:05+00:00","og_image":[{"url":"https:\/\/www.visit-ulcinj.com\/blog\/wp-content\/uploads\/2010\/06\/Adrian-Gaxha-150x150.jpg"}],"twitter_misc":{"Written by":"ulqini","Est. reading time":"1 minute"},"schema":{"@context":"https:\/\/schema.org","@graph":[{"@type":"WebSite","@id":"https:\/\/www.visit-ulcinj.com\/blog\/#website","url":"https:\/\/www.visit-ulcinj.com\/blog\/","name":"Lajme nga Ulqini","description":"Lajme,Vijesti,Ulqini,Ulqin,Crna Gora,Mali i Zi","potentialAction":[{"@type":"SearchAction","target":{"@type":"EntryPoint","urlTemplate":"https:\/\/www.visit-ulcinj.com\/blog\/?s={search_term_string}"},"query-input":"required name=search_term_string"}],"inLanguage":"en-US"},{"@type":"ImageObject","inLanguage":"en-US","@id":"https:\/\/www.visit-ulcinj.com\/blog\/2010\/06\/20\/adrian-gaxha-perse-habitet\/#primaryimage","url":"http:\/\/www.visit-ulcinj.com\/blog\/wp-content\/uploads\/2010\/06\/Adrian-Gaxha.jpg","contentUrl":"http:\/\/www.visit-ulcinj.com\/blog\/wp-content\/uploads\/2010\/06\/Adrian-Gaxha.jpg"},{"@type":"WebPage","@id":"https:\/\/www.visit-ulcinj.com\/blog\/2010\/06\/20\/adrian-gaxha-perse-habitet\/#webpage","url":"https:\/\/www.visit-ulcinj.com\/blog\/2010\/06\/20\/adrian-gaxha-perse-habitet\/","name":"Adrian Gaxha p\u00ebrse habitet? - Lajme nga Ulqini","isPartOf":{"@id":"https:\/\/www.visit-ulcinj.com\/blog\/#website"},"primaryImageOfPage":{"@id":"https:\/\/www.visit-ulcinj.com\/blog\/2010\/06\/20\/adrian-gaxha-perse-habitet\/#primaryimage"},"datePublished":"2010-06-20T21:16:05+00:00","dateModified":"2010-06-20T21:21:05+00:00","author":{"@id":"https:\/\/www.visit-ulcinj.com\/blog\/#\/schema\/person\/dcab619c614d3038751c63bc2aadc06d"},"description":"Tiran\u00eb, 20 qershor - Nj\u00eb sfilat\u00eb e organizuar nga \u201cFashion Tv\u201d n\u00eb Prishtin\u00eb ka mbledhur s\u00eb bashku shum\u00eb prej personazheve m\u00eb t\u00eb njohura t\u00eb muzik\u00ebs, artit","breadcrumb":{"@id":"https:\/\/www.visit-ulcinj.com\/blog\/2010\/06\/20\/adrian-gaxha-perse-habitet\/#breadcrumb"},"inLanguage":"en-US","potentialAction":[{"@type":"ReadAction","target":["https:\/\/www.visit-ulcinj.com\/blog\/2010\/06\/20\/adrian-gaxha-perse-habitet\/"]}]},{"@type":"BreadcrumbList","@id":"https:\/\/www.visit-ulcinj.com\/blog\/2010\/06\/20\/adrian-gaxha-perse-habitet\/#breadcrumb","itemListElement":[{"@type":"ListItem","position":1,"name":"Adrian Gaxha p\u00ebrse habitet?"}]},{"@type":"Person","@id":"https:\/\/www.visit-ulcinj.com\/blog\/#\/schema\/person\/dcab619c614d3038751c63bc2aadc06d","name":"ulqini","sameAs":["http:\/\/www.visit-ulcinj.com"],"url":"https:\/\/www.visit-ulcinj.com\/blog\/author\/admin\/"}]}},"jetpack_featured_media_url":"","jetpack_sharing_enabled":true,"jetpack_shortlink":"https:\/\/wp.me\/pe6lTn-92T","_links":{"self":[{"href":"https:\/\/www.visit-ulcinj.com\/blog\/wp-json\/wp\/v2\/posts\/34775"}],"collection":[{"href":"https:\/\/www.visit-ulcinj.com\/blog\/wp-json\/wp\/v2\/posts"}],"about":[{"href":"https:\/\/www.visit-ulcinj.com\/blog\/wp-json\/wp\/v2\/types\/post"}],"author":[{"embeddable":true,"href":"https:\/\/www.visit-ulcinj.com\/blog\/wp-json\/wp\/v2\/users\/1"}],"replies":[{"embeddable":true,"href":"https:\/\/www.visit-ulcinj.com\/blog\/wp-json\/wp\/v2\/comments?post=34775"}],"version-history":[{"count":0,"href":"https:\/\/www.visit-ulcinj.com\/blog\/wp-json\/wp\/v2\/posts\/34775\/revisions"}],"wp:attachment":[{"href":"https:\/\/www.visit-ulcinj.com\/blog\/wp-json\/wp\/v2\/media?parent=34775"}],"wp:term":[{"taxonomy":"category","embeddable":true,"href":"https:\/\/www.visit-ulcinj.com\/blog\/wp-json\/wp\/v2\/categories?post=34775"},{"taxonomy":"post_tag","embeddable":true,"href":"https:\/\/www.visit-ulcinj.com\/blog\/wp-json\/wp\/v2\/tags?post=34775"}],"curies":[{"name":"wp","href":"https:\/\/api.w.org\/{rel}","templated":true}]}}