{"id":34782,"date":"2010-06-20T23:52:50","date_gmt":"2010-06-20T21:52:50","guid":{"rendered":"http:\/\/www.visit-ulcinj.com\/blog\/?p=34782"},"modified":"2010-06-21T00:30:36","modified_gmt":"2010-06-20T22:30:36","slug":"genta-mes-labit-dhe-noizy-t","status":"publish","type":"post","link":"https:\/\/www.visit-ulcinj.com\/blog\/2010\/06\/20\/genta-mes-labit-dhe-noizy-t\/","title":{"rendered":"Genta Mes Labit dhe Noizy-t"},"content":{"rendered":"<p><a href=\"http:\/\/www.visit-ulcinj.com\/blog\/wp-content\/uploads\/2010\/06\/Genta-Mes-Labit-dhe-Noizy-t.jpg\"><img loading=\"lazy\" class=\"alignleft size-full wp-image-34783\" title=\"Genta Mes Labit dhe Noizy-t\" src=\"http:\/\/www.visit-ulcinj.com\/blog\/wp-content\/uploads\/2010\/06\/Genta-Mes-Labit-dhe-Noizy-t.jpg\" alt=\"Genta Mes Labit dhe Noizy-t\" width=\"490\" height=\"620\" \/><\/a>S\u00eb fundmi ajo u shfaq n\u00eb Tiran\u00eb si pjes\u00ebmarr\u00ebse n\u00eb \u201cDancing with the stars Albania\u201d, nd\u00ebrkaq k\u00ebng\u00ebtarja e njohur kosovare Genta Ismajli, aktualisht i \u00ebsht\u00eb p\u00ebrkushtuar t\u00ebr\u00ebsisht muzik\u00ebs.<br \/>\nPas shk\u00eblqimit n\u00eb festivalin \u201cIstanbul Music Awards\u201d, k\u00ebng\u00ebtarja kosovare, Genta Ismajli nuk ka t\u00eb ndalur me surprizat e saj adresuar publikut shqiptar.<br \/>\nNd\u00ebrsa e pyesim n\u00eb lidhje me planet m\u00eb t\u00eb af\u00ebrta n\u00eb muzik\u00eb, k\u00ebng\u00ebtarja na tregon se \u00ebsht\u00eb duke punuar p\u00ebr nj\u00eb bashk\u00ebpunim me k\u00ebng\u00ebtarin simpatik, Labinot Tahiri.<br \/>\n\u201cK\u00ebnga q\u00eb do t\u00eb sjell me Labin \u00ebsht\u00eb tejet ritmike dhe do t\u00eb p\u00ebrb\u00ebj\u00eb nj\u00eb nga \u2018boom-et\u2019 e k\u00ebsaj vere\u201d, &#8211; thekson Genta. Nd\u00ebrkaq ajo na ka zbuluar se shum\u00eb shpejt do t\u00eb dal\u00eb n\u00eb treg edhe k\u00ebnga e saj m\u00eb e re n\u00ebn titullin \u201cThe King and Queen\u201d, e cila \u00ebsht\u00eb gjithashtu nj\u00eb bashk\u00ebpunim, por k\u00ebt\u00eb her\u00eb me rreperin e njohur nga Shqip\u00ebria, Noizy.<\/p>\n<p><strong>Bluetooth<br \/>\n<\/strong><\/p>\n<p><strong><!--YouTube Error: bad URL entered--><br \/>\n<\/strong><\/p>\n","protected":false},"excerpt":{"rendered":"<p>S\u00eb fundmi ajo u shfaq n\u00eb Tiran\u00eb si pjes\u00ebmarr\u00ebse n\u00eb \u201cDancing with the stars Albania\u201d, nd\u00ebrkaq k\u00ebng\u00ebtarja e njohur kosovare Genta Ismajli, aktualisht i \u00ebsht\u00eb p\u00ebrkushtuar t\u00ebr\u00ebsisht muzik\u00ebs. Pas shk\u00eblqimit n\u00eb festivalin \u201cIstanbul Music Awards\u201d, k\u00ebng\u00ebtarja kosovare, Genta Ismajli nuk ka t\u00eb ndalur me surprizat e saj adresuar publikut shqiptar. Nd\u00ebrsa e pyesim n\u00eb lidhje [&hellip;]<\/p>\n","protected":false},"author":1,"featured_media":0,"comment_status":"open","ping_status":"closed","sticky":false,"template":"","format":"standard","meta":{"spay_email":"","jetpack_publicize_message":"","jetpack_is_tweetstorm":false,"jetpack_publicize_feature_enabled":true},"categories":[1],"tags":[4889,4888,14719,12181],"jetpack_publicize_connections":[],"yoast_head":"<!-- This site is optimized with the Yoast SEO plugin v19.1 - https:\/\/yoast.com\/wordpress\/plugins\/seo\/ -->\n<title>Genta Mes Labit dhe Noizy-t - Lajme nga Ulqini<\/title>\n<meta name=\"description\" content=\"S\u00eb fundmi ajo u shfaq n\u00eb Tiran\u00eb si pjes\u00ebmarr\u00ebse n\u00eb \u201cDancing with the stars Albania\u201d, nd\u00ebrkaq k\u00ebng\u00ebtarja e njohur kosovare Genta Ismajli, aktualisht i\" \/>\n<meta name=\"robots\" content=\"index, follow, max-snippet:-1, max-image-preview:large, max-video-preview:-1\" \/>\n<link rel=\"canonical\" href=\"https:\/\/www.visit-ulcinj.com\/blog\/2010\/06\/20\/genta-mes-labit-dhe-noizy-t\/\" \/>\n<meta property=\"og:locale\" content=\"en_US\" \/>\n<meta property=\"og:type\" content=\"article\" \/>\n<meta property=\"og:title\" content=\"Genta Mes Labit dhe Noizy-t - Lajme nga Ulqini\" \/>\n<meta property=\"og:description\" content=\"S\u00eb fundmi ajo u shfaq n\u00eb Tiran\u00eb si pjes\u00ebmarr\u00ebse n\u00eb \u201cDancing with the stars Albania\u201d, nd\u00ebrkaq k\u00ebng\u00ebtarja e njohur kosovare Genta Ismajli, aktualisht i\" \/>\n<meta property=\"og:url\" content=\"https:\/\/www.visit-ulcinj.com\/blog\/2010\/06\/20\/genta-mes-labit-dhe-noizy-t\/\" \/>\n<meta property=\"og:site_name\" content=\"Lajme nga Ulqini\" \/>\n<meta property=\"article:published_time\" content=\"2010-06-20T21:52:50+00:00\" \/>\n<meta property=\"article:modified_time\" content=\"2010-06-20T22:30:36+00:00\" \/>\n<meta property=\"og:image\" content=\"http:\/\/www.visit-ulcinj.com\/blog\/wp-content\/uploads\/2010\/06\/Genta-Mes-Labit-dhe-Noizy-t.jpg\" \/>\n<meta name=\"twitter:label1\" content=\"Written by\" \/>\n\t<meta name=\"twitter:data1\" content=\"ulqini\" \/>\n\t<meta name=\"twitter:label2\" content=\"Est. reading time\" \/>\n\t<meta name=\"twitter:data2\" content=\"1 minute\" \/>\n<script type=\"application\/ld+json\" class=\"yoast-schema-graph\">{\"@context\":\"https:\/\/schema.org\",\"@graph\":[{\"@type\":\"WebSite\",\"@id\":\"https:\/\/www.visit-ulcinj.com\/blog\/#website\",\"url\":\"https:\/\/www.visit-ulcinj.com\/blog\/\",\"name\":\"Lajme nga Ulqini\",\"description\":\"Lajme,Vijesti,Ulqini,Ulqin,Crna Gora,Mali i Zi\",\"potentialAction\":[{\"@type\":\"SearchAction\",\"target\":{\"@type\":\"EntryPoint\",\"urlTemplate\":\"https:\/\/www.visit-ulcinj.com\/blog\/?s={search_term_string}\"},\"query-input\":\"required name=search_term_string\"}],\"inLanguage\":\"en-US\"},{\"@type\":\"ImageObject\",\"inLanguage\":\"en-US\",\"@id\":\"https:\/\/www.visit-ulcinj.com\/blog\/2010\/06\/20\/genta-mes-labit-dhe-noizy-t\/#primaryimage\",\"url\":\"http:\/\/www.visit-ulcinj.com\/blog\/wp-content\/uploads\/2010\/06\/Genta-Mes-Labit-dhe-Noizy-t.jpg\",\"contentUrl\":\"http:\/\/www.visit-ulcinj.com\/blog\/wp-content\/uploads\/2010\/06\/Genta-Mes-Labit-dhe-Noizy-t.jpg\"},{\"@type\":\"WebPage\",\"@id\":\"https:\/\/www.visit-ulcinj.com\/blog\/2010\/06\/20\/genta-mes-labit-dhe-noizy-t\/#webpage\",\"url\":\"https:\/\/www.visit-ulcinj.com\/blog\/2010\/06\/20\/genta-mes-labit-dhe-noizy-t\/\",\"name\":\"Genta Mes Labit dhe Noizy-t - Lajme nga Ulqini\",\"isPartOf\":{\"@id\":\"https:\/\/www.visit-ulcinj.com\/blog\/#website\"},\"primaryImageOfPage\":{\"@id\":\"https:\/\/www.visit-ulcinj.com\/blog\/2010\/06\/20\/genta-mes-labit-dhe-noizy-t\/#primaryimage\"},\"datePublished\":\"2010-06-20T21:52:50+00:00\",\"dateModified\":\"2010-06-20T22:30:36+00:00\",\"author\":{\"@id\":\"https:\/\/www.visit-ulcinj.com\/blog\/#\/schema\/person\/dcab619c614d3038751c63bc2aadc06d\"},\"description\":\"S\u00eb fundmi ajo u shfaq n\u00eb Tiran\u00eb si pjes\u00ebmarr\u00ebse n\u00eb \u201cDancing with the stars Albania\u201d, nd\u00ebrkaq k\u00ebng\u00ebtarja e njohur kosovare Genta Ismajli, aktualisht i\",\"breadcrumb\":{\"@id\":\"https:\/\/www.visit-ulcinj.com\/blog\/2010\/06\/20\/genta-mes-labit-dhe-noizy-t\/#breadcrumb\"},\"inLanguage\":\"en-US\",\"potentialAction\":[{\"@type\":\"ReadAction\",\"target\":[\"https:\/\/www.visit-ulcinj.com\/blog\/2010\/06\/20\/genta-mes-labit-dhe-noizy-t\/\"]}]},{\"@type\":\"BreadcrumbList\",\"@id\":\"https:\/\/www.visit-ulcinj.com\/blog\/2010\/06\/20\/genta-mes-labit-dhe-noizy-t\/#breadcrumb\",\"itemListElement\":[{\"@type\":\"ListItem\",\"position\":1,\"name\":\"Genta Mes Labit dhe Noizy-t\"}]},{\"@type\":\"Person\",\"@id\":\"https:\/\/www.visit-ulcinj.com\/blog\/#\/schema\/person\/dcab619c614d3038751c63bc2aadc06d\",\"name\":\"ulqini\",\"sameAs\":[\"http:\/\/www.visit-ulcinj.com\"],\"url\":\"https:\/\/www.visit-ulcinj.com\/blog\/author\/admin\/\"}]}<\/script>\n<!-- \/ Yoast SEO plugin. -->","yoast_head_json":{"title":"Genta Mes Labit dhe Noizy-t - Lajme nga Ulqini","description":"S\u00eb fundmi ajo u shfaq n\u00eb Tiran\u00eb si pjes\u00ebmarr\u00ebse n\u00eb \u201cDancing with the stars Albania\u201d, nd\u00ebrkaq k\u00ebng\u00ebtarja e njohur kosovare Genta Ismajli, aktualisht i","robots":{"index":"index","follow":"follow","max-snippet":"max-snippet:-1","max-image-preview":"max-image-preview:large","max-video-preview":"max-video-preview:-1"},"canonical":"https:\/\/www.visit-ulcinj.com\/blog\/2010\/06\/20\/genta-mes-labit-dhe-noizy-t\/","og_locale":"en_US","og_type":"article","og_title":"Genta Mes Labit dhe Noizy-t - Lajme nga Ulqini","og_description":"S\u00eb fundmi ajo u shfaq n\u00eb Tiran\u00eb si pjes\u00ebmarr\u00ebse n\u00eb \u201cDancing with the stars Albania\u201d, nd\u00ebrkaq k\u00ebng\u00ebtarja e njohur kosovare Genta Ismajli, aktualisht i","og_url":"https:\/\/www.visit-ulcinj.com\/blog\/2010\/06\/20\/genta-mes-labit-dhe-noizy-t\/","og_site_name":"Lajme nga Ulqini","article_published_time":"2010-06-20T21:52:50+00:00","article_modified_time":"2010-06-20T22:30:36+00:00","og_image":[{"url":"http:\/\/www.visit-ulcinj.com\/blog\/wp-content\/uploads\/2010\/06\/Genta-Mes-Labit-dhe-Noizy-t.jpg"}],"twitter_misc":{"Written by":"ulqini","Est. reading time":"1 minute"},"schema":{"@context":"https:\/\/schema.org","@graph":[{"@type":"WebSite","@id":"https:\/\/www.visit-ulcinj.com\/blog\/#website","url":"https:\/\/www.visit-ulcinj.com\/blog\/","name":"Lajme nga Ulqini","description":"Lajme,Vijesti,Ulqini,Ulqin,Crna Gora,Mali i Zi","potentialAction":[{"@type":"SearchAction","target":{"@type":"EntryPoint","urlTemplate":"https:\/\/www.visit-ulcinj.com\/blog\/?s={search_term_string}"},"query-input":"required name=search_term_string"}],"inLanguage":"en-US"},{"@type":"ImageObject","inLanguage":"en-US","@id":"https:\/\/www.visit-ulcinj.com\/blog\/2010\/06\/20\/genta-mes-labit-dhe-noizy-t\/#primaryimage","url":"http:\/\/www.visit-ulcinj.com\/blog\/wp-content\/uploads\/2010\/06\/Genta-Mes-Labit-dhe-Noizy-t.jpg","contentUrl":"http:\/\/www.visit-ulcinj.com\/blog\/wp-content\/uploads\/2010\/06\/Genta-Mes-Labit-dhe-Noizy-t.jpg"},{"@type":"WebPage","@id":"https:\/\/www.visit-ulcinj.com\/blog\/2010\/06\/20\/genta-mes-labit-dhe-noizy-t\/#webpage","url":"https:\/\/www.visit-ulcinj.com\/blog\/2010\/06\/20\/genta-mes-labit-dhe-noizy-t\/","name":"Genta Mes Labit dhe Noizy-t - Lajme nga Ulqini","isPartOf":{"@id":"https:\/\/www.visit-ulcinj.com\/blog\/#website"},"primaryImageOfPage":{"@id":"https:\/\/www.visit-ulcinj.com\/blog\/2010\/06\/20\/genta-mes-labit-dhe-noizy-t\/#primaryimage"},"datePublished":"2010-06-20T21:52:50+00:00","dateModified":"2010-06-20T22:30:36+00:00","author":{"@id":"https:\/\/www.visit-ulcinj.com\/blog\/#\/schema\/person\/dcab619c614d3038751c63bc2aadc06d"},"description":"S\u00eb fundmi ajo u shfaq n\u00eb Tiran\u00eb si pjes\u00ebmarr\u00ebse n\u00eb \u201cDancing with the stars Albania\u201d, nd\u00ebrkaq k\u00ebng\u00ebtarja e njohur kosovare Genta Ismajli, aktualisht i","breadcrumb":{"@id":"https:\/\/www.visit-ulcinj.com\/blog\/2010\/06\/20\/genta-mes-labit-dhe-noizy-t\/#breadcrumb"},"inLanguage":"en-US","potentialAction":[{"@type":"ReadAction","target":["https:\/\/www.visit-ulcinj.com\/blog\/2010\/06\/20\/genta-mes-labit-dhe-noizy-t\/"]}]},{"@type":"BreadcrumbList","@id":"https:\/\/www.visit-ulcinj.com\/blog\/2010\/06\/20\/genta-mes-labit-dhe-noizy-t\/#breadcrumb","itemListElement":[{"@type":"ListItem","position":1,"name":"Genta Mes Labit dhe Noizy-t"}]},{"@type":"Person","@id":"https:\/\/www.visit-ulcinj.com\/blog\/#\/schema\/person\/dcab619c614d3038751c63bc2aadc06d","name":"ulqini","sameAs":["http:\/\/www.visit-ulcinj.com"],"url":"https:\/\/www.visit-ulcinj.com\/blog\/author\/admin\/"}]}},"jetpack_featured_media_url":"","jetpack_sharing_enabled":true,"jetpack_shortlink":"https:\/\/wp.me\/pe6lTn-930","_links":{"self":[{"href":"https:\/\/www.visit-ulcinj.com\/blog\/wp-json\/wp\/v2\/posts\/34782"}],"collection":[{"href":"https:\/\/www.visit-ulcinj.com\/blog\/wp-json\/wp\/v2\/posts"}],"about":[{"href":"https:\/\/www.visit-ulcinj.com\/blog\/wp-json\/wp\/v2\/types\/post"}],"author":[{"embeddable":true,"href":"https:\/\/www.visit-ulcinj.com\/blog\/wp-json\/wp\/v2\/users\/1"}],"replies":[{"embeddable":true,"href":"https:\/\/www.visit-ulcinj.com\/blog\/wp-json\/wp\/v2\/comments?post=34782"}],"version-history":[{"count":0,"href":"https:\/\/www.visit-ulcinj.com\/blog\/wp-json\/wp\/v2\/posts\/34782\/revisions"}],"wp:attachment":[{"href":"https:\/\/www.visit-ulcinj.com\/blog\/wp-json\/wp\/v2\/media?parent=34782"}],"wp:term":[{"taxonomy":"category","embeddable":true,"href":"https:\/\/www.visit-ulcinj.com\/blog\/wp-json\/wp\/v2\/categories?post=34782"},{"taxonomy":"post_tag","embeddable":true,"href":"https:\/\/www.visit-ulcinj.com\/blog\/wp-json\/wp\/v2\/tags?post=34782"}],"curies":[{"name":"wp","href":"https:\/\/api.w.org\/{rel}","templated":true}]}}