{"id":34786,"date":"2010-06-21T00:23:48","date_gmt":"2010-06-20T22:23:48","guid":{"rendered":"http:\/\/www.visit-ulcinj.com\/blog\/?p=34786"},"modified":"2010-06-21T00:23:48","modified_gmt":"2010-06-20T22:23:48","slug":"altuna-sejdiu-ne-foto-me-skena-lezbike","status":"publish","type":"post","link":"https:\/\/www.visit-ulcinj.com\/blog\/2010\/06\/21\/altuna-sejdiu-ne-foto-me-skena-lezbike\/","title":{"rendered":"Altuna Sejdiu ne foto me skena lezbike"},"content":{"rendered":"<p><a href=\"http:\/\/www.visit-ulcinj.com\/blog\/wp-content\/uploads\/2010\/06\/Tuna-ne-foto-me-skena-lezbike.jpg\"><img loading=\"lazy\" class=\"alignleft size-full wp-image-34787\" title=\"Tuna ne foto me skena lezbike\" src=\"http:\/\/www.visit-ulcinj.com\/blog\/wp-content\/uploads\/2010\/06\/Tuna-ne-foto-me-skena-lezbike.jpg\" alt=\"Tuna ne foto me skena lezbike\" width=\"396\" height=\"552\" \/><\/a>Shihni foton e meposhtme! A nuk duket si nje skene me femra lezbike?<br \/>\nQe Tuna nuk eshte lezbike kete e dime, sepse tashme eshte e martuar (me nje mashkull sigurisht), por sidoqofte kjo foto tregon dicka tjeter, tregon Tunen me nje femer tjeter ne nje afersi teper te rrezikshme. Me siguri nje fotografi artistike.<br \/>\n<strong><br \/>\nAltuna Sejdiu Biografi<\/strong><\/p>\n<p>Joshese edhe pse servir performancen e nje vajze te forte. Altuna Sejdiu, nga Shkupi, qe njihet ne Shqiperi njesoj si ne Maqedoni e Kosove me emrin Tuna, ka krijuar imazhin skenik te vajzes \u00e7apkene.<br \/>\nU be e njohur me kengen Machomen me te cilen u shpall fituse e festivalit Nota-fest ne Shkup.<br \/>\nEshte bija e sportistit me te njohur ne historine shqiptare, Shaban Sejdiut nga fshati Bllac i SHkupit.<br \/>\nK\u00ebng\u00ebtarja e njohur per disa histori dashurie q\u00eb i ka b\u00ebr\u00eb publike, ka vendosur ti jap fund beqaris\u00eb.<br \/>\nM\u00eb 4 prill 2010 ajo do t\u00eb b\u00ebhet nuse e Rilind Rek\u00ebs, me t\u00eb cilin \u00ebsht\u00eb n\u00eb lidhje dashurie m\u00eb tep\u00ebr se nj\u00eb vit.<br \/>\nT\u00eb p\u00ebrditshme n\u00eb Shkup thon\u00eb se dasma \u00ebsht\u00eb caktuar t\u00eb mbahet m\u00eb 4 prill n\u00eb hotelit elitar \u201c Aleksandar Palas\u201d n\u00eb Shkup. Personi fatlum i cili do t\u00eb jet\u00eb bashk\u00ebshorti i yllit t\u00eb pop muzik\u00ebs \u00ebsht\u00eb djali i ambasadorit t\u00eb Maqedonis\u00eb n\u00eb misionin e BE-s\u00eb n\u00eb Bruksel, Blerim Rek\u00ebs.<\/p>\n<p>Gjatesia: 1.70<br \/>\nPesha: 60<br \/>\nNgjyra e syve: e gjelbert<br \/>\nNgjyra orgjinale e flokeve: bjonde.<\/p>\n<p><strong>Vipat.info<\/p>\n\n<p><\/strong><br \/>\n<!--YouTube Error: bad URL entered--><\/p>\n","protected":false},"excerpt":{"rendered":"<p>Shihni foton e meposhtme! A nuk duket si nje skene me femra lezbike? Qe Tuna nuk eshte lezbike kete e dime, sepse tashme eshte e martuar (me nje mashkull sigurisht), por sidoqofte kjo foto tregon dicka tjeter, tregon Tunen me nje femer tjeter ne nje afersi teper te rrezikshme. Me siguri nje fotografi artistike. Altuna [&hellip;]<\/p>\n","protected":false},"author":1,"featured_media":0,"comment_status":"open","ping_status":"closed","sticky":false,"template":"","format":"standard","meta":{"spay_email":"","jetpack_publicize_message":"","jetpack_is_tweetstorm":false,"jetpack_publicize_feature_enabled":true},"categories":[1],"tags":[4972],"jetpack_publicize_connections":[],"yoast_head":"<!-- This site is optimized with the Yoast SEO plugin v19.1 - https:\/\/yoast.com\/wordpress\/plugins\/seo\/ -->\n<title>Altuna Sejdiu ne foto me skena lezbike - Lajme nga Ulqini<\/title>\n<meta name=\"description\" content=\"Shihni foton e meposhtme! A nuk duket si nje skene me femra lezbike? Qe Tuna nuk eshte lezbike kete e dime, sepse tashme eshte e martuar (me nje mashkull\" \/>\n<meta name=\"robots\" content=\"index, follow, max-snippet:-1, max-image-preview:large, max-video-preview:-1\" \/>\n<link rel=\"canonical\" href=\"https:\/\/www.visit-ulcinj.com\/blog\/2010\/06\/21\/altuna-sejdiu-ne-foto-me-skena-lezbike\/\" \/>\n<meta property=\"og:locale\" content=\"en_US\" \/>\n<meta property=\"og:type\" content=\"article\" \/>\n<meta property=\"og:title\" content=\"Altuna Sejdiu ne foto me skena lezbike - Lajme nga Ulqini\" \/>\n<meta property=\"og:description\" content=\"Shihni foton e meposhtme! A nuk duket si nje skene me femra lezbike? Qe Tuna nuk eshte lezbike kete e dime, sepse tashme eshte e martuar (me nje mashkull\" \/>\n<meta property=\"og:url\" content=\"https:\/\/www.visit-ulcinj.com\/blog\/2010\/06\/21\/altuna-sejdiu-ne-foto-me-skena-lezbike\/\" \/>\n<meta property=\"og:site_name\" content=\"Lajme nga Ulqini\" \/>\n<meta property=\"article:published_time\" content=\"2010-06-20T22:23:48+00:00\" \/>\n<meta property=\"og:image\" content=\"https:\/\/www.visit-ulcinj.com\/blog\/wp-content\/uploads\/2010\/06\/Tuna-ne-foto-me-skena-lezbike-150x150.jpg\" \/>\n<meta name=\"twitter:label1\" content=\"Written by\" \/>\n\t<meta name=\"twitter:data1\" content=\"ulqini\" \/>\n\t<meta name=\"twitter:label2\" content=\"Est. reading time\" \/>\n\t<meta name=\"twitter:data2\" content=\"1 minute\" \/>\n<script type=\"application\/ld+json\" class=\"yoast-schema-graph\">{\"@context\":\"https:\/\/schema.org\",\"@graph\":[{\"@type\":\"WebSite\",\"@id\":\"https:\/\/www.visit-ulcinj.com\/blog\/#website\",\"url\":\"https:\/\/www.visit-ulcinj.com\/blog\/\",\"name\":\"Lajme nga Ulqini\",\"description\":\"Lajme,Vijesti,Ulqini,Ulqin,Crna Gora,Mali i Zi\",\"potentialAction\":[{\"@type\":\"SearchAction\",\"target\":{\"@type\":\"EntryPoint\",\"urlTemplate\":\"https:\/\/www.visit-ulcinj.com\/blog\/?s={search_term_string}\"},\"query-input\":\"required name=search_term_string\"}],\"inLanguage\":\"en-US\"},{\"@type\":\"ImageObject\",\"inLanguage\":\"en-US\",\"@id\":\"https:\/\/www.visit-ulcinj.com\/blog\/2010\/06\/21\/altuna-sejdiu-ne-foto-me-skena-lezbike\/#primaryimage\",\"url\":\"http:\/\/www.visit-ulcinj.com\/blog\/wp-content\/uploads\/2010\/06\/Tuna-ne-foto-me-skena-lezbike.jpg\",\"contentUrl\":\"http:\/\/www.visit-ulcinj.com\/blog\/wp-content\/uploads\/2010\/06\/Tuna-ne-foto-me-skena-lezbike.jpg\"},{\"@type\":\"WebPage\",\"@id\":\"https:\/\/www.visit-ulcinj.com\/blog\/2010\/06\/21\/altuna-sejdiu-ne-foto-me-skena-lezbike\/#webpage\",\"url\":\"https:\/\/www.visit-ulcinj.com\/blog\/2010\/06\/21\/altuna-sejdiu-ne-foto-me-skena-lezbike\/\",\"name\":\"Altuna Sejdiu ne foto me skena lezbike - Lajme nga Ulqini\",\"isPartOf\":{\"@id\":\"https:\/\/www.visit-ulcinj.com\/blog\/#website\"},\"primaryImageOfPage\":{\"@id\":\"https:\/\/www.visit-ulcinj.com\/blog\/2010\/06\/21\/altuna-sejdiu-ne-foto-me-skena-lezbike\/#primaryimage\"},\"datePublished\":\"2010-06-20T22:23:48+00:00\",\"dateModified\":\"2010-06-20T22:23:48+00:00\",\"author\":{\"@id\":\"https:\/\/www.visit-ulcinj.com\/blog\/#\/schema\/person\/dcab619c614d3038751c63bc2aadc06d\"},\"description\":\"Shihni foton e meposhtme! A nuk duket si nje skene me femra lezbike? Qe Tuna nuk eshte lezbike kete e dime, sepse tashme eshte e martuar (me nje mashkull\",\"breadcrumb\":{\"@id\":\"https:\/\/www.visit-ulcinj.com\/blog\/2010\/06\/21\/altuna-sejdiu-ne-foto-me-skena-lezbike\/#breadcrumb\"},\"inLanguage\":\"en-US\",\"potentialAction\":[{\"@type\":\"ReadAction\",\"target\":[\"https:\/\/www.visit-ulcinj.com\/blog\/2010\/06\/21\/altuna-sejdiu-ne-foto-me-skena-lezbike\/\"]}]},{\"@type\":\"BreadcrumbList\",\"@id\":\"https:\/\/www.visit-ulcinj.com\/blog\/2010\/06\/21\/altuna-sejdiu-ne-foto-me-skena-lezbike\/#breadcrumb\",\"itemListElement\":[{\"@type\":\"ListItem\",\"position\":1,\"name\":\"Altuna Sejdiu ne foto me skena lezbike\"}]},{\"@type\":\"Person\",\"@id\":\"https:\/\/www.visit-ulcinj.com\/blog\/#\/schema\/person\/dcab619c614d3038751c63bc2aadc06d\",\"name\":\"ulqini\",\"sameAs\":[\"http:\/\/www.visit-ulcinj.com\"],\"url\":\"https:\/\/www.visit-ulcinj.com\/blog\/author\/admin\/\"}]}<\/script>\n<!-- \/ Yoast SEO plugin. -->","yoast_head_json":{"title":"Altuna Sejdiu ne foto me skena lezbike - Lajme nga Ulqini","description":"Shihni foton e meposhtme! A nuk duket si nje skene me femra lezbike? Qe Tuna nuk eshte lezbike kete e dime, sepse tashme eshte e martuar (me nje mashkull","robots":{"index":"index","follow":"follow","max-snippet":"max-snippet:-1","max-image-preview":"max-image-preview:large","max-video-preview":"max-video-preview:-1"},"canonical":"https:\/\/www.visit-ulcinj.com\/blog\/2010\/06\/21\/altuna-sejdiu-ne-foto-me-skena-lezbike\/","og_locale":"en_US","og_type":"article","og_title":"Altuna Sejdiu ne foto me skena lezbike - Lajme nga Ulqini","og_description":"Shihni foton e meposhtme! A nuk duket si nje skene me femra lezbike? Qe Tuna nuk eshte lezbike kete e dime, sepse tashme eshte e martuar (me nje mashkull","og_url":"https:\/\/www.visit-ulcinj.com\/blog\/2010\/06\/21\/altuna-sejdiu-ne-foto-me-skena-lezbike\/","og_site_name":"Lajme nga Ulqini","article_published_time":"2010-06-20T22:23:48+00:00","og_image":[{"url":"https:\/\/www.visit-ulcinj.com\/blog\/wp-content\/uploads\/2010\/06\/Tuna-ne-foto-me-skena-lezbike-150x150.jpg"}],"twitter_misc":{"Written by":"ulqini","Est. reading time":"1 minute"},"schema":{"@context":"https:\/\/schema.org","@graph":[{"@type":"WebSite","@id":"https:\/\/www.visit-ulcinj.com\/blog\/#website","url":"https:\/\/www.visit-ulcinj.com\/blog\/","name":"Lajme nga Ulqini","description":"Lajme,Vijesti,Ulqini,Ulqin,Crna Gora,Mali i Zi","potentialAction":[{"@type":"SearchAction","target":{"@type":"EntryPoint","urlTemplate":"https:\/\/www.visit-ulcinj.com\/blog\/?s={search_term_string}"},"query-input":"required name=search_term_string"}],"inLanguage":"en-US"},{"@type":"ImageObject","inLanguage":"en-US","@id":"https:\/\/www.visit-ulcinj.com\/blog\/2010\/06\/21\/altuna-sejdiu-ne-foto-me-skena-lezbike\/#primaryimage","url":"http:\/\/www.visit-ulcinj.com\/blog\/wp-content\/uploads\/2010\/06\/Tuna-ne-foto-me-skena-lezbike.jpg","contentUrl":"http:\/\/www.visit-ulcinj.com\/blog\/wp-content\/uploads\/2010\/06\/Tuna-ne-foto-me-skena-lezbike.jpg"},{"@type":"WebPage","@id":"https:\/\/www.visit-ulcinj.com\/blog\/2010\/06\/21\/altuna-sejdiu-ne-foto-me-skena-lezbike\/#webpage","url":"https:\/\/www.visit-ulcinj.com\/blog\/2010\/06\/21\/altuna-sejdiu-ne-foto-me-skena-lezbike\/","name":"Altuna Sejdiu ne foto me skena lezbike - Lajme nga Ulqini","isPartOf":{"@id":"https:\/\/www.visit-ulcinj.com\/blog\/#website"},"primaryImageOfPage":{"@id":"https:\/\/www.visit-ulcinj.com\/blog\/2010\/06\/21\/altuna-sejdiu-ne-foto-me-skena-lezbike\/#primaryimage"},"datePublished":"2010-06-20T22:23:48+00:00","dateModified":"2010-06-20T22:23:48+00:00","author":{"@id":"https:\/\/www.visit-ulcinj.com\/blog\/#\/schema\/person\/dcab619c614d3038751c63bc2aadc06d"},"description":"Shihni foton e meposhtme! A nuk duket si nje skene me femra lezbike? Qe Tuna nuk eshte lezbike kete e dime, sepse tashme eshte e martuar (me nje mashkull","breadcrumb":{"@id":"https:\/\/www.visit-ulcinj.com\/blog\/2010\/06\/21\/altuna-sejdiu-ne-foto-me-skena-lezbike\/#breadcrumb"},"inLanguage":"en-US","potentialAction":[{"@type":"ReadAction","target":["https:\/\/www.visit-ulcinj.com\/blog\/2010\/06\/21\/altuna-sejdiu-ne-foto-me-skena-lezbike\/"]}]},{"@type":"BreadcrumbList","@id":"https:\/\/www.visit-ulcinj.com\/blog\/2010\/06\/21\/altuna-sejdiu-ne-foto-me-skena-lezbike\/#breadcrumb","itemListElement":[{"@type":"ListItem","position":1,"name":"Altuna Sejdiu ne foto me skena lezbike"}]},{"@type":"Person","@id":"https:\/\/www.visit-ulcinj.com\/blog\/#\/schema\/person\/dcab619c614d3038751c63bc2aadc06d","name":"ulqini","sameAs":["http:\/\/www.visit-ulcinj.com"],"url":"https:\/\/www.visit-ulcinj.com\/blog\/author\/admin\/"}]}},"jetpack_featured_media_url":"","jetpack_sharing_enabled":true,"jetpack_shortlink":"https:\/\/wp.me\/pe6lTn-934","_links":{"self":[{"href":"https:\/\/www.visit-ulcinj.com\/blog\/wp-json\/wp\/v2\/posts\/34786"}],"collection":[{"href":"https:\/\/www.visit-ulcinj.com\/blog\/wp-json\/wp\/v2\/posts"}],"about":[{"href":"https:\/\/www.visit-ulcinj.com\/blog\/wp-json\/wp\/v2\/types\/post"}],"author":[{"embeddable":true,"href":"https:\/\/www.visit-ulcinj.com\/blog\/wp-json\/wp\/v2\/users\/1"}],"replies":[{"embeddable":true,"href":"https:\/\/www.visit-ulcinj.com\/blog\/wp-json\/wp\/v2\/comments?post=34786"}],"version-history":[{"count":0,"href":"https:\/\/www.visit-ulcinj.com\/blog\/wp-json\/wp\/v2\/posts\/34786\/revisions"}],"wp:attachment":[{"href":"https:\/\/www.visit-ulcinj.com\/blog\/wp-json\/wp\/v2\/media?parent=34786"}],"wp:term":[{"taxonomy":"category","embeddable":true,"href":"https:\/\/www.visit-ulcinj.com\/blog\/wp-json\/wp\/v2\/categories?post=34786"},{"taxonomy":"post_tag","embeddable":true,"href":"https:\/\/www.visit-ulcinj.com\/blog\/wp-json\/wp\/v2\/tags?post=34786"}],"curies":[{"name":"wp","href":"https:\/\/api.w.org\/{rel}","templated":true}]}}