{"id":34792,"date":"2010-06-21T00:44:05","date_gmt":"2010-06-20T22:44:05","guid":{"rendered":"http:\/\/www.visit-ulcinj.com\/blog\/?p=34792"},"modified":"2010-06-21T00:44:05","modified_gmt":"2010-06-20T22:44:05","slug":"nora-dhe-tuna-poza-dhe-fantazi","status":"publish","type":"post","link":"https:\/\/www.visit-ulcinj.com\/blog\/2010\/06\/21\/nora-dhe-tuna-poza-dhe-fantazi\/","title":{"rendered":"Nora dhe Tuna, poza dhe fantazi"},"content":{"rendered":"<p><a href=\"http:\/\/www.visit-ulcinj.com\/blog\/wp-content\/uploads\/2010\/06\/Nora-dhe-Tuna.2.jpg\"><img loading=\"lazy\" class=\"alignleft size-full wp-image-34793\" title=\"Nora dhe Tuna.2\" src=\"http:\/\/www.visit-ulcinj.com\/blog\/wp-content\/uploads\/2010\/06\/Nora-dhe-Tuna.2.jpg\" alt=\"Nora dhe Tuna.2\" width=\"490\" height=\"340\" \/><\/a>Dihet tashm\u00eb prej vitesh q\u00eb ato jan\u00eb mikesha shum\u00eb t\u00eb ngushta. Madje, madje, thuhet se prej koh\u00ebsh po b\u00ebhet pothuajse e pamundur q\u00eb t\u00eb mos i shikosh bashk\u00eb n\u00eb mbr\u00ebmjet a festat miq\u00ebsore. Dy k\u00ebng\u00ebtaret bukuroshe t\u00eb sken\u00ebs shqiptare, Tuna Sejdiu dhe Nora Istrefi ruajn\u00eb prej vitesh t\u00eb konsoliduar miq\u00ebsin\u00eb e tyre. Dinim q\u00eb ndanin shum\u00eb gj\u00ebra me nj\u00ebra-tjetr\u00ebn, p\u00ebrfshir\u00eb k\u00ebtu sekretet e jet\u00ebs private dhe profesionale, por s\u00eb fundmi na kan\u00eb treguar se edhe \u201cakulloren\u201d e ndajn\u00eb s\u00eb bashku. Fotoja q\u00eb ju sjellim sot n\u00eb \u201cBluetooth\u201d, i paraqet k\u00ebng\u00ebtaret e suksesshme n\u00eb nj\u00eb tjet\u00ebr priz\u00ebm. Interesante, \u00e7apk\u00ebne, si dy mikesha t\u00eb vogla, t\u00eb kombinuara mjaft mir\u00eb me nj\u00ebra-tjetr\u00ebn, ato na shfaqen duke \u201cngr\u00ebn\u00eb\u201d reklam\u00ebn e nj\u00eb dyqani akulloresh\u2026<\/p>\n<p><strong>Bluetooth<br \/>\n<br \/>\n<!--YouTube Error: bad URL entered--><\/strong><\/p>\n","protected":false},"excerpt":{"rendered":"<p>Dihet tashm\u00eb prej vitesh q\u00eb ato jan\u00eb mikesha shum\u00eb t\u00eb ngushta. Madje, madje, thuhet se prej koh\u00ebsh po b\u00ebhet pothuajse e pamundur q\u00eb t\u00eb mos i shikosh bashk\u00eb n\u00eb mbr\u00ebmjet a festat miq\u00ebsore. Dy k\u00ebng\u00ebtaret bukuroshe t\u00eb sken\u00ebs shqiptare, Tuna Sejdiu dhe Nora Istrefi ruajn\u00eb prej vitesh t\u00eb konsoliduar miq\u00ebsin\u00eb e tyre. Dinim q\u00eb ndanin [&hellip;]<\/p>\n","protected":false},"author":1,"featured_media":0,"comment_status":"open","ping_status":"closed","sticky":false,"template":"","format":"standard","meta":{"spay_email":"","jetpack_publicize_message":"","jetpack_is_tweetstorm":false,"jetpack_publicize_feature_enabled":true},"categories":[1],"tags":[4972,4939],"jetpack_publicize_connections":[],"yoast_head":"<!-- This site is optimized with the Yoast SEO plugin v19.1 - https:\/\/yoast.com\/wordpress\/plugins\/seo\/ -->\n<title>Nora dhe Tuna, poza dhe fantazi - Lajme nga Ulqini<\/title>\n<meta name=\"description\" content=\"Dihet tashm\u00eb prej vitesh q\u00eb ato jan\u00eb mikesha shum\u00eb t\u00eb ngushta. Madje, madje, thuhet se prej koh\u00ebsh po b\u00ebhet pothuajse e pamundur q\u00eb t\u00eb mos i shikosh\" \/>\n<meta name=\"robots\" content=\"index, follow, max-snippet:-1, max-image-preview:large, max-video-preview:-1\" \/>\n<link rel=\"canonical\" href=\"https:\/\/www.visit-ulcinj.com\/blog\/2010\/06\/21\/nora-dhe-tuna-poza-dhe-fantazi\/\" \/>\n<meta property=\"og:locale\" content=\"en_US\" \/>\n<meta property=\"og:type\" content=\"article\" \/>\n<meta property=\"og:title\" content=\"Nora dhe Tuna, poza dhe fantazi - Lajme nga Ulqini\" \/>\n<meta property=\"og:description\" content=\"Dihet tashm\u00eb prej vitesh q\u00eb ato jan\u00eb mikesha shum\u00eb t\u00eb ngushta. Madje, madje, thuhet se prej koh\u00ebsh po b\u00ebhet pothuajse e pamundur q\u00eb t\u00eb mos i shikosh\" \/>\n<meta property=\"og:url\" content=\"https:\/\/www.visit-ulcinj.com\/blog\/2010\/06\/21\/nora-dhe-tuna-poza-dhe-fantazi\/\" \/>\n<meta property=\"og:site_name\" content=\"Lajme nga Ulqini\" \/>\n<meta property=\"article:published_time\" content=\"2010-06-20T22:44:05+00:00\" \/>\n<meta property=\"og:image\" content=\"https:\/\/www.visit-ulcinj.com\/blog\/wp-content\/uploads\/2010\/06\/Nora-dhe-Tuna.2-150x150.jpg\" \/>\n<meta name=\"twitter:label1\" content=\"Written by\" \/>\n\t<meta name=\"twitter:data1\" content=\"ulqini\" \/>\n\t<meta name=\"twitter:label2\" content=\"Est. reading time\" \/>\n\t<meta name=\"twitter:data2\" content=\"1 minute\" \/>\n<script type=\"application\/ld+json\" class=\"yoast-schema-graph\">{\"@context\":\"https:\/\/schema.org\",\"@graph\":[{\"@type\":\"WebSite\",\"@id\":\"https:\/\/www.visit-ulcinj.com\/blog\/#website\",\"url\":\"https:\/\/www.visit-ulcinj.com\/blog\/\",\"name\":\"Lajme nga Ulqini\",\"description\":\"Lajme,Vijesti,Ulqini,Ulqin,Crna Gora,Mali i Zi\",\"potentialAction\":[{\"@type\":\"SearchAction\",\"target\":{\"@type\":\"EntryPoint\",\"urlTemplate\":\"https:\/\/www.visit-ulcinj.com\/blog\/?s={search_term_string}\"},\"query-input\":\"required name=search_term_string\"}],\"inLanguage\":\"en-US\"},{\"@type\":\"ImageObject\",\"inLanguage\":\"en-US\",\"@id\":\"https:\/\/www.visit-ulcinj.com\/blog\/2010\/06\/21\/nora-dhe-tuna-poza-dhe-fantazi\/#primaryimage\",\"url\":\"http:\/\/www.visit-ulcinj.com\/blog\/wp-content\/uploads\/2010\/06\/Nora-dhe-Tuna.2.jpg\",\"contentUrl\":\"http:\/\/www.visit-ulcinj.com\/blog\/wp-content\/uploads\/2010\/06\/Nora-dhe-Tuna.2.jpg\"},{\"@type\":\"WebPage\",\"@id\":\"https:\/\/www.visit-ulcinj.com\/blog\/2010\/06\/21\/nora-dhe-tuna-poza-dhe-fantazi\/#webpage\",\"url\":\"https:\/\/www.visit-ulcinj.com\/blog\/2010\/06\/21\/nora-dhe-tuna-poza-dhe-fantazi\/\",\"name\":\"Nora dhe Tuna, poza dhe fantazi - Lajme nga Ulqini\",\"isPartOf\":{\"@id\":\"https:\/\/www.visit-ulcinj.com\/blog\/#website\"},\"primaryImageOfPage\":{\"@id\":\"https:\/\/www.visit-ulcinj.com\/blog\/2010\/06\/21\/nora-dhe-tuna-poza-dhe-fantazi\/#primaryimage\"},\"datePublished\":\"2010-06-20T22:44:05+00:00\",\"dateModified\":\"2010-06-20T22:44:05+00:00\",\"author\":{\"@id\":\"https:\/\/www.visit-ulcinj.com\/blog\/#\/schema\/person\/dcab619c614d3038751c63bc2aadc06d\"},\"description\":\"Dihet tashm\u00eb prej vitesh q\u00eb ato jan\u00eb mikesha shum\u00eb t\u00eb ngushta. Madje, madje, thuhet se prej koh\u00ebsh po b\u00ebhet pothuajse e pamundur q\u00eb t\u00eb mos i shikosh\",\"breadcrumb\":{\"@id\":\"https:\/\/www.visit-ulcinj.com\/blog\/2010\/06\/21\/nora-dhe-tuna-poza-dhe-fantazi\/#breadcrumb\"},\"inLanguage\":\"en-US\",\"potentialAction\":[{\"@type\":\"ReadAction\",\"target\":[\"https:\/\/www.visit-ulcinj.com\/blog\/2010\/06\/21\/nora-dhe-tuna-poza-dhe-fantazi\/\"]}]},{\"@type\":\"BreadcrumbList\",\"@id\":\"https:\/\/www.visit-ulcinj.com\/blog\/2010\/06\/21\/nora-dhe-tuna-poza-dhe-fantazi\/#breadcrumb\",\"itemListElement\":[{\"@type\":\"ListItem\",\"position\":1,\"name\":\"Nora dhe Tuna, poza dhe fantazi\"}]},{\"@type\":\"Person\",\"@id\":\"https:\/\/www.visit-ulcinj.com\/blog\/#\/schema\/person\/dcab619c614d3038751c63bc2aadc06d\",\"name\":\"ulqini\",\"sameAs\":[\"http:\/\/www.visit-ulcinj.com\"],\"url\":\"https:\/\/www.visit-ulcinj.com\/blog\/author\/admin\/\"}]}<\/script>\n<!-- \/ Yoast SEO plugin. -->","yoast_head_json":{"title":"Nora dhe Tuna, poza dhe fantazi - Lajme nga Ulqini","description":"Dihet tashm\u00eb prej vitesh q\u00eb ato jan\u00eb mikesha shum\u00eb t\u00eb ngushta. Madje, madje, thuhet se prej koh\u00ebsh po b\u00ebhet pothuajse e pamundur q\u00eb t\u00eb mos i shikosh","robots":{"index":"index","follow":"follow","max-snippet":"max-snippet:-1","max-image-preview":"max-image-preview:large","max-video-preview":"max-video-preview:-1"},"canonical":"https:\/\/www.visit-ulcinj.com\/blog\/2010\/06\/21\/nora-dhe-tuna-poza-dhe-fantazi\/","og_locale":"en_US","og_type":"article","og_title":"Nora dhe Tuna, poza dhe fantazi - Lajme nga Ulqini","og_description":"Dihet tashm\u00eb prej vitesh q\u00eb ato jan\u00eb mikesha shum\u00eb t\u00eb ngushta. Madje, madje, thuhet se prej koh\u00ebsh po b\u00ebhet pothuajse e pamundur q\u00eb t\u00eb mos i shikosh","og_url":"https:\/\/www.visit-ulcinj.com\/blog\/2010\/06\/21\/nora-dhe-tuna-poza-dhe-fantazi\/","og_site_name":"Lajme nga Ulqini","article_published_time":"2010-06-20T22:44:05+00:00","og_image":[{"url":"https:\/\/www.visit-ulcinj.com\/blog\/wp-content\/uploads\/2010\/06\/Nora-dhe-Tuna.2-150x150.jpg"}],"twitter_misc":{"Written by":"ulqini","Est. reading time":"1 minute"},"schema":{"@context":"https:\/\/schema.org","@graph":[{"@type":"WebSite","@id":"https:\/\/www.visit-ulcinj.com\/blog\/#website","url":"https:\/\/www.visit-ulcinj.com\/blog\/","name":"Lajme nga Ulqini","description":"Lajme,Vijesti,Ulqini,Ulqin,Crna Gora,Mali i Zi","potentialAction":[{"@type":"SearchAction","target":{"@type":"EntryPoint","urlTemplate":"https:\/\/www.visit-ulcinj.com\/blog\/?s={search_term_string}"},"query-input":"required name=search_term_string"}],"inLanguage":"en-US"},{"@type":"ImageObject","inLanguage":"en-US","@id":"https:\/\/www.visit-ulcinj.com\/blog\/2010\/06\/21\/nora-dhe-tuna-poza-dhe-fantazi\/#primaryimage","url":"http:\/\/www.visit-ulcinj.com\/blog\/wp-content\/uploads\/2010\/06\/Nora-dhe-Tuna.2.jpg","contentUrl":"http:\/\/www.visit-ulcinj.com\/blog\/wp-content\/uploads\/2010\/06\/Nora-dhe-Tuna.2.jpg"},{"@type":"WebPage","@id":"https:\/\/www.visit-ulcinj.com\/blog\/2010\/06\/21\/nora-dhe-tuna-poza-dhe-fantazi\/#webpage","url":"https:\/\/www.visit-ulcinj.com\/blog\/2010\/06\/21\/nora-dhe-tuna-poza-dhe-fantazi\/","name":"Nora dhe Tuna, poza dhe fantazi - Lajme nga Ulqini","isPartOf":{"@id":"https:\/\/www.visit-ulcinj.com\/blog\/#website"},"primaryImageOfPage":{"@id":"https:\/\/www.visit-ulcinj.com\/blog\/2010\/06\/21\/nora-dhe-tuna-poza-dhe-fantazi\/#primaryimage"},"datePublished":"2010-06-20T22:44:05+00:00","dateModified":"2010-06-20T22:44:05+00:00","author":{"@id":"https:\/\/www.visit-ulcinj.com\/blog\/#\/schema\/person\/dcab619c614d3038751c63bc2aadc06d"},"description":"Dihet tashm\u00eb prej vitesh q\u00eb ato jan\u00eb mikesha shum\u00eb t\u00eb ngushta. Madje, madje, thuhet se prej koh\u00ebsh po b\u00ebhet pothuajse e pamundur q\u00eb t\u00eb mos i shikosh","breadcrumb":{"@id":"https:\/\/www.visit-ulcinj.com\/blog\/2010\/06\/21\/nora-dhe-tuna-poza-dhe-fantazi\/#breadcrumb"},"inLanguage":"en-US","potentialAction":[{"@type":"ReadAction","target":["https:\/\/www.visit-ulcinj.com\/blog\/2010\/06\/21\/nora-dhe-tuna-poza-dhe-fantazi\/"]}]},{"@type":"BreadcrumbList","@id":"https:\/\/www.visit-ulcinj.com\/blog\/2010\/06\/21\/nora-dhe-tuna-poza-dhe-fantazi\/#breadcrumb","itemListElement":[{"@type":"ListItem","position":1,"name":"Nora dhe Tuna, poza dhe fantazi"}]},{"@type":"Person","@id":"https:\/\/www.visit-ulcinj.com\/blog\/#\/schema\/person\/dcab619c614d3038751c63bc2aadc06d","name":"ulqini","sameAs":["http:\/\/www.visit-ulcinj.com"],"url":"https:\/\/www.visit-ulcinj.com\/blog\/author\/admin\/"}]}},"jetpack_featured_media_url":"","jetpack_sharing_enabled":true,"jetpack_shortlink":"https:\/\/wp.me\/pe6lTn-93a","_links":{"self":[{"href":"https:\/\/www.visit-ulcinj.com\/blog\/wp-json\/wp\/v2\/posts\/34792"}],"collection":[{"href":"https:\/\/www.visit-ulcinj.com\/blog\/wp-json\/wp\/v2\/posts"}],"about":[{"href":"https:\/\/www.visit-ulcinj.com\/blog\/wp-json\/wp\/v2\/types\/post"}],"author":[{"embeddable":true,"href":"https:\/\/www.visit-ulcinj.com\/blog\/wp-json\/wp\/v2\/users\/1"}],"replies":[{"embeddable":true,"href":"https:\/\/www.visit-ulcinj.com\/blog\/wp-json\/wp\/v2\/comments?post=34792"}],"version-history":[{"count":0,"href":"https:\/\/www.visit-ulcinj.com\/blog\/wp-json\/wp\/v2\/posts\/34792\/revisions"}],"wp:attachment":[{"href":"https:\/\/www.visit-ulcinj.com\/blog\/wp-json\/wp\/v2\/media?parent=34792"}],"wp:term":[{"taxonomy":"category","embeddable":true,"href":"https:\/\/www.visit-ulcinj.com\/blog\/wp-json\/wp\/v2\/categories?post=34792"},{"taxonomy":"post_tag","embeddable":true,"href":"https:\/\/www.visit-ulcinj.com\/blog\/wp-json\/wp\/v2\/tags?post=34792"}],"curies":[{"name":"wp","href":"https:\/\/api.w.org\/{rel}","templated":true}]}}