{"id":34811,"date":"2010-06-21T02:07:42","date_gmt":"2010-06-21T00:07:42","guid":{"rendered":"http:\/\/www.visit-ulcinj.com\/blog\/?p=34811"},"modified":"2010-06-21T02:07:42","modified_gmt":"2010-06-21T00:07:42","slug":"ulcinj-plaze-za-primjer-ali-gostiju-manje","status":"publish","type":"post","link":"https:\/\/www.visit-ulcinj.com\/blog\/2010\/06\/21\/ulcinj-plaze-za-primjer-ali-gostiju-manje\/","title":{"rendered":"Ulcinj: Pla\u017ee za primjer ali gostiju manje"},"content":{"rendered":"<p><a href=\"http:\/\/www.visit-ulcinj.com\/blog\/wp-content\/uploads\/2010\/06\/velika-plaza-ulcinj.jpg\"><img loading=\"lazy\" class=\"alignleft size-full wp-image-34812\" title=\"velika plaza ulcinj\" src=\"http:\/\/www.visit-ulcinj.com\/blog\/wp-content\/uploads\/2010\/06\/velika-plaza-ulcinj.jpg\" alt=\"velika plaza ulcinj\" width=\"490\" height=\"390\" \/><\/a>Po?etak turisti?ke sezone u Ulcinju je evidentno lo\u0161iji od proteklih godina. U gradu trenutno boravi i do 30 odsto manje gostiju u odnosu na 2009. i 2008. godinu, saop\u0161teno je na sastanku Turisti?ke privrede grada koji je odr\u017ean u organizaciji Ulcinj biznis asocijacije, a prenosi Dan.<br \/>\nTema sastanka bila je &#8220;Analiza po?etka turisti?ke sezone 2010. godine&#8221;, a prezentovani su uporedni statisti?ki podaci o broju no?enja turista, koji su pokazali stagnaciju posjete.<br \/>\nOcijenjeno je da je turisti?ki proizvod Ulcinja na veoma lo\u0161em nivou, \u201eosim pla\u017ea koje predstavljaju dobar primjer, ne samo u Crnoj Gori nego i \u0161ire&#8221;.<br \/>\nU?esnici su konstatovali da su dosada\u0161nji poslovni rezultati slabiji u odnosu na isti period pro\u0161le godine, i predlo\u017eili nadle\u017enim op\u0161tinskim organima da hitno zaustave gra?evinske radove i buku sa kojom se gosti u Ulcinju svakodnevno suo?avaju. Kao najve?i problemi, i ove sezone identifikovani su: nedostatak parking prostora, mini deponije sme?a, pojava pasa i ma?ki lutalica, stoka na putu &#8230;<\/p>\n<p>Izra\u017eeno je \u017ealjenje \u0161to hotel &#8220;Otrant&#8221; ove godine ne?e biti otvoren, jer je jedini ve?i hotel u Ulcinju koji ima ?etiri zvjezdice. Predlo\u017eeno je da se postoje?i privatni kapaciteti maksimalno urede dok se ne izgrade novi hoteli. Ocijenjeno je da se turisti na granici sa Albanijom dugo zadr\u017eavaju, te da se mora omogu?iti \u0161to br\u017ei prolaz na grani?nim prelazima u Crnu Goru.<\/p>\n<p>Pojedini privrednici saop\u0161tili su da su u zemljama regiona organizovali sopstvenu kampanju, te postoji veliko interesovanje za ulcinjsku rivijeru, me?utim, konstatovali su da je Ulcinj dosta slabo predstavljen za razliku od pojedinih konkurenata, primorskih gradova iz Albanije.<br \/>\nJedna od ta?aka rasprave bila je i evidencija turista koji borave u Ulcinju. Turisti?ki radnici smatraju da bi trebalo da bude mnogo kvalitetnija, jer bi se sprije?ile negativne pojave koje sa sobom donosi masovni turizam. Osim ?lanova UBA, privrednika, vlasnika ugostiteljskih objekata i privatnog smje\u0161taja, sastanku su prisustvovali Sekretar za privredu i ekonomski razvoj op\u0161tine Vaso Radovi?, i rukovodilac Ispostave policije Rudolf Elezovi?.<\/p>\n<p><strong>DAN<br \/>\n\n\t\t<style type=\"text\/css\">\n\t\t\t#gallery-1 {\n\t\t\t\tmargin: auto;\n\t\t\t}\n\t\t\t#gallery-1 .gallery-item {\n\t\t\t\tfloat: left;\n\t\t\t\tmargin-top: 10px;\n\t\t\t\ttext-align: center;\n\t\t\t\twidth: 33%;\n\t\t\t}\n\t\t\t#gallery-1 img {\n\t\t\t\tborder: 2px solid #cfcfcf;\n\t\t\t}\n\t\t\t#gallery-1 .gallery-caption {\n\t\t\t\tmargin-left: 0;\n\t\t\t}\n\t\t\t\/* see gallery_shortcode() in wp-includes\/media.php *\/\n\t\t<\/style>\n\t\t<div id='gallery-1' class='gallery galleryid-34811 gallery-columns-3 gallery-size-thumbnail'><dl class='gallery-item'>\n\t\t\t<dt class='gallery-icon landscape'>\n\t\t\t\t<a href='https:\/\/www.visit-ulcinj.com\/blog\/wp-content\/uploads\/2010\/06\/velika-plaza-ulcinj.jpg'><img width=\"150\" height=\"150\" src=\"https:\/\/www.visit-ulcinj.com\/blog\/wp-content\/uploads\/2010\/06\/velika-plaza-ulcinj-150x150.jpg\" class=\"attachment-thumbnail size-thumbnail\" alt=\"\" loading=\"lazy\" \/><\/a>\n\t\t\t<\/dt><\/dl><dl class='gallery-item'>\n\t\t\t<dt class='gallery-icon landscape'>\n\t\t\t\t<a href='https:\/\/www.visit-ulcinj.com\/blog\/wp-content\/uploads\/2010\/06\/velika-plaza-ulcinj.1.jpg'><img width=\"150\" height=\"150\" src=\"https:\/\/www.visit-ulcinj.com\/blog\/wp-content\/uploads\/2010\/06\/velika-plaza-ulcinj.1-150x150.jpg\" class=\"attachment-thumbnail size-thumbnail\" alt=\"\" loading=\"lazy\" \/><\/a>\n\t\t\t<\/dt><\/dl><dl class='gallery-item'>\n\t\t\t<dt class='gallery-icon landscape'>\n\t\t\t\t<a href='https:\/\/www.visit-ulcinj.com\/blog\/wp-content\/uploads\/2010\/06\/velika-plaza-ulcinj.2.jpg'><img width=\"150\" height=\"150\" src=\"https:\/\/www.visit-ulcinj.com\/blog\/wp-content\/uploads\/2010\/06\/velika-plaza-ulcinj.2-150x150.jpg\" class=\"attachment-thumbnail size-thumbnail\" alt=\"\" loading=\"lazy\" \/><\/a>\n\t\t\t<\/dt><\/dl><br style=\"clear: both\" \/><dl class='gallery-item'>\n\t\t\t<dt class='gallery-icon landscape'>\n\t\t\t\t<a href='https:\/\/www.visit-ulcinj.com\/blog\/wp-content\/uploads\/2010\/06\/velika-plaza-ulcinj.3.jpg'><img width=\"150\" height=\"150\" src=\"https:\/\/www.visit-ulcinj.com\/blog\/wp-content\/uploads\/2010\/06\/velika-plaza-ulcinj.3-150x150.jpg\" class=\"attachment-thumbnail size-thumbnail\" alt=\"\" loading=\"lazy\" \/><\/a>\n\t\t\t<\/dt><\/dl><dl class='gallery-item'>\n\t\t\t<dt class='gallery-icon landscape'>\n\t\t\t\t<a href='https:\/\/www.visit-ulcinj.com\/blog\/wp-content\/uploads\/2010\/06\/velika-plaza-ulcinj.4_picnik.jpg'><img width=\"150\" height=\"150\" src=\"https:\/\/www.visit-ulcinj.com\/blog\/wp-content\/uploads\/2010\/06\/velika-plaza-ulcinj.4_picnik-150x150.jpg\" class=\"attachment-thumbnail size-thumbnail\" alt=\"\" loading=\"lazy\" \/><\/a>\n\t\t\t<\/dt><\/dl><dl class='gallery-item'>\n\t\t\t<dt class='gallery-icon landscape'>\n\t\t\t\t<a href='https:\/\/www.visit-ulcinj.com\/blog\/wp-content\/uploads\/2010\/06\/velika-plaza-ulcinj.5.jpg'><img width=\"150\" height=\"150\" src=\"https:\/\/www.visit-ulcinj.com\/blog\/wp-content\/uploads\/2010\/06\/velika-plaza-ulcinj.5-150x150.jpg\" class=\"attachment-thumbnail size-thumbnail\" alt=\"\" loading=\"lazy\" \/><\/a>\n\t\t\t<\/dt><\/dl><br style=\"clear: both\" \/>\n\t\t<\/div>\n<br \/>\n<!--YouTube Error: bad URL entered--><\/strong><\/p>\n","protected":false},"excerpt":{"rendered":"<p>Po?etak turisti?ke sezone u Ulcinju je evidentno lo\u0161iji od proteklih godina. U gradu trenutno boravi i do 30 odsto manje gostiju u odnosu na 2009. i 2008. godinu, saop\u0161teno je na sastanku Turisti?ke privrede grada koji je odr\u017ean u organizaciji Ulcinj biznis asocijacije, a prenosi Dan. Tema sastanka bila je &#8220;Analiza po?etka turisti?ke sezone 2010. [&hellip;]<\/p>\n","protected":false},"author":1,"featured_media":0,"comment_status":"open","ping_status":"closed","sticky":false,"template":"","format":"standard","meta":{"spay_email":"","jetpack_publicize_message":"","jetpack_is_tweetstorm":false,"jetpack_publicize_feature_enabled":true},"categories":[8337],"tags":[20,19,2494],"jetpack_publicize_connections":[],"yoast_head":"<!-- This site is optimized with the Yoast SEO plugin v19.1 - https:\/\/yoast.com\/wordpress\/plugins\/seo\/ -->\n<title>Ulcinj: Pla\u017ee za primjer ali gostiju manje - Lajme nga Ulqini<\/title>\n<meta name=\"description\" content=\"Po?etak turisti?ke sezone u Ulcinju je evidentno lo\u0161iji od proteklih godina. U gradu trenutno boravi i do 30 odsto manje gostiju u odnosu na 2009. i 2008.\" \/>\n<meta name=\"robots\" content=\"index, follow, max-snippet:-1, max-image-preview:large, max-video-preview:-1\" \/>\n<link rel=\"canonical\" href=\"https:\/\/www.visit-ulcinj.com\/blog\/2010\/06\/21\/ulcinj-plaze-za-primjer-ali-gostiju-manje\/\" \/>\n<meta property=\"og:locale\" content=\"en_US\" \/>\n<meta property=\"og:type\" content=\"article\" \/>\n<meta property=\"og:title\" content=\"Ulcinj: Pla\u017ee za primjer ali gostiju manje - Lajme nga Ulqini\" \/>\n<meta property=\"og:description\" content=\"Po?etak turisti?ke sezone u Ulcinju je evidentno lo\u0161iji od proteklih godina. U gradu trenutno boravi i do 30 odsto manje gostiju u odnosu na 2009. i 2008.\" \/>\n<meta property=\"og:url\" content=\"https:\/\/www.visit-ulcinj.com\/blog\/2010\/06\/21\/ulcinj-plaze-za-primjer-ali-gostiju-manje\/\" \/>\n<meta property=\"og:site_name\" content=\"Lajme nga Ulqini\" \/>\n<meta property=\"article:published_time\" content=\"2010-06-21T00:07:42+00:00\" \/>\n<meta property=\"og:image\" content=\"https:\/\/www.visit-ulcinj.com\/blog\/wp-content\/uploads\/2010\/06\/velika-plaza-ulcinj-150x150.jpg\" \/>\n<meta name=\"twitter:label1\" content=\"Written by\" \/>\n\t<meta name=\"twitter:data1\" content=\"ulqini\" \/>\n\t<meta name=\"twitter:label2\" content=\"Est. reading time\" \/>\n\t<meta name=\"twitter:data2\" content=\"2 minutes\" \/>\n<script type=\"application\/ld+json\" class=\"yoast-schema-graph\">{\"@context\":\"https:\/\/schema.org\",\"@graph\":[{\"@type\":\"WebSite\",\"@id\":\"https:\/\/www.visit-ulcinj.com\/blog\/#website\",\"url\":\"https:\/\/www.visit-ulcinj.com\/blog\/\",\"name\":\"Lajme nga Ulqini\",\"description\":\"Lajme,Vijesti,Ulqini,Ulqin,Crna Gora,Mali i Zi\",\"potentialAction\":[{\"@type\":\"SearchAction\",\"target\":{\"@type\":\"EntryPoint\",\"urlTemplate\":\"https:\/\/www.visit-ulcinj.com\/blog\/?s={search_term_string}\"},\"query-input\":\"required name=search_term_string\"}],\"inLanguage\":\"en-US\"},{\"@type\":\"ImageObject\",\"inLanguage\":\"en-US\",\"@id\":\"https:\/\/www.visit-ulcinj.com\/blog\/2010\/06\/21\/ulcinj-plaze-za-primjer-ali-gostiju-manje\/#primaryimage\",\"url\":\"https:\/\/www.visit-ulcinj.com\/blog\/wp-content\/uploads\/2010\/06\/velika-plaza-ulcinj.jpg\",\"contentUrl\":\"https:\/\/www.visit-ulcinj.com\/blog\/wp-content\/uploads\/2010\/06\/velika-plaza-ulcinj.jpg\",\"width\":\"761\",\"height\":\"571\"},{\"@type\":\"WebPage\",\"@id\":\"https:\/\/www.visit-ulcinj.com\/blog\/2010\/06\/21\/ulcinj-plaze-za-primjer-ali-gostiju-manje\/#webpage\",\"url\":\"https:\/\/www.visit-ulcinj.com\/blog\/2010\/06\/21\/ulcinj-plaze-za-primjer-ali-gostiju-manje\/\",\"name\":\"Ulcinj: Pla\u017ee za primjer ali gostiju manje - Lajme nga Ulqini\",\"isPartOf\":{\"@id\":\"https:\/\/www.visit-ulcinj.com\/blog\/#website\"},\"primaryImageOfPage\":{\"@id\":\"https:\/\/www.visit-ulcinj.com\/blog\/2010\/06\/21\/ulcinj-plaze-za-primjer-ali-gostiju-manje\/#primaryimage\"},\"datePublished\":\"2010-06-21T00:07:42+00:00\",\"dateModified\":\"2010-06-21T00:07:42+00:00\",\"author\":{\"@id\":\"https:\/\/www.visit-ulcinj.com\/blog\/#\/schema\/person\/dcab619c614d3038751c63bc2aadc06d\"},\"description\":\"Po?etak turisti?ke sezone u Ulcinju je evidentno lo\u0161iji od proteklih godina. U gradu trenutno boravi i do 30 odsto manje gostiju u odnosu na 2009. i 2008.\",\"breadcrumb\":{\"@id\":\"https:\/\/www.visit-ulcinj.com\/blog\/2010\/06\/21\/ulcinj-plaze-za-primjer-ali-gostiju-manje\/#breadcrumb\"},\"inLanguage\":\"en-US\",\"potentialAction\":[{\"@type\":\"ReadAction\",\"target\":[\"https:\/\/www.visit-ulcinj.com\/blog\/2010\/06\/21\/ulcinj-plaze-za-primjer-ali-gostiju-manje\/\"]}]},{\"@type\":\"BreadcrumbList\",\"@id\":\"https:\/\/www.visit-ulcinj.com\/blog\/2010\/06\/21\/ulcinj-plaze-za-primjer-ali-gostiju-manje\/#breadcrumb\",\"itemListElement\":[{\"@type\":\"ListItem\",\"position\":1,\"name\":\"Ulcinj: Pla\u017ee za primjer ali gostiju manje\"}]},{\"@type\":\"Person\",\"@id\":\"https:\/\/www.visit-ulcinj.com\/blog\/#\/schema\/person\/dcab619c614d3038751c63bc2aadc06d\",\"name\":\"ulqini\",\"sameAs\":[\"http:\/\/www.visit-ulcinj.com\"],\"url\":\"https:\/\/www.visit-ulcinj.com\/blog\/author\/admin\/\"}]}<\/script>\n<!-- \/ Yoast SEO plugin. -->","yoast_head_json":{"title":"Ulcinj: Pla\u017ee za primjer ali gostiju manje - Lajme nga Ulqini","description":"Po?etak turisti?ke sezone u Ulcinju je evidentno lo\u0161iji od proteklih godina. U gradu trenutno boravi i do 30 odsto manje gostiju u odnosu na 2009. i 2008.","robots":{"index":"index","follow":"follow","max-snippet":"max-snippet:-1","max-image-preview":"max-image-preview:large","max-video-preview":"max-video-preview:-1"},"canonical":"https:\/\/www.visit-ulcinj.com\/blog\/2010\/06\/21\/ulcinj-plaze-za-primjer-ali-gostiju-manje\/","og_locale":"en_US","og_type":"article","og_title":"Ulcinj: Pla\u017ee za primjer ali gostiju manje - Lajme nga Ulqini","og_description":"Po?etak turisti?ke sezone u Ulcinju je evidentno lo\u0161iji od proteklih godina. U gradu trenutno boravi i do 30 odsto manje gostiju u odnosu na 2009. i 2008.","og_url":"https:\/\/www.visit-ulcinj.com\/blog\/2010\/06\/21\/ulcinj-plaze-za-primjer-ali-gostiju-manje\/","og_site_name":"Lajme nga Ulqini","article_published_time":"2010-06-21T00:07:42+00:00","og_image":[{"url":"https:\/\/www.visit-ulcinj.com\/blog\/wp-content\/uploads\/2010\/06\/velika-plaza-ulcinj-150x150.jpg"}],"twitter_misc":{"Written by":"ulqini","Est. reading time":"2 minutes"},"schema":{"@context":"https:\/\/schema.org","@graph":[{"@type":"WebSite","@id":"https:\/\/www.visit-ulcinj.com\/blog\/#website","url":"https:\/\/www.visit-ulcinj.com\/blog\/","name":"Lajme nga Ulqini","description":"Lajme,Vijesti,Ulqini,Ulqin,Crna Gora,Mali i Zi","potentialAction":[{"@type":"SearchAction","target":{"@type":"EntryPoint","urlTemplate":"https:\/\/www.visit-ulcinj.com\/blog\/?s={search_term_string}"},"query-input":"required name=search_term_string"}],"inLanguage":"en-US"},{"@type":"ImageObject","inLanguage":"en-US","@id":"https:\/\/www.visit-ulcinj.com\/blog\/2010\/06\/21\/ulcinj-plaze-za-primjer-ali-gostiju-manje\/#primaryimage","url":"https:\/\/www.visit-ulcinj.com\/blog\/wp-content\/uploads\/2010\/06\/velika-plaza-ulcinj.jpg","contentUrl":"https:\/\/www.visit-ulcinj.com\/blog\/wp-content\/uploads\/2010\/06\/velika-plaza-ulcinj.jpg","width":"761","height":"571"},{"@type":"WebPage","@id":"https:\/\/www.visit-ulcinj.com\/blog\/2010\/06\/21\/ulcinj-plaze-za-primjer-ali-gostiju-manje\/#webpage","url":"https:\/\/www.visit-ulcinj.com\/blog\/2010\/06\/21\/ulcinj-plaze-za-primjer-ali-gostiju-manje\/","name":"Ulcinj: Pla\u017ee za primjer ali gostiju manje - Lajme nga Ulqini","isPartOf":{"@id":"https:\/\/www.visit-ulcinj.com\/blog\/#website"},"primaryImageOfPage":{"@id":"https:\/\/www.visit-ulcinj.com\/blog\/2010\/06\/21\/ulcinj-plaze-za-primjer-ali-gostiju-manje\/#primaryimage"},"datePublished":"2010-06-21T00:07:42+00:00","dateModified":"2010-06-21T00:07:42+00:00","author":{"@id":"https:\/\/www.visit-ulcinj.com\/blog\/#\/schema\/person\/dcab619c614d3038751c63bc2aadc06d"},"description":"Po?etak turisti?ke sezone u Ulcinju je evidentno lo\u0161iji od proteklih godina. U gradu trenutno boravi i do 30 odsto manje gostiju u odnosu na 2009. i 2008.","breadcrumb":{"@id":"https:\/\/www.visit-ulcinj.com\/blog\/2010\/06\/21\/ulcinj-plaze-za-primjer-ali-gostiju-manje\/#breadcrumb"},"inLanguage":"en-US","potentialAction":[{"@type":"ReadAction","target":["https:\/\/www.visit-ulcinj.com\/blog\/2010\/06\/21\/ulcinj-plaze-za-primjer-ali-gostiju-manje\/"]}]},{"@type":"BreadcrumbList","@id":"https:\/\/www.visit-ulcinj.com\/blog\/2010\/06\/21\/ulcinj-plaze-za-primjer-ali-gostiju-manje\/#breadcrumb","itemListElement":[{"@type":"ListItem","position":1,"name":"Ulcinj: Pla\u017ee za primjer ali gostiju manje"}]},{"@type":"Person","@id":"https:\/\/www.visit-ulcinj.com\/blog\/#\/schema\/person\/dcab619c614d3038751c63bc2aadc06d","name":"ulqini","sameAs":["http:\/\/www.visit-ulcinj.com"],"url":"https:\/\/www.visit-ulcinj.com\/blog\/author\/admin\/"}]}},"jetpack_featured_media_url":"","jetpack_sharing_enabled":true,"jetpack_shortlink":"https:\/\/wp.me\/pe6lTn-93t","_links":{"self":[{"href":"https:\/\/www.visit-ulcinj.com\/blog\/wp-json\/wp\/v2\/posts\/34811"}],"collection":[{"href":"https:\/\/www.visit-ulcinj.com\/blog\/wp-json\/wp\/v2\/posts"}],"about":[{"href":"https:\/\/www.visit-ulcinj.com\/blog\/wp-json\/wp\/v2\/types\/post"}],"author":[{"embeddable":true,"href":"https:\/\/www.visit-ulcinj.com\/blog\/wp-json\/wp\/v2\/users\/1"}],"replies":[{"embeddable":true,"href":"https:\/\/www.visit-ulcinj.com\/blog\/wp-json\/wp\/v2\/comments?post=34811"}],"version-history":[{"count":0,"href":"https:\/\/www.visit-ulcinj.com\/blog\/wp-json\/wp\/v2\/posts\/34811\/revisions"}],"wp:attachment":[{"href":"https:\/\/www.visit-ulcinj.com\/blog\/wp-json\/wp\/v2\/media?parent=34811"}],"wp:term":[{"taxonomy":"category","embeddable":true,"href":"https:\/\/www.visit-ulcinj.com\/blog\/wp-json\/wp\/v2\/categories?post=34811"},{"taxonomy":"post_tag","embeddable":true,"href":"https:\/\/www.visit-ulcinj.com\/blog\/wp-json\/wp\/v2\/tags?post=34811"}],"curies":[{"name":"wp","href":"https:\/\/api.w.org\/{rel}","templated":true}]}}