{"id":3484,"date":"2008-09-21T08:37:56","date_gmt":"2008-09-21T13:37:56","guid":{"rendered":"http:\/\/www.visit-ulcinj.com\/blog\/?p=3484"},"modified":"2008-10-17T14:31:03","modified_gmt":"2008-10-17T19:31:03","slug":"kalaja-e-ulqinit-te-kycet-ne-unesco","status":"publish","type":"post","link":"https:\/\/www.visit-ulcinj.com\/blog\/2008\/09\/21\/kalaja-e-ulqinit-te-kycet-ne-unesco\/","title":{"rendered":"Kalaja e Ulqinit t\u00eb ky\u00e7et n\u00eb Unesco"},"content":{"rendered":"<p><a href=\"http:\/\/www.visit-ulcinj.com\/blog\/wp-content\/uploads\/2008\/05\/kalaja-legjende-dhe-art.jpg\"><img loading=\"lazy\" class=\"alignleft\" title=\"Kalaja e ulqinit t\u00eb ky\u00e7et n\u00eb unesco \" src=\"http:\/\/www.visit-ulcinj.com\/blog\/wp-content\/uploads\/2008\/05\/kalaja-legjende-dhe-art.jpg\" alt=\"\" width=\"243\" height=\"360\" \/><\/a>Si p\u00ebrmendore kulturore-historike e kategoris\u00eb s\u00eb par\u00eb, si vendbanim i banor\u00ebve t\u00eb cil\u00ebt gjat\u00eb historis\u00eb 2500 vje\u00e7are, kurr\u00eb nuk e l\u00ebshuan k\u00ebt\u00eb k\u00ebshtjell\u00eb madh\u00ebshtore, Kalaja k\u00ebrkon nj\u00eb trajtim m\u00eb human prej shoq\u00ebris\u00eb, e posa\u00e7\u00ebrisht prej atyre q\u00eb jan\u00eb n\u00eb pushtet.N\u00eb em\u00ebr t\u00eb atyre t\u00eb cil\u00ebt jetojn\u00eb k\u00ebtu, por edhe n\u00eb em\u00ebr t\u00eb mij\u00ebra mysafir\u00ebve nga vendi dhe nga bota t\u00eb cil\u00ebt gjat\u00eb vitit e vizitojn\u00eb Kalan\u00eb, shoqata k\u00ebrkon me t\u00eb drejt\u00eb t\u00eb fillohen m\u00eb n\u00eb fund investimet p\u00ebr p\u00ebrmir\u00ebsimin e jet\u00ebs s\u00eb banor\u00ebve t\u00eb saj. Secili gur, secili qemer mund t\u00eb flas\u00eb p\u00ebr nj\u00eb histori t\u00eb bujshme t\u00eb k\u00ebtij monumenti t\u00eb kultur\u00ebs son\u00eb.Besoj se nuk ka nevoj\u00eb t\u00eb p\u00ebrkujtojm\u00eb njer\u00ebzit e famsh\u00ebm q\u00eb, secili prej tyre n\u00eb koh\u00ebn kur jetuan, dhan\u00eb kontribut p\u00ebr t\u2019ia ngritur fam\u00ebn dhe z\u00ebrin q\u00eb ajo sot e mban, si k\u00ebshtjella m\u00eb e lasht\u00eb n\u00eb bregun e Adriatikut.Edhe sot \u00ebsht\u00eb frym\u00ebzim p\u00ebr banor\u00ebt e saj, t\u00eb cil\u00ebt me krenari veten e quajn\u00eb &#8211; kalali, por edhe p\u00ebr kalimtar\u00eb t\u00eb ndrysh\u00ebm, q\u00eb shkruajn\u00eb dhe inspirohen me k\u00ebt\u00eb bukuri magjike, e cila rrall\u00eb mund t\u00eb haset n\u00eb bot\u00eb. K\u00ebta banor\u00eb e kan\u00eb ruajtur identitetin, kultur\u00ebn, gjuh\u00ebn dhe tradit\u00ebn gjat\u00eb historis\u00eb, duke i mbajtur gjithmon\u00eb portat e hapura. Edhe n\u00eb koh\u00ebn e fundit pas t\u00ebrmetit t\u00eb vitit 1979, banor\u00ebt e saj nuk lejuan t\u00eb mbyllen portat,pavar\u00ebsisht se pushteti i asaj kohe mundohej t\u2019i mbyll.<br \/>\nDuhet t\u00eb p\u00ebrmendet me respekt t\u00eb merituar i ndjeri Jakup Nimanbegu, q\u00eb me Ismail Bushatin nuk e lejuan pushtetin e asaj kohe, q\u00eb t\u2019i largoj\u00eb banor\u00ebt nga Kalaja.K\u00ebshtu, pra, portat e saj jan\u00eb dhe do t\u00eb mbeten gjithmon\u00eb t\u00eb hapura.<a href=\"http:\/\/www.visit-ulcinj.com\/blog\/wp-content\/uploads\/2008\/09\/stari-grad-ulcinj.jpg\"><img loading=\"lazy\" class=\"alignright size-medium wp-image-3485\" title=\"stari-grad-ulcinj\" src=\"http:\/\/www.visit-ulcinj.com\/blog\/wp-content\/uploads\/2008\/09\/stari-grad-ulcinj.jpg\" alt=\"\" width=\"203\" height=\"145\" \/><\/a><br \/>\nShoqata \u201cKalaja\u201d si shoqat\u00eb multietnike, shum\u00ebkonfesionale,me q\u00ebndrim kosmopolit, \u00ebsht\u00eb shoqat\u00eb joqeveritare n\u00eb kuptimin e v\u00ebrtet\u00eb t\u00eb fjal\u00ebs. Q\u00eb nga themelimi kjo shoqat\u00eb p\u00ebrpiqet t\u2019u zgjoj\u00eb nd\u00ebrgjegjen organeve kompetente t\u00eb Komun\u00ebs, si dhe atyre t\u00eb Republik\u00ebs,q\u00eb Kalas\u00eb t\u2019i kushtojn\u00eb kujdesin q\u00eb ajo e meriton.Kalaja \u00ebsht\u00eb pron\u00eb e shoq\u00ebris\u00eb s\u00eb gjer\u00eb, mir\u00ebpo banor\u00ebt e saj ndiejn\u00eb p\u00ebrgjegj\u00ebsin\u00eb m\u00eb t\u00eb madhe p\u00ebr ruajtjen dhe mir\u00ebmbajtjen e saj, sepse jetojn\u00eb aty. An\u00ebtar\u00ebt e shoqat\u00ebs, kudo q\u00eb jan\u00eb, synojn\u00eb kthimin e shk\u00eblqimit t\u00eb cilin Kalaja e kishte gjat\u00eb shekujve. Ata d\u00ebshirojn\u00eb q\u00eb ajo t\u00eb ruhet, t\u00eb restaurohet dhe t\u00eb revitalizohet si t\u00eb gjitha qytetet e vjetra t\u00eb Adriatikut dhe n\u00eb fund edhe t\u00eb kandidohet e t\u00eb ky\u00e7et n\u00eb familjen bot\u00ebrore t\u00eb UNESCO-s si vler\u00eb universale p\u00ebr t\u00ebr\u00eb njer\u00ebzimin.Pushteti lokal q\u00eb i ka ingerencat, mjetet, m\u00eb n\u00eb fund duhet t\u00eb punoj\u00eb p\u00ebr p\u00ebrmir\u00ebsimin e kushteve t\u00eb jetes\u00ebs s\u00eb banor\u00ebve t\u00eb Kalas\u00eb.<br \/>\n<a href=\"http:\/\/www.visit-ulcinj.com\/blog\/wp-content\/uploads\/2008\/09\/393145179_da9976e6b8_o.jpg\"><img loading=\"lazy\" class=\"alignleft size-thumbnail wp-image-3486\" title=\"kalaja e ulqinit\" src=\"http:\/\/www.visit-ulcinj.com\/blog\/wp-content\/uploads\/2008\/09\/393145179_da9976e6b8_o-150x150.jpg\" alt=\"\" width=\"176\" height=\"150\" \/><\/a>\u00cbsht\u00eb momenti i fundit t\u00eb zhduken rr\u00ebnojat e t\u00ebrmetit t\u00eb vitit 1979, para se t\u00eb ndodh\u00eb ndonj\u00eb fatkeq\u00ebsi. Ish pronar\u00ebt e pand\u00ebrgjegjsh\u00ebm duhet t\u00eb detyrohen t\u00eb zhdukin rrezikun q\u00eb vjen nga objektet q\u00eb ata i kan\u00eb l\u00ebshuar, por p\u00ebr t\u00eb cilat kan\u00eb marr\u00eb mjete pa kthim. \u00cbsht\u00eb e nevojshme t\u00eb nd\u00ebrtohet infrastruktura, rrjeti telefonik, ndri\u00e7imi publik, kalldr\u00ebmi i rrug\u00ebve, sepse jan\u00eb n\u00eb gjendje jasht\u00ebzakonisht t\u00eb dob\u00ebt. Pushtetit lokal i sugjerojm\u00eb t\u00eb filloj\u00eb t\u00eb punoj\u00eb p\u00ebr Kala, sepse sa u p\u00ebrket k\u00ebrkesave tona nuk duhen mjete t\u00eb m\u00ebdha. P\u00ebr investimet kapitale n\u00eb Kalan\u00eb ton\u00eb ata t\u00eb pushtetit lokal duhet t\u00eb bashk\u00ebpunojn\u00eb me organet kompetente t\u00eb Republik\u00ebs.Posa\u00e7\u00ebrisht duhet t\u00eb konsultohet Enti Republikan p\u00ebrMir\u00ebmbajtjen e Monumenteve Kulturore-Historike nga Cetina. <a href=\"http:\/\/www.visit-ulcinj.com\/blog\/wp-content\/uploads\/2008\/09\/141868459.jpg\"><img loading=\"lazy\" class=\"alignright size-thumbnail wp-image-3487\" title=\"pallati venecija\" src=\"http:\/\/www.visit-ulcinj.com\/blog\/wp-content\/uploads\/2008\/09\/141868459-150x150.jpg\" alt=\"\" width=\"150\" height=\"150\" \/><\/a><br \/>\nNe i p\u00ebrkujtojm\u00eb ata se n\u00eb t\u00eb nj\u00ebjt\u00ebn flet\u00eb p\u00ebr vendosjen e pun\u00ebve publike si objekte kapitale p\u00ebrmendet edhe rruga p\u00ebr n\u00eb Plazhin e Madh, Porto Milena dhe forcimi e nd\u00ebrtimi i bedeneve nga ana e jugut n\u00ebn pallatin \u201cVenecia\u201d, ku ekziston rreziku i p\u00ebrditsh\u00ebm p\u00ebr kalimtar\u00ebt. Athua deri tash as q\u00eb \u00ebsht\u00eb marr\u00eb parasysh mendimi i pushtetit t\u00eb Republik\u00ebs s\u00eb Malit t\u00eb Zi?P\u00ebrse nuk na ftojn\u00eb edhe ne q\u00eb s\u00eb bashku t\u00eb konsultohemi?Gjithashtu p\u00ebrkujtojm\u00eb p\u00ebr \u201cKacemen\u201d, marin\u00ebn e vog\u00ebl, e cila do t\u00eb ishte nj\u00eb hap p\u00ebr realizimin e saj m\u00eb t\u00eb madh n\u00eb lima dhe e cila \u00ebsht\u00eb dashur t\u00eb realizohet me nd\u00ebrmarrjen t\u00eb Mirat Detare?Ku \u00ebsht\u00eb plan-projekti i rrug\u00ebve t\u00eb Kalas\u00eb, t\u00eb cilin,si kontribut shoqat\u00ebs, e ka punuar arkitekti S. Nimanbegu?<br \/>\nA \u00ebsht\u00eb e nevojshme t\u00eb p\u00ebrkujtojm\u00eb se kalldr\u00ebmi i tash\u00ebm \u00ebsht\u00eb b\u00ebr\u00eb nga gur\u00ebt e sht\u00ebpive t\u00eb rr\u00ebnuara nga t\u00ebrmeti. Pse nuk realizohet ky projekt p\u00ebr t\u00eb cilin jan\u00eb t\u00eb gjitha lejet, edhe ajo nga Cetina ?<br \/>\n<a href=\"http:\/\/www.visit-ulcinj.com\/blog\/wp-content\/uploads\/2008\/09\/42284325_bdb415cfca_b.jpg\"><img loading=\"lazy\" class=\"alignleft size-thumbnail wp-image-3488\" title=\"muzej i kalas s\u00eb ulqinit\" src=\"http:\/\/www.visit-ulcinj.com\/blog\/wp-content\/uploads\/2008\/09\/42284325_bdb415cfca_b-150x150.jpg\" alt=\"\" width=\"150\" height=\"150\" \/><\/a>\u00c7\u2019po ndodh me ju zot\u00ebrinj t\u00eb qeveris\u00eb lokale? Jeni duke i harruar premtimet e dh\u00ebna n\u00eb fushatat parazgjedhore, jeni duke e shkelur simbolin t\u00eb cilin t\u00eb gjith\u00eb pak a shum\u00eb e kan\u00eb n\u00eb stemat e veta dhe me t\u00eb cilin krenohen dhe mburren vet\u00ebm n\u00eb m\u00ebnyr\u00eb verbale?<br \/>\nTash kur u \u00ebsht\u00eb plot\u00ebsuar d\u00ebshira q\u00eb t\u00eb sundojn\u00eb t\u00eb gjith\u00eb s\u00eb bashku, jeni duke punuar m\u00eb pak se kurr\u00eb p\u00ebr qytetin ton\u00eb, n\u00eb p\u00ebrgjith\u00ebsi, t\u00eb mos flasim p\u00ebr Kalan\u00eb,ku nuk jan\u00eb duke b\u00ebr\u00eb asgj\u00eb.N\u00eb em\u00ebr t\u00eb shoqat\u00ebs shpreh revoltin p\u00ebr keqtrajtimin dhe moskujdesin p\u00ebr Kalan\u00eb ton\u00eb dhe p\u00ebr banor\u00ebt e saj, sepse si\u00e7 duket nuk kan\u00eb nevoj\u00eb p\u00ebr vota, sepse k\u00ebtu i kan\u00eb t\u00eb sigurta. <a href=\"http:\/\/www.ioccg.org\/news\/Feb2008\/unesco.gif\"><img loading=\"lazy\" class=\"alignright\" src=\"http:\/\/www.ioccg.org\/news\/Feb2008\/unesco.gif\" alt=\"\" width=\"160\" height=\"125\" \/><\/a><br \/>\nSi kryetar i k\u00ebsaj shoqate u jam drejtuar edhe organeve republikane si dhe donator\u00ebve t\u00eb ndrysh\u00ebm, por pa p\u00ebrkrahjen tuaj, vet\u00ebm me inisiativat tona, nuk mund t\u00eb arrihen suksese. Ju jeni ata q\u00eb duhet t\u00eb na p\u00ebrkrahni dhe t\u00eb ndani mjete nga buxheti p\u00ebr p\u00ebrmir\u00ebsimin e jet\u00ebs n\u00eb Kala, p\u00ebr restaurimin,revitalizimin dhe m\u00eb n\u00eb fund edhe kandidimin p\u00ebr UNESCO, mbas s\u00eb cil\u00ebs ide kan\u00eb qen\u00eb t\u00eb gjith\u00eb me nj\u00eb z\u00eb. M\u00eb n\u00eb fund ne nuk presim ndihm\u00eb nga Komisioni Republikan p\u00ebr mjete t\u00eb parapara p\u00ebr shoqata joqeveritare. N\u00eb qoft\u00eb se analizoni pun\u00ebn e tyre dhe mjetet prej 300 mij\u00eb euro, e shihni se ato u jan\u00eb ndar\u00eb atyre q\u00eb jan\u00eb n\u00eb rrethet e tyre politike. Ne jemi jasht\u00eb politik\u00ebs dhe tek ajo nuk kemi shpres\u00eb, pavar\u00ebsisht se gjithmon\u00eb u jemi drejtuar me plane e projekte, duke i p\u00ebrkujtuar edhe ata zot\u00ebrinj se Ulqini dhe Kalaja gjenden n\u00eb territorin e Republik\u00ebs s\u00eb Malit t\u00eb Zi.<\/p>\n<p><a href=\"http:\/\/www.visit-ulcinj.com\/blog\/wp-content\/uploads\/2008\/05\/ismet-karmanaga.jpg\"><img loading=\"lazy\" class=\"size-medium wp-image-1727 alignleft\" title=\"Ismet Karamanaga\" src=\"http:\/\/www.visit-ulcinj.com\/blog\/wp-content\/uploads\/2008\/05\/ismet-karmanaga.jpg\" alt=\"Diplomirani Turisti?ki Vodi? - Ismet Karamanaga\" width=\"256\" height=\"144\" \/><\/a><\/p>\n<p>N\u00eb fund dua ta dini se sot Shoqata \u201cKalaja\u201d dhe Kalaja si objekt p\u00ebr t\u00eb cilin luftojn\u00eb an\u00ebtar\u00ebt anemban\u00eb bot\u00ebs, \u00ebsht\u00eb dhe do t\u00eb jet\u00eb n\u00eb v\u00ebmendjen e medieve pa nd\u00ebrprerje. Ne e kemi ngritur z\u00ebrin p\u00ebr t\u00eb dhe ende do t\u00eb punojm\u00eb q\u00eb z\u00ebri yn\u00eb t\u00eb d\u00ebgjohet shum\u00eb (m\u00eb larg se bedenet e saj shekullore) n\u00eb t\u00ebr\u00eb bot\u00ebn. Sot shoqata jon\u00eb ftohet n\u00eb tubime brenda dhe jasht\u00eb vendit. Sa her\u00eb na kan\u00eb ftuar organet tona kompetente ? K\u00ebt\u00eb e din\u00eb vet\u00ebm ata ! Pamjet e saj me historin\u00eb e qytetit ton\u00eb shihen sot n\u00eb katalogun Terra TUI p\u00ebr vitin 2003, t\u00eb cil\u00ebn e kemi futur ne, pavar\u00ebsisht se nuk ftohemi n\u00eb asnj\u00eb panair turistik. Duke i p\u00ebrkujtuar t\u00eb gjith\u00eb se edhe t\u00eb angazhohen m\u00eb tep\u00ebr p\u00ebr Kalan\u00eb ton\u00eb, p\u00ebr qytetin ton\u00eb dhe m\u00eb n\u00eb fund ta arsyetojn\u00eb besimin t\u00eb cilin ua ka dh\u00ebn\u00eb ky popull. n\u00eb t\u00eb ardhmen do t\u00eb punojm\u00eb p\u00ebr t\u00eb ardhmen e k\u00ebtij qyteti n\u00eb p\u00ebrgjith\u00ebsi, p\u00ebr kthimin e turizmit t\u00eb dikursh\u00ebm n\u00eb k\u00ebt\u00eb perl\u00eb t\u00eb Adriatikut, i ftojm\u00eb ata q\u00eb sivjet t\u00eb angazhohen m\u00eb tep\u00ebr p\u00ebr Kalan\u00eb ton\u00eb, p\u00ebr qytetin ton\u00eb dhe m\u00eb n\u00eb fund ta arsyetojn\u00eb besimin t\u00eb cilin ua ka dh\u00ebn\u00eb ky popull.<br \/>\n<strong>ISMET KARAMANAGA<\/strong><br \/>\n<!--YouTube Error: bad URL entered--><\/p>\n<p style=\"text-align: center;\"><a class=\"aligncenter\" title=\"???? ????,?????,Ulcinj,Montenegru,??????????,\u00c7ernoqoriya,Besplatni internet oglasi,Besplatni oglasi,besplatni mali oglasi,besplatni turisti?ki oglasi,oglasi, usluge, turizam,Turisti?ke usluge,Doma?i turizam,Besplatni Oglasnik,Brzi Oglasi Besplatno,Besplatno OglasavanjeTurizam,besplatni oglasi sa slikom,Turisticki informator besplatni,li?ni-oglasi,BESPLATNI Turisticki OGLASI SA SLIKAMA,BESPLATNI Turisticki Oglasi saVideom,turisticki smestaj oglasi,Turisti?ki vodi? balkana,BESPLATNA REZERVACIJA SMESTAJA,Postavite besplatno Vas oglas,FREE TOURIST GUIDES,Izdavanje-Turizam oglasi,Balkan Turisticki vodic,shpallje turistike falas,Shpallje Falas,Shpallje falas per Komplekse Turistike,Lajmerime,Njoftime,shpallje shqip per shqiptaret ne shqiperi kosova maqedoni,mal te zi,???????????,Montenegiro,?ern\u00e1 Hora,??????????,Cz\u00f4rnog\u00f3ra,Cz\u00f4rn\u00f4 G\u00f3ra,Carna G\u00f3ra,T\u0161ernogooria,\u00c7ernogoriya,Montain\u00e9agr\u00f3,Montenegwo,?orna Hora,Montenegr\u00f3,M?ntenigro,Chernogoriya ,\u00c7\u00earnogor\u00ee ,?????????,????????? ,??????? ,Montes Nigrae,Mons Niger,M\u00f4ntenegr\u00f4,Muntenegru,??????????,Czarnog\u00f3ra,Muntinigru,Muntenegro,&lt;br &gt;&lt;\/a&gt; Muntenegru,\t?ierna Hora,Cxerngora,????????,?rna gora,Moontineegro,?ornog?ra,\u00c7ernogori\u00fda,Chernogoriya,Mont\u00f5negro,????? ???? ,?r?na Gora,?r?nogorije,?ernogorija,?arnahoryja,??????????,???????????????????? ,?ern\u00f4g\u00f4riy\u00e2,M\u00fbnt\u00een\u00ee?r\u00fb,????? ?????? ,????????,??????????,???????????,M\u00e2nten\u00eegro,???? ????? ,????????,M\u00f4ntenegr\u00f4,????????????,???????????,????????????, ??????????? ,????????????,??????????? ,\u008d\u2022?R\/?K?R ,\u0192\u201a\u0192\u201c\u0192e\u0192l\u0192O\u0192\u008d,\u00b8???\u00b3?\u00b1?\u00b7? ,Muntenegru, ????? ????, Montenegr?,chambres ? louer ? ulcinj, location de vacance, location saisonni?res, louer villa,location de vacance, Locations vacance, h?bergements vacances, locations villa, logements de vacances, location maison avec piscine, Location vacance, locations de vacance, h?bergements de vacances, location villa, locations entre particulier, logements vacance, vacances ? Mont?n?gro - location ? Ulcinj ,location  de bigorre,Urlaub in Ulcinj -Montenegro,Hotelbewertungen Ulcinj,Reisen Ulcinj, Urlaub Ulcinj,Hotel in Serbien und Montenegro von Urlaubern bewertet,Billig Urlaub in Ulcinj,ferienh?user,ferienwohnung,Billige Ferienh?user,Ferienwohnung ULCINJ,Ferien an der Adria,Urlaub im Ferienhaus ulcinjBilligreisen Ulcinj,Pauschalreisen,FKK Strand Ada Bojana ulcinj,Last Minute Angebote ulcinj,Preise f?r Lastminute,Kleinanzeigen gratis,Ausflug nach Ulcinj,FKK-Reisen ada bojana,FKK-Urlaub ulcinj,Privatni smje?taj,rezervacija smje?taja,apartmani,sobe,ku?e,odmor,sobe za odmor ulcinj,Pretra?ivanje privatnog smje?taja,rooms rent accommodation ulcinj, rentail private accommodation ulcinj,?elite rezervirati privatni smje?taj,Private accommodation,Smje?taj ulcinj,Pushime Verore ulqin,pushime t? lira n? ulqin,Pushime ne plazh,Pushime te kendshme,dhoma per pushime ulqin,dhoma me qera ulqin,dhoma te lira ulqin,pushime te lira ulqin,mali i zi,kosova,maqedoni,shqiperi,Pushime ne det te ulqinit,godi?nji odmor u ulcinj,odmor u ulcinj,Ku?a za odmor,kuda na odmor,ljetovanje u ulcinj,slobodne sobe,dhoma te lira,ku?a uz more,turisti?ka ponuda,odmor i zabava,povolne cene,sobe,usluge,Mjesto za Va? odmor , Place for Your holiday,Odmor portal,putovanaja,Iznajmljivanje soba ulcinj,odmor ulcinj info,Va?e mjesto za odmor ulcinj,nudisticka plaza ada bojana,smjestaj ponuda ulcinj,lokacioni i dhomave ulqin,deti,plazhet e bukura,diskoteka,zbavitja,.\" href=\"http:\/\/www.visit-ulcinj.com\/tourism\/\" target=\"_blank\"><img loading=\"lazy\" class=\"aligncenter\" title=\"SHPALLJE TURISTIKE FALAS,FREE TOURIST GUIDES,BESPLATNI TURISTI?KI OGLASI,balkan holiday rentals,ALBANIJA,ALBANIA,SHQIPERIJA,CRNA GORA,HRVATSKA,KROACIA,SLOVENIJA,MAKEDONIJA,MAKEDONIA,SRBIJA,MONTENEGRO,MALI I ZI,\" src=\"http:\/\/www.visit-ulcinj.com\/blog\/wp-content\/uploads\/2008\/09\/balkanholidayrentals.gif\" alt=\"Apatin,  Aran?elovac,  ?uprija,  ?a?ak,  ?apljina,  ?itluk,  ?abac,  ?ipovo,  ?iroki Brijeg,  ?ep?e,  ?ivinice,  Ba?ka Palanka,  Banja Luka,  Banovi?i,  Be?ej,  beograd,  Biha?,  Bijeljina,  Bor,  Bor?a,  Bosanska Gradi?ka,  Bosanska Krupa,  Bosanski ?amac,  Bosanski Brod,  Bosanski Novi,  Br?ko,  Bu?im,  Bugojno,  Cazin,  Crna Gora,  Derventa,  Doboj,  Donji Vakuf,  Drvar,  Dubrovnik,  Fo?a,  Fojnica,  Glamo?,  Gora?de,  Gornji Milanovac,  Gornji Vakuf,  gostivar,  Gra?anica,  Grada?ac,  Gradiska,  Grahovo,  Had?i?i,  Ilid?a,  In?ija,  Jablanica,  Jagodina,  Jajce,  Kakanj,  Kalu?erica,  Kikinda,  Klju?,  Konjic,  Kotor Varo?,  Kragujevac,  Kraljevo,  Kru?evac,  Kula,  Kupres,  Lakta?i,  Lazarevac,  Leskovac,  Livno,  Ljubinje,  ljublana,  Ljubu?ki,  Loznica,  Lukavac,  Maglaj,  Mladenovac,  Modri?a,  montenegro erlajnz,  mostar,  Mrkonji? Grad,  Neum,  Ni?,  Novi Pazar,  Novi Sad,  Novi Travnik,  Obrenovac,  Od?ak,  ohrid,  Ora?je,  Pale,  Pan?evo,  Para?in,  Pirot,  Po?arevac,  Podgorica,  Priboj,  Prijedor,  Prokuplje,  Prozor,  pula,  rijeka,  Ruma,  Sanski Most,  Sarajevo,  Senta,  serbija,  sibenik,  skopje,  Smederevo,  Smederevska Palanka,  Sokolac,  Sombor,  split,  Srebrenica,  Srebrenik,  Sremska Mitrovica,  Stolac,  Struga,  Subotica,  Temerin,  Tesli?,  tetovo,  Travnik,  Trebinje,  tuzla,  U?ice,  ulcinj,  Valjevo,  Velika Kladu?a,  Vi?egrad,  Visoko,  Vitez,  Vogo??a,  vojvodina,  Vranje,  Vr?ac,  Vrbas,  zadar,  Zagreb,  Zaje?ar,  Zavidovi?i,  Zenica,  Zrenjanin,  Zvornik,copacabana ulcinj,  h?tels,  hotel ulqin,  Kosova,  Mali i Zi,  Maqedonija,  Montenegro,  montenegro tourisme plage,  montenegro ulcinj,  Shpallje Falas,  Shpallje Falas per shitjen e shtepis se juaj,  Shpallje Falas per villat e juaj,  Shpallje Falas Real Estate,  Shpallje Falas turistike,  shqiperija,  tourisme,  Ulci?,  ulcinj,  ulqin,  ulqin hotel,  ulqini,  ulqini 2007,Ada Bojana,  Alba?czyk,  Cita di Dolcino,  Copacabana,  Czarnog?ra,  Czarnog?rzec,  Don Kichota,  Ma\u00b3a Pla?a,  Mandra,  MIGUEL DE SERVANTES,  p?\u00b3wyspy Marjan,  Pla?a Valdanos,  Rzeka Bojana,  Shas \/ ?as \/ Sva?,  Ulci?,  Ulcinjsk\u00b9 Riwier?,  Wielka Pla?a,  Wyspa Bojana,GORA,??????????,???????,??????????, ?ern? Hora,TO ULCINJ \/ ULQIN,MONTENEGRO, Czarnog?ra, Muntenegru, ????? ????, Montenegr?,villa ? louer ? ulcinj, location de vacance, location saisonni?res, louer chambres,location de vacance, Locations vacance, h?bergements vacances, locations villa, logements de vacances, location maison avec piscine, Location vacance, locations de vacance, h?bergements de vacances, location, locations entre particulier, logements vacance, vacances ? Mont?n?gro - location ? Ulcinj ,location  de bigorre,Albaniku,  Artana,  Bujanoci,  Burimi,  Dardana,  Dardan?,  De?an,  Dibra,  Drenas,  Drenasi,  Ferizaj,  Ferizaji,  Fush? Kosova,Besplatni internet oglasi,Besplatni oglasi,besplatni mali oglasi,besplatni turisti?ki oglasi,oglasi, usluge, turizam,Turisti?ke usluge,Doma?i turizam,Besplatni Oglasnik,Brzi Oglasi Besplatno,Besplatno OglasavanjeTurizam,besplatni oglasi sa slikom,Turisticki informator besplatni,li?ni-oglasi,BESPLATNI Turisticki OGLASI SA SLIKAMA,BESPLATNI Turisticki Oglasi saVideom,turisticki smestaj oglasi,Turisti?ki vodi? balkana,BESPLATNA REZERVACIJA SMESTAJA,Postavite besplatno Vas oglas,FREE TOURIST GUIDES,Izdavanje-Turizam oglasi,Balkan Turisticki vodic,shpallje turistike falas,Shpallje Falas,Shpallje falas per Komplekse Turistike,Lajmerime,Njoftime,shpallje shqip per shqiptaret ne shqiperi kosova maqedoni,mal te zi,Fush? Kosov?,  Gjakova,  Gjakov?,  Gjilan,  Gjilani,  Gostivari,  Istog,  Istog\u00b7,  Ka?anik,  Ka?aniku,  Kastrioti,  K?r?ova,  Klina,  Klin?,  Kumanova,  Leposaviq,  Leskovci,  Likova,  Lipjan,  Lipjani,  Malisheva,  Malishev?,  Manastiri,  Medvegja,  Mitrovica,  Mitrovic?,  Novob?rd?,  Obiliq\u00b7 Rahovec,  Ohri,  Peja,  Pej?,  Podujeva,  Podujev?,  Presheva,  Prishtina,  Prishtin?,  Prizren,  Prizreni,  Rahoveci,  Sharri,  Sharri (Kosov?),  Shkupi,  Sht?rpca,  Sht?rpc?,  Shtime,  Sk?nderaj,  Struga,  Tetova,  Theranda,  Therand?,  Triumf Riza,  Veleshta,  Viti,  Vitia,  Vushtrri,  Vushtrria,  Zubin Potok,  Zubin Potoku,  Zve?an,  Zve?ani,Struga,Gostivari,Gostivar,Ker?ova,Tirana,Durr?si,Elbasani,Shkodra,Tuzi,Vlora, Kor?a,Fieri,Berati,Lushnja ,Kavaja,Pogradeci,La?i,Gjirokastra,Patosi,Kruja,Ku?ova,Kuk?si,Lezha,Saranda,Peshkopia,Burreli,C?rriku,?orovoda,Shijaku,Librazhdi,Tepelena,Gramshi,Poli?ani,Bulqiza,P?rmeti,Fush?Kruja,Kamza,Rr?sheni,Ballshi,Mamurrasi,BajramCurri,Erseka,Peqini,Divjaka,Selenica,Bilishti,Roskoveci,Puka,Memaliaj,Rrogozhina,Ura Vajgurore,Himara,Delvina,Vora,Kopliku,Maliqi,P?rrenjasi,Kruma, Libohova,Orikumi,Fush?-Arr?za,Sh?ngjini,Rubiku,Miloti, Leskoviku,Konispoli,K?lcyra,Krasta,K?rraba,Manastiri,Hara?ina,Likova,Prilepi,Zajazi,Vrap?ishti,Bogovin?,\" width=\"420\" height=\"120\" \/><\/a><\/p>\n","protected":false},"excerpt":{"rendered":"<p>Si p\u00ebrmendore kulturore-historike e kategoris\u00eb s\u00eb par\u00eb, si vendbanim i banor\u00ebve t\u00eb cil\u00ebt gjat\u00eb historis\u00eb 2500 vje\u00e7are, kurr\u00eb nuk e l\u00ebshuan k\u00ebt\u00eb k\u00ebshtjell\u00eb madh\u00ebshtore, Kalaja k\u00ebrkon nj\u00eb trajtim m\u00eb human prej shoq\u00ebris\u00eb, e posa\u00e7\u00ebrisht prej atyre q\u00eb jan\u00eb n\u00eb pushtet.N\u00eb em\u00ebr t\u00eb atyre t\u00eb cil\u00ebt jetojn\u00eb k\u00ebtu, por edhe n\u00eb em\u00ebr t\u00eb mij\u00ebra mysafir\u00ebve nga [&hellip;]<\/p>\n","protected":false},"author":1,"featured_media":0,"comment_status":"open","ping_status":"closed","sticky":false,"template":"","format":"standard","meta":{"spay_email":"","jetpack_publicize_message":"","jetpack_is_tweetstorm":false,"jetpack_publicize_feature_enabled":true},"categories":[13,11,15],"tags":[310,307],"jetpack_publicize_connections":[],"yoast_head":"<!-- This site is optimized with the Yoast SEO plugin v19.1 - https:\/\/yoast.com\/wordpress\/plugins\/seo\/ -->\n<title>Kalaja e Ulqinit t\u00eb ky\u00e7et n\u00eb Unesco - Lajme nga Ulqini<\/title>\n<meta name=\"description\" content=\"Si p\u00ebrmendore kulturore-historike e kategoris\u00eb s\u00eb par\u00eb, si vendbanim i banor\u00ebve t\u00eb cil\u00ebt gjat\u00eb historis\u00eb 2500 vje\u00e7are, kurr\u00eb nuk e l\u00ebshuan k\u00ebt\u00eb k\u00ebshtjell\u00eb\" \/>\n<meta name=\"robots\" content=\"index, follow, max-snippet:-1, max-image-preview:large, max-video-preview:-1\" \/>\n<link rel=\"canonical\" href=\"https:\/\/www.visit-ulcinj.com\/blog\/2008\/09\/21\/kalaja-e-ulqinit-te-kycet-ne-unesco\/\" \/>\n<meta property=\"og:locale\" content=\"en_US\" \/>\n<meta property=\"og:type\" content=\"article\" \/>\n<meta property=\"og:title\" content=\"Kalaja e Ulqinit t\u00eb ky\u00e7et n\u00eb Unesco - Lajme nga Ulqini\" \/>\n<meta property=\"og:description\" content=\"Si p\u00ebrmendore kulturore-historike e kategoris\u00eb s\u00eb par\u00eb, si vendbanim i banor\u00ebve t\u00eb cil\u00ebt gjat\u00eb historis\u00eb 2500 vje\u00e7are, kurr\u00eb nuk e l\u00ebshuan k\u00ebt\u00eb k\u00ebshtjell\u00eb\" \/>\n<meta property=\"og:url\" content=\"https:\/\/www.visit-ulcinj.com\/blog\/2008\/09\/21\/kalaja-e-ulqinit-te-kycet-ne-unesco\/\" \/>\n<meta property=\"og:site_name\" content=\"Lajme nga Ulqini\" \/>\n<meta property=\"article:published_time\" content=\"2008-09-21T13:37:56+00:00\" \/>\n<meta property=\"article:modified_time\" content=\"2008-10-17T19:31:03+00:00\" \/>\n<meta property=\"og:image\" content=\"http:\/\/www.visit-ulcinj.com\/blog\/wp-content\/uploads\/2008\/05\/kalaja-legjende-dhe-art.jpg\" \/>\n<meta name=\"twitter:label1\" content=\"Written by\" \/>\n\t<meta name=\"twitter:data1\" content=\"ulqini\" \/>\n\t<meta name=\"twitter:label2\" content=\"Est. reading time\" \/>\n\t<meta name=\"twitter:data2\" content=\"7 minutes\" \/>\n<script type=\"application\/ld+json\" class=\"yoast-schema-graph\">{\"@context\":\"https:\/\/schema.org\",\"@graph\":[{\"@type\":\"WebSite\",\"@id\":\"https:\/\/www.visit-ulcinj.com\/blog\/#website\",\"url\":\"https:\/\/www.visit-ulcinj.com\/blog\/\",\"name\":\"Lajme nga Ulqini\",\"description\":\"Lajme,Vijesti,Ulqini,Ulqin,Crna Gora,Mali i Zi\",\"potentialAction\":[{\"@type\":\"SearchAction\",\"target\":{\"@type\":\"EntryPoint\",\"urlTemplate\":\"https:\/\/www.visit-ulcinj.com\/blog\/?s={search_term_string}\"},\"query-input\":\"required name=search_term_string\"}],\"inLanguage\":\"en-US\"},{\"@type\":\"ImageObject\",\"inLanguage\":\"en-US\",\"@id\":\"https:\/\/www.visit-ulcinj.com\/blog\/2008\/09\/21\/kalaja-e-ulqinit-te-kycet-ne-unesco\/#primaryimage\",\"url\":\"http:\/\/www.visit-ulcinj.com\/blog\/wp-content\/uploads\/2008\/05\/kalaja-legjende-dhe-art.jpg\",\"contentUrl\":\"http:\/\/www.visit-ulcinj.com\/blog\/wp-content\/uploads\/2008\/05\/kalaja-legjende-dhe-art.jpg\"},{\"@type\":\"WebPage\",\"@id\":\"https:\/\/www.visit-ulcinj.com\/blog\/2008\/09\/21\/kalaja-e-ulqinit-te-kycet-ne-unesco\/#webpage\",\"url\":\"https:\/\/www.visit-ulcinj.com\/blog\/2008\/09\/21\/kalaja-e-ulqinit-te-kycet-ne-unesco\/\",\"name\":\"Kalaja e Ulqinit t\u00eb ky\u00e7et n\u00eb Unesco - Lajme nga Ulqini\",\"isPartOf\":{\"@id\":\"https:\/\/www.visit-ulcinj.com\/blog\/#website\"},\"primaryImageOfPage\":{\"@id\":\"https:\/\/www.visit-ulcinj.com\/blog\/2008\/09\/21\/kalaja-e-ulqinit-te-kycet-ne-unesco\/#primaryimage\"},\"datePublished\":\"2008-09-21T13:37:56+00:00\",\"dateModified\":\"2008-10-17T19:31:03+00:00\",\"author\":{\"@id\":\"https:\/\/www.visit-ulcinj.com\/blog\/#\/schema\/person\/dcab619c614d3038751c63bc2aadc06d\"},\"description\":\"Si p\u00ebrmendore kulturore-historike e kategoris\u00eb s\u00eb par\u00eb, si vendbanim i banor\u00ebve t\u00eb cil\u00ebt gjat\u00eb historis\u00eb 2500 vje\u00e7are, kurr\u00eb nuk e l\u00ebshuan k\u00ebt\u00eb k\u00ebshtjell\u00eb\",\"breadcrumb\":{\"@id\":\"https:\/\/www.visit-ulcinj.com\/blog\/2008\/09\/21\/kalaja-e-ulqinit-te-kycet-ne-unesco\/#breadcrumb\"},\"inLanguage\":\"en-US\",\"potentialAction\":[{\"@type\":\"ReadAction\",\"target\":[\"https:\/\/www.visit-ulcinj.com\/blog\/2008\/09\/21\/kalaja-e-ulqinit-te-kycet-ne-unesco\/\"]}]},{\"@type\":\"BreadcrumbList\",\"@id\":\"https:\/\/www.visit-ulcinj.com\/blog\/2008\/09\/21\/kalaja-e-ulqinit-te-kycet-ne-unesco\/#breadcrumb\",\"itemListElement\":[{\"@type\":\"ListItem\",\"position\":1,\"name\":\"Kalaja e Ulqinit t\u00eb ky\u00e7et n\u00eb Unesco\"}]},{\"@type\":\"Person\",\"@id\":\"https:\/\/www.visit-ulcinj.com\/blog\/#\/schema\/person\/dcab619c614d3038751c63bc2aadc06d\",\"name\":\"ulqini\",\"sameAs\":[\"http:\/\/www.visit-ulcinj.com\"],\"url\":\"https:\/\/www.visit-ulcinj.com\/blog\/author\/admin\/\"}]}<\/script>\n<!-- \/ Yoast SEO plugin. -->","yoast_head_json":{"title":"Kalaja e Ulqinit t\u00eb ky\u00e7et n\u00eb Unesco - Lajme nga Ulqini","description":"Si p\u00ebrmendore kulturore-historike e kategoris\u00eb s\u00eb par\u00eb, si vendbanim i banor\u00ebve t\u00eb cil\u00ebt gjat\u00eb historis\u00eb 2500 vje\u00e7are, kurr\u00eb nuk e l\u00ebshuan k\u00ebt\u00eb k\u00ebshtjell\u00eb","robots":{"index":"index","follow":"follow","max-snippet":"max-snippet:-1","max-image-preview":"max-image-preview:large","max-video-preview":"max-video-preview:-1"},"canonical":"https:\/\/www.visit-ulcinj.com\/blog\/2008\/09\/21\/kalaja-e-ulqinit-te-kycet-ne-unesco\/","og_locale":"en_US","og_type":"article","og_title":"Kalaja e Ulqinit t\u00eb ky\u00e7et n\u00eb Unesco - Lajme nga Ulqini","og_description":"Si p\u00ebrmendore kulturore-historike e kategoris\u00eb s\u00eb par\u00eb, si vendbanim i banor\u00ebve t\u00eb cil\u00ebt gjat\u00eb historis\u00eb 2500 vje\u00e7are, kurr\u00eb nuk e l\u00ebshuan k\u00ebt\u00eb k\u00ebshtjell\u00eb","og_url":"https:\/\/www.visit-ulcinj.com\/blog\/2008\/09\/21\/kalaja-e-ulqinit-te-kycet-ne-unesco\/","og_site_name":"Lajme nga Ulqini","article_published_time":"2008-09-21T13:37:56+00:00","article_modified_time":"2008-10-17T19:31:03+00:00","og_image":[{"url":"http:\/\/www.visit-ulcinj.com\/blog\/wp-content\/uploads\/2008\/05\/kalaja-legjende-dhe-art.jpg"}],"twitter_misc":{"Written by":"ulqini","Est. reading time":"7 minutes"},"schema":{"@context":"https:\/\/schema.org","@graph":[{"@type":"WebSite","@id":"https:\/\/www.visit-ulcinj.com\/blog\/#website","url":"https:\/\/www.visit-ulcinj.com\/blog\/","name":"Lajme nga Ulqini","description":"Lajme,Vijesti,Ulqini,Ulqin,Crna Gora,Mali i Zi","potentialAction":[{"@type":"SearchAction","target":{"@type":"EntryPoint","urlTemplate":"https:\/\/www.visit-ulcinj.com\/blog\/?s={search_term_string}"},"query-input":"required name=search_term_string"}],"inLanguage":"en-US"},{"@type":"ImageObject","inLanguage":"en-US","@id":"https:\/\/www.visit-ulcinj.com\/blog\/2008\/09\/21\/kalaja-e-ulqinit-te-kycet-ne-unesco\/#primaryimage","url":"http:\/\/www.visit-ulcinj.com\/blog\/wp-content\/uploads\/2008\/05\/kalaja-legjende-dhe-art.jpg","contentUrl":"http:\/\/www.visit-ulcinj.com\/blog\/wp-content\/uploads\/2008\/05\/kalaja-legjende-dhe-art.jpg"},{"@type":"WebPage","@id":"https:\/\/www.visit-ulcinj.com\/blog\/2008\/09\/21\/kalaja-e-ulqinit-te-kycet-ne-unesco\/#webpage","url":"https:\/\/www.visit-ulcinj.com\/blog\/2008\/09\/21\/kalaja-e-ulqinit-te-kycet-ne-unesco\/","name":"Kalaja e Ulqinit t\u00eb ky\u00e7et n\u00eb Unesco - Lajme nga Ulqini","isPartOf":{"@id":"https:\/\/www.visit-ulcinj.com\/blog\/#website"},"primaryImageOfPage":{"@id":"https:\/\/www.visit-ulcinj.com\/blog\/2008\/09\/21\/kalaja-e-ulqinit-te-kycet-ne-unesco\/#primaryimage"},"datePublished":"2008-09-21T13:37:56+00:00","dateModified":"2008-10-17T19:31:03+00:00","author":{"@id":"https:\/\/www.visit-ulcinj.com\/blog\/#\/schema\/person\/dcab619c614d3038751c63bc2aadc06d"},"description":"Si p\u00ebrmendore kulturore-historike e kategoris\u00eb s\u00eb par\u00eb, si vendbanim i banor\u00ebve t\u00eb cil\u00ebt gjat\u00eb historis\u00eb 2500 vje\u00e7are, kurr\u00eb nuk e l\u00ebshuan k\u00ebt\u00eb k\u00ebshtjell\u00eb","breadcrumb":{"@id":"https:\/\/www.visit-ulcinj.com\/blog\/2008\/09\/21\/kalaja-e-ulqinit-te-kycet-ne-unesco\/#breadcrumb"},"inLanguage":"en-US","potentialAction":[{"@type":"ReadAction","target":["https:\/\/www.visit-ulcinj.com\/blog\/2008\/09\/21\/kalaja-e-ulqinit-te-kycet-ne-unesco\/"]}]},{"@type":"BreadcrumbList","@id":"https:\/\/www.visit-ulcinj.com\/blog\/2008\/09\/21\/kalaja-e-ulqinit-te-kycet-ne-unesco\/#breadcrumb","itemListElement":[{"@type":"ListItem","position":1,"name":"Kalaja e Ulqinit t\u00eb ky\u00e7et n\u00eb Unesco"}]},{"@type":"Person","@id":"https:\/\/www.visit-ulcinj.com\/blog\/#\/schema\/person\/dcab619c614d3038751c63bc2aadc06d","name":"ulqini","sameAs":["http:\/\/www.visit-ulcinj.com"],"url":"https:\/\/www.visit-ulcinj.com\/blog\/author\/admin\/"}]}},"jetpack_featured_media_url":"","jetpack_sharing_enabled":true,"jetpack_shortlink":"https:\/\/wp.me\/pe6lTn-Uc","_links":{"self":[{"href":"https:\/\/www.visit-ulcinj.com\/blog\/wp-json\/wp\/v2\/posts\/3484"}],"collection":[{"href":"https:\/\/www.visit-ulcinj.com\/blog\/wp-json\/wp\/v2\/posts"}],"about":[{"href":"https:\/\/www.visit-ulcinj.com\/blog\/wp-json\/wp\/v2\/types\/post"}],"author":[{"embeddable":true,"href":"https:\/\/www.visit-ulcinj.com\/blog\/wp-json\/wp\/v2\/users\/1"}],"replies":[{"embeddable":true,"href":"https:\/\/www.visit-ulcinj.com\/blog\/wp-json\/wp\/v2\/comments?post=3484"}],"version-history":[{"count":0,"href":"https:\/\/www.visit-ulcinj.com\/blog\/wp-json\/wp\/v2\/posts\/3484\/revisions"}],"wp:attachment":[{"href":"https:\/\/www.visit-ulcinj.com\/blog\/wp-json\/wp\/v2\/media?parent=3484"}],"wp:term":[{"taxonomy":"category","embeddable":true,"href":"https:\/\/www.visit-ulcinj.com\/blog\/wp-json\/wp\/v2\/categories?post=3484"},{"taxonomy":"post_tag","embeddable":true,"href":"https:\/\/www.visit-ulcinj.com\/blog\/wp-json\/wp\/v2\/tags?post=3484"}],"curies":[{"name":"wp","href":"https:\/\/api.w.org\/{rel}","templated":true}]}}