{"id":34882,"date":"2010-06-21T17:19:57","date_gmt":"2010-06-21T15:19:57","guid":{"rendered":"http:\/\/www.visit-ulcinj.com\/blog\/?p=34882"},"modified":"2010-06-22T17:06:55","modified_gmt":"2010-06-22T15:06:55","slug":"zyrtare-te-malit-te-zi-prezantojne-oferten-turistike","status":"publish","type":"post","link":"https:\/\/www.visit-ulcinj.com\/blog\/2010\/06\/21\/zyrtare-te-malit-te-zi-prezantojne-oferten-turistike\/","title":{"rendered":"Zyrtar\u00eb t\u00eb Malit t\u00eb Zi prezantojn\u00eb ofert\u00ebn turistike &#8211; Video"},"content":{"rendered":"<p><a href=\"http:\/\/www.visit-ulcinj.com\/blog\/wp-content\/uploads\/2010\/06\/Turizmi-i-Ulqinit.jpg\"><img loading=\"lazy\" class=\"alignleft size-full wp-image-34883\" title=\"Turizmi i Ulqinit\" src=\"http:\/\/www.visit-ulcinj.com\/blog\/wp-content\/uploads\/2010\/06\/Turizmi-i-Ulqinit.jpg\" alt=\"Turizmi i Ulqinit\" width=\"490\" height=\"362\" \/><\/a>Zyrtar\u00eb t\u00eb Agjencis\u00eb Komb\u00ebtare t\u00eb Turizmit t\u00eb Malit t\u00eb Zi po prezantojn\u00eb sot n\u00eb Prishtin\u00eb ofert\u00ebn turistike p\u00ebr ver\u00ebn e sivjetshme. Menaxherja e k\u00ebsaj agjencie, Liljana \u00c7ukiq, ftoi turist\u00ebt kosovar\u00eb t\u00eb kalojn\u00eb pushimet n\u00eb bregdetin malazez, duke premtuar se siguria do t\u00eb jet\u00eb n\u00eb nivel, nd\u00ebrsa \u00e7mimet t\u00eb volitshme. &#8230;<br \/>\nMegjith\u00ebse bregdeti i Shqip\u00ebris\u00eb sivjet \u00ebsht\u00eb shum\u00eb atraktiv, duke marr\u00eb parasysh se rruga \u00ebsht\u00eb shkurtuar ndjesh\u00ebm, \u00c7ukiq shfaqi bindjen se turist\u00ebt nga Kosova do ta shfryt\u00ebzojn\u00eb at\u00eb rrug\u00eb, p\u00ebr t\u00eb b\u00ebr\u00eb pushime n\u00eb Mal t\u00eb Zi.<br \/>\nSipas autoriteteve t\u00eb atjeshme, vitin e kaluar n\u00eb Mal t\u00eb Zi kan\u00eb pushuar rreth 50 mij\u00eb kosovar\u00eb, dhe nj\u00eb num\u00ebr t\u00eb p\u00ebraf\u00ebrt e presin edhe k\u00ebt\u00eb vit.<\/p>\n<p><strong>RTK<br \/>\n\n\t\t<style type=\"text\/css\">\n\t\t\t#gallery-1 {\n\t\t\t\tmargin: auto;\n\t\t\t}\n\t\t\t#gallery-1 .gallery-item {\n\t\t\t\tfloat: left;\n\t\t\t\tmargin-top: 10px;\n\t\t\t\ttext-align: center;\n\t\t\t\twidth: 33%;\n\t\t\t}\n\t\t\t#gallery-1 img {\n\t\t\t\tborder: 2px solid #cfcfcf;\n\t\t\t}\n\t\t\t#gallery-1 .gallery-caption {\n\t\t\t\tmargin-left: 0;\n\t\t\t}\n\t\t\t\/* see gallery_shortcode() in wp-includes\/media.php *\/\n\t\t<\/style>\n\t\t<div id='gallery-1' class='gallery galleryid-34882 gallery-columns-3 gallery-size-thumbnail'><dl class='gallery-item'>\n\t\t\t<dt class='gallery-icon landscape'>\n\t\t\t\t<a href='https:\/\/www.visit-ulcinj.com\/blog\/wp-content\/uploads\/2010\/06\/Turizmi-i-Ulqinit.jpg'><img width=\"150\" height=\"150\" src=\"https:\/\/www.visit-ulcinj.com\/blog\/wp-content\/uploads\/2010\/06\/Turizmi-i-Ulqinit-150x150.jpg\" class=\"attachment-thumbnail size-thumbnail\" alt=\"\" loading=\"lazy\" \/><\/a>\n\t\t\t<\/dt><\/dl><dl class='gallery-item'>\n\t\t\t<dt class='gallery-icon landscape'>\n\t\t\t\t<a href='https:\/\/www.visit-ulcinj.com\/blog\/wp-content\/uploads\/2010\/06\/plazhi-kopakabana_ulqin.jpg'><img width=\"150\" height=\"150\" src=\"https:\/\/www.visit-ulcinj.com\/blog\/wp-content\/uploads\/2010\/06\/plazhi-kopakabana_ulqin-150x150.jpg\" class=\"attachment-thumbnail size-thumbnail\" alt=\"\" loading=\"lazy\" \/><\/a>\n\t\t\t<\/dt><\/dl><dl class='gallery-item'>\n\t\t\t<dt class='gallery-icon portrait'>\n\t\t\t\t<a href='https:\/\/www.visit-ulcinj.com\/blog\/wp-content\/uploads\/2010\/06\/plazhi-kopakabana_ulqin.1.jpg'><img width=\"150\" height=\"150\" src=\"https:\/\/www.visit-ulcinj.com\/blog\/wp-content\/uploads\/2010\/06\/plazhi-kopakabana_ulqin.1-150x150.jpg\" class=\"attachment-thumbnail size-thumbnail\" alt=\"\" loading=\"lazy\" \/><\/a>\n\t\t\t<\/dt><\/dl><br style=\"clear: both\" \/>\n\t\t<\/div>\n<br \/>\n[flv width=&#8221;490&#8243; height=&#8221;390&#8243;]http:\/\/video.kosovapress.com\/repository\/videos\/210610_oferta_turistike.flv[\/flv]<\/strong><\/p>\n","protected":false},"excerpt":{"rendered":"<p>Zyrtar\u00eb t\u00eb Agjencis\u00eb Komb\u00ebtare t\u00eb Turizmit t\u00eb Malit t\u00eb Zi po prezantojn\u00eb sot n\u00eb Prishtin\u00eb ofert\u00ebn turistike p\u00ebr ver\u00ebn e sivjetshme. Menaxherja e k\u00ebsaj agjencie, Liljana \u00c7ukiq, ftoi turist\u00ebt kosovar\u00eb t\u00eb kalojn\u00eb pushimet n\u00eb bregdetin malazez, duke premtuar se siguria do t\u00eb jet\u00eb n\u00eb nivel, nd\u00ebrsa \u00e7mimet t\u00eb volitshme. &#8230; Megjith\u00ebse bregdeti i Shqip\u00ebris\u00eb sivjet [&hellip;]<\/p>\n","protected":false},"author":1,"featured_media":0,"comment_status":"open","ping_status":"closed","sticky":false,"template":"","format":"standard","meta":{"spay_email":"","jetpack_publicize_message":"","jetpack_is_tweetstorm":false,"jetpack_publicize_feature_enabled":true},"categories":[15],"tags":[5657],"jetpack_publicize_connections":[],"yoast_head":"<!-- This site is optimized with the Yoast SEO plugin v19.1 - https:\/\/yoast.com\/wordpress\/plugins\/seo\/ -->\n<title>Zyrtar\u00eb t\u00eb Malit t\u00eb Zi prezantojn\u00eb ofert\u00ebn turistike - Video - Lajme nga Ulqini<\/title>\n<meta name=\"description\" content=\"Zyrtar\u00eb t\u00eb Agjencis\u00eb Komb\u00ebtare t\u00eb Turizmit t\u00eb Malit t\u00eb Zi po prezantojn\u00eb sot n\u00eb Prishtin\u00eb ofert\u00ebn turistike p\u00ebr ver\u00ebn e sivjetshme. Menaxherja e k\u00ebsaj\" \/>\n<meta name=\"robots\" content=\"index, follow, max-snippet:-1, max-image-preview:large, max-video-preview:-1\" \/>\n<link rel=\"canonical\" href=\"https:\/\/www.visit-ulcinj.com\/blog\/2010\/06\/21\/zyrtare-te-malit-te-zi-prezantojne-oferten-turistike\/\" \/>\n<meta property=\"og:locale\" content=\"en_US\" \/>\n<meta property=\"og:type\" content=\"article\" \/>\n<meta property=\"og:title\" content=\"Zyrtar\u00eb t\u00eb Malit t\u00eb Zi prezantojn\u00eb ofert\u00ebn turistike - Video - Lajme nga Ulqini\" \/>\n<meta property=\"og:description\" content=\"Zyrtar\u00eb t\u00eb Agjencis\u00eb Komb\u00ebtare t\u00eb Turizmit t\u00eb Malit t\u00eb Zi po prezantojn\u00eb sot n\u00eb Prishtin\u00eb ofert\u00ebn turistike p\u00ebr ver\u00ebn e sivjetshme. Menaxherja e k\u00ebsaj\" \/>\n<meta property=\"og:url\" content=\"https:\/\/www.visit-ulcinj.com\/blog\/2010\/06\/21\/zyrtare-te-malit-te-zi-prezantojne-oferten-turistike\/\" \/>\n<meta property=\"og:site_name\" content=\"Lajme nga Ulqini\" \/>\n<meta property=\"article:published_time\" content=\"2010-06-21T15:19:57+00:00\" \/>\n<meta property=\"article:modified_time\" content=\"2010-06-22T15:06:55+00:00\" \/>\n<meta property=\"og:image\" content=\"https:\/\/www.visit-ulcinj.com\/blog\/wp-content\/uploads\/2010\/06\/Turizmi-i-Ulqinit-150x150.jpg\" \/>\n<meta name=\"twitter:label1\" content=\"Written by\" \/>\n\t<meta name=\"twitter:data1\" content=\"ulqini\" \/>\n\t<meta name=\"twitter:label2\" content=\"Est. reading time\" \/>\n\t<meta name=\"twitter:data2\" content=\"1 minute\" \/>\n<script type=\"application\/ld+json\" class=\"yoast-schema-graph\">{\"@context\":\"https:\/\/schema.org\",\"@graph\":[{\"@type\":\"WebSite\",\"@id\":\"https:\/\/www.visit-ulcinj.com\/blog\/#website\",\"url\":\"https:\/\/www.visit-ulcinj.com\/blog\/\",\"name\":\"Lajme nga Ulqini\",\"description\":\"Lajme,Vijesti,Ulqini,Ulqin,Crna Gora,Mali i Zi\",\"potentialAction\":[{\"@type\":\"SearchAction\",\"target\":{\"@type\":\"EntryPoint\",\"urlTemplate\":\"https:\/\/www.visit-ulcinj.com\/blog\/?s={search_term_string}\"},\"query-input\":\"required name=search_term_string\"}],\"inLanguage\":\"en-US\"},{\"@type\":\"ImageObject\",\"inLanguage\":\"en-US\",\"@id\":\"https:\/\/www.visit-ulcinj.com\/blog\/2010\/06\/21\/zyrtare-te-malit-te-zi-prezantojne-oferten-turistike\/#primaryimage\",\"url\":\"https:\/\/www.visit-ulcinj.com\/blog\/wp-content\/uploads\/2010\/06\/Turizmi-i-Ulqinit.jpg\",\"contentUrl\":\"https:\/\/www.visit-ulcinj.com\/blog\/wp-content\/uploads\/2010\/06\/Turizmi-i-Ulqinit.jpg\",\"width\":\"546\",\"height\":\"362\"},{\"@type\":\"WebPage\",\"@id\":\"https:\/\/www.visit-ulcinj.com\/blog\/2010\/06\/21\/zyrtare-te-malit-te-zi-prezantojne-oferten-turistike\/#webpage\",\"url\":\"https:\/\/www.visit-ulcinj.com\/blog\/2010\/06\/21\/zyrtare-te-malit-te-zi-prezantojne-oferten-turistike\/\",\"name\":\"Zyrtar\u00eb t\u00eb Malit t\u00eb Zi prezantojn\u00eb ofert\u00ebn turistike - Video - Lajme nga Ulqini\",\"isPartOf\":{\"@id\":\"https:\/\/www.visit-ulcinj.com\/blog\/#website\"},\"primaryImageOfPage\":{\"@id\":\"https:\/\/www.visit-ulcinj.com\/blog\/2010\/06\/21\/zyrtare-te-malit-te-zi-prezantojne-oferten-turistike\/#primaryimage\"},\"datePublished\":\"2010-06-21T15:19:57+00:00\",\"dateModified\":\"2010-06-22T15:06:55+00:00\",\"author\":{\"@id\":\"https:\/\/www.visit-ulcinj.com\/blog\/#\/schema\/person\/dcab619c614d3038751c63bc2aadc06d\"},\"description\":\"Zyrtar\u00eb t\u00eb Agjencis\u00eb Komb\u00ebtare t\u00eb Turizmit t\u00eb Malit t\u00eb Zi po prezantojn\u00eb sot n\u00eb Prishtin\u00eb ofert\u00ebn turistike p\u00ebr ver\u00ebn e sivjetshme. Menaxherja e k\u00ebsaj\",\"breadcrumb\":{\"@id\":\"https:\/\/www.visit-ulcinj.com\/blog\/2010\/06\/21\/zyrtare-te-malit-te-zi-prezantojne-oferten-turistike\/#breadcrumb\"},\"inLanguage\":\"en-US\",\"potentialAction\":[{\"@type\":\"ReadAction\",\"target\":[\"https:\/\/www.visit-ulcinj.com\/blog\/2010\/06\/21\/zyrtare-te-malit-te-zi-prezantojne-oferten-turistike\/\"]}]},{\"@type\":\"BreadcrumbList\",\"@id\":\"https:\/\/www.visit-ulcinj.com\/blog\/2010\/06\/21\/zyrtare-te-malit-te-zi-prezantojne-oferten-turistike\/#breadcrumb\",\"itemListElement\":[{\"@type\":\"ListItem\",\"position\":1,\"name\":\"Zyrtar\u00eb t\u00eb Malit t\u00eb Zi prezantojn\u00eb ofert\u00ebn turistike &#8211; Video\"}]},{\"@type\":\"Person\",\"@id\":\"https:\/\/www.visit-ulcinj.com\/blog\/#\/schema\/person\/dcab619c614d3038751c63bc2aadc06d\",\"name\":\"ulqini\",\"sameAs\":[\"http:\/\/www.visit-ulcinj.com\"],\"url\":\"https:\/\/www.visit-ulcinj.com\/blog\/author\/admin\/\"}]}<\/script>\n<!-- \/ Yoast SEO plugin. -->","yoast_head_json":{"title":"Zyrtar\u00eb t\u00eb Malit t\u00eb Zi prezantojn\u00eb ofert\u00ebn turistike - Video - Lajme nga Ulqini","description":"Zyrtar\u00eb t\u00eb Agjencis\u00eb Komb\u00ebtare t\u00eb Turizmit t\u00eb Malit t\u00eb Zi po prezantojn\u00eb sot n\u00eb Prishtin\u00eb ofert\u00ebn turistike p\u00ebr ver\u00ebn e sivjetshme. Menaxherja e k\u00ebsaj","robots":{"index":"index","follow":"follow","max-snippet":"max-snippet:-1","max-image-preview":"max-image-preview:large","max-video-preview":"max-video-preview:-1"},"canonical":"https:\/\/www.visit-ulcinj.com\/blog\/2010\/06\/21\/zyrtare-te-malit-te-zi-prezantojne-oferten-turistike\/","og_locale":"en_US","og_type":"article","og_title":"Zyrtar\u00eb t\u00eb Malit t\u00eb Zi prezantojn\u00eb ofert\u00ebn turistike - Video - Lajme nga Ulqini","og_description":"Zyrtar\u00eb t\u00eb Agjencis\u00eb Komb\u00ebtare t\u00eb Turizmit t\u00eb Malit t\u00eb Zi po prezantojn\u00eb sot n\u00eb Prishtin\u00eb ofert\u00ebn turistike p\u00ebr ver\u00ebn e sivjetshme. Menaxherja e k\u00ebsaj","og_url":"https:\/\/www.visit-ulcinj.com\/blog\/2010\/06\/21\/zyrtare-te-malit-te-zi-prezantojne-oferten-turistike\/","og_site_name":"Lajme nga Ulqini","article_published_time":"2010-06-21T15:19:57+00:00","article_modified_time":"2010-06-22T15:06:55+00:00","og_image":[{"url":"https:\/\/www.visit-ulcinj.com\/blog\/wp-content\/uploads\/2010\/06\/Turizmi-i-Ulqinit-150x150.jpg"}],"twitter_misc":{"Written by":"ulqini","Est. reading time":"1 minute"},"schema":{"@context":"https:\/\/schema.org","@graph":[{"@type":"WebSite","@id":"https:\/\/www.visit-ulcinj.com\/blog\/#website","url":"https:\/\/www.visit-ulcinj.com\/blog\/","name":"Lajme nga Ulqini","description":"Lajme,Vijesti,Ulqini,Ulqin,Crna Gora,Mali i Zi","potentialAction":[{"@type":"SearchAction","target":{"@type":"EntryPoint","urlTemplate":"https:\/\/www.visit-ulcinj.com\/blog\/?s={search_term_string}"},"query-input":"required name=search_term_string"}],"inLanguage":"en-US"},{"@type":"ImageObject","inLanguage":"en-US","@id":"https:\/\/www.visit-ulcinj.com\/blog\/2010\/06\/21\/zyrtare-te-malit-te-zi-prezantojne-oferten-turistike\/#primaryimage","url":"https:\/\/www.visit-ulcinj.com\/blog\/wp-content\/uploads\/2010\/06\/Turizmi-i-Ulqinit.jpg","contentUrl":"https:\/\/www.visit-ulcinj.com\/blog\/wp-content\/uploads\/2010\/06\/Turizmi-i-Ulqinit.jpg","width":"546","height":"362"},{"@type":"WebPage","@id":"https:\/\/www.visit-ulcinj.com\/blog\/2010\/06\/21\/zyrtare-te-malit-te-zi-prezantojne-oferten-turistike\/#webpage","url":"https:\/\/www.visit-ulcinj.com\/blog\/2010\/06\/21\/zyrtare-te-malit-te-zi-prezantojne-oferten-turistike\/","name":"Zyrtar\u00eb t\u00eb Malit t\u00eb Zi prezantojn\u00eb ofert\u00ebn turistike - Video - Lajme nga Ulqini","isPartOf":{"@id":"https:\/\/www.visit-ulcinj.com\/blog\/#website"},"primaryImageOfPage":{"@id":"https:\/\/www.visit-ulcinj.com\/blog\/2010\/06\/21\/zyrtare-te-malit-te-zi-prezantojne-oferten-turistike\/#primaryimage"},"datePublished":"2010-06-21T15:19:57+00:00","dateModified":"2010-06-22T15:06:55+00:00","author":{"@id":"https:\/\/www.visit-ulcinj.com\/blog\/#\/schema\/person\/dcab619c614d3038751c63bc2aadc06d"},"description":"Zyrtar\u00eb t\u00eb Agjencis\u00eb Komb\u00ebtare t\u00eb Turizmit t\u00eb Malit t\u00eb Zi po prezantojn\u00eb sot n\u00eb Prishtin\u00eb ofert\u00ebn turistike p\u00ebr ver\u00ebn e sivjetshme. Menaxherja e k\u00ebsaj","breadcrumb":{"@id":"https:\/\/www.visit-ulcinj.com\/blog\/2010\/06\/21\/zyrtare-te-malit-te-zi-prezantojne-oferten-turistike\/#breadcrumb"},"inLanguage":"en-US","potentialAction":[{"@type":"ReadAction","target":["https:\/\/www.visit-ulcinj.com\/blog\/2010\/06\/21\/zyrtare-te-malit-te-zi-prezantojne-oferten-turistike\/"]}]},{"@type":"BreadcrumbList","@id":"https:\/\/www.visit-ulcinj.com\/blog\/2010\/06\/21\/zyrtare-te-malit-te-zi-prezantojne-oferten-turistike\/#breadcrumb","itemListElement":[{"@type":"ListItem","position":1,"name":"Zyrtar\u00eb t\u00eb Malit t\u00eb Zi prezantojn\u00eb ofert\u00ebn turistike &#8211; Video"}]},{"@type":"Person","@id":"https:\/\/www.visit-ulcinj.com\/blog\/#\/schema\/person\/dcab619c614d3038751c63bc2aadc06d","name":"ulqini","sameAs":["http:\/\/www.visit-ulcinj.com"],"url":"https:\/\/www.visit-ulcinj.com\/blog\/author\/admin\/"}]}},"jetpack_featured_media_url":"","jetpack_sharing_enabled":true,"jetpack_shortlink":"https:\/\/wp.me\/pe6lTn-94C","_links":{"self":[{"href":"https:\/\/www.visit-ulcinj.com\/blog\/wp-json\/wp\/v2\/posts\/34882"}],"collection":[{"href":"https:\/\/www.visit-ulcinj.com\/blog\/wp-json\/wp\/v2\/posts"}],"about":[{"href":"https:\/\/www.visit-ulcinj.com\/blog\/wp-json\/wp\/v2\/types\/post"}],"author":[{"embeddable":true,"href":"https:\/\/www.visit-ulcinj.com\/blog\/wp-json\/wp\/v2\/users\/1"}],"replies":[{"embeddable":true,"href":"https:\/\/www.visit-ulcinj.com\/blog\/wp-json\/wp\/v2\/comments?post=34882"}],"version-history":[{"count":0,"href":"https:\/\/www.visit-ulcinj.com\/blog\/wp-json\/wp\/v2\/posts\/34882\/revisions"}],"wp:attachment":[{"href":"https:\/\/www.visit-ulcinj.com\/blog\/wp-json\/wp\/v2\/media?parent=34882"}],"wp:term":[{"taxonomy":"category","embeddable":true,"href":"https:\/\/www.visit-ulcinj.com\/blog\/wp-json\/wp\/v2\/categories?post=34882"},{"taxonomy":"post_tag","embeddable":true,"href":"https:\/\/www.visit-ulcinj.com\/blog\/wp-json\/wp\/v2\/tags?post=34882"}],"curies":[{"name":"wp","href":"https:\/\/api.w.org\/{rel}","templated":true}]}}