{"id":34887,"date":"2010-06-21T17:41:59","date_gmt":"2010-06-21T15:41:59","guid":{"rendered":"http:\/\/www.visit-ulcinj.com\/blog\/?p=34887"},"modified":"2010-06-21T17:41:59","modified_gmt":"2010-06-21T15:41:59","slug":"kufiri-i-dikurshem-administrativ-kosove-mali-i-zi-do-te-behet-shteteror","status":"publish","type":"post","link":"https:\/\/www.visit-ulcinj.com\/blog\/2010\/06\/21\/kufiri-i-dikurshem-administrativ-kosove-mali-i-zi-do-te-behet-shteteror\/","title":{"rendered":"Kufiri i dikursh\u00ebm administrativ Kosov\u00eb-Mali i Zi do t\u00eb b\u00ebhet shtet\u00ebror"},"content":{"rendered":"<p><a href=\"http:\/\/www.visit-ulcinj.com\/blog\/wp-content\/uploads\/2010\/06\/Ivan-Brajoviq-_Bajram-Rexhepi.jpg\"><img loading=\"lazy\" class=\"alignleft size-full wp-image-34888\" title=\"Ivan Brajoviq _Bajram Rexhepi\" src=\"http:\/\/www.visit-ulcinj.com\/blog\/wp-content\/uploads\/2010\/06\/Ivan-Brajoviq-_Bajram-Rexhepi.jpg\" alt=\"Ivan Brajoviq _Bajram Rexhepi\" width=\"490\" height=\"370\" \/><\/a>Podgoric\u00eb, 21 qershor &#8211; Demarkacioni i kufirit t\u00eb Malit t\u00eb Zi dhe Kosov\u00ebs do t\u00eb duhej t\u00eb p\u00ebrfundoj\u00eb deri n\u00eb fund t\u00eb vitit, kan\u00eb deklaruar t\u00eb h\u00ebn\u00ebn, n\u00eb Podgoric\u00eb, ministrat e Pun\u00ebve t\u00eb Brendshme, Ivan Brajoviq dhe Bajram Rexhepi.<br \/>\nDuke folur n\u00eb nj\u00eb konferenc\u00eb shtypi pas takimit, Rexhepi tha se Kosova dhe Mali i Zi nuk kan\u00eb pretendime p\u00ebr asnj\u00eb met\u00ebr katror t\u00eb territorit t\u00eb vendit tjet\u00ebr dhe se shpresohet se deri n\u00eb fund t\u00eb k\u00ebtij, ose vitin e ardhsh\u00ebm do t\u00eb ket\u00eb demarkacion, njofton nga Podgorica KosovaLive.<br \/>\nHomologu i tij, Ivan Brajoviq n\u00ebnvizoi se nuk ka asnj\u00eb dilem\u00eb, as nga ana e tyre, as nga pala kosovare, q\u00eb kufijt\u00eb administrativ\u00eb, t\u00eb cil\u00ebt kan\u00eb qen\u00eb kufij n\u00eb ish-Jugosllavi, t\u00eb b\u00ebhen kufij shtet\u00ebror\u00eb.<br \/>\nRexhepi dhe Brajovic deklaruan se kan\u00eb gjetur edhe zgjidhjen e p\u00ebrkohshme p\u00ebr barinjt\u00eb nga Kosova, t\u00eb cil\u00ebt k\u00ebrkojn\u00eb t\u00eb drejtat e tyre p\u00ebr t\u00eb shfryt\u00ebzuar kullosat e veta n\u00eb territorin e Malit t\u00eb Zi.<br \/>\n\u201cN\u00eb pajtim me ligjin, do t\u00eb paralajm\u00ebrohet edhe do t\u00eb b\u00ebhet e ditur se kur do t\u00eb arrijn\u00eb njer\u00ebzit, t\u00eb cil\u00ebt shfryt\u00ebzojn\u00eb kullosat&#8230; do t\u00eb mund t\u00eb kalojn\u00eb kufirin me bag\u00ebti t\u00eb ngarkuara n\u00eb kamion\u00eb, t\u00eb monitoruara si dhe t\u00eb p\u00ebrcillen nga policia deri n\u00eb Lebane. N\u00eb t\u00eb nj\u00ebjt\u00ebn m\u00ebnyr\u00eb n\u00eb fund t\u00eb ver\u00ebs t\u00eb p\u00ebrcillen deri n\u00eb kufi me Kosov\u00ebn\u201d, tha ai.<br \/>\nDuke e prekur letr\u00ebn e d\u00ebrguar nga Rexhepi, Brajoviq tha se aty nuk ka pasur fjal\u00eb t\u00eb r\u00ebnda d\u00ebrguar Malit t\u00eb Zi . \u201c&#8230;asgj\u00eb q\u00eb do t\u00eb mund t\u00eb shkaktonte ato reagime t\u00eb cilat jan\u00eb d\u00ebgjuar e lexuar n\u00eb media.\u201d<br \/>\nAi tha se duhet intensifikuar negociatat mbi hapjen e kufirit p\u00ebr komunikacion nd\u00ebrkomb\u00ebtar, duke theksuar se tash funksionon vet\u00ebm nj\u00eb, dhe se do t\u00eb duhej t\u00eb rivitalizohet aksi rrugor Murin\u00eb-\u00c7akor-Pej\u00eb.<\/p>\n<p><strong>KOHA NET<\/strong><\/p>\n","protected":false},"excerpt":{"rendered":"<p>Podgoric\u00eb, 21 qershor &#8211; Demarkacioni i kufirit t\u00eb Malit t\u00eb Zi dhe Kosov\u00ebs do t\u00eb duhej t\u00eb p\u00ebrfundoj\u00eb deri n\u00eb fund t\u00eb vitit, kan\u00eb deklaruar t\u00eb h\u00ebn\u00ebn, n\u00eb Podgoric\u00eb, ministrat e Pun\u00ebve t\u00eb Brendshme, Ivan Brajoviq dhe Bajram Rexhepi. Duke folur n\u00eb nj\u00eb konferenc\u00eb shtypi pas takimit, Rexhepi tha se Kosova dhe Mali i Zi [&hellip;]<\/p>\n","protected":false},"author":1,"featured_media":0,"comment_status":"open","ping_status":"closed","sticky":false,"template":"","format":"standard","meta":{"spay_email":"","jetpack_publicize_message":"","jetpack_is_tweetstorm":false,"jetpack_publicize_feature_enabled":true},"categories":[14],"tags":[10242,14727],"jetpack_publicize_connections":[],"yoast_head":"<!-- This site is optimized with the Yoast SEO plugin v19.1 - https:\/\/yoast.com\/wordpress\/plugins\/seo\/ -->\n<title>Kufiri i dikursh\u00ebm administrativ Kosov\u00eb-Mali i Zi do t\u00eb b\u00ebhet shtet\u00ebror - Lajme nga Ulqini<\/title>\n<meta name=\"description\" content=\"Podgoric\u00eb, 21 qershor - Demarkacioni i kufirit t\u00eb Malit t\u00eb Zi dhe Kosov\u00ebs do t\u00eb duhej t\u00eb p\u00ebrfundoj\u00eb deri n\u00eb fund t\u00eb vitit, kan\u00eb deklaruar t\u00eb h\u00ebn\u00ebn, n\u00eb\" \/>\n<meta name=\"robots\" content=\"index, follow, max-snippet:-1, max-image-preview:large, max-video-preview:-1\" \/>\n<link rel=\"canonical\" href=\"https:\/\/www.visit-ulcinj.com\/blog\/2010\/06\/21\/kufiri-i-dikurshem-administrativ-kosove-mali-i-zi-do-te-behet-shteteror\/\" \/>\n<meta property=\"og:locale\" content=\"en_US\" \/>\n<meta property=\"og:type\" content=\"article\" \/>\n<meta property=\"og:title\" content=\"Kufiri i dikursh\u00ebm administrativ Kosov\u00eb-Mali i Zi do t\u00eb b\u00ebhet shtet\u00ebror - Lajme nga Ulqini\" \/>\n<meta property=\"og:description\" content=\"Podgoric\u00eb, 21 qershor - Demarkacioni i kufirit t\u00eb Malit t\u00eb Zi dhe Kosov\u00ebs do t\u00eb duhej t\u00eb p\u00ebrfundoj\u00eb deri n\u00eb fund t\u00eb vitit, kan\u00eb deklaruar t\u00eb h\u00ebn\u00ebn, n\u00eb\" \/>\n<meta property=\"og:url\" content=\"https:\/\/www.visit-ulcinj.com\/blog\/2010\/06\/21\/kufiri-i-dikurshem-administrativ-kosove-mali-i-zi-do-te-behet-shteteror\/\" \/>\n<meta property=\"og:site_name\" content=\"Lajme nga Ulqini\" \/>\n<meta property=\"article:published_time\" content=\"2010-06-21T15:41:59+00:00\" \/>\n<meta property=\"og:image\" content=\"http:\/\/www.visit-ulcinj.com\/blog\/wp-content\/uploads\/2010\/06\/Ivan-Brajoviq-_Bajram-Rexhepi.jpg\" \/>\n<meta name=\"twitter:label1\" content=\"Written by\" \/>\n\t<meta name=\"twitter:data1\" content=\"ulqini\" \/>\n\t<meta name=\"twitter:label2\" content=\"Est. reading time\" \/>\n\t<meta name=\"twitter:data2\" content=\"2 minutes\" \/>\n<script type=\"application\/ld+json\" class=\"yoast-schema-graph\">{\"@context\":\"https:\/\/schema.org\",\"@graph\":[{\"@type\":\"WebSite\",\"@id\":\"https:\/\/www.visit-ulcinj.com\/blog\/#website\",\"url\":\"https:\/\/www.visit-ulcinj.com\/blog\/\",\"name\":\"Lajme nga Ulqini\",\"description\":\"Lajme,Vijesti,Ulqini,Ulqin,Crna Gora,Mali i Zi\",\"potentialAction\":[{\"@type\":\"SearchAction\",\"target\":{\"@type\":\"EntryPoint\",\"urlTemplate\":\"https:\/\/www.visit-ulcinj.com\/blog\/?s={search_term_string}\"},\"query-input\":\"required name=search_term_string\"}],\"inLanguage\":\"en-US\"},{\"@type\":\"ImageObject\",\"inLanguage\":\"en-US\",\"@id\":\"https:\/\/www.visit-ulcinj.com\/blog\/2010\/06\/21\/kufiri-i-dikurshem-administrativ-kosove-mali-i-zi-do-te-behet-shteteror\/#primaryimage\",\"url\":\"https:\/\/www.visit-ulcinj.com\/blog\/wp-content\/uploads\/2010\/06\/Ivan-Brajoviq-_Bajram-Rexhepi.jpg\",\"contentUrl\":\"https:\/\/www.visit-ulcinj.com\/blog\/wp-content\/uploads\/2010\/06\/Ivan-Brajoviq-_Bajram-Rexhepi.jpg\",\"width\":\"640\",\"height\":\"370\"},{\"@type\":\"WebPage\",\"@id\":\"https:\/\/www.visit-ulcinj.com\/blog\/2010\/06\/21\/kufiri-i-dikurshem-administrativ-kosove-mali-i-zi-do-te-behet-shteteror\/#webpage\",\"url\":\"https:\/\/www.visit-ulcinj.com\/blog\/2010\/06\/21\/kufiri-i-dikurshem-administrativ-kosove-mali-i-zi-do-te-behet-shteteror\/\",\"name\":\"Kufiri i dikursh\u00ebm administrativ Kosov\u00eb-Mali i Zi do t\u00eb b\u00ebhet shtet\u00ebror - Lajme nga Ulqini\",\"isPartOf\":{\"@id\":\"https:\/\/www.visit-ulcinj.com\/blog\/#website\"},\"primaryImageOfPage\":{\"@id\":\"https:\/\/www.visit-ulcinj.com\/blog\/2010\/06\/21\/kufiri-i-dikurshem-administrativ-kosove-mali-i-zi-do-te-behet-shteteror\/#primaryimage\"},\"datePublished\":\"2010-06-21T15:41:59+00:00\",\"dateModified\":\"2010-06-21T15:41:59+00:00\",\"author\":{\"@id\":\"https:\/\/www.visit-ulcinj.com\/blog\/#\/schema\/person\/dcab619c614d3038751c63bc2aadc06d\"},\"description\":\"Podgoric\u00eb, 21 qershor - Demarkacioni i kufirit t\u00eb Malit t\u00eb Zi dhe Kosov\u00ebs do t\u00eb duhej t\u00eb p\u00ebrfundoj\u00eb deri n\u00eb fund t\u00eb vitit, kan\u00eb deklaruar t\u00eb h\u00ebn\u00ebn, n\u00eb\",\"breadcrumb\":{\"@id\":\"https:\/\/www.visit-ulcinj.com\/blog\/2010\/06\/21\/kufiri-i-dikurshem-administrativ-kosove-mali-i-zi-do-te-behet-shteteror\/#breadcrumb\"},\"inLanguage\":\"en-US\",\"potentialAction\":[{\"@type\":\"ReadAction\",\"target\":[\"https:\/\/www.visit-ulcinj.com\/blog\/2010\/06\/21\/kufiri-i-dikurshem-administrativ-kosove-mali-i-zi-do-te-behet-shteteror\/\"]}]},{\"@type\":\"BreadcrumbList\",\"@id\":\"https:\/\/www.visit-ulcinj.com\/blog\/2010\/06\/21\/kufiri-i-dikurshem-administrativ-kosove-mali-i-zi-do-te-behet-shteteror\/#breadcrumb\",\"itemListElement\":[{\"@type\":\"ListItem\",\"position\":1,\"name\":\"Kufiri i dikursh\u00ebm administrativ Kosov\u00eb-Mali i Zi do t\u00eb b\u00ebhet shtet\u00ebror\"}]},{\"@type\":\"Person\",\"@id\":\"https:\/\/www.visit-ulcinj.com\/blog\/#\/schema\/person\/dcab619c614d3038751c63bc2aadc06d\",\"name\":\"ulqini\",\"sameAs\":[\"http:\/\/www.visit-ulcinj.com\"],\"url\":\"https:\/\/www.visit-ulcinj.com\/blog\/author\/admin\/\"}]}<\/script>\n<!-- \/ Yoast SEO plugin. -->","yoast_head_json":{"title":"Kufiri i dikursh\u00ebm administrativ Kosov\u00eb-Mali i Zi do t\u00eb b\u00ebhet shtet\u00ebror - Lajme nga Ulqini","description":"Podgoric\u00eb, 21 qershor - Demarkacioni i kufirit t\u00eb Malit t\u00eb Zi dhe Kosov\u00ebs do t\u00eb duhej t\u00eb p\u00ebrfundoj\u00eb deri n\u00eb fund t\u00eb vitit, kan\u00eb deklaruar t\u00eb h\u00ebn\u00ebn, n\u00eb","robots":{"index":"index","follow":"follow","max-snippet":"max-snippet:-1","max-image-preview":"max-image-preview:large","max-video-preview":"max-video-preview:-1"},"canonical":"https:\/\/www.visit-ulcinj.com\/blog\/2010\/06\/21\/kufiri-i-dikurshem-administrativ-kosove-mali-i-zi-do-te-behet-shteteror\/","og_locale":"en_US","og_type":"article","og_title":"Kufiri i dikursh\u00ebm administrativ Kosov\u00eb-Mali i Zi do t\u00eb b\u00ebhet shtet\u00ebror - Lajme nga Ulqini","og_description":"Podgoric\u00eb, 21 qershor - Demarkacioni i kufirit t\u00eb Malit t\u00eb Zi dhe Kosov\u00ebs do t\u00eb duhej t\u00eb p\u00ebrfundoj\u00eb deri n\u00eb fund t\u00eb vitit, kan\u00eb deklaruar t\u00eb h\u00ebn\u00ebn, n\u00eb","og_url":"https:\/\/www.visit-ulcinj.com\/blog\/2010\/06\/21\/kufiri-i-dikurshem-administrativ-kosove-mali-i-zi-do-te-behet-shteteror\/","og_site_name":"Lajme nga Ulqini","article_published_time":"2010-06-21T15:41:59+00:00","og_image":[{"url":"http:\/\/www.visit-ulcinj.com\/blog\/wp-content\/uploads\/2010\/06\/Ivan-Brajoviq-_Bajram-Rexhepi.jpg"}],"twitter_misc":{"Written by":"ulqini","Est. reading time":"2 minutes"},"schema":{"@context":"https:\/\/schema.org","@graph":[{"@type":"WebSite","@id":"https:\/\/www.visit-ulcinj.com\/blog\/#website","url":"https:\/\/www.visit-ulcinj.com\/blog\/","name":"Lajme nga Ulqini","description":"Lajme,Vijesti,Ulqini,Ulqin,Crna Gora,Mali i Zi","potentialAction":[{"@type":"SearchAction","target":{"@type":"EntryPoint","urlTemplate":"https:\/\/www.visit-ulcinj.com\/blog\/?s={search_term_string}"},"query-input":"required name=search_term_string"}],"inLanguage":"en-US"},{"@type":"ImageObject","inLanguage":"en-US","@id":"https:\/\/www.visit-ulcinj.com\/blog\/2010\/06\/21\/kufiri-i-dikurshem-administrativ-kosove-mali-i-zi-do-te-behet-shteteror\/#primaryimage","url":"https:\/\/www.visit-ulcinj.com\/blog\/wp-content\/uploads\/2010\/06\/Ivan-Brajoviq-_Bajram-Rexhepi.jpg","contentUrl":"https:\/\/www.visit-ulcinj.com\/blog\/wp-content\/uploads\/2010\/06\/Ivan-Brajoviq-_Bajram-Rexhepi.jpg","width":"640","height":"370"},{"@type":"WebPage","@id":"https:\/\/www.visit-ulcinj.com\/blog\/2010\/06\/21\/kufiri-i-dikurshem-administrativ-kosove-mali-i-zi-do-te-behet-shteteror\/#webpage","url":"https:\/\/www.visit-ulcinj.com\/blog\/2010\/06\/21\/kufiri-i-dikurshem-administrativ-kosove-mali-i-zi-do-te-behet-shteteror\/","name":"Kufiri i dikursh\u00ebm administrativ Kosov\u00eb-Mali i Zi do t\u00eb b\u00ebhet shtet\u00ebror - Lajme nga Ulqini","isPartOf":{"@id":"https:\/\/www.visit-ulcinj.com\/blog\/#website"},"primaryImageOfPage":{"@id":"https:\/\/www.visit-ulcinj.com\/blog\/2010\/06\/21\/kufiri-i-dikurshem-administrativ-kosove-mali-i-zi-do-te-behet-shteteror\/#primaryimage"},"datePublished":"2010-06-21T15:41:59+00:00","dateModified":"2010-06-21T15:41:59+00:00","author":{"@id":"https:\/\/www.visit-ulcinj.com\/blog\/#\/schema\/person\/dcab619c614d3038751c63bc2aadc06d"},"description":"Podgoric\u00eb, 21 qershor - Demarkacioni i kufirit t\u00eb Malit t\u00eb Zi dhe Kosov\u00ebs do t\u00eb duhej t\u00eb p\u00ebrfundoj\u00eb deri n\u00eb fund t\u00eb vitit, kan\u00eb deklaruar t\u00eb h\u00ebn\u00ebn, n\u00eb","breadcrumb":{"@id":"https:\/\/www.visit-ulcinj.com\/blog\/2010\/06\/21\/kufiri-i-dikurshem-administrativ-kosove-mali-i-zi-do-te-behet-shteteror\/#breadcrumb"},"inLanguage":"en-US","potentialAction":[{"@type":"ReadAction","target":["https:\/\/www.visit-ulcinj.com\/blog\/2010\/06\/21\/kufiri-i-dikurshem-administrativ-kosove-mali-i-zi-do-te-behet-shteteror\/"]}]},{"@type":"BreadcrumbList","@id":"https:\/\/www.visit-ulcinj.com\/blog\/2010\/06\/21\/kufiri-i-dikurshem-administrativ-kosove-mali-i-zi-do-te-behet-shteteror\/#breadcrumb","itemListElement":[{"@type":"ListItem","position":1,"name":"Kufiri i dikursh\u00ebm administrativ Kosov\u00eb-Mali i Zi do t\u00eb b\u00ebhet shtet\u00ebror"}]},{"@type":"Person","@id":"https:\/\/www.visit-ulcinj.com\/blog\/#\/schema\/person\/dcab619c614d3038751c63bc2aadc06d","name":"ulqini","sameAs":["http:\/\/www.visit-ulcinj.com"],"url":"https:\/\/www.visit-ulcinj.com\/blog\/author\/admin\/"}]}},"jetpack_featured_media_url":"","jetpack_sharing_enabled":true,"jetpack_shortlink":"https:\/\/wp.me\/pe6lTn-94H","_links":{"self":[{"href":"https:\/\/www.visit-ulcinj.com\/blog\/wp-json\/wp\/v2\/posts\/34887"}],"collection":[{"href":"https:\/\/www.visit-ulcinj.com\/blog\/wp-json\/wp\/v2\/posts"}],"about":[{"href":"https:\/\/www.visit-ulcinj.com\/blog\/wp-json\/wp\/v2\/types\/post"}],"author":[{"embeddable":true,"href":"https:\/\/www.visit-ulcinj.com\/blog\/wp-json\/wp\/v2\/users\/1"}],"replies":[{"embeddable":true,"href":"https:\/\/www.visit-ulcinj.com\/blog\/wp-json\/wp\/v2\/comments?post=34887"}],"version-history":[{"count":0,"href":"https:\/\/www.visit-ulcinj.com\/blog\/wp-json\/wp\/v2\/posts\/34887\/revisions"}],"wp:attachment":[{"href":"https:\/\/www.visit-ulcinj.com\/blog\/wp-json\/wp\/v2\/media?parent=34887"}],"wp:term":[{"taxonomy":"category","embeddable":true,"href":"https:\/\/www.visit-ulcinj.com\/blog\/wp-json\/wp\/v2\/categories?post=34887"},{"taxonomy":"post_tag","embeddable":true,"href":"https:\/\/www.visit-ulcinj.com\/blog\/wp-json\/wp\/v2\/tags?post=34887"}],"curies":[{"name":"wp","href":"https:\/\/api.w.org\/{rel}","templated":true}]}}