{"id":34911,"date":"2010-06-22T16:46:30","date_gmt":"2010-06-22T14:46:30","guid":{"rendered":"http:\/\/www.visit-ulcinj.com\/blog\/?p=34911"},"modified":"2010-06-23T19:08:41","modified_gmt":"2010-06-23T17:08:41","slug":"ulqini-me-kuvend-e-pa-ekzekutiv","status":"publish","type":"post","link":"https:\/\/www.visit-ulcinj.com\/blog\/2010\/06\/22\/ulqini-me-kuvend-e-pa-ekzekutiv\/","title":{"rendered":"Ulqini me Kuvend e pa ekzekutiv"},"content":{"rendered":"<p><a href=\"http:\/\/www.visit-ulcinj.com\/blog\/wp-content\/uploads\/2010\/06\/PDS_UDSH_Udheheqin-Ulqinin.jpg\"><img loading=\"lazy\" class=\"alignleft size-full wp-image-34912\" title=\"PDS_UDSH_Udheheqin Ulqinin\" src=\"http:\/\/www.visit-ulcinj.com\/blog\/wp-content\/uploads\/2010\/06\/PDS_UDSH_Udheheqin-Ulqinin.jpg\" alt=\"PDS_UDSH_Udheheqin Ulqinin\" width=\"490\" height=\"390\" \/><\/a>Ulqin, 22 qershor &#8211; Kuvendi i Ulqinit, dy dit\u00eb para skadimit t\u00eb afatit ligjor, ka verifikuar mandatet e 33 k\u00ebshilltar\u00ebve, aq sa ka ky institucion legjislativ vendor, por ky akt nuk e ka zgjidhur \u00e7\u00ebshtjen e themelimit t\u00eb qeverisjes vendore, meq\u00eb ende nuk \u00ebsht\u00eb n\u00ebnshkruar asnj\u00eb marr\u00ebveshje koalicioni p\u00ebr t\u00eb ushtruar pushtetin vendor n\u00eb kat\u00ebr vitet e ardhshme.<br \/>\nKoalicioni \u201cP\u00ebr Ulqinin evropian\u201d, t\u00eb cilin e p\u00ebrb\u00ebjn\u00eb Partia Demokratike Socialiste e kryeministrit Milo Gjukanoviq dhe Unioni Demokratik i Shqiptar\u00ebve i ministrit t\u00eb Pakicave, Ferhat Dinosha, n\u00eb zgjedhjet lokale t\u00eb 23 majit, ka siguruar 14 mandate, por p\u00ebr ta siguruar shumic\u00ebn i nevojiten edhe 3 k\u00ebshilltar\u00eb.<br \/>\nP\u00ebrfaq\u00ebsuesit e k\u00ebtij grupimi politik menj\u00ebher\u00eb pas shpalljes s\u00eb rezultatit t\u00eb zgjedhjeve t\u00eb majit, kan\u00eb deklaruar se bashk\u00ebqeverisjen do ta vazhdojn\u00eb me dy partner\u00ebt tjer\u00eb nga mandati i kaluar, Partin\u00eb e Prosperitetit Demokratik dhe Partin\u00eb Socialdemokratike \/PSD\/<br \/>\nPor, PSD, n\u00eb k\u00ebto zgjedhje ka dyfishuar numrin e k\u00ebshilltar\u00ebve dhe k\u00ebrkon pushtet m\u00eb shum\u00eb. Kjo parti n\u00eb nj\u00ebfar\u00eb m\u00ebnyre edhe po konsiderohet \u201c\u00e7el\u00ebsi\u201d i themelimit t\u00eb qeverisjes s\u00eb re lokale, e cila ka k\u00ebrkuar ofert\u00ebn me shkrim, nd\u00ebrkaq koalicioni \u201cP\u00ebr Ulqinin evropian\u201d ngurron ta b\u00ebj\u00eb k\u00ebt\u00eb.<br \/>\nBlloku opozitar q\u00eb kryesohet nga Forca e Re Demokratike, e cila ka fituar 11 k\u00ebshilltar\u00eb q\u00eb \u00ebsht\u00eb edhe partia m\u00eb e madhe politike nacionale n\u00eb Ulqin, s\u00eb bashku me Lidhjen Demokratike dhe Perspektiv\u00ebn, nuk kan\u00eb numrin e duhur t\u00eb k\u00ebshilltar\u00ebve p\u00ebr t\u00eb themeluar shumic\u00ebn. PSD nuk i \u00ebsht\u00eb p\u00ebrgjigjur Forc\u00ebs n\u00eb ofert\u00ebn e b\u00ebr\u00eb, nd\u00ebrsa koalicioni i partive serbe nuk i bashkohet asnj\u00ebrit krah q\u00eb t\u00eb b\u00ebhet qeverisja lokale.<br \/>\nKryesuesi i seanc\u00ebs konstituive, pas verifikimit t\u00eb mandatit t\u00eb k\u00ebshilltar\u00ebve, nuk caktoi asnj\u00eb dat\u00eb se kur do t\u00eb mund t\u00eb vazhdoj\u00eb ajo p\u00ebr t\u00eb zgjedhur kryetarin e Parlamentit dhe at\u00eb t\u00eb Komun\u00ebs.<br \/>\n<strong>KOHA NET<br \/>\n\n\t\t<style type=\"text\/css\">\n\t\t\t#gallery-1 {\n\t\t\t\tmargin: auto;\n\t\t\t}\n\t\t\t#gallery-1 .gallery-item {\n\t\t\t\tfloat: left;\n\t\t\t\tmargin-top: 10px;\n\t\t\t\ttext-align: center;\n\t\t\t\twidth: 33%;\n\t\t\t}\n\t\t\t#gallery-1 img {\n\t\t\t\tborder: 2px solid #cfcfcf;\n\t\t\t}\n\t\t\t#gallery-1 .gallery-caption {\n\t\t\t\tmargin-left: 0;\n\t\t\t}\n\t\t\t\/* see gallery_shortcode() in wp-includes\/media.php *\/\n\t\t<\/style>\n\t\t<div id='gallery-1' class='gallery galleryid-34911 gallery-columns-3 gallery-size-thumbnail'><dl class='gallery-item'>\n\t\t\t<dt class='gallery-icon landscape'>\n\t\t\t\t<a href='https:\/\/www.visit-ulcinj.com\/blog\/wp-content\/uploads\/2010\/06\/PDS_UDSH_Udheheqin-Ulqinin.jpg'><img width=\"150\" height=\"150\" src=\"https:\/\/www.visit-ulcinj.com\/blog\/wp-content\/uploads\/2010\/06\/PDS_UDSH_Udheheqin-Ulqinin-150x150.jpg\" class=\"attachment-thumbnail size-thumbnail\" alt=\"\" loading=\"lazy\" \/><\/a>\n\t\t\t<\/dt><\/dl><dl class='gallery-item'>\n\t\t\t<dt class='gallery-icon landscape'>\n\t\t\t\t<a href='https:\/\/www.visit-ulcinj.com\/blog\/wp-content\/uploads\/2010\/06\/PDS_UDSH_Udheheqin-Ulqinin.1.jpg'><img width=\"150\" height=\"150\" src=\"https:\/\/www.visit-ulcinj.com\/blog\/wp-content\/uploads\/2010\/06\/PDS_UDSH_Udheheqin-Ulqinin.1-150x150.jpg\" class=\"attachment-thumbnail size-thumbnail\" alt=\"\" loading=\"lazy\" \/><\/a>\n\t\t\t<\/dt><\/dl><dl class='gallery-item'>\n\t\t\t<dt class='gallery-icon landscape'>\n\t\t\t\t<a href='https:\/\/www.visit-ulcinj.com\/blog\/wp-content\/uploads\/2010\/06\/PDS_UDSH_Udheheqin-Ulqinin.2.jpg'><img width=\"150\" height=\"150\" src=\"https:\/\/www.visit-ulcinj.com\/blog\/wp-content\/uploads\/2010\/06\/PDS_UDSH_Udheheqin-Ulqinin.2-150x150.jpg\" class=\"attachment-thumbnail size-thumbnail\" alt=\"\" loading=\"lazy\" \/><\/a>\n\t\t\t<\/dt><\/dl><br style=\"clear: both\" \/>\n\t\t<\/div>\n<\/p>\n<p><\/strong><\/p>\n<p><strong> <\/strong><\/p>\n","protected":false},"excerpt":{"rendered":"<p>Ulqin, 22 qershor &#8211; Kuvendi i Ulqinit, dy dit\u00eb para skadimit t\u00eb afatit ligjor, ka verifikuar mandatet e 33 k\u00ebshilltar\u00ebve, aq sa ka ky institucion legjislativ vendor, por ky akt nuk e ka zgjidhur \u00e7\u00ebshtjen e themelimit t\u00eb qeverisjes vendore, meq\u00eb ende nuk \u00ebsht\u00eb n\u00ebnshkruar asnj\u00eb marr\u00ebveshje koalicioni p\u00ebr t\u00eb ushtruar pushtetin vendor n\u00eb kat\u00ebr [&hellip;]<\/p>\n","protected":false},"author":1,"featured_media":0,"comment_status":"open","ping_status":"closed","sticky":false,"template":"","format":"standard","meta":{"spay_email":"","jetpack_publicize_message":"","jetpack_is_tweetstorm":false,"jetpack_publicize_feature_enabled":true},"categories":[6],"tags":[5891,2394,18,14731],"jetpack_publicize_connections":[],"yoast_head":"<!-- This site is optimized with the Yoast SEO plugin v19.1 - https:\/\/yoast.com\/wordpress\/plugins\/seo\/ -->\n<title>Ulqini me Kuvend e pa ekzekutiv - Lajme nga Ulqini<\/title>\n<meta name=\"description\" content=\"Ulqin, 22 qershor - Kuvendi i Ulqinit, dy dit\u00eb para skadimit t\u00eb afatit ligjor, ka verifikuar mandatet e 33 k\u00ebshilltar\u00ebve, aq sa ka ky institucion\" \/>\n<meta name=\"robots\" content=\"index, follow, max-snippet:-1, max-image-preview:large, max-video-preview:-1\" \/>\n<link rel=\"canonical\" href=\"https:\/\/www.visit-ulcinj.com\/blog\/2010\/06\/22\/ulqini-me-kuvend-e-pa-ekzekutiv\/\" \/>\n<meta property=\"og:locale\" content=\"en_US\" \/>\n<meta property=\"og:type\" content=\"article\" \/>\n<meta property=\"og:title\" content=\"Ulqini me Kuvend e pa ekzekutiv - Lajme nga Ulqini\" \/>\n<meta property=\"og:description\" content=\"Ulqin, 22 qershor - Kuvendi i Ulqinit, dy dit\u00eb para skadimit t\u00eb afatit ligjor, ka verifikuar mandatet e 33 k\u00ebshilltar\u00ebve, aq sa ka ky institucion\" \/>\n<meta property=\"og:url\" content=\"https:\/\/www.visit-ulcinj.com\/blog\/2010\/06\/22\/ulqini-me-kuvend-e-pa-ekzekutiv\/\" \/>\n<meta property=\"og:site_name\" content=\"Lajme nga Ulqini\" \/>\n<meta property=\"article:published_time\" content=\"2010-06-22T14:46:30+00:00\" \/>\n<meta property=\"article:modified_time\" content=\"2010-06-23T17:08:41+00:00\" \/>\n<meta property=\"og:image\" content=\"https:\/\/www.visit-ulcinj.com\/blog\/wp-content\/uploads\/2010\/06\/PDS_UDSH_Udheheqin-Ulqinin-150x150.jpg\" \/>\n<meta name=\"twitter:label1\" content=\"Written by\" \/>\n\t<meta name=\"twitter:data1\" content=\"ulqini\" \/>\n\t<meta name=\"twitter:label2\" content=\"Est. reading time\" \/>\n\t<meta name=\"twitter:data2\" content=\"2 minutes\" \/>\n<script type=\"application\/ld+json\" class=\"yoast-schema-graph\">{\"@context\":\"https:\/\/schema.org\",\"@graph\":[{\"@type\":\"WebSite\",\"@id\":\"https:\/\/www.visit-ulcinj.com\/blog\/#website\",\"url\":\"https:\/\/www.visit-ulcinj.com\/blog\/\",\"name\":\"Lajme nga Ulqini\",\"description\":\"Lajme,Vijesti,Ulqini,Ulqin,Crna Gora,Mali i Zi\",\"potentialAction\":[{\"@type\":\"SearchAction\",\"target\":{\"@type\":\"EntryPoint\",\"urlTemplate\":\"https:\/\/www.visit-ulcinj.com\/blog\/?s={search_term_string}\"},\"query-input\":\"required name=search_term_string\"}],\"inLanguage\":\"en-US\"},{\"@type\":\"ImageObject\",\"inLanguage\":\"en-US\",\"@id\":\"https:\/\/www.visit-ulcinj.com\/blog\/2010\/06\/22\/ulqini-me-kuvend-e-pa-ekzekutiv\/#primaryimage\",\"url\":\"https:\/\/www.visit-ulcinj.com\/blog\/wp-content\/uploads\/2010\/06\/PDS_UDSH_Udheheqin-Ulqinin.jpg\",\"contentUrl\":\"https:\/\/www.visit-ulcinj.com\/blog\/wp-content\/uploads\/2010\/06\/PDS_UDSH_Udheheqin-Ulqinin.jpg\",\"width\":\"719\",\"height\":\"479\"},{\"@type\":\"WebPage\",\"@id\":\"https:\/\/www.visit-ulcinj.com\/blog\/2010\/06\/22\/ulqini-me-kuvend-e-pa-ekzekutiv\/#webpage\",\"url\":\"https:\/\/www.visit-ulcinj.com\/blog\/2010\/06\/22\/ulqini-me-kuvend-e-pa-ekzekutiv\/\",\"name\":\"Ulqini me Kuvend e pa ekzekutiv - Lajme nga Ulqini\",\"isPartOf\":{\"@id\":\"https:\/\/www.visit-ulcinj.com\/blog\/#website\"},\"primaryImageOfPage\":{\"@id\":\"https:\/\/www.visit-ulcinj.com\/blog\/2010\/06\/22\/ulqini-me-kuvend-e-pa-ekzekutiv\/#primaryimage\"},\"datePublished\":\"2010-06-22T14:46:30+00:00\",\"dateModified\":\"2010-06-23T17:08:41+00:00\",\"author\":{\"@id\":\"https:\/\/www.visit-ulcinj.com\/blog\/#\/schema\/person\/dcab619c614d3038751c63bc2aadc06d\"},\"description\":\"Ulqin, 22 qershor - Kuvendi i Ulqinit, dy dit\u00eb para skadimit t\u00eb afatit ligjor, ka verifikuar mandatet e 33 k\u00ebshilltar\u00ebve, aq sa ka ky institucion\",\"breadcrumb\":{\"@id\":\"https:\/\/www.visit-ulcinj.com\/blog\/2010\/06\/22\/ulqini-me-kuvend-e-pa-ekzekutiv\/#breadcrumb\"},\"inLanguage\":\"en-US\",\"potentialAction\":[{\"@type\":\"ReadAction\",\"target\":[\"https:\/\/www.visit-ulcinj.com\/blog\/2010\/06\/22\/ulqini-me-kuvend-e-pa-ekzekutiv\/\"]}]},{\"@type\":\"BreadcrumbList\",\"@id\":\"https:\/\/www.visit-ulcinj.com\/blog\/2010\/06\/22\/ulqini-me-kuvend-e-pa-ekzekutiv\/#breadcrumb\",\"itemListElement\":[{\"@type\":\"ListItem\",\"position\":1,\"name\":\"Ulqini me Kuvend e pa ekzekutiv\"}]},{\"@type\":\"Person\",\"@id\":\"https:\/\/www.visit-ulcinj.com\/blog\/#\/schema\/person\/dcab619c614d3038751c63bc2aadc06d\",\"name\":\"ulqini\",\"sameAs\":[\"http:\/\/www.visit-ulcinj.com\"],\"url\":\"https:\/\/www.visit-ulcinj.com\/blog\/author\/admin\/\"}]}<\/script>\n<!-- \/ Yoast SEO plugin. -->","yoast_head_json":{"title":"Ulqini me Kuvend e pa ekzekutiv - Lajme nga Ulqini","description":"Ulqin, 22 qershor - Kuvendi i Ulqinit, dy dit\u00eb para skadimit t\u00eb afatit ligjor, ka verifikuar mandatet e 33 k\u00ebshilltar\u00ebve, aq sa ka ky institucion","robots":{"index":"index","follow":"follow","max-snippet":"max-snippet:-1","max-image-preview":"max-image-preview:large","max-video-preview":"max-video-preview:-1"},"canonical":"https:\/\/www.visit-ulcinj.com\/blog\/2010\/06\/22\/ulqini-me-kuvend-e-pa-ekzekutiv\/","og_locale":"en_US","og_type":"article","og_title":"Ulqini me Kuvend e pa ekzekutiv - Lajme nga Ulqini","og_description":"Ulqin, 22 qershor - Kuvendi i Ulqinit, dy dit\u00eb para skadimit t\u00eb afatit ligjor, ka verifikuar mandatet e 33 k\u00ebshilltar\u00ebve, aq sa ka ky institucion","og_url":"https:\/\/www.visit-ulcinj.com\/blog\/2010\/06\/22\/ulqini-me-kuvend-e-pa-ekzekutiv\/","og_site_name":"Lajme nga Ulqini","article_published_time":"2010-06-22T14:46:30+00:00","article_modified_time":"2010-06-23T17:08:41+00:00","og_image":[{"url":"https:\/\/www.visit-ulcinj.com\/blog\/wp-content\/uploads\/2010\/06\/PDS_UDSH_Udheheqin-Ulqinin-150x150.jpg"}],"twitter_misc":{"Written by":"ulqini","Est. reading time":"2 minutes"},"schema":{"@context":"https:\/\/schema.org","@graph":[{"@type":"WebSite","@id":"https:\/\/www.visit-ulcinj.com\/blog\/#website","url":"https:\/\/www.visit-ulcinj.com\/blog\/","name":"Lajme nga Ulqini","description":"Lajme,Vijesti,Ulqini,Ulqin,Crna Gora,Mali i Zi","potentialAction":[{"@type":"SearchAction","target":{"@type":"EntryPoint","urlTemplate":"https:\/\/www.visit-ulcinj.com\/blog\/?s={search_term_string}"},"query-input":"required name=search_term_string"}],"inLanguage":"en-US"},{"@type":"ImageObject","inLanguage":"en-US","@id":"https:\/\/www.visit-ulcinj.com\/blog\/2010\/06\/22\/ulqini-me-kuvend-e-pa-ekzekutiv\/#primaryimage","url":"https:\/\/www.visit-ulcinj.com\/blog\/wp-content\/uploads\/2010\/06\/PDS_UDSH_Udheheqin-Ulqinin.jpg","contentUrl":"https:\/\/www.visit-ulcinj.com\/blog\/wp-content\/uploads\/2010\/06\/PDS_UDSH_Udheheqin-Ulqinin.jpg","width":"719","height":"479"},{"@type":"WebPage","@id":"https:\/\/www.visit-ulcinj.com\/blog\/2010\/06\/22\/ulqini-me-kuvend-e-pa-ekzekutiv\/#webpage","url":"https:\/\/www.visit-ulcinj.com\/blog\/2010\/06\/22\/ulqini-me-kuvend-e-pa-ekzekutiv\/","name":"Ulqini me Kuvend e pa ekzekutiv - Lajme nga Ulqini","isPartOf":{"@id":"https:\/\/www.visit-ulcinj.com\/blog\/#website"},"primaryImageOfPage":{"@id":"https:\/\/www.visit-ulcinj.com\/blog\/2010\/06\/22\/ulqini-me-kuvend-e-pa-ekzekutiv\/#primaryimage"},"datePublished":"2010-06-22T14:46:30+00:00","dateModified":"2010-06-23T17:08:41+00:00","author":{"@id":"https:\/\/www.visit-ulcinj.com\/blog\/#\/schema\/person\/dcab619c614d3038751c63bc2aadc06d"},"description":"Ulqin, 22 qershor - Kuvendi i Ulqinit, dy dit\u00eb para skadimit t\u00eb afatit ligjor, ka verifikuar mandatet e 33 k\u00ebshilltar\u00ebve, aq sa ka ky institucion","breadcrumb":{"@id":"https:\/\/www.visit-ulcinj.com\/blog\/2010\/06\/22\/ulqini-me-kuvend-e-pa-ekzekutiv\/#breadcrumb"},"inLanguage":"en-US","potentialAction":[{"@type":"ReadAction","target":["https:\/\/www.visit-ulcinj.com\/blog\/2010\/06\/22\/ulqini-me-kuvend-e-pa-ekzekutiv\/"]}]},{"@type":"BreadcrumbList","@id":"https:\/\/www.visit-ulcinj.com\/blog\/2010\/06\/22\/ulqini-me-kuvend-e-pa-ekzekutiv\/#breadcrumb","itemListElement":[{"@type":"ListItem","position":1,"name":"Ulqini me Kuvend e pa ekzekutiv"}]},{"@type":"Person","@id":"https:\/\/www.visit-ulcinj.com\/blog\/#\/schema\/person\/dcab619c614d3038751c63bc2aadc06d","name":"ulqini","sameAs":["http:\/\/www.visit-ulcinj.com"],"url":"https:\/\/www.visit-ulcinj.com\/blog\/author\/admin\/"}]}},"jetpack_featured_media_url":"","jetpack_sharing_enabled":true,"jetpack_shortlink":"https:\/\/wp.me\/pe6lTn-955","_links":{"self":[{"href":"https:\/\/www.visit-ulcinj.com\/blog\/wp-json\/wp\/v2\/posts\/34911"}],"collection":[{"href":"https:\/\/www.visit-ulcinj.com\/blog\/wp-json\/wp\/v2\/posts"}],"about":[{"href":"https:\/\/www.visit-ulcinj.com\/blog\/wp-json\/wp\/v2\/types\/post"}],"author":[{"embeddable":true,"href":"https:\/\/www.visit-ulcinj.com\/blog\/wp-json\/wp\/v2\/users\/1"}],"replies":[{"embeddable":true,"href":"https:\/\/www.visit-ulcinj.com\/blog\/wp-json\/wp\/v2\/comments?post=34911"}],"version-history":[{"count":0,"href":"https:\/\/www.visit-ulcinj.com\/blog\/wp-json\/wp\/v2\/posts\/34911\/revisions"}],"wp:attachment":[{"href":"https:\/\/www.visit-ulcinj.com\/blog\/wp-json\/wp\/v2\/media?parent=34911"}],"wp:term":[{"taxonomy":"category","embeddable":true,"href":"https:\/\/www.visit-ulcinj.com\/blog\/wp-json\/wp\/v2\/categories?post=34911"},{"taxonomy":"post_tag","embeddable":true,"href":"https:\/\/www.visit-ulcinj.com\/blog\/wp-json\/wp\/v2\/tags?post=34911"}],"curies":[{"name":"wp","href":"https:\/\/api.w.org\/{rel}","templated":true}]}}