{"id":34922,"date":"2010-06-22T19:51:37","date_gmt":"2010-06-22T17:51:37","guid":{"rendered":"http:\/\/www.visit-ulcinj.com\/blog\/?p=34922"},"modified":"2010-06-22T19:51:37","modified_gmt":"2010-06-22T17:51:37","slug":"nto-predstavila-ponudu-u-pristini","status":"publish","type":"post","link":"https:\/\/www.visit-ulcinj.com\/blog\/2010\/06\/22\/nto-predstavila-ponudu-u-pristini\/","title":{"rendered":"NTO predstavila ponudu u pri\u0161tini"},"content":{"rendered":"<p><strong><a href=\"http:\/\/www.visit-ulcinj.com\/blog\/wp-content\/uploads\/2010\/06\/Nacionalna-turisti?ka-organizacija-Crne-Gore-u-Kosovu.jpg\"><img loading=\"lazy\" class=\"alignleft size-full wp-image-34923\" title=\"Nacionalna turisti?ka organizacija Crne Gore u Kosovu\" src=\"http:\/\/www.visit-ulcinj.com\/blog\/wp-content\/uploads\/2010\/06\/Nacionalna-turisti?ka-organizacija-Crne-Gore-u-Kosovu.jpg\" alt=\"Nacionalna turisti?ka organizacija Crne Gore u Kosovu\" width=\"490\" height=\"382\" \/><\/a>Pitaju za cijene, usluge, ali i posao<\/strong><br \/>\nPodgorica(MINA-BUSINESS) &#8211; Nacionalna turisti?ka organizacija (NTO) Crne Gore je danas, u okviru regionalne kampanje \u201eZove more \u2013 Crna Gora\u201c, predstavila turisti?ku ponudu za ovu sezonu na tr\u017ei\u0161tu Kosova.<br \/>\nNa glavnom gradskom trgu Pri\u0161tine gra?ani i mediji su bili u prilici da dobiju sve informacije o specifi?noj ponudi pojedinih gradova, da se upoznaju sa novinama kao i konkretnim mjerama i aktivnostima koje su preduzete na svim nivoima u cilju pobolj\u0161anja kvaliteta i konkurentnosti ponude Crne Gore.<br \/>\nBudu?i turisti sa ovog tr\u017ei\u0161ta su upoznati sa posebno kreiranim sedmodnevnim paket aran\u017emanima tokom jula i avgusta u privatnom smje\u0161taju ?ija cijena iznosi od 70 do 77 eura, i u hotelima kategorija od dvije do ?etiri zvjezdice 155 do 280 eura.<br \/>\nOvakvi aran\u017emani nose sa sobom i povoljnosti u vidu posebnih popusta na dodatne usluge.<br \/>\nPokazano je veliko interesovanje za cijene usluga tokom ovogodi\u0161nje sezone, za ponudu Ulcinja i Bara, grani?ne prelaze i putnu infrastrukturu, zdravstveno osiguranje, turisti?ke manifestacije, kao i za informacije o zapo\u0161ljavanju nerezidenata.<br \/>\nMla?im generacijama su najprivla?nije bile after beach parties, na kojima ?e tokom jula i avgusta goste zabavljati najpoznatiji svjetski i regionalni DJ-evi \u0161to je izme?u ostalih jedna od inovacija u crnogorskoj turisti?koj ponudi.<br \/>\nMenad\u017eer u NTO-u, Ljiljana ?uki? upoznala je medije sa na?inom rezervacije smje\u0161taja, web portalom koji pru\u017ea detaljne informicije, kao i turisti?kom ponudom sjevera Crne Gore.<br \/>\nGra?ane su zanimali i podaci o avioliniji \\&#8221;Montenegroairlinesa\\&#8221; koji ima ?etiri leta sedmi?no sa Pri\u0161tinom.<br \/>\nOsim prezentacija, ovogodi\u0161nja kampanja NTO CG i CTU bi?e promovisana i putem kampanje na najzna?ajnijim kosovskim medijima, kao i putem bilborda na najfrekventnijim lokacijama.<br \/>\nPromocija Crne Gore u Pri\u0161tini je nai\u0161la na izuzetno interesovanje televizijskih, \u0161tampanih, online medija i agencija.<br \/>\nPrema zvani?nim statisti?kim podacima u 2009. godini, Crnu Goru je posjetilo 49.225 Kosovara, koji su tom prilikom ostvarili preko 290.000 no?enja.<br \/>\nNaredna promocija je planirana na tr\u017ei\u0161tu Albanije.<\/p>\n<p><a href=\"http:\/\/www.vijesti.me\/index.php?id_pre=341418&amp;godina=2010\" target=\"_blank\"><strong>Vijesti<\/strong><\/a><\/p>\n<p>\n\t\t<style type=\"text\/css\">\n\t\t\t#gallery-1 {\n\t\t\t\tmargin: auto;\n\t\t\t}\n\t\t\t#gallery-1 .gallery-item {\n\t\t\t\tfloat: left;\n\t\t\t\tmargin-top: 10px;\n\t\t\t\ttext-align: center;\n\t\t\t\twidth: 33%;\n\t\t\t}\n\t\t\t#gallery-1 img {\n\t\t\t\tborder: 2px solid #cfcfcf;\n\t\t\t}\n\t\t\t#gallery-1 .gallery-caption {\n\t\t\t\tmargin-left: 0;\n\t\t\t}\n\t\t\t\/* see gallery_shortcode() in wp-includes\/media.php *\/\n\t\t<\/style>\n\t\t<div id='gallery-1' class='gallery galleryid-34922 gallery-columns-3 gallery-size-thumbnail'><dl class='gallery-item'>\n\t\t\t<dt class='gallery-icon '>\n\t\t\t\t<a href='https:\/\/www.visit-ulcinj.com\/blog\/wp-content\/uploads\/2010\/06\/Nacionalna-turisti\u00c4\u008dka-organizacija-Crne-Gore-u-Kosovu.jpg'><img width=\"1\" height=\"1\" src=\"https:\/\/www.visit-ulcinj.com\/blog\/wp-content\/uploads\/2010\/06\/Nacionalna-turisti\u00c4\u008dka-organizacija-Crne-Gore-u-Kosovu.jpg\" class=\"attachment-thumbnail size-thumbnail\" alt=\"\" loading=\"lazy\" \/><\/a>\n\t\t\t<\/dt><\/dl><dl class='gallery-item'>\n\t\t\t<dt class='gallery-icon landscape'>\n\t\t\t\t<a href='https:\/\/www.visit-ulcinj.com\/blog\/wp-content\/uploads\/2010\/06\/Plaza-Copacabana_ulcinj_Montenegro.jpg'><img width=\"150\" height=\"150\" src=\"https:\/\/www.visit-ulcinj.com\/blog\/wp-content\/uploads\/2010\/06\/Plaza-Copacabana_ulcinj_Montenegro-150x150.jpg\" class=\"attachment-thumbnail size-thumbnail\" alt=\"\" loading=\"lazy\" \/><\/a>\n\t\t\t<\/dt><\/dl><dl class='gallery-item'>\n\t\t\t<dt class='gallery-icon landscape'>\n\t\t\t\t<a href='https:\/\/www.visit-ulcinj.com\/blog\/wp-content\/uploads\/2010\/06\/Port-Milena_Ulcinj_Montenegro.jpg'><img width=\"150\" height=\"150\" src=\"https:\/\/www.visit-ulcinj.com\/blog\/wp-content\/uploads\/2010\/06\/Port-Milena_Ulcinj_Montenegro-150x150.jpg\" class=\"attachment-thumbnail size-thumbnail\" alt=\"\" loading=\"lazy\" \/><\/a>\n\t\t\t<\/dt><\/dl><br style=\"clear: both\" \/><dl class='gallery-item'>\n\t\t\t<dt class='gallery-icon landscape'>\n\t\t\t\t<a href='https:\/\/www.visit-ulcinj.com\/blog\/wp-content\/uploads\/2010\/06\/Velika-Plaza_Ulcinj_Montenegro.1.jpg'><img width=\"150\" height=\"150\" src=\"https:\/\/www.visit-ulcinj.com\/blog\/wp-content\/uploads\/2010\/06\/Velika-Plaza_Ulcinj_Montenegro.1-150x150.jpg\" class=\"attachment-thumbnail size-thumbnail\" alt=\"\" loading=\"lazy\" \/><\/a>\n\t\t\t<\/dt><\/dl><dl class='gallery-item'>\n\t\t\t<dt class='gallery-icon landscape'>\n\t\t\t\t<a href='https:\/\/www.visit-ulcinj.com\/blog\/wp-content\/uploads\/2010\/06\/Velika-Plaza_Ulcinj_Montenegro.2.jpg'><img width=\"150\" height=\"150\" src=\"https:\/\/www.visit-ulcinj.com\/blog\/wp-content\/uploads\/2010\/06\/Velika-Plaza_Ulcinj_Montenegro.2-150x150.jpg\" class=\"attachment-thumbnail size-thumbnail\" alt=\"\" loading=\"lazy\" \/><\/a>\n\t\t\t<\/dt><\/dl><dl class='gallery-item'>\n\t\t\t<dt class='gallery-icon landscape'>\n\t\t\t\t<a href='https:\/\/www.visit-ulcinj.com\/blog\/wp-content\/uploads\/2010\/06\/Velika-Plaza_Ulcinj_Montenegro.3.jpg'><img width=\"150\" height=\"150\" src=\"https:\/\/www.visit-ulcinj.com\/blog\/wp-content\/uploads\/2010\/06\/Velika-Plaza_Ulcinj_Montenegro.3-150x150.jpg\" class=\"attachment-thumbnail size-thumbnail\" alt=\"\" loading=\"lazy\" \/><\/a>\n\t\t\t<\/dt><\/dl><br style=\"clear: both\" \/><dl class='gallery-item'>\n\t\t\t<dt class='gallery-icon landscape'>\n\t\t\t\t<a href='https:\/\/www.visit-ulcinj.com\/blog\/wp-content\/uploads\/2010\/06\/Velika-Plaza_Ulcinj_Montenegro.jpg'><img width=\"150\" height=\"150\" src=\"https:\/\/www.visit-ulcinj.com\/blog\/wp-content\/uploads\/2010\/06\/Velika-Plaza_Ulcinj_Montenegro-150x150.jpg\" class=\"attachment-thumbnail size-thumbnail\" alt=\"\" loading=\"lazy\" \/><\/a>\n\t\t\t<\/dt><\/dl><dl class='gallery-item'>\n\t\t\t<dt class='gallery-icon landscape'>\n\t\t\t\t<a href='https:\/\/www.visit-ulcinj.com\/blog\/wp-content\/uploads\/2010\/06\/Ada-Bojana_Ulcinj_Montenegro.3.jpg'><img width=\"150\" height=\"150\" src=\"https:\/\/www.visit-ulcinj.com\/blog\/wp-content\/uploads\/2010\/06\/Ada-Bojana_Ulcinj_Montenegro.3-150x150.jpg\" class=\"attachment-thumbnail size-thumbnail\" alt=\"\" loading=\"lazy\" \/><\/a>\n\t\t\t<\/dt><\/dl><dl class='gallery-item'>\n\t\t\t<dt class='gallery-icon landscape'>\n\t\t\t\t<a href='https:\/\/www.visit-ulcinj.com\/blog\/wp-content\/uploads\/2010\/06\/Ada-Bojana_Ulcinj_Montenegro.2.jpg'><img width=\"150\" height=\"150\" src=\"https:\/\/www.visit-ulcinj.com\/blog\/wp-content\/uploads\/2010\/06\/Ada-Bojana_Ulcinj_Montenegro.2-150x150.jpg\" class=\"attachment-thumbnail size-thumbnail\" alt=\"\" loading=\"lazy\" \/><\/a>\n\t\t\t<\/dt><\/dl><br style=\"clear: both\" \/>\n\t\t<\/div>\n<br \/>\n<!--YouTube Error: bad URL entered--><\/p>\n","protected":false},"excerpt":{"rendered":"<p>Pitaju za cijene, usluge, ali i posao Podgorica(MINA-BUSINESS) &#8211; Nacionalna turisti?ka organizacija (NTO) Crne Gore je danas, u okviru regionalne kampanje \u201eZove more \u2013 Crna Gora\u201c, predstavila turisti?ku ponudu za ovu sezonu na tr\u017ei\u0161tu Kosova. Na glavnom gradskom trgu Pri\u0161tine gra?ani i mediji su bili u prilici da dobiju sve informacije o specifi?noj ponudi pojedinih [&hellip;]<\/p>\n","protected":false},"author":1,"featured_media":0,"comment_status":"open","ping_status":"closed","sticky":false,"template":"","format":"standard","meta":{"spay_email":"","jetpack_publicize_message":"","jetpack_is_tweetstorm":false,"jetpack_publicize_feature_enabled":true},"categories":[11],"tags":[4275,10111],"jetpack_publicize_connections":[],"yoast_head":"<!-- This site is optimized with the Yoast SEO plugin v19.1 - https:\/\/yoast.com\/wordpress\/plugins\/seo\/ -->\n<title>NTO predstavila ponudu u pri\u0161tini - Lajme nga Ulqini<\/title>\n<meta name=\"description\" content=\"Pitaju za cijene, usluge, ali i posao Podgorica(MINA-BUSINESS) - Nacionalna turisti?ka organizacija (NTO) Crne Gore je danas, u okviru regionalne kampanje\" \/>\n<meta name=\"robots\" content=\"index, follow, max-snippet:-1, max-image-preview:large, max-video-preview:-1\" \/>\n<link rel=\"canonical\" href=\"https:\/\/www.visit-ulcinj.com\/blog\/2010\/06\/22\/nto-predstavila-ponudu-u-pristini\/\" \/>\n<meta property=\"og:locale\" content=\"en_US\" \/>\n<meta property=\"og:type\" content=\"article\" \/>\n<meta property=\"og:title\" content=\"NTO predstavila ponudu u pri\u0161tini - Lajme nga Ulqini\" \/>\n<meta property=\"og:description\" content=\"Pitaju za cijene, usluge, ali i posao Podgorica(MINA-BUSINESS) - Nacionalna turisti?ka organizacija (NTO) Crne Gore je danas, u okviru regionalne kampanje\" \/>\n<meta property=\"og:url\" content=\"https:\/\/www.visit-ulcinj.com\/blog\/2010\/06\/22\/nto-predstavila-ponudu-u-pristini\/\" \/>\n<meta property=\"og:site_name\" content=\"Lajme nga Ulqini\" \/>\n<meta property=\"article:published_time\" content=\"2010-06-22T17:51:37+00:00\" \/>\n<meta property=\"og:image\" content=\"https:\/\/www.visit-ulcinj.com\/blog\/wp-content\/uploads\/2010\/06\/Nacionalna-turisti\u00c4\u008dka-organizacija-Crne-Gore-u-Kosovu.jpg\" \/>\n<meta name=\"twitter:label1\" content=\"Written by\" \/>\n\t<meta name=\"twitter:data1\" content=\"ulqini\" \/>\n\t<meta name=\"twitter:label2\" content=\"Est. reading time\" \/>\n\t<meta name=\"twitter:data2\" content=\"2 minutes\" \/>\n<script type=\"application\/ld+json\" class=\"yoast-schema-graph\">{\"@context\":\"https:\/\/schema.org\",\"@graph\":[{\"@type\":\"WebSite\",\"@id\":\"https:\/\/www.visit-ulcinj.com\/blog\/#website\",\"url\":\"https:\/\/www.visit-ulcinj.com\/blog\/\",\"name\":\"Lajme nga Ulqini\",\"description\":\"Lajme,Vijesti,Ulqini,Ulqin,Crna Gora,Mali i Zi\",\"potentialAction\":[{\"@type\":\"SearchAction\",\"target\":{\"@type\":\"EntryPoint\",\"urlTemplate\":\"https:\/\/www.visit-ulcinj.com\/blog\/?s={search_term_string}\"},\"query-input\":\"required name=search_term_string\"}],\"inLanguage\":\"en-US\"},{\"@type\":\"ImageObject\",\"inLanguage\":\"en-US\",\"@id\":\"https:\/\/www.visit-ulcinj.com\/blog\/2010\/06\/22\/nto-predstavila-ponudu-u-pristini\/#primaryimage\",\"url\":\"http:\/\/www.visit-ulcinj.com\/blog\/wp-content\/uploads\/2010\/06\/Nacionalna-turisti?ka-organizacija-Crne-Gore-u-Kosovu.jpg\",\"contentUrl\":\"http:\/\/www.visit-ulcinj.com\/blog\/wp-content\/uploads\/2010\/06\/Nacionalna-turisti?ka-organizacija-Crne-Gore-u-Kosovu.jpg\"},{\"@type\":\"WebPage\",\"@id\":\"https:\/\/www.visit-ulcinj.com\/blog\/2010\/06\/22\/nto-predstavila-ponudu-u-pristini\/#webpage\",\"url\":\"https:\/\/www.visit-ulcinj.com\/blog\/2010\/06\/22\/nto-predstavila-ponudu-u-pristini\/\",\"name\":\"NTO predstavila ponudu u pri\u0161tini - Lajme nga Ulqini\",\"isPartOf\":{\"@id\":\"https:\/\/www.visit-ulcinj.com\/blog\/#website\"},\"primaryImageOfPage\":{\"@id\":\"https:\/\/www.visit-ulcinj.com\/blog\/2010\/06\/22\/nto-predstavila-ponudu-u-pristini\/#primaryimage\"},\"datePublished\":\"2010-06-22T17:51:37+00:00\",\"dateModified\":\"2010-06-22T17:51:37+00:00\",\"author\":{\"@id\":\"https:\/\/www.visit-ulcinj.com\/blog\/#\/schema\/person\/dcab619c614d3038751c63bc2aadc06d\"},\"description\":\"Pitaju za cijene, usluge, ali i posao Podgorica(MINA-BUSINESS) - Nacionalna turisti?ka organizacija (NTO) Crne Gore je danas, u okviru regionalne kampanje\",\"breadcrumb\":{\"@id\":\"https:\/\/www.visit-ulcinj.com\/blog\/2010\/06\/22\/nto-predstavila-ponudu-u-pristini\/#breadcrumb\"},\"inLanguage\":\"en-US\",\"potentialAction\":[{\"@type\":\"ReadAction\",\"target\":[\"https:\/\/www.visit-ulcinj.com\/blog\/2010\/06\/22\/nto-predstavila-ponudu-u-pristini\/\"]}]},{\"@type\":\"BreadcrumbList\",\"@id\":\"https:\/\/www.visit-ulcinj.com\/blog\/2010\/06\/22\/nto-predstavila-ponudu-u-pristini\/#breadcrumb\",\"itemListElement\":[{\"@type\":\"ListItem\",\"position\":1,\"name\":\"NTO predstavila ponudu u pri\u0161tini\"}]},{\"@type\":\"Person\",\"@id\":\"https:\/\/www.visit-ulcinj.com\/blog\/#\/schema\/person\/dcab619c614d3038751c63bc2aadc06d\",\"name\":\"ulqini\",\"sameAs\":[\"http:\/\/www.visit-ulcinj.com\"],\"url\":\"https:\/\/www.visit-ulcinj.com\/blog\/author\/admin\/\"}]}<\/script>\n<!-- \/ Yoast SEO plugin. -->","yoast_head_json":{"title":"NTO predstavila ponudu u pri\u0161tini - Lajme nga Ulqini","description":"Pitaju za cijene, usluge, ali i posao Podgorica(MINA-BUSINESS) - Nacionalna turisti?ka organizacija (NTO) Crne Gore je danas, u okviru regionalne kampanje","robots":{"index":"index","follow":"follow","max-snippet":"max-snippet:-1","max-image-preview":"max-image-preview:large","max-video-preview":"max-video-preview:-1"},"canonical":"https:\/\/www.visit-ulcinj.com\/blog\/2010\/06\/22\/nto-predstavila-ponudu-u-pristini\/","og_locale":"en_US","og_type":"article","og_title":"NTO predstavila ponudu u pri\u0161tini - Lajme nga Ulqini","og_description":"Pitaju za cijene, usluge, ali i posao Podgorica(MINA-BUSINESS) - Nacionalna turisti?ka organizacija (NTO) Crne Gore je danas, u okviru regionalne kampanje","og_url":"https:\/\/www.visit-ulcinj.com\/blog\/2010\/06\/22\/nto-predstavila-ponudu-u-pristini\/","og_site_name":"Lajme nga Ulqini","article_published_time":"2010-06-22T17:51:37+00:00","og_image":[{"url":"https:\/\/www.visit-ulcinj.com\/blog\/wp-content\/uploads\/2010\/06\/Nacionalna-turisti\u00c4\u008dka-organizacija-Crne-Gore-u-Kosovu.jpg"}],"twitter_misc":{"Written by":"ulqini","Est. reading time":"2 minutes"},"schema":{"@context":"https:\/\/schema.org","@graph":[{"@type":"WebSite","@id":"https:\/\/www.visit-ulcinj.com\/blog\/#website","url":"https:\/\/www.visit-ulcinj.com\/blog\/","name":"Lajme nga Ulqini","description":"Lajme,Vijesti,Ulqini,Ulqin,Crna Gora,Mali i Zi","potentialAction":[{"@type":"SearchAction","target":{"@type":"EntryPoint","urlTemplate":"https:\/\/www.visit-ulcinj.com\/blog\/?s={search_term_string}"},"query-input":"required name=search_term_string"}],"inLanguage":"en-US"},{"@type":"ImageObject","inLanguage":"en-US","@id":"https:\/\/www.visit-ulcinj.com\/blog\/2010\/06\/22\/nto-predstavila-ponudu-u-pristini\/#primaryimage","url":"http:\/\/www.visit-ulcinj.com\/blog\/wp-content\/uploads\/2010\/06\/Nacionalna-turisti?ka-organizacija-Crne-Gore-u-Kosovu.jpg","contentUrl":"http:\/\/www.visit-ulcinj.com\/blog\/wp-content\/uploads\/2010\/06\/Nacionalna-turisti?ka-organizacija-Crne-Gore-u-Kosovu.jpg"},{"@type":"WebPage","@id":"https:\/\/www.visit-ulcinj.com\/blog\/2010\/06\/22\/nto-predstavila-ponudu-u-pristini\/#webpage","url":"https:\/\/www.visit-ulcinj.com\/blog\/2010\/06\/22\/nto-predstavila-ponudu-u-pristini\/","name":"NTO predstavila ponudu u pri\u0161tini - Lajme nga Ulqini","isPartOf":{"@id":"https:\/\/www.visit-ulcinj.com\/blog\/#website"},"primaryImageOfPage":{"@id":"https:\/\/www.visit-ulcinj.com\/blog\/2010\/06\/22\/nto-predstavila-ponudu-u-pristini\/#primaryimage"},"datePublished":"2010-06-22T17:51:37+00:00","dateModified":"2010-06-22T17:51:37+00:00","author":{"@id":"https:\/\/www.visit-ulcinj.com\/blog\/#\/schema\/person\/dcab619c614d3038751c63bc2aadc06d"},"description":"Pitaju za cijene, usluge, ali i posao Podgorica(MINA-BUSINESS) - Nacionalna turisti?ka organizacija (NTO) Crne Gore je danas, u okviru regionalne kampanje","breadcrumb":{"@id":"https:\/\/www.visit-ulcinj.com\/blog\/2010\/06\/22\/nto-predstavila-ponudu-u-pristini\/#breadcrumb"},"inLanguage":"en-US","potentialAction":[{"@type":"ReadAction","target":["https:\/\/www.visit-ulcinj.com\/blog\/2010\/06\/22\/nto-predstavila-ponudu-u-pristini\/"]}]},{"@type":"BreadcrumbList","@id":"https:\/\/www.visit-ulcinj.com\/blog\/2010\/06\/22\/nto-predstavila-ponudu-u-pristini\/#breadcrumb","itemListElement":[{"@type":"ListItem","position":1,"name":"NTO predstavila ponudu u pri\u0161tini"}]},{"@type":"Person","@id":"https:\/\/www.visit-ulcinj.com\/blog\/#\/schema\/person\/dcab619c614d3038751c63bc2aadc06d","name":"ulqini","sameAs":["http:\/\/www.visit-ulcinj.com"],"url":"https:\/\/www.visit-ulcinj.com\/blog\/author\/admin\/"}]}},"jetpack_featured_media_url":"","jetpack_sharing_enabled":true,"jetpack_shortlink":"https:\/\/wp.me\/pe6lTn-95g","_links":{"self":[{"href":"https:\/\/www.visit-ulcinj.com\/blog\/wp-json\/wp\/v2\/posts\/34922"}],"collection":[{"href":"https:\/\/www.visit-ulcinj.com\/blog\/wp-json\/wp\/v2\/posts"}],"about":[{"href":"https:\/\/www.visit-ulcinj.com\/blog\/wp-json\/wp\/v2\/types\/post"}],"author":[{"embeddable":true,"href":"https:\/\/www.visit-ulcinj.com\/blog\/wp-json\/wp\/v2\/users\/1"}],"replies":[{"embeddable":true,"href":"https:\/\/www.visit-ulcinj.com\/blog\/wp-json\/wp\/v2\/comments?post=34922"}],"version-history":[{"count":0,"href":"https:\/\/www.visit-ulcinj.com\/blog\/wp-json\/wp\/v2\/posts\/34922\/revisions"}],"wp:attachment":[{"href":"https:\/\/www.visit-ulcinj.com\/blog\/wp-json\/wp\/v2\/media?parent=34922"}],"wp:term":[{"taxonomy":"category","embeddable":true,"href":"https:\/\/www.visit-ulcinj.com\/blog\/wp-json\/wp\/v2\/categories?post=34922"},{"taxonomy":"post_tag","embeddable":true,"href":"https:\/\/www.visit-ulcinj.com\/blog\/wp-json\/wp\/v2\/tags?post=34922"}],"curies":[{"name":"wp","href":"https:\/\/api.w.org\/{rel}","templated":true}]}}