{"id":34934,"date":"2010-06-23T18:28:36","date_gmt":"2010-06-23T16:28:36","guid":{"rendered":"http:\/\/www.visit-ulcinj.com\/blog\/?p=34934"},"modified":"2010-06-28T09:25:57","modified_gmt":"2010-06-28T07:25:57","slug":"nimanbegu-kerkon-doreheqjen-e-ministrit-malazias-te-turizmit","status":"publish","type":"post","link":"https:\/\/www.visit-ulcinj.com\/blog\/2010\/06\/23\/nimanbegu-kerkon-doreheqjen-e-ministrit-malazias-te-turizmit\/","title":{"rendered":"Nimanbegu k\u00ebrkon dor\u00ebheqjen e ministrit malazias t\u00eb Turizmit"},"content":{"rendered":"<p><a href=\"http:\/\/www.visit-ulcinj.com\/blog\/wp-content\/uploads\/2010\/06\/GENCI-NIMANBEGU_FORCA-ULQIN.jpg\"><img loading=\"lazy\" class=\"alignleft size-full wp-image-34935\" title=\"GENCI NIMANBEGU_FORCA-ULQIN\" src=\"http:\/\/www.visit-ulcinj.com\/blog\/wp-content\/uploads\/2010\/06\/GENCI-NIMANBEGU_FORCA-ULQIN.jpg\" alt=\"GENCI NIMANBEGU_FORCA-ULQIN\" width=\"490\" height=\"390\" \/><\/a>Podgoric\u00eb, 23 qershor &#8211; Derisa ministri i Turizmit, Predrag Neneziq para deputet\u00ebve t\u00eb Kuvendit t\u00eb Malit t\u00eb Zi u p\u00ebrpoq t\u00eb arsyetoj\u00eb veten dhe resorin ministror q\u00eb drejton, se \u201cKomuna e Ulqinit sezonin e ardhsh\u00ebm po e pret e p\u00ebrgatitur dhe se veprimtarit\u00eb e planifikuara me q\u00ebllim t\u00eb ngritjes m\u00eb cil\u00ebsore t\u00eb kushteve t\u00eb pushimit, ndodhen n\u00eb kulmin e realizimit\u201d, deputeti i Forc\u00ebs s\u00eb Re Demokratike, Genci Nimanbegu, ministrit Neneziq i k\u00ebrkoi dor\u00ebheqjen me arsyetimin se \u201cka shkat\u00ebrruar turizmin n\u00eb Komun\u00ebn e Ulqinit\u201d.<br \/>\nDeputeti i Forc\u00ebs, Genci Nimanbegu, e p\u00ebrg\u00ebnjeshtroi ministrin Neneziq, duke n\u00ebnvizuar se nuk mund t\u00eb thuhet se sezoni turistik n\u00eb Ulqin \u00ebsht\u00eb p\u00ebrgatitur mir\u00eb, derisa rruga kryesore \u201cHafiz Ali Riza Ulqinaku\u201d n\u00eb qytetit \u00ebsht\u00eb e rr\u00ebmihur edhe e kaptisur n\u00eb pluhur, raporton KosovaLive.<br \/>\n\u201cNuk mund t\u00eb thuhet se jan\u00eb b\u00ebr\u00eb p\u00ebrgatitje cil\u00ebsore, derisa edhe hotelet jan\u00eb t\u00eb mbyllura. Q\u00eb n\u00eb muajin dhjetor t\u00eb vitit t\u00eb kaluar e kam informuar Ministrin\u00eb e Turizmit se menaxhmenti i hotelit \u2018Otrant\u2019 ka nd\u00ebrmend ta mbyll\u00eb objektin\u201d, theksoi Nimanbegu.<br \/>\nPronar i hotelit \u201cOtrant\u201d n\u00eb Plazh t\u00eb madh thuhet se \u00ebsht\u00eb nj\u00eb firm\u00eb ruse, e cila objektin e ka bler\u00eb nga \u201cRiviera e Ulqinit\u201d, nd\u00ebrsa tani e ka marr\u00eb me qira nj\u00eb firm\u00eb spanjole!?<br \/>\n\u201cJozyrtarisht m\u00ebsojm\u00eb se marr\u00ebsi i hotelit me qira, ka paralajm\u00ebruar se do t\u00eb t\u00ebrhiqet, me q\u00eb Portmilena \u00ebsht\u00eb nj\u00eb problem i madh ekologjik. Mbi k\u00ebto baza, Ministria duhet t\u00eb nd\u00ebrmarr\u00eb masa t\u00eb menj\u00ebhershme\u201d, vler\u00ebson Nimanbegu.<br \/>\nUlqinak\u00ebt jan\u00eb shum\u00eb t\u00eb shqet\u00ebsuar me munges\u00ebn e promovimit t\u00eb ofert\u00ebs turistike n\u00eb vendet kryesore ballkanike prej nga tradicionalisht arrijn\u00eb pushuesit n\u00eb Ulqin.<br \/>\nGenci Nimanbegu thekson se n\u00eb Ulqin \u00ebsht\u00eb lejuar themelimi i Organizat\u00ebs lokale turistike, p\u00ebrfaq\u00ebsuesit e s\u00eb cil\u00ebs, n\u00eb vend q\u00eb t\u00eb propagandojn\u00eb ofert\u00ebn turistike n\u00eb rajon,\u201data shpenzojn\u00eb parat\u00eb duke shetitur n\u00ebp\u00ebr bot\u00eb\u201d.<br \/>\nSipas Nimanbegut, ministri Nenzic nuk ka sqaruar p\u00ebrse nuk ka nd\u00ebrmarr\u00eb asnj\u00eb veprim p\u00ebr zgjidhjen e problemeve n\u00eb sektorin e turizmit n\u00eb Komun\u00ebn e Ulqinit.<br \/>\nNd\u00ebrkoh\u00eb, edhe organizata sindikale e hotelit \u201cOtrant\u201d ka kritikuar ashp\u00ebr ministrin malazias t\u00eb Turizmit dhe at\u00eb t\u00eb Ekonomis\u00eb q\u00eb kan\u00eb lejuar shkat\u00ebrrimin n\u00eb k\u00ebt\u00eb m\u00ebnyr\u00eb t\u00eb simbolit t\u00eb turizmit modern t\u00eb Ulqinit.<br \/>\nAli Resulbegu, kryetar i sindikatave t\u00eb hotelit \u201cOtrant\u201d, thot\u00eb se n\u00eb peticionin e n\u00ebnshkruar nga 40 t\u00eb pun\u00ebsuarit, k\u00ebrkohet nga udh\u00ebheqja e Komun\u00ebs s\u00eb Ulqinit dhe nga Qeveria malazeze q\u00eb t\u00eb shp\u00ebtojn\u00eb hotelin \u201cOtrant\u201d dhe t\u2019u jepen pagat p\u00ebr kat\u00ebr muajt e kaluar.<\/p>\n<p><strong>KOHA NET<br \/>\n<!--YouTube Error: bad URL entered--><\/strong><\/p>\n","protected":false},"excerpt":{"rendered":"<p>Podgoric\u00eb, 23 qershor &#8211; Derisa ministri i Turizmit, Predrag Neneziq para deputet\u00ebve t\u00eb Kuvendit t\u00eb Malit t\u00eb Zi u p\u00ebrpoq t\u00eb arsyetoj\u00eb veten dhe resorin ministror q\u00eb drejton, se \u201cKomuna e Ulqinit sezonin e ardhsh\u00ebm po e pret e p\u00ebrgatitur dhe se veprimtarit\u00eb e planifikuara me q\u00ebllim t\u00eb ngritjes m\u00eb cil\u00ebsore t\u00eb kushteve t\u00eb pushimit, [&hellip;]<\/p>\n","protected":false},"author":1,"featured_media":0,"comment_status":"open","ping_status":"closed","sticky":false,"template":"","format":"standard","meta":{"spay_email":"","jetpack_publicize_message":"","jetpack_is_tweetstorm":false,"jetpack_publicize_feature_enabled":true},"categories":[6],"tags":[11799,1073,5342],"jetpack_publicize_connections":[],"yoast_head":"<!-- This site is optimized with the Yoast SEO plugin v19.1 - https:\/\/yoast.com\/wordpress\/plugins\/seo\/ -->\n<title>Nimanbegu k\u00ebrkon dor\u00ebheqjen e ministrit malazias t\u00eb Turizmit - Lajme nga Ulqini<\/title>\n<meta name=\"description\" content=\"Podgoric\u00eb, 23 qershor - Derisa ministri i Turizmit, Predrag Neneziq para deputet\u00ebve t\u00eb Kuvendit t\u00eb Malit t\u00eb Zi u p\u00ebrpoq t\u00eb arsyetoj\u00eb veten dhe resorin\" \/>\n<meta name=\"robots\" content=\"index, follow, max-snippet:-1, max-image-preview:large, max-video-preview:-1\" \/>\n<link rel=\"canonical\" href=\"https:\/\/www.visit-ulcinj.com\/blog\/2010\/06\/23\/nimanbegu-kerkon-doreheqjen-e-ministrit-malazias-te-turizmit\/\" \/>\n<meta property=\"og:locale\" content=\"en_US\" \/>\n<meta property=\"og:type\" content=\"article\" \/>\n<meta property=\"og:title\" content=\"Nimanbegu k\u00ebrkon dor\u00ebheqjen e ministrit malazias t\u00eb Turizmit - Lajme nga Ulqini\" \/>\n<meta property=\"og:description\" content=\"Podgoric\u00eb, 23 qershor - Derisa ministri i Turizmit, Predrag Neneziq para deputet\u00ebve t\u00eb Kuvendit t\u00eb Malit t\u00eb Zi u p\u00ebrpoq t\u00eb arsyetoj\u00eb veten dhe resorin\" \/>\n<meta property=\"og:url\" content=\"https:\/\/www.visit-ulcinj.com\/blog\/2010\/06\/23\/nimanbegu-kerkon-doreheqjen-e-ministrit-malazias-te-turizmit\/\" \/>\n<meta property=\"og:site_name\" content=\"Lajme nga Ulqini\" \/>\n<meta property=\"article:published_time\" content=\"2010-06-23T16:28:36+00:00\" \/>\n<meta property=\"article:modified_time\" content=\"2010-06-28T07:25:57+00:00\" \/>\n<meta property=\"og:image\" content=\"http:\/\/www.visit-ulcinj.com\/blog\/wp-content\/uploads\/2010\/06\/GENCI-NIMANBEGU_FORCA-ULQIN.jpg\" \/>\n<meta name=\"twitter:label1\" content=\"Written by\" \/>\n\t<meta name=\"twitter:data1\" content=\"ulqini\" \/>\n\t<meta name=\"twitter:label2\" content=\"Est. reading time\" \/>\n\t<meta name=\"twitter:data2\" content=\"2 minutes\" \/>\n<script type=\"application\/ld+json\" class=\"yoast-schema-graph\">{\"@context\":\"https:\/\/schema.org\",\"@graph\":[{\"@type\":\"WebSite\",\"@id\":\"https:\/\/www.visit-ulcinj.com\/blog\/#website\",\"url\":\"https:\/\/www.visit-ulcinj.com\/blog\/\",\"name\":\"Lajme nga Ulqini\",\"description\":\"Lajme,Vijesti,Ulqini,Ulqin,Crna Gora,Mali i Zi\",\"potentialAction\":[{\"@type\":\"SearchAction\",\"target\":{\"@type\":\"EntryPoint\",\"urlTemplate\":\"https:\/\/www.visit-ulcinj.com\/blog\/?s={search_term_string}\"},\"query-input\":\"required name=search_term_string\"}],\"inLanguage\":\"en-US\"},{\"@type\":\"ImageObject\",\"inLanguage\":\"en-US\",\"@id\":\"https:\/\/www.visit-ulcinj.com\/blog\/2010\/06\/23\/nimanbegu-kerkon-doreheqjen-e-ministrit-malazias-te-turizmit\/#primaryimage\",\"url\":\"https:\/\/www.visit-ulcinj.com\/blog\/wp-content\/uploads\/2010\/06\/GENCI-NIMANBEGU_FORCA-ULQIN.jpg\",\"contentUrl\":\"https:\/\/www.visit-ulcinj.com\/blog\/wp-content\/uploads\/2010\/06\/GENCI-NIMANBEGU_FORCA-ULQIN.jpg\",\"width\":\"604\",\"height\":\"453\"},{\"@type\":\"WebPage\",\"@id\":\"https:\/\/www.visit-ulcinj.com\/blog\/2010\/06\/23\/nimanbegu-kerkon-doreheqjen-e-ministrit-malazias-te-turizmit\/#webpage\",\"url\":\"https:\/\/www.visit-ulcinj.com\/blog\/2010\/06\/23\/nimanbegu-kerkon-doreheqjen-e-ministrit-malazias-te-turizmit\/\",\"name\":\"Nimanbegu k\u00ebrkon dor\u00ebheqjen e ministrit malazias t\u00eb Turizmit - Lajme nga Ulqini\",\"isPartOf\":{\"@id\":\"https:\/\/www.visit-ulcinj.com\/blog\/#website\"},\"primaryImageOfPage\":{\"@id\":\"https:\/\/www.visit-ulcinj.com\/blog\/2010\/06\/23\/nimanbegu-kerkon-doreheqjen-e-ministrit-malazias-te-turizmit\/#primaryimage\"},\"datePublished\":\"2010-06-23T16:28:36+00:00\",\"dateModified\":\"2010-06-28T07:25:57+00:00\",\"author\":{\"@id\":\"https:\/\/www.visit-ulcinj.com\/blog\/#\/schema\/person\/dcab619c614d3038751c63bc2aadc06d\"},\"description\":\"Podgoric\u00eb, 23 qershor - Derisa ministri i Turizmit, Predrag Neneziq para deputet\u00ebve t\u00eb Kuvendit t\u00eb Malit t\u00eb Zi u p\u00ebrpoq t\u00eb arsyetoj\u00eb veten dhe resorin\",\"breadcrumb\":{\"@id\":\"https:\/\/www.visit-ulcinj.com\/blog\/2010\/06\/23\/nimanbegu-kerkon-doreheqjen-e-ministrit-malazias-te-turizmit\/#breadcrumb\"},\"inLanguage\":\"en-US\",\"potentialAction\":[{\"@type\":\"ReadAction\",\"target\":[\"https:\/\/www.visit-ulcinj.com\/blog\/2010\/06\/23\/nimanbegu-kerkon-doreheqjen-e-ministrit-malazias-te-turizmit\/\"]}]},{\"@type\":\"BreadcrumbList\",\"@id\":\"https:\/\/www.visit-ulcinj.com\/blog\/2010\/06\/23\/nimanbegu-kerkon-doreheqjen-e-ministrit-malazias-te-turizmit\/#breadcrumb\",\"itemListElement\":[{\"@type\":\"ListItem\",\"position\":1,\"name\":\"Nimanbegu k\u00ebrkon dor\u00ebheqjen e ministrit malazias t\u00eb Turizmit\"}]},{\"@type\":\"Person\",\"@id\":\"https:\/\/www.visit-ulcinj.com\/blog\/#\/schema\/person\/dcab619c614d3038751c63bc2aadc06d\",\"name\":\"ulqini\",\"sameAs\":[\"http:\/\/www.visit-ulcinj.com\"],\"url\":\"https:\/\/www.visit-ulcinj.com\/blog\/author\/admin\/\"}]}<\/script>\n<!-- \/ Yoast SEO plugin. -->","yoast_head_json":{"title":"Nimanbegu k\u00ebrkon dor\u00ebheqjen e ministrit malazias t\u00eb Turizmit - Lajme nga Ulqini","description":"Podgoric\u00eb, 23 qershor - Derisa ministri i Turizmit, Predrag Neneziq para deputet\u00ebve t\u00eb Kuvendit t\u00eb Malit t\u00eb Zi u p\u00ebrpoq t\u00eb arsyetoj\u00eb veten dhe resorin","robots":{"index":"index","follow":"follow","max-snippet":"max-snippet:-1","max-image-preview":"max-image-preview:large","max-video-preview":"max-video-preview:-1"},"canonical":"https:\/\/www.visit-ulcinj.com\/blog\/2010\/06\/23\/nimanbegu-kerkon-doreheqjen-e-ministrit-malazias-te-turizmit\/","og_locale":"en_US","og_type":"article","og_title":"Nimanbegu k\u00ebrkon dor\u00ebheqjen e ministrit malazias t\u00eb Turizmit - Lajme nga Ulqini","og_description":"Podgoric\u00eb, 23 qershor - Derisa ministri i Turizmit, Predrag Neneziq para deputet\u00ebve t\u00eb Kuvendit t\u00eb Malit t\u00eb Zi u p\u00ebrpoq t\u00eb arsyetoj\u00eb veten dhe resorin","og_url":"https:\/\/www.visit-ulcinj.com\/blog\/2010\/06\/23\/nimanbegu-kerkon-doreheqjen-e-ministrit-malazias-te-turizmit\/","og_site_name":"Lajme nga Ulqini","article_published_time":"2010-06-23T16:28:36+00:00","article_modified_time":"2010-06-28T07:25:57+00:00","og_image":[{"url":"http:\/\/www.visit-ulcinj.com\/blog\/wp-content\/uploads\/2010\/06\/GENCI-NIMANBEGU_FORCA-ULQIN.jpg"}],"twitter_misc":{"Written by":"ulqini","Est. reading time":"2 minutes"},"schema":{"@context":"https:\/\/schema.org","@graph":[{"@type":"WebSite","@id":"https:\/\/www.visit-ulcinj.com\/blog\/#website","url":"https:\/\/www.visit-ulcinj.com\/blog\/","name":"Lajme nga Ulqini","description":"Lajme,Vijesti,Ulqini,Ulqin,Crna Gora,Mali i Zi","potentialAction":[{"@type":"SearchAction","target":{"@type":"EntryPoint","urlTemplate":"https:\/\/www.visit-ulcinj.com\/blog\/?s={search_term_string}"},"query-input":"required name=search_term_string"}],"inLanguage":"en-US"},{"@type":"ImageObject","inLanguage":"en-US","@id":"https:\/\/www.visit-ulcinj.com\/blog\/2010\/06\/23\/nimanbegu-kerkon-doreheqjen-e-ministrit-malazias-te-turizmit\/#primaryimage","url":"https:\/\/www.visit-ulcinj.com\/blog\/wp-content\/uploads\/2010\/06\/GENCI-NIMANBEGU_FORCA-ULQIN.jpg","contentUrl":"https:\/\/www.visit-ulcinj.com\/blog\/wp-content\/uploads\/2010\/06\/GENCI-NIMANBEGU_FORCA-ULQIN.jpg","width":"604","height":"453"},{"@type":"WebPage","@id":"https:\/\/www.visit-ulcinj.com\/blog\/2010\/06\/23\/nimanbegu-kerkon-doreheqjen-e-ministrit-malazias-te-turizmit\/#webpage","url":"https:\/\/www.visit-ulcinj.com\/blog\/2010\/06\/23\/nimanbegu-kerkon-doreheqjen-e-ministrit-malazias-te-turizmit\/","name":"Nimanbegu k\u00ebrkon dor\u00ebheqjen e ministrit malazias t\u00eb Turizmit - Lajme nga Ulqini","isPartOf":{"@id":"https:\/\/www.visit-ulcinj.com\/blog\/#website"},"primaryImageOfPage":{"@id":"https:\/\/www.visit-ulcinj.com\/blog\/2010\/06\/23\/nimanbegu-kerkon-doreheqjen-e-ministrit-malazias-te-turizmit\/#primaryimage"},"datePublished":"2010-06-23T16:28:36+00:00","dateModified":"2010-06-28T07:25:57+00:00","author":{"@id":"https:\/\/www.visit-ulcinj.com\/blog\/#\/schema\/person\/dcab619c614d3038751c63bc2aadc06d"},"description":"Podgoric\u00eb, 23 qershor - Derisa ministri i Turizmit, Predrag Neneziq para deputet\u00ebve t\u00eb Kuvendit t\u00eb Malit t\u00eb Zi u p\u00ebrpoq t\u00eb arsyetoj\u00eb veten dhe resorin","breadcrumb":{"@id":"https:\/\/www.visit-ulcinj.com\/blog\/2010\/06\/23\/nimanbegu-kerkon-doreheqjen-e-ministrit-malazias-te-turizmit\/#breadcrumb"},"inLanguage":"en-US","potentialAction":[{"@type":"ReadAction","target":["https:\/\/www.visit-ulcinj.com\/blog\/2010\/06\/23\/nimanbegu-kerkon-doreheqjen-e-ministrit-malazias-te-turizmit\/"]}]},{"@type":"BreadcrumbList","@id":"https:\/\/www.visit-ulcinj.com\/blog\/2010\/06\/23\/nimanbegu-kerkon-doreheqjen-e-ministrit-malazias-te-turizmit\/#breadcrumb","itemListElement":[{"@type":"ListItem","position":1,"name":"Nimanbegu k\u00ebrkon dor\u00ebheqjen e ministrit malazias t\u00eb Turizmit"}]},{"@type":"Person","@id":"https:\/\/www.visit-ulcinj.com\/blog\/#\/schema\/person\/dcab619c614d3038751c63bc2aadc06d","name":"ulqini","sameAs":["http:\/\/www.visit-ulcinj.com"],"url":"https:\/\/www.visit-ulcinj.com\/blog\/author\/admin\/"}]}},"jetpack_featured_media_url":"","jetpack_sharing_enabled":true,"jetpack_shortlink":"https:\/\/wp.me\/pe6lTn-95s","_links":{"self":[{"href":"https:\/\/www.visit-ulcinj.com\/blog\/wp-json\/wp\/v2\/posts\/34934"}],"collection":[{"href":"https:\/\/www.visit-ulcinj.com\/blog\/wp-json\/wp\/v2\/posts"}],"about":[{"href":"https:\/\/www.visit-ulcinj.com\/blog\/wp-json\/wp\/v2\/types\/post"}],"author":[{"embeddable":true,"href":"https:\/\/www.visit-ulcinj.com\/blog\/wp-json\/wp\/v2\/users\/1"}],"replies":[{"embeddable":true,"href":"https:\/\/www.visit-ulcinj.com\/blog\/wp-json\/wp\/v2\/comments?post=34934"}],"version-history":[{"count":0,"href":"https:\/\/www.visit-ulcinj.com\/blog\/wp-json\/wp\/v2\/posts\/34934\/revisions"}],"wp:attachment":[{"href":"https:\/\/www.visit-ulcinj.com\/blog\/wp-json\/wp\/v2\/media?parent=34934"}],"wp:term":[{"taxonomy":"category","embeddable":true,"href":"https:\/\/www.visit-ulcinj.com\/blog\/wp-json\/wp\/v2\/categories?post=34934"},{"taxonomy":"post_tag","embeddable":true,"href":"https:\/\/www.visit-ulcinj.com\/blog\/wp-json\/wp\/v2\/tags?post=34934"}],"curies":[{"name":"wp","href":"https:\/\/api.w.org\/{rel}","templated":true}]}}