{"id":3494,"date":"2008-09-21T12:28:50","date_gmt":"2008-09-21T17:28:50","guid":{"rendered":"http:\/\/www.visit-ulcinj.com\/blog\/?p=3494"},"modified":"2008-10-17T14:31:20","modified_gmt":"2008-10-17T19:31:20","slug":"mali-i-zi-dhe-maqedonia-jane-marre-vesh-per-njohjen-e-kosoves","status":"publish","type":"post","link":"https:\/\/www.visit-ulcinj.com\/blog\/2008\/09\/21\/mali-i-zi-dhe-maqedonia-jane-marre-vesh-per-njohjen-e-kosoves\/","title":{"rendered":"Mali i Zi dhe Maqedonia jan\u00eb marr\u00eb vesh p\u00ebr njohjen e Kosov\u00ebs"},"content":{"rendered":"<p><a href=\"http:\/\/www.visit-ulcinj.com\/blog\/wp-content\/uploads\/2008\/09\/getattachment1-2.jpg\"><img loading=\"lazy\" class=\"alignleft size-medium wp-image-2993\" title=\"Pavar\u00ebsia e Kosov\u00ebs\" src=\"http:\/\/www.visit-ulcinj.com\/blog\/wp-content\/uploads\/2008\/09\/getattachment1-2.jpg\" alt=\"\" width=\"223\" height=\"236\" \/><\/a>L\u00ebvizja prej numrit t\u00eb 43 shteteve an\u00ebtare t\u00eb OKB-s\u00eb t\u00eb cilat kan\u00eb njohur shtetin e Kosov\u00ebs, \u00ebsht\u00eb nj\u00eb interes i dor\u00ebs s\u00eb par\u00eb i Prishtin\u00ebs dhe i Per\u00ebndimit.<br \/>\nN\u00eb k\u00ebt\u00eb aspekt, shenjat e dit\u00ebve dhe jav\u00ebve t\u00eb fundit kan\u00eb qen\u00eb q\u00eb kosovar\u00ebt mund t\u00ebi g\u00ebzohen s\u00eb shpejti tri njohjeve t\u00eb reja, q\u00eb do t\u00eb mund t\u00eb vinin prej Malt\u00ebs, Maqedonis\u00eb dhe Malit t\u00eb Zi, shkruan n\u00eb numrin e dit\u00ebs s\u00eb mart\u00eb e p\u00ebrditshmja prishtinase,Z\u00ebri..<br \/>\nSipas k\u00ebsaj gazete, Malta do t\u00eb duhej t\u00eb b\u00ebhej shteti i 21-t\u00eb i Bashkimit Evropian q\u00eb do ta njihte Kosov\u00ebn. Ky \u00ebsht\u00eb nj\u00eb interes i madh jo vet\u00ebm i Kosov\u00ebs, por edhe i BE-s\u00eb, sepse shtetet q\u00eb do t\u00eb mbesin pa na njohur, n\u00eb kuad\u00ebr t\u00eb BE-s\u00eb, do t\u00eb ndihen gjithnj\u00eb e m\u00eb keq, me t\u00eb shtuar t\u00eb numrit t\u00eb an\u00ebtar\u00ebve t\u00eb Bashkimit Evropian q\u00eb kan\u00eb mir\u00ebpritur pavar\u00ebsin\u00eb e Kosov\u00ebs.<br \/>\nShpresa e kosovar\u00ebve \u00ebsht\u00eb q\u00eb edhe Portugalia nuk do ta vonoj\u00eb shum\u00eb njohjen, dhe q\u00eb k\u00ebshtu, do t\u00eb mbesin pes\u00eb shtete t\u00eb BE-s\u00eb pa e dh\u00ebn\u00eb \u00ebdrit\u00ebn jeshile\u00eb p\u00ebr pavar\u00ebsin\u00eb e Kosov\u00ebs: Spanja, Rumania, Sllovakia, Greqia dhe Qipro.<br \/>\nNga ana tjet\u00ebr, po qe se fqinj\u00ebt e Kosov\u00ebs, Maqedonia dhe Mali i Zi, do t\u00eb hyn\u00eb n\u00eb list\u00ebn e t\u00eb shteteve q\u00eb do t\u00eb vendosin marr\u00ebdh\u00ebnie t\u00eb plota diplomatike me Kosov\u00ebn, at\u00ebher\u00eb, ky do t\u00eb ishte nj\u00eb dep\u00ebrtim nj\u00ebmend me pesh\u00eb t\u00eb madhe politike dhe diplomatike, vler\u00ebson kjo gazet\u00eb. Kosov\u00ebn, aktualisht, e ka njohur vet\u00ebm nj\u00eb fqinj, Shqip\u00ebria, prej kat\u00ebr sa i ka: Dihet fare mir\u00eb se \u00ebfar\u00eb jan\u00eb raportet e Kosov\u00ebs me Serbin\u00eb, prandaj, k\u00ebtu, mbase edhe p\u00ebr nj\u00eb koh\u00eb t\u00eb caktuar, nuk mund t\u00eb llogaritet n\u00eb nj\u00eb kthes\u00eb pozitive. Por Maqedonia dhe Mali i Zi, n\u00eb forma t\u00eb ndryshme, pos tjerash, edhe p\u00ebrmes lajmit p\u00ebr njohjen e pasaport\u00ebs s\u00eb Republik\u00ebs s\u00eb Kosov\u00ebs, kan\u00eb b\u00ebr\u00eb me dije p\u00ebr synimin q\u00eb kan\u00eb.<br \/>\nSi\u00eb ka kuptuar gazeta \u00ebZ\u00ebri\u00eb prej burimeve diplomatike per\u00ebndimore, duket q\u00eb Shkupi dhe Podgorica jan\u00eb n\u00eb nj\u00eb proces t\u00eb koordinimit t\u00eb njohjes s\u00eb Kosov\u00ebs, ashtu q\u00eb s\u00eb bashku, Mali i Zi dhe Maqedonia, do t\u00eb duhej ta njihnin Kosov\u00ebn. Maqedonia, n\u00eb mars t\u00eb k\u00ebtij viti, apo, nj\u00eb muaj pas (ri)shpalljes s\u00eb pavar\u00ebsis\u00eb s\u00eb Kosov\u00ebs nga ana e Kuvendit t\u00eb Kosov\u00ebs, ka qen\u00eb pjes\u00eb p\u00ebrb\u00ebr\u00ebse e nj\u00eb nd\u00ebrmarrjeje t\u00eb till\u00eb, q\u00eb pati b\u00ebr\u00eb bashk\u00eb Kroacin\u00eb, Hungarin\u00eb, Bullgarin\u00eb, Maqedonin\u00eb dhe \u00ebekin\u00eb. Por, n\u00eb \u00ebastet e fundit, \u00ebekia dhe Maqedonia u shk\u00ebput\u00ebn prej k\u00ebtij synimi q\u00eb pes\u00eb shtete ta njohin nj\u00ebkoh\u00ebsisht Kosov\u00ebn. \u00ebekia, megjithat\u00eb, e b\u00ebri k\u00ebt\u00eb m\u00eb von\u00eb, nd\u00ebrsa Maqedonia hyri n\u00eb telashet e njohura, pasi q\u00eb nuk mori ftes\u00ebn, n\u00eb Samitin e Paktit NATO, q\u00eb u mbajt n\u00eb fillim t\u00eb muajit prill n\u00eb Bukuresht, p\u00ebr t\u00ebiu bashkuar Paktit NATO, n\u00eb vijim t\u00eb problemeve t\u00eb njohura sa i p\u00ebrket emrit (me Greqin\u00eb). N\u00eb nd\u00ebrkoh\u00eb, Shkupi dhe Prishtina kan\u00eb sh\u00ebnuar p\u00ebrparim n\u00eb pun\u00ebn e Komisionit t\u00eb p\u00ebrbashk\u00ebt Kosov\u00eb-Maqedoni (obligim ky q\u00eb del edhe nga Propozimi Gjith\u00ebp\u00ebrfshir\u00ebs i Presidentit Ahtisari), p\u00ebr sh\u00ebnjimin e kufirit, prandaj, duket q\u00eb Qeveria e re e Maqedonis\u00eb ka motiv shtes\u00eb p\u00ebr t\u00ebi hyr\u00eb njohjes s\u00eb shtetit t\u00eb Kosov\u00ebs. Por, n\u00eb m\u00ebnyr\u00eb q\u00eb ta tejkaloj\u00eb m\u00eb leht\u00eb k\u00ebt\u00eb sprov\u00eb (si p\u00ebr Maqedonin\u00eb, ashtu edhe p\u00ebr Malin e Zi, \u00ebsht\u00eb evidente q\u00eb ekziston nj\u00eb droj\u00eb se si do t\u00eb reagoj\u00eb Serbia ndaj njohjes), Maqedonia \u00ebsht\u00eb dakorduar me Malin e Zi p\u00ebr njohje t\u00eb p\u00ebrbashk\u00ebt.<br \/>\nDo t\u00eb ishte kjo nj\u00eb shenj\u00eb e mir\u00eb p\u00ebr Kosov\u00ebn, sepse pos Serbis\u00eb, tre fqinj\u00ebt tjer\u00eb t\u00eb saj do ta njihnin pavar\u00ebsin\u00eb e Kosov\u00ebs.<br \/>\n<strong>Burimi \/ Lajmpres<\/strong><\/p>\n","protected":false},"excerpt":{"rendered":"<p>L\u00ebvizja prej numrit t\u00eb 43 shteteve an\u00ebtare t\u00eb OKB-s\u00eb t\u00eb cilat kan\u00eb njohur shtetin e Kosov\u00ebs, \u00ebsht\u00eb nj\u00eb interes i dor\u00ebs s\u00eb par\u00eb i Prishtin\u00ebs dhe i Per\u00ebndimit. N\u00eb k\u00ebt\u00eb aspekt, shenjat e dit\u00ebve dhe jav\u00ebve t\u00eb fundit kan\u00eb qen\u00eb q\u00eb kosovar\u00ebt mund t\u00ebi g\u00ebzohen s\u00eb shpejti tri njohjeve t\u00eb reja, q\u00eb do t\u00eb mund [&hellip;]<\/p>\n","protected":false},"author":1,"featured_media":0,"comment_status":"open","ping_status":"closed","sticky":false,"template":"","format":"standard","meta":{"spay_email":"","jetpack_publicize_message":"","jetpack_is_tweetstorm":false,"jetpack_publicize_feature_enabled":true},"categories":[6,12],"tags":[49,95],"jetpack_publicize_connections":[],"yoast_head":"<!-- This site is optimized with the Yoast SEO plugin v19.1 - https:\/\/yoast.com\/wordpress\/plugins\/seo\/ -->\n<title>Mali i Zi dhe Maqedonia jan\u00eb marr\u00eb vesh p\u00ebr njohjen e Kosov\u00ebs - Lajme nga Ulqini<\/title>\n<meta name=\"description\" content=\"L\u00ebvizja prej numrit t\u00eb 43 shteteve an\u00ebtare t\u00eb OKB-s\u00eb t\u00eb cilat kan\u00eb njohur shtetin e Kosov\u00ebs, \u00ebsht\u00eb nj\u00eb interes i dor\u00ebs s\u00eb par\u00eb i Prishtin\u00ebs dhe i\" \/>\n<meta name=\"robots\" content=\"index, follow, max-snippet:-1, max-image-preview:large, max-video-preview:-1\" \/>\n<link rel=\"canonical\" href=\"https:\/\/www.visit-ulcinj.com\/blog\/2008\/09\/21\/mali-i-zi-dhe-maqedonia-jane-marre-vesh-per-njohjen-e-kosoves\/\" \/>\n<meta property=\"og:locale\" content=\"en_US\" \/>\n<meta property=\"og:type\" content=\"article\" \/>\n<meta property=\"og:title\" content=\"Mali i Zi dhe Maqedonia jan\u00eb marr\u00eb vesh p\u00ebr njohjen e Kosov\u00ebs - Lajme nga Ulqini\" \/>\n<meta property=\"og:description\" content=\"L\u00ebvizja prej numrit t\u00eb 43 shteteve an\u00ebtare t\u00eb OKB-s\u00eb t\u00eb cilat kan\u00eb njohur shtetin e Kosov\u00ebs, \u00ebsht\u00eb nj\u00eb interes i dor\u00ebs s\u00eb par\u00eb i Prishtin\u00ebs dhe i\" \/>\n<meta property=\"og:url\" content=\"https:\/\/www.visit-ulcinj.com\/blog\/2008\/09\/21\/mali-i-zi-dhe-maqedonia-jane-marre-vesh-per-njohjen-e-kosoves\/\" \/>\n<meta property=\"og:site_name\" content=\"Lajme nga Ulqini\" \/>\n<meta property=\"article:published_time\" content=\"2008-09-21T17:28:50+00:00\" \/>\n<meta property=\"article:modified_time\" content=\"2008-10-17T19:31:20+00:00\" \/>\n<meta property=\"og:image\" content=\"http:\/\/www.visit-ulcinj.com\/blog\/wp-content\/uploads\/2008\/09\/getattachment1-2.jpg\" \/>\n<meta name=\"twitter:label1\" content=\"Written by\" \/>\n\t<meta name=\"twitter:data1\" content=\"ulqini\" \/>\n\t<meta name=\"twitter:label2\" content=\"Est. reading time\" \/>\n\t<meta name=\"twitter:data2\" content=\"3 minutes\" \/>\n<script type=\"application\/ld+json\" class=\"yoast-schema-graph\">{\"@context\":\"https:\/\/schema.org\",\"@graph\":[{\"@type\":\"WebSite\",\"@id\":\"https:\/\/www.visit-ulcinj.com\/blog\/#website\",\"url\":\"https:\/\/www.visit-ulcinj.com\/blog\/\",\"name\":\"Lajme nga Ulqini\",\"description\":\"Lajme,Vijesti,Ulqini,Ulqin,Crna Gora,Mali i Zi\",\"potentialAction\":[{\"@type\":\"SearchAction\",\"target\":{\"@type\":\"EntryPoint\",\"urlTemplate\":\"https:\/\/www.visit-ulcinj.com\/blog\/?s={search_term_string}\"},\"query-input\":\"required name=search_term_string\"}],\"inLanguage\":\"en-US\"},{\"@type\":\"ImageObject\",\"inLanguage\":\"en-US\",\"@id\":\"https:\/\/www.visit-ulcinj.com\/blog\/2008\/09\/21\/mali-i-zi-dhe-maqedonia-jane-marre-vesh-per-njohjen-e-kosoves\/#primaryimage\",\"url\":\"http:\/\/www.visit-ulcinj.com\/blog\/wp-content\/uploads\/2008\/09\/getattachment1-2.jpg\",\"contentUrl\":\"http:\/\/www.visit-ulcinj.com\/blog\/wp-content\/uploads\/2008\/09\/getattachment1-2.jpg\"},{\"@type\":\"WebPage\",\"@id\":\"https:\/\/www.visit-ulcinj.com\/blog\/2008\/09\/21\/mali-i-zi-dhe-maqedonia-jane-marre-vesh-per-njohjen-e-kosoves\/#webpage\",\"url\":\"https:\/\/www.visit-ulcinj.com\/blog\/2008\/09\/21\/mali-i-zi-dhe-maqedonia-jane-marre-vesh-per-njohjen-e-kosoves\/\",\"name\":\"Mali i Zi dhe Maqedonia jan\u00eb marr\u00eb vesh p\u00ebr njohjen e Kosov\u00ebs - Lajme nga Ulqini\",\"isPartOf\":{\"@id\":\"https:\/\/www.visit-ulcinj.com\/blog\/#website\"},\"primaryImageOfPage\":{\"@id\":\"https:\/\/www.visit-ulcinj.com\/blog\/2008\/09\/21\/mali-i-zi-dhe-maqedonia-jane-marre-vesh-per-njohjen-e-kosoves\/#primaryimage\"},\"datePublished\":\"2008-09-21T17:28:50+00:00\",\"dateModified\":\"2008-10-17T19:31:20+00:00\",\"author\":{\"@id\":\"https:\/\/www.visit-ulcinj.com\/blog\/#\/schema\/person\/dcab619c614d3038751c63bc2aadc06d\"},\"description\":\"L\u00ebvizja prej numrit t\u00eb 43 shteteve an\u00ebtare t\u00eb OKB-s\u00eb t\u00eb cilat kan\u00eb njohur shtetin e Kosov\u00ebs, \u00ebsht\u00eb nj\u00eb interes i dor\u00ebs s\u00eb par\u00eb i Prishtin\u00ebs dhe i\",\"breadcrumb\":{\"@id\":\"https:\/\/www.visit-ulcinj.com\/blog\/2008\/09\/21\/mali-i-zi-dhe-maqedonia-jane-marre-vesh-per-njohjen-e-kosoves\/#breadcrumb\"},\"inLanguage\":\"en-US\",\"potentialAction\":[{\"@type\":\"ReadAction\",\"target\":[\"https:\/\/www.visit-ulcinj.com\/blog\/2008\/09\/21\/mali-i-zi-dhe-maqedonia-jane-marre-vesh-per-njohjen-e-kosoves\/\"]}]},{\"@type\":\"BreadcrumbList\",\"@id\":\"https:\/\/www.visit-ulcinj.com\/blog\/2008\/09\/21\/mali-i-zi-dhe-maqedonia-jane-marre-vesh-per-njohjen-e-kosoves\/#breadcrumb\",\"itemListElement\":[{\"@type\":\"ListItem\",\"position\":1,\"name\":\"Mali i Zi dhe Maqedonia jan\u00eb marr\u00eb vesh p\u00ebr njohjen e Kosov\u00ebs\"}]},{\"@type\":\"Person\",\"@id\":\"https:\/\/www.visit-ulcinj.com\/blog\/#\/schema\/person\/dcab619c614d3038751c63bc2aadc06d\",\"name\":\"ulqini\",\"sameAs\":[\"http:\/\/www.visit-ulcinj.com\"],\"url\":\"https:\/\/www.visit-ulcinj.com\/blog\/author\/admin\/\"}]}<\/script>\n<!-- \/ Yoast SEO plugin. -->","yoast_head_json":{"title":"Mali i Zi dhe Maqedonia jan\u00eb marr\u00eb vesh p\u00ebr njohjen e Kosov\u00ebs - Lajme nga Ulqini","description":"L\u00ebvizja prej numrit t\u00eb 43 shteteve an\u00ebtare t\u00eb OKB-s\u00eb t\u00eb cilat kan\u00eb njohur shtetin e Kosov\u00ebs, \u00ebsht\u00eb nj\u00eb interes i dor\u00ebs s\u00eb par\u00eb i Prishtin\u00ebs dhe i","robots":{"index":"index","follow":"follow","max-snippet":"max-snippet:-1","max-image-preview":"max-image-preview:large","max-video-preview":"max-video-preview:-1"},"canonical":"https:\/\/www.visit-ulcinj.com\/blog\/2008\/09\/21\/mali-i-zi-dhe-maqedonia-jane-marre-vesh-per-njohjen-e-kosoves\/","og_locale":"en_US","og_type":"article","og_title":"Mali i Zi dhe Maqedonia jan\u00eb marr\u00eb vesh p\u00ebr njohjen e Kosov\u00ebs - Lajme nga Ulqini","og_description":"L\u00ebvizja prej numrit t\u00eb 43 shteteve an\u00ebtare t\u00eb OKB-s\u00eb t\u00eb cilat kan\u00eb njohur shtetin e Kosov\u00ebs, \u00ebsht\u00eb nj\u00eb interes i dor\u00ebs s\u00eb par\u00eb i Prishtin\u00ebs dhe i","og_url":"https:\/\/www.visit-ulcinj.com\/blog\/2008\/09\/21\/mali-i-zi-dhe-maqedonia-jane-marre-vesh-per-njohjen-e-kosoves\/","og_site_name":"Lajme nga Ulqini","article_published_time":"2008-09-21T17:28:50+00:00","article_modified_time":"2008-10-17T19:31:20+00:00","og_image":[{"url":"http:\/\/www.visit-ulcinj.com\/blog\/wp-content\/uploads\/2008\/09\/getattachment1-2.jpg"}],"twitter_misc":{"Written by":"ulqini","Est. reading time":"3 minutes"},"schema":{"@context":"https:\/\/schema.org","@graph":[{"@type":"WebSite","@id":"https:\/\/www.visit-ulcinj.com\/blog\/#website","url":"https:\/\/www.visit-ulcinj.com\/blog\/","name":"Lajme nga Ulqini","description":"Lajme,Vijesti,Ulqini,Ulqin,Crna Gora,Mali i Zi","potentialAction":[{"@type":"SearchAction","target":{"@type":"EntryPoint","urlTemplate":"https:\/\/www.visit-ulcinj.com\/blog\/?s={search_term_string}"},"query-input":"required name=search_term_string"}],"inLanguage":"en-US"},{"@type":"ImageObject","inLanguage":"en-US","@id":"https:\/\/www.visit-ulcinj.com\/blog\/2008\/09\/21\/mali-i-zi-dhe-maqedonia-jane-marre-vesh-per-njohjen-e-kosoves\/#primaryimage","url":"http:\/\/www.visit-ulcinj.com\/blog\/wp-content\/uploads\/2008\/09\/getattachment1-2.jpg","contentUrl":"http:\/\/www.visit-ulcinj.com\/blog\/wp-content\/uploads\/2008\/09\/getattachment1-2.jpg"},{"@type":"WebPage","@id":"https:\/\/www.visit-ulcinj.com\/blog\/2008\/09\/21\/mali-i-zi-dhe-maqedonia-jane-marre-vesh-per-njohjen-e-kosoves\/#webpage","url":"https:\/\/www.visit-ulcinj.com\/blog\/2008\/09\/21\/mali-i-zi-dhe-maqedonia-jane-marre-vesh-per-njohjen-e-kosoves\/","name":"Mali i Zi dhe Maqedonia jan\u00eb marr\u00eb vesh p\u00ebr njohjen e Kosov\u00ebs - Lajme nga Ulqini","isPartOf":{"@id":"https:\/\/www.visit-ulcinj.com\/blog\/#website"},"primaryImageOfPage":{"@id":"https:\/\/www.visit-ulcinj.com\/blog\/2008\/09\/21\/mali-i-zi-dhe-maqedonia-jane-marre-vesh-per-njohjen-e-kosoves\/#primaryimage"},"datePublished":"2008-09-21T17:28:50+00:00","dateModified":"2008-10-17T19:31:20+00:00","author":{"@id":"https:\/\/www.visit-ulcinj.com\/blog\/#\/schema\/person\/dcab619c614d3038751c63bc2aadc06d"},"description":"L\u00ebvizja prej numrit t\u00eb 43 shteteve an\u00ebtare t\u00eb OKB-s\u00eb t\u00eb cilat kan\u00eb njohur shtetin e Kosov\u00ebs, \u00ebsht\u00eb nj\u00eb interes i dor\u00ebs s\u00eb par\u00eb i Prishtin\u00ebs dhe i","breadcrumb":{"@id":"https:\/\/www.visit-ulcinj.com\/blog\/2008\/09\/21\/mali-i-zi-dhe-maqedonia-jane-marre-vesh-per-njohjen-e-kosoves\/#breadcrumb"},"inLanguage":"en-US","potentialAction":[{"@type":"ReadAction","target":["https:\/\/www.visit-ulcinj.com\/blog\/2008\/09\/21\/mali-i-zi-dhe-maqedonia-jane-marre-vesh-per-njohjen-e-kosoves\/"]}]},{"@type":"BreadcrumbList","@id":"https:\/\/www.visit-ulcinj.com\/blog\/2008\/09\/21\/mali-i-zi-dhe-maqedonia-jane-marre-vesh-per-njohjen-e-kosoves\/#breadcrumb","itemListElement":[{"@type":"ListItem","position":1,"name":"Mali i Zi dhe Maqedonia jan\u00eb marr\u00eb vesh p\u00ebr njohjen e Kosov\u00ebs"}]},{"@type":"Person","@id":"https:\/\/www.visit-ulcinj.com\/blog\/#\/schema\/person\/dcab619c614d3038751c63bc2aadc06d","name":"ulqini","sameAs":["http:\/\/www.visit-ulcinj.com"],"url":"https:\/\/www.visit-ulcinj.com\/blog\/author\/admin\/"}]}},"jetpack_featured_media_url":"","jetpack_sharing_enabled":true,"jetpack_shortlink":"https:\/\/wp.me\/pe6lTn-Um","_links":{"self":[{"href":"https:\/\/www.visit-ulcinj.com\/blog\/wp-json\/wp\/v2\/posts\/3494"}],"collection":[{"href":"https:\/\/www.visit-ulcinj.com\/blog\/wp-json\/wp\/v2\/posts"}],"about":[{"href":"https:\/\/www.visit-ulcinj.com\/blog\/wp-json\/wp\/v2\/types\/post"}],"author":[{"embeddable":true,"href":"https:\/\/www.visit-ulcinj.com\/blog\/wp-json\/wp\/v2\/users\/1"}],"replies":[{"embeddable":true,"href":"https:\/\/www.visit-ulcinj.com\/blog\/wp-json\/wp\/v2\/comments?post=3494"}],"version-history":[{"count":0,"href":"https:\/\/www.visit-ulcinj.com\/blog\/wp-json\/wp\/v2\/posts\/3494\/revisions"}],"wp:attachment":[{"href":"https:\/\/www.visit-ulcinj.com\/blog\/wp-json\/wp\/v2\/media?parent=3494"}],"wp:term":[{"taxonomy":"category","embeddable":true,"href":"https:\/\/www.visit-ulcinj.com\/blog\/wp-json\/wp\/v2\/categories?post=3494"},{"taxonomy":"post_tag","embeddable":true,"href":"https:\/\/www.visit-ulcinj.com\/blog\/wp-json\/wp\/v2\/tags?post=3494"}],"curies":[{"name":"wp","href":"https:\/\/api.w.org\/{rel}","templated":true}]}}