{"id":34950,"date":"2010-06-24T19:00:08","date_gmt":"2010-06-24T17:00:08","guid":{"rendered":"http:\/\/www.visit-ulcinj.com\/blog\/?p=34950"},"modified":"2010-06-24T19:12:10","modified_gmt":"2010-06-24T17:12:10","slug":"fillim-i-dobet-i-sezonit-ne-ulqin","status":"publish","type":"post","link":"https:\/\/www.visit-ulcinj.com\/blog\/2010\/06\/24\/fillim-i-dobet-i-sezonit-ne-ulqin\/","title":{"rendered":"Fillim i dob\u00ebt i sezonit n\u00eb Ulqin"},"content":{"rendered":"<p><b><a href=\"http:\/\/www.visit-ulcinj.com\/blog\/wp-content\/uploads\/2010\/06\/Perfaqsuesit-ekonomik-te-ulqinit.png\" mce_href=\"http:\/\/www.visit-ulcinj.com\/blog\/wp-content\/uploads\/2010\/06\/Perfaqsuesit-ekonomik-te-ulqinit.png\"><img loading=\"lazy\" class=\"alignleft size-full wp-image-34951\" title=\"Perfaqsuesit ekonomik te ulqinit\" src=\"http:\/\/www.visit-ulcinj.com\/blog\/wp-content\/uploads\/2010\/06\/Perfaqsuesit-ekonomik-te-ulqinit.png\" mce_src=\"http:\/\/www.visit-ulcinj.com\/blog\/wp-content\/uploads\/2010\/06\/Perfaqsuesit-ekonomik-te-ulqinit.png\" alt=\"Perfaqsuesit ekonomik te ulqinit\" width=\"490\" height=\"380\"><\/a>P\u00ebrfaq\u00ebsuesit e turizmit n\u00eb Ulqin diskutuan t\u00eb mart\u00ebn mbi fillimin e sezonit turistik n\u00eb ulqin <\/b><br \/>\nUlqin \u2013 Ulqini e ka pritur i papergatitur sezonin&nbsp;e sivjetshem turistik dhe problemet me te cilat&nbsp;eshte ballafaquar viteve te kaluara jane perseritur&nbsp;edhe ne fillim te ketij sezoni, kane vleresuar&nbsp;perfaqesuesit e turizmit ne Ulqin, ne takimin e&nbsp;organizuar te marten nga Ulqin Biznes&nbsp;Asociacioni me teme&nbsp;\u201cAnaliza e sezonit turistik&nbsp;2010\u201d.&nbsp;Ne takim jane prezantuar&nbsp;te dhenat statistikore&nbsp;krahasuese mbi numrin&nbsp;e buajtjeve te turisteve&nbsp;te cilat tregojne se ne&nbsp;Ulqin aktualisht ka rreth&nbsp;30 per qind me pak turiste&nbsp;se ne te njejten periudhe&nbsp;te vitit te kaluar.&nbsp;Afaristet turistike kane&nbsp;vleresuar se rezultatet&nbsp;financiare deri tani jane&nbsp;me te dobeta krahasuar&nbsp;me te njejten periudhe te&nbsp;vitit te kaluar. Ata kane&nbsp;kerkuar nderprerjen&nbsp;urgjente te punimeve&nbsp;ndertimore qe po vazhdojne&nbsp;ne komunen e Ulqinit.&nbsp;Pervec menaxhimit te&nbsp;plazheve te Ulqinit qe&nbsp;perfaqesojne nje shembull&nbsp;te mire jo vetem per&nbsp;Malin e Zi, por edhe me&nbsp;gjere, sipas perfaqesuesve&nbsp;te turizmit, oferta turistike&nbsp;e Ulqinit eshte cilesuar&nbsp;ne nivel jo te duhur.&nbsp;Ata kane shprehur&nbsp;keqardhje per paralajmerimin&nbsp;e drejtuesve te&nbsp;hotelit \u201cOtrant\u201d, se ky&nbsp;hotel, i vetmi me kater&nbsp;yje ne komunen e&nbsp;Ulqinit, nuk do te punoje gjate sezonit te sivjetshem veror.&nbsp;Afaristet kane theksuar edhe problemin e&nbsp;kalimit te kufirit ne piken kufitare Sukubine \u2013&nbsp;Muriqan dhe kane kerkuar nga organet kompetente&nbsp;marrjen e masave per pershpejtimin e procedures&nbsp;se kalimit te kufirit.&nbsp;Shumica e pjesemarresve ne takim kane kritikuar&nbsp;marketingun turistik te realizuar nga&nbsp;pushteti lokal dhe e kane cilesuar te gabuar promovimin&nbsp;e ofertes turistike te Ulqinit ne&nbsp;panairet e ndryshme evropiane, duke lene pa e&nbsp;prezantuar ate ne vendet kryesore emetuese te&nbsp;rajonit, si Kosove dhe Bosnje e Hercegovine, te&nbsp;cilet sipas te dhenave perbejne rreth 95 per qind&nbsp;te turisteve ne Ulqin. Per kete arsye ata kane&nbsp;kerkuar qe ne nje periudhe sa me te shkurter te&nbsp;organizohet promovimi i ofertes turistike te&nbsp;Ulqinit ne vendet e rajonit.&nbsp;Disa afariste te cilet ne vendet e lartpermendura&nbsp;kane organizuar prezantime ne menyre individuale&nbsp;kane verejtur se ekziston interesim i madh&nbsp;per Ulqinin, por kane konstatuar se ai eshte&nbsp;shume dobet i prezantuar ne krahasim me&nbsp;konkurrentet e tij.&nbsp;Problem sipas afaristeve turistike perben edhe&nbsp;regjistrimi i turisteve, papastertia, mungesa e&nbsp;hapesirave per parkim, edukimi i popullsise&nbsp;lokale per shfrytezimin sa me racional te automobilave&nbsp;dhe parkimit ne hapesirat publike&nbsp;gjate sezonit turistik, si dhe menjanimi i qenve,&nbsp;maceve dhe kafsheve te ndryshme nga rruget.&nbsp;Pervec perfaqesuesve turistike te Ulqinit ne&nbsp;takim moren pjese edhe sekretari per Ekonomi&nbsp;i Komunes se Ulqinit, Vaso Radoviq, dhe shefi&nbsp;i Policise se Ulqinit, Rudolf Elezoviq.&nbsp;Organizatoret e takimit kane shprehur keqardhje&nbsp;per mospjesemarrjen ne takim te perfaqesuesve&nbsp;te tjere te Komunes se Ulqinit dhe&nbsp;Organizates Turistike te Ulqinit.<\/p>\n<p><b><br \/>\nI,K.<br \/>\nKoha Javore<br \/>\n<!--YouTube Error: bad URL entered--><\/b><\/p>\n","protected":false},"excerpt":{"rendered":"<p>P\u00ebrfaq\u00ebsuesit e turizmit n\u00eb Ulqin diskutuan t\u00eb mart\u00ebn mbi fillimin e sezonit turistik n\u00eb ulqin Ulqin \u2013 Ulqini e ka pritur i papergatitur sezonin&nbsp;e sivjetshem turistik dhe problemet me te cilat&nbsp;eshte ballafaquar viteve te kaluara jane perseritur&nbsp;edhe ne fillim te ketij sezoni, kane vleresuar&nbsp;perfaqesuesit e turizmit ne Ulqin, ne takimin e&nbsp;organizuar te marten nga Ulqin [&hellip;]<\/p>\n","protected":false},"author":1,"featured_media":0,"comment_status":"open","ping_status":"closed","sticky":false,"template":"","format":"standard","meta":{"spay_email":"","jetpack_publicize_message":"","jetpack_is_tweetstorm":false,"jetpack_publicize_feature_enabled":true},"categories":[10],"tags":[95,2797,200],"jetpack_publicize_connections":[],"yoast_head":"<!-- This site is optimized with the Yoast SEO plugin v19.1 - https:\/\/yoast.com\/wordpress\/plugins\/seo\/ -->\n<title>Fillim i dob\u00ebt i sezonit n\u00eb Ulqin - Lajme nga Ulqini<\/title>\n<meta name=\"description\" content=\"P\u00ebrfaq\u00ebsuesit e turizmit n\u00eb Ulqin diskutuan t\u00eb mart\u00ebn mbi fillimin e sezonit turistik n\u00eb ulqin Ulqin \u2013 Ulqini e ka pritur i papergatitur sezonin&nbsp;e\" \/>\n<meta name=\"robots\" content=\"index, follow, max-snippet:-1, max-image-preview:large, max-video-preview:-1\" \/>\n<link rel=\"canonical\" href=\"https:\/\/www.visit-ulcinj.com\/blog\/2010\/06\/24\/fillim-i-dobet-i-sezonit-ne-ulqin\/\" \/>\n<meta property=\"og:locale\" content=\"en_US\" \/>\n<meta property=\"og:type\" content=\"article\" \/>\n<meta property=\"og:title\" content=\"Fillim i dob\u00ebt i sezonit n\u00eb Ulqin - Lajme nga Ulqini\" \/>\n<meta property=\"og:description\" content=\"P\u00ebrfaq\u00ebsuesit e turizmit n\u00eb Ulqin diskutuan t\u00eb mart\u00ebn mbi fillimin e sezonit turistik n\u00eb ulqin Ulqin \u2013 Ulqini e ka pritur i papergatitur sezonin&nbsp;e\" \/>\n<meta property=\"og:url\" content=\"https:\/\/www.visit-ulcinj.com\/blog\/2010\/06\/24\/fillim-i-dobet-i-sezonit-ne-ulqin\/\" \/>\n<meta property=\"og:site_name\" content=\"Lajme nga Ulqini\" \/>\n<meta property=\"article:published_time\" content=\"2010-06-24T17:00:08+00:00\" \/>\n<meta property=\"article:modified_time\" content=\"2010-06-24T17:12:10+00:00\" \/>\n<meta property=\"og:image\" content=\"http:\/\/www.visit-ulcinj.com\/blog\/wp-content\/uploads\/2010\/06\/Perfaqsuesit-ekonomik-te-ulqinit.png\" \/>\n<meta name=\"twitter:label1\" content=\"Written by\" \/>\n\t<meta name=\"twitter:data1\" content=\"ulqini\" \/>\n\t<meta name=\"twitter:label2\" content=\"Est. reading time\" \/>\n\t<meta name=\"twitter:data2\" content=\"3 minutes\" \/>\n<script type=\"application\/ld+json\" class=\"yoast-schema-graph\">{\"@context\":\"https:\/\/schema.org\",\"@graph\":[{\"@type\":\"WebSite\",\"@id\":\"https:\/\/www.visit-ulcinj.com\/blog\/#website\",\"url\":\"https:\/\/www.visit-ulcinj.com\/blog\/\",\"name\":\"Lajme nga Ulqini\",\"description\":\"Lajme,Vijesti,Ulqini,Ulqin,Crna Gora,Mali i Zi\",\"potentialAction\":[{\"@type\":\"SearchAction\",\"target\":{\"@type\":\"EntryPoint\",\"urlTemplate\":\"https:\/\/www.visit-ulcinj.com\/blog\/?s={search_term_string}\"},\"query-input\":\"required name=search_term_string\"}],\"inLanguage\":\"en-US\"},{\"@type\":\"ImageObject\",\"inLanguage\":\"en-US\",\"@id\":\"https:\/\/www.visit-ulcinj.com\/blog\/2010\/06\/24\/fillim-i-dobet-i-sezonit-ne-ulqin\/#primaryimage\",\"url\":\"https:\/\/www.visit-ulcinj.com\/blog\/wp-content\/uploads\/2010\/06\/Perfaqsuesit-ekonomik-te-ulqinit.png\",\"contentUrl\":\"https:\/\/www.visit-ulcinj.com\/blog\/wp-content\/uploads\/2010\/06\/Perfaqsuesit-ekonomik-te-ulqinit.png\",\"width\":\"550\",\"height\":\"508\"},{\"@type\":\"WebPage\",\"@id\":\"https:\/\/www.visit-ulcinj.com\/blog\/2010\/06\/24\/fillim-i-dobet-i-sezonit-ne-ulqin\/#webpage\",\"url\":\"https:\/\/www.visit-ulcinj.com\/blog\/2010\/06\/24\/fillim-i-dobet-i-sezonit-ne-ulqin\/\",\"name\":\"Fillim i dob\u00ebt i sezonit n\u00eb Ulqin - Lajme nga Ulqini\",\"isPartOf\":{\"@id\":\"https:\/\/www.visit-ulcinj.com\/blog\/#website\"},\"primaryImageOfPage\":{\"@id\":\"https:\/\/www.visit-ulcinj.com\/blog\/2010\/06\/24\/fillim-i-dobet-i-sezonit-ne-ulqin\/#primaryimage\"},\"datePublished\":\"2010-06-24T17:00:08+00:00\",\"dateModified\":\"2010-06-24T17:12:10+00:00\",\"author\":{\"@id\":\"https:\/\/www.visit-ulcinj.com\/blog\/#\/schema\/person\/dcab619c614d3038751c63bc2aadc06d\"},\"description\":\"P\u00ebrfaq\u00ebsuesit e turizmit n\u00eb Ulqin diskutuan t\u00eb mart\u00ebn mbi fillimin e sezonit turistik n\u00eb ulqin Ulqin \u2013 Ulqini e ka pritur i papergatitur sezonin&nbsp;e\",\"breadcrumb\":{\"@id\":\"https:\/\/www.visit-ulcinj.com\/blog\/2010\/06\/24\/fillim-i-dobet-i-sezonit-ne-ulqin\/#breadcrumb\"},\"inLanguage\":\"en-US\",\"potentialAction\":[{\"@type\":\"ReadAction\",\"target\":[\"https:\/\/www.visit-ulcinj.com\/blog\/2010\/06\/24\/fillim-i-dobet-i-sezonit-ne-ulqin\/\"]}]},{\"@type\":\"BreadcrumbList\",\"@id\":\"https:\/\/www.visit-ulcinj.com\/blog\/2010\/06\/24\/fillim-i-dobet-i-sezonit-ne-ulqin\/#breadcrumb\",\"itemListElement\":[{\"@type\":\"ListItem\",\"position\":1,\"name\":\"Fillim i dob\u00ebt i sezonit n\u00eb Ulqin\"}]},{\"@type\":\"Person\",\"@id\":\"https:\/\/www.visit-ulcinj.com\/blog\/#\/schema\/person\/dcab619c614d3038751c63bc2aadc06d\",\"name\":\"ulqini\",\"sameAs\":[\"http:\/\/www.visit-ulcinj.com\"],\"url\":\"https:\/\/www.visit-ulcinj.com\/blog\/author\/admin\/\"}]}<\/script>\n<!-- \/ Yoast SEO plugin. -->","yoast_head_json":{"title":"Fillim i dob\u00ebt i sezonit n\u00eb Ulqin - Lajme nga Ulqini","description":"P\u00ebrfaq\u00ebsuesit e turizmit n\u00eb Ulqin diskutuan t\u00eb mart\u00ebn mbi fillimin e sezonit turistik n\u00eb ulqin Ulqin \u2013 Ulqini e ka pritur i papergatitur sezonin&nbsp;e","robots":{"index":"index","follow":"follow","max-snippet":"max-snippet:-1","max-image-preview":"max-image-preview:large","max-video-preview":"max-video-preview:-1"},"canonical":"https:\/\/www.visit-ulcinj.com\/blog\/2010\/06\/24\/fillim-i-dobet-i-sezonit-ne-ulqin\/","og_locale":"en_US","og_type":"article","og_title":"Fillim i dob\u00ebt i sezonit n\u00eb Ulqin - Lajme nga Ulqini","og_description":"P\u00ebrfaq\u00ebsuesit e turizmit n\u00eb Ulqin diskutuan t\u00eb mart\u00ebn mbi fillimin e sezonit turistik n\u00eb ulqin Ulqin \u2013 Ulqini e ka pritur i papergatitur sezonin&nbsp;e","og_url":"https:\/\/www.visit-ulcinj.com\/blog\/2010\/06\/24\/fillim-i-dobet-i-sezonit-ne-ulqin\/","og_site_name":"Lajme nga Ulqini","article_published_time":"2010-06-24T17:00:08+00:00","article_modified_time":"2010-06-24T17:12:10+00:00","og_image":[{"url":"http:\/\/www.visit-ulcinj.com\/blog\/wp-content\/uploads\/2010\/06\/Perfaqsuesit-ekonomik-te-ulqinit.png"}],"twitter_misc":{"Written by":"ulqini","Est. reading time":"3 minutes"},"schema":{"@context":"https:\/\/schema.org","@graph":[{"@type":"WebSite","@id":"https:\/\/www.visit-ulcinj.com\/blog\/#website","url":"https:\/\/www.visit-ulcinj.com\/blog\/","name":"Lajme nga Ulqini","description":"Lajme,Vijesti,Ulqini,Ulqin,Crna Gora,Mali i Zi","potentialAction":[{"@type":"SearchAction","target":{"@type":"EntryPoint","urlTemplate":"https:\/\/www.visit-ulcinj.com\/blog\/?s={search_term_string}"},"query-input":"required name=search_term_string"}],"inLanguage":"en-US"},{"@type":"ImageObject","inLanguage":"en-US","@id":"https:\/\/www.visit-ulcinj.com\/blog\/2010\/06\/24\/fillim-i-dobet-i-sezonit-ne-ulqin\/#primaryimage","url":"https:\/\/www.visit-ulcinj.com\/blog\/wp-content\/uploads\/2010\/06\/Perfaqsuesit-ekonomik-te-ulqinit.png","contentUrl":"https:\/\/www.visit-ulcinj.com\/blog\/wp-content\/uploads\/2010\/06\/Perfaqsuesit-ekonomik-te-ulqinit.png","width":"550","height":"508"},{"@type":"WebPage","@id":"https:\/\/www.visit-ulcinj.com\/blog\/2010\/06\/24\/fillim-i-dobet-i-sezonit-ne-ulqin\/#webpage","url":"https:\/\/www.visit-ulcinj.com\/blog\/2010\/06\/24\/fillim-i-dobet-i-sezonit-ne-ulqin\/","name":"Fillim i dob\u00ebt i sezonit n\u00eb Ulqin - Lajme nga Ulqini","isPartOf":{"@id":"https:\/\/www.visit-ulcinj.com\/blog\/#website"},"primaryImageOfPage":{"@id":"https:\/\/www.visit-ulcinj.com\/blog\/2010\/06\/24\/fillim-i-dobet-i-sezonit-ne-ulqin\/#primaryimage"},"datePublished":"2010-06-24T17:00:08+00:00","dateModified":"2010-06-24T17:12:10+00:00","author":{"@id":"https:\/\/www.visit-ulcinj.com\/blog\/#\/schema\/person\/dcab619c614d3038751c63bc2aadc06d"},"description":"P\u00ebrfaq\u00ebsuesit e turizmit n\u00eb Ulqin diskutuan t\u00eb mart\u00ebn mbi fillimin e sezonit turistik n\u00eb ulqin Ulqin \u2013 Ulqini e ka pritur i papergatitur sezonin&nbsp;e","breadcrumb":{"@id":"https:\/\/www.visit-ulcinj.com\/blog\/2010\/06\/24\/fillim-i-dobet-i-sezonit-ne-ulqin\/#breadcrumb"},"inLanguage":"en-US","potentialAction":[{"@type":"ReadAction","target":["https:\/\/www.visit-ulcinj.com\/blog\/2010\/06\/24\/fillim-i-dobet-i-sezonit-ne-ulqin\/"]}]},{"@type":"BreadcrumbList","@id":"https:\/\/www.visit-ulcinj.com\/blog\/2010\/06\/24\/fillim-i-dobet-i-sezonit-ne-ulqin\/#breadcrumb","itemListElement":[{"@type":"ListItem","position":1,"name":"Fillim i dob\u00ebt i sezonit n\u00eb Ulqin"}]},{"@type":"Person","@id":"https:\/\/www.visit-ulcinj.com\/blog\/#\/schema\/person\/dcab619c614d3038751c63bc2aadc06d","name":"ulqini","sameAs":["http:\/\/www.visit-ulcinj.com"],"url":"https:\/\/www.visit-ulcinj.com\/blog\/author\/admin\/"}]}},"jetpack_featured_media_url":"","jetpack_sharing_enabled":true,"jetpack_shortlink":"https:\/\/wp.me\/pe6lTn-95I","_links":{"self":[{"href":"https:\/\/www.visit-ulcinj.com\/blog\/wp-json\/wp\/v2\/posts\/34950"}],"collection":[{"href":"https:\/\/www.visit-ulcinj.com\/blog\/wp-json\/wp\/v2\/posts"}],"about":[{"href":"https:\/\/www.visit-ulcinj.com\/blog\/wp-json\/wp\/v2\/types\/post"}],"author":[{"embeddable":true,"href":"https:\/\/www.visit-ulcinj.com\/blog\/wp-json\/wp\/v2\/users\/1"}],"replies":[{"embeddable":true,"href":"https:\/\/www.visit-ulcinj.com\/blog\/wp-json\/wp\/v2\/comments?post=34950"}],"version-history":[{"count":0,"href":"https:\/\/www.visit-ulcinj.com\/blog\/wp-json\/wp\/v2\/posts\/34950\/revisions"}],"wp:attachment":[{"href":"https:\/\/www.visit-ulcinj.com\/blog\/wp-json\/wp\/v2\/media?parent=34950"}],"wp:term":[{"taxonomy":"category","embeddable":true,"href":"https:\/\/www.visit-ulcinj.com\/blog\/wp-json\/wp\/v2\/categories?post=34950"},{"taxonomy":"post_tag","embeddable":true,"href":"https:\/\/www.visit-ulcinj.com\/blog\/wp-json\/wp\/v2\/tags?post=34950"}],"curies":[{"name":"wp","href":"https:\/\/api.w.org\/{rel}","templated":true}]}}