{"id":34955,"date":"2010-06-24T20:18:44","date_gmt":"2010-06-24T18:18:44","guid":{"rendered":"http:\/\/www.visit-ulcinj.com\/blog\/?p=34955"},"modified":"2010-06-24T20:18:44","modified_gmt":"2010-06-24T18:18:44","slug":"forca-trazi-ostavku-nenezica","status":"publish","type":"post","link":"https:\/\/www.visit-ulcinj.com\/blog\/2010\/06\/24\/forca-trazi-ostavku-nenezica\/","title":{"rendered":"Forca tra\u017ei ostavku Nenezi?a"},"content":{"rendered":"<p><strong><a href=\"http:\/\/www.visit-ulcinj.com\/blog\/wp-content\/uploads\/2010\/06\/Nova-demokratska-snaga-FORCA-_Ulcinj.jpg\"><img loading=\"lazy\" class=\"alignleft size-full wp-image-34956\" title=\"Nova demokratska snaga FORCA _Ulcinj\" src=\"http:\/\/www.visit-ulcinj.com\/blog\/wp-content\/uploads\/2010\/06\/Nova-demokratska-snaga-FORCA-_Ulcinj.jpg\" alt=\"Nova demokratska snaga FORCA _Ulcinj\" width=\"490\" height=\"380\" \/><\/a>Ministar tvrdi da Ulcinj nema hotela, jer nema planove<\/strong><br \/>\nMinistarstvo turizma ?e, nakon \u0161to dobije izvje\u0161taj inspekcije, preduzeti neophodne mjere za rje\u0161avanje problema u ulcinjskom hotelu Otrant, jer bi njegovo zatvaranje ugrozilo kvalitet turisti?ke ponude, saop\u0161tio je resorni ministar Predrag Nenezi?, odgovaraju?i na poslani?ka pitanja u Sku\u0161tini. Ocijenio je da Otrant predstavlja zna?ajnu kariku u turisti?koj ponudi Ulcinja i Crne Gore i podsjetio da su vlasnici, kompanija Barkli Montenegro, najavili njegovo konzerviranje tokom predstoje?e sezone.<br \/>\n&#8211; Zabrinjava odluka o zatvaranju Otranta zbog izbjegavanja gubitaka u poslovanju, s obzirom da je donesena na po?etku sezone, kada Ministarstvo radi na sveobuhvatnoj promociji turisti?ke ponude &#8211; kazao je Nenezi?.<br \/>\nOn smatra da su ka\u0161njenja u realizaciji planiranih investicija u hotele ulcinjske op\u0161tine, koje su predvi?ene kupoprodajnim ugovorima, posljedica nedostatka prostorno-planske dokumentacije. Podsjetio je da kompanija Be?ovi? menad\u017ement prije pet godina preuzela obavezu da u hotel Mediteran, investira 6,15 miliona eura.<br \/>\n&#8211; Investitor je do sada adaptirao vile za tri miliona eura. Da bi ostvarili planove, rekonstruisali postoje?i i izgradili nove objekte, podnijeli su ulcinjskoj op\u0161tini inicijativu za izradu studije lokacije za to podru?je &#8211; naveo je Nenezi?.<br \/>\nPodsjetio je i da je hotel Galeb sru\u0161en je prije dvije godine, ali da novi nije izgra?en zbog nedostatka prostorno-planske dokumentacije. Sli?an problem imao je, kako je naveo, i investitor sa hotelom Lido i bungalovima. On je, me?utim, ocijenio da Ulcinj sezonu do?ekuje spremno.<br \/>\n&#8211; Pitanje zbog ?ega je nakon 20 godina registrovan manji broj no?enja, tra\u017ei du\u017ei odgovor, ali treba imati u vidu da 90-ih godina nije bilo ulaganja i da se supstanca realno gubila. U me?uvremenu su se zahtjevi turista promijenili, dok su za povra?aj izgubljenih tr\u017ei\u0161ta neophodna ulaganja i kapaciteti &#8211; rekao je Nenezi?.<br \/>\nGenci Nimanbegu (Forca) pozvao je Nenezi?a da podnese ostavku, jer je, kako tvrdi, upropastio turizam u Ulcinju.<br \/>\n&#8211; Ne mo\u017eete tvrditi da je sezona dobro pripremljena, kada je glavna ulica u Ulcinju raskopana i u pra\u0161ini, a hoteli zatvoreni &#8211; rekao je Nimanbegu, navode?i da je jo\u0161 u decembru obavijestio Ministarstvo da menad\u017ement hotela Otrant namjerava da zatvori taj objekat.<br \/>\n&#8211; Nezvani?no je najavljeno da ?e se zakupac hotela povu?i, jer je Port Milena veliki ekolo\u0161ki problem, zbog ?ega Ministarstvo mora da pokrene interne mjere &#8211; kazao je Nimanbegu, koji tvrdi da &#8220;predstavnici lokalne turisti?ke organizacije, umjesto propagiranja ponude u regionu, tro\u0161e novac po bijelom svijetu&#8221;.<\/p>\n<p><strong>L.S.<br \/>\n<a href=\"http:\/\/www.dan.co.me\/?nivo=3&amp;rubrika=Ekonomija&amp;clanak=236122&amp;datum=2010-06-23\" target=\"_blank\">DAN<br \/>\n<\/a><\/strong><strong>[flv width=&#8221;490&#8243;  height=&#8221;390&#8243;]http:\/\/forca.me\/images\/stories\/videos\/Genci_Nimanbegu_22062010.flv[\/flv]<\/strong><a href=\"http:\/\/www.dan.co.me\/?nivo=3&amp;rubrika=Ekonomija&amp;clanak=236122&amp;datum=2010-06-23\" target=\"_blank\"><\/a><\/p>\n","protected":false},"excerpt":{"rendered":"<p>Ministar tvrdi da Ulcinj nema hotela, jer nema planove Ministarstvo turizma ?e, nakon \u0161to dobije izvje\u0161taj inspekcije, preduzeti neophodne mjere za rje\u0161avanje problema u ulcinjskom hotelu Otrant, jer bi njegovo zatvaranje ugrozilo kvalitet turisti?ke ponude, saop\u0161tio je resorni ministar Predrag Nenezi?, odgovaraju?i na poslani?ka pitanja u Sku\u0161tini. Ocijenio je da Otrant predstavlja zna?ajnu kariku u [&hellip;]<\/p>\n","protected":false},"author":1,"featured_media":0,"comment_status":"open","ping_status":"closed","sticky":false,"template":"","format":"standard","meta":{"spay_email":"","jetpack_publicize_message":"","jetpack_is_tweetstorm":false,"jetpack_publicize_feature_enabled":true},"categories":[8337],"tags":[4666,2448,19],"jetpack_publicize_connections":[],"yoast_head":"<!-- This site is optimized with the Yoast SEO plugin v19.1 - https:\/\/yoast.com\/wordpress\/plugins\/seo\/ -->\n<title>Forca tra\u017ei ostavku Nenezi?a - Lajme nga Ulqini<\/title>\n<meta name=\"description\" content=\"Ministar tvrdi da Ulcinj nema hotela, jer nema planove Ministarstvo turizma ?e, nakon \u0161to dobije izvje\u0161taj inspekcije, preduzeti neophodne mjere za\" \/>\n<meta name=\"robots\" content=\"index, follow, max-snippet:-1, max-image-preview:large, max-video-preview:-1\" \/>\n<link rel=\"canonical\" href=\"https:\/\/www.visit-ulcinj.com\/blog\/2010\/06\/24\/forca-trazi-ostavku-nenezica\/\" \/>\n<meta property=\"og:locale\" content=\"en_US\" \/>\n<meta property=\"og:type\" content=\"article\" \/>\n<meta property=\"og:title\" content=\"Forca tra\u017ei ostavku Nenezi?a - Lajme nga Ulqini\" \/>\n<meta property=\"og:description\" content=\"Ministar tvrdi da Ulcinj nema hotela, jer nema planove Ministarstvo turizma ?e, nakon \u0161to dobije izvje\u0161taj inspekcije, preduzeti neophodne mjere za\" \/>\n<meta property=\"og:url\" content=\"https:\/\/www.visit-ulcinj.com\/blog\/2010\/06\/24\/forca-trazi-ostavku-nenezica\/\" \/>\n<meta property=\"og:site_name\" content=\"Lajme nga Ulqini\" \/>\n<meta property=\"article:published_time\" content=\"2010-06-24T18:18:44+00:00\" \/>\n<meta property=\"og:image\" content=\"http:\/\/www.visit-ulcinj.com\/blog\/wp-content\/uploads\/2010\/06\/Nova-demokratska-snaga-FORCA-_Ulcinj.jpg\" \/>\n<meta name=\"twitter:label1\" content=\"Written by\" \/>\n\t<meta name=\"twitter:data1\" content=\"ulqini\" \/>\n\t<meta name=\"twitter:label2\" content=\"Est. reading time\" \/>\n\t<meta name=\"twitter:data2\" content=\"2 minutes\" \/>\n<script type=\"application\/ld+json\" class=\"yoast-schema-graph\">{\"@context\":\"https:\/\/schema.org\",\"@graph\":[{\"@type\":\"WebSite\",\"@id\":\"https:\/\/www.visit-ulcinj.com\/blog\/#website\",\"url\":\"https:\/\/www.visit-ulcinj.com\/blog\/\",\"name\":\"Lajme nga Ulqini\",\"description\":\"Lajme,Vijesti,Ulqini,Ulqin,Crna Gora,Mali i Zi\",\"potentialAction\":[{\"@type\":\"SearchAction\",\"target\":{\"@type\":\"EntryPoint\",\"urlTemplate\":\"https:\/\/www.visit-ulcinj.com\/blog\/?s={search_term_string}\"},\"query-input\":\"required name=search_term_string\"}],\"inLanguage\":\"en-US\"},{\"@type\":\"ImageObject\",\"inLanguage\":\"en-US\",\"@id\":\"https:\/\/www.visit-ulcinj.com\/blog\/2010\/06\/24\/forca-trazi-ostavku-nenezica\/#primaryimage\",\"url\":\"https:\/\/www.visit-ulcinj.com\/blog\/wp-content\/uploads\/2010\/06\/Nova-demokratska-snaga-FORCA-_Ulcinj.jpg\",\"contentUrl\":\"https:\/\/www.visit-ulcinj.com\/blog\/wp-content\/uploads\/2010\/06\/Nova-demokratska-snaga-FORCA-_Ulcinj.jpg\",\"width\":\"720\",\"height\":\"479\"},{\"@type\":\"WebPage\",\"@id\":\"https:\/\/www.visit-ulcinj.com\/blog\/2010\/06\/24\/forca-trazi-ostavku-nenezica\/#webpage\",\"url\":\"https:\/\/www.visit-ulcinj.com\/blog\/2010\/06\/24\/forca-trazi-ostavku-nenezica\/\",\"name\":\"Forca tra\u017ei ostavku Nenezi?a - Lajme nga Ulqini\",\"isPartOf\":{\"@id\":\"https:\/\/www.visit-ulcinj.com\/blog\/#website\"},\"primaryImageOfPage\":{\"@id\":\"https:\/\/www.visit-ulcinj.com\/blog\/2010\/06\/24\/forca-trazi-ostavku-nenezica\/#primaryimage\"},\"datePublished\":\"2010-06-24T18:18:44+00:00\",\"dateModified\":\"2010-06-24T18:18:44+00:00\",\"author\":{\"@id\":\"https:\/\/www.visit-ulcinj.com\/blog\/#\/schema\/person\/dcab619c614d3038751c63bc2aadc06d\"},\"description\":\"Ministar tvrdi da Ulcinj nema hotela, jer nema planove Ministarstvo turizma ?e, nakon \u0161to dobije izvje\u0161taj inspekcije, preduzeti neophodne mjere za\",\"breadcrumb\":{\"@id\":\"https:\/\/www.visit-ulcinj.com\/blog\/2010\/06\/24\/forca-trazi-ostavku-nenezica\/#breadcrumb\"},\"inLanguage\":\"en-US\",\"potentialAction\":[{\"@type\":\"ReadAction\",\"target\":[\"https:\/\/www.visit-ulcinj.com\/blog\/2010\/06\/24\/forca-trazi-ostavku-nenezica\/\"]}]},{\"@type\":\"BreadcrumbList\",\"@id\":\"https:\/\/www.visit-ulcinj.com\/blog\/2010\/06\/24\/forca-trazi-ostavku-nenezica\/#breadcrumb\",\"itemListElement\":[{\"@type\":\"ListItem\",\"position\":1,\"name\":\"Forca tra\u017ei ostavku Nenezi?a\"}]},{\"@type\":\"Person\",\"@id\":\"https:\/\/www.visit-ulcinj.com\/blog\/#\/schema\/person\/dcab619c614d3038751c63bc2aadc06d\",\"name\":\"ulqini\",\"sameAs\":[\"http:\/\/www.visit-ulcinj.com\"],\"url\":\"https:\/\/www.visit-ulcinj.com\/blog\/author\/admin\/\"}]}<\/script>\n<!-- \/ Yoast SEO plugin. -->","yoast_head_json":{"title":"Forca tra\u017ei ostavku Nenezi?a - Lajme nga Ulqini","description":"Ministar tvrdi da Ulcinj nema hotela, jer nema planove Ministarstvo turizma ?e, nakon \u0161to dobije izvje\u0161taj inspekcije, preduzeti neophodne mjere za","robots":{"index":"index","follow":"follow","max-snippet":"max-snippet:-1","max-image-preview":"max-image-preview:large","max-video-preview":"max-video-preview:-1"},"canonical":"https:\/\/www.visit-ulcinj.com\/blog\/2010\/06\/24\/forca-trazi-ostavku-nenezica\/","og_locale":"en_US","og_type":"article","og_title":"Forca tra\u017ei ostavku Nenezi?a - Lajme nga Ulqini","og_description":"Ministar tvrdi da Ulcinj nema hotela, jer nema planove Ministarstvo turizma ?e, nakon \u0161to dobije izvje\u0161taj inspekcije, preduzeti neophodne mjere za","og_url":"https:\/\/www.visit-ulcinj.com\/blog\/2010\/06\/24\/forca-trazi-ostavku-nenezica\/","og_site_name":"Lajme nga Ulqini","article_published_time":"2010-06-24T18:18:44+00:00","og_image":[{"url":"http:\/\/www.visit-ulcinj.com\/blog\/wp-content\/uploads\/2010\/06\/Nova-demokratska-snaga-FORCA-_Ulcinj.jpg"}],"twitter_misc":{"Written by":"ulqini","Est. reading time":"2 minutes"},"schema":{"@context":"https:\/\/schema.org","@graph":[{"@type":"WebSite","@id":"https:\/\/www.visit-ulcinj.com\/blog\/#website","url":"https:\/\/www.visit-ulcinj.com\/blog\/","name":"Lajme nga Ulqini","description":"Lajme,Vijesti,Ulqini,Ulqin,Crna Gora,Mali i Zi","potentialAction":[{"@type":"SearchAction","target":{"@type":"EntryPoint","urlTemplate":"https:\/\/www.visit-ulcinj.com\/blog\/?s={search_term_string}"},"query-input":"required name=search_term_string"}],"inLanguage":"en-US"},{"@type":"ImageObject","inLanguage":"en-US","@id":"https:\/\/www.visit-ulcinj.com\/blog\/2010\/06\/24\/forca-trazi-ostavku-nenezica\/#primaryimage","url":"https:\/\/www.visit-ulcinj.com\/blog\/wp-content\/uploads\/2010\/06\/Nova-demokratska-snaga-FORCA-_Ulcinj.jpg","contentUrl":"https:\/\/www.visit-ulcinj.com\/blog\/wp-content\/uploads\/2010\/06\/Nova-demokratska-snaga-FORCA-_Ulcinj.jpg","width":"720","height":"479"},{"@type":"WebPage","@id":"https:\/\/www.visit-ulcinj.com\/blog\/2010\/06\/24\/forca-trazi-ostavku-nenezica\/#webpage","url":"https:\/\/www.visit-ulcinj.com\/blog\/2010\/06\/24\/forca-trazi-ostavku-nenezica\/","name":"Forca tra\u017ei ostavku Nenezi?a - Lajme nga Ulqini","isPartOf":{"@id":"https:\/\/www.visit-ulcinj.com\/blog\/#website"},"primaryImageOfPage":{"@id":"https:\/\/www.visit-ulcinj.com\/blog\/2010\/06\/24\/forca-trazi-ostavku-nenezica\/#primaryimage"},"datePublished":"2010-06-24T18:18:44+00:00","dateModified":"2010-06-24T18:18:44+00:00","author":{"@id":"https:\/\/www.visit-ulcinj.com\/blog\/#\/schema\/person\/dcab619c614d3038751c63bc2aadc06d"},"description":"Ministar tvrdi da Ulcinj nema hotela, jer nema planove Ministarstvo turizma ?e, nakon \u0161to dobije izvje\u0161taj inspekcije, preduzeti neophodne mjere za","breadcrumb":{"@id":"https:\/\/www.visit-ulcinj.com\/blog\/2010\/06\/24\/forca-trazi-ostavku-nenezica\/#breadcrumb"},"inLanguage":"en-US","potentialAction":[{"@type":"ReadAction","target":["https:\/\/www.visit-ulcinj.com\/blog\/2010\/06\/24\/forca-trazi-ostavku-nenezica\/"]}]},{"@type":"BreadcrumbList","@id":"https:\/\/www.visit-ulcinj.com\/blog\/2010\/06\/24\/forca-trazi-ostavku-nenezica\/#breadcrumb","itemListElement":[{"@type":"ListItem","position":1,"name":"Forca tra\u017ei ostavku Nenezi?a"}]},{"@type":"Person","@id":"https:\/\/www.visit-ulcinj.com\/blog\/#\/schema\/person\/dcab619c614d3038751c63bc2aadc06d","name":"ulqini","sameAs":["http:\/\/www.visit-ulcinj.com"],"url":"https:\/\/www.visit-ulcinj.com\/blog\/author\/admin\/"}]}},"jetpack_featured_media_url":"","jetpack_sharing_enabled":true,"jetpack_shortlink":"https:\/\/wp.me\/pe6lTn-95N","_links":{"self":[{"href":"https:\/\/www.visit-ulcinj.com\/blog\/wp-json\/wp\/v2\/posts\/34955"}],"collection":[{"href":"https:\/\/www.visit-ulcinj.com\/blog\/wp-json\/wp\/v2\/posts"}],"about":[{"href":"https:\/\/www.visit-ulcinj.com\/blog\/wp-json\/wp\/v2\/types\/post"}],"author":[{"embeddable":true,"href":"https:\/\/www.visit-ulcinj.com\/blog\/wp-json\/wp\/v2\/users\/1"}],"replies":[{"embeddable":true,"href":"https:\/\/www.visit-ulcinj.com\/blog\/wp-json\/wp\/v2\/comments?post=34955"}],"version-history":[{"count":0,"href":"https:\/\/www.visit-ulcinj.com\/blog\/wp-json\/wp\/v2\/posts\/34955\/revisions"}],"wp:attachment":[{"href":"https:\/\/www.visit-ulcinj.com\/blog\/wp-json\/wp\/v2\/media?parent=34955"}],"wp:term":[{"taxonomy":"category","embeddable":true,"href":"https:\/\/www.visit-ulcinj.com\/blog\/wp-json\/wp\/v2\/categories?post=34955"},{"taxonomy":"post_tag","embeddable":true,"href":"https:\/\/www.visit-ulcinj.com\/blog\/wp-json\/wp\/v2\/tags?post=34955"}],"curies":[{"name":"wp","href":"https:\/\/api.w.org\/{rel}","templated":true}]}}