{"id":34967,"date":"2010-06-25T21:26:18","date_gmt":"2010-06-25T19:26:18","guid":{"rendered":"http:\/\/www.visit-ulcinj.com\/blog\/?p=34967"},"modified":"2010-06-25T21:33:21","modified_gmt":"2010-06-25T19:33:21","slug":"parashqevi-simaku-ndahet-nga-burri","status":"publish","type":"post","link":"https:\/\/www.visit-ulcinj.com\/blog\/2010\/06\/25\/parashqevi-simaku-ndahet-nga-burri\/","title":{"rendered":"Parashqevi Simaku ndahet nga burri?"},"content":{"rendered":"<p><a href=\"http:\/\/www.visit-ulcinj.com\/blog\/wp-content\/uploads\/2010\/06\/Parashqevi-Simaku.jpg\"><img loading=\"lazy\" class=\"alignleft size-full wp-image-34968\" title=\"Parashqevi Simaku\" src=\"http:\/\/www.visit-ulcinj.com\/blog\/wp-content\/uploads\/2010\/06\/Parashqevi-Simaku.jpg\" alt=\"Parashqevi Simaku\" width=\"490\" height=\"633\" \/><\/a>Prej vitesh nuk jeton m\u00eb n\u00eb Shqip\u00ebri dhe tashm\u00eb atdheu p\u00ebr t\u00eb \u00ebsht\u00eb kthyer n\u00eb nj\u00eb mall t\u00eb v\u00ebrtet\u00eb. Ka krijuar nj\u00eb tjet\u00ebr jet\u00eb atje, nj\u00eb t\u00eb p\u00ebrditshme krejt ndryshe. Disa vite m\u00eb par\u00eb, t\u00eb gjith\u00eb e kujtojm\u00eb rikthimin n\u00eb sken\u00ebn shqiptare t\u00eb Parashqevi Simakut. Lajmi q\u00eb do t\u00eb mb\u00ebrrinte p\u00ebrs\u00ebri n\u00eb atdhe u shp\u00ebrnda me shpejt\u00ebsi dhe t\u00eb gjith\u00eb ishin kurioz\u00eb p\u00ebr imazhin e saj. Si do t\u00eb ishte? Si do t\u00eb kishte ndryshuar nd\u00ebr vite? A do t\u00eb kishte m\u00eb, t\u00eb nj\u00ebjt\u00ebn \u00ebmb\u00eblsi? \u00c7far\u00eb t\u00eb rejash do t\u00eb sillte n\u00eb vendlindje dhe cili do t\u00eb ishte statusi i saj? T\u00eb gjitha k\u00ebto u zbuluan kur Parashqevi Simaku ripreku pas shum\u00eb vitesh, sken\u00ebn shqiptare. U prezantua me nj\u00eb partner, jo vet\u00ebm n\u00eb profesion por edhe n\u00eb jet\u00eb, i fejuari q\u00eb m\u00eb pas u b\u00eb dhe bashk\u00ebshorti i saj, martes\u00eb nga e cila Parashqevia ka nj\u00eb djal\u00eb. E teksa i hedh nj\u00eb v\u00ebshtrim profilit t\u00eb saj n\u00eb \u2018Facebook\u2019, vihen re foto t\u00eb Parashqevis\u00eb me djalin e saj, t\u00eb cilin n\u00eb t\u00eb gjitha fotot e shtr\u00ebngon fort, po k\u00ebshtu edhe foto me familjar\u00eb t\u00eb tjer\u00eb, foto nd\u00ebr vite t\u00eb cilat k\u00ebng\u00ebtarja i ruan n\u00eb form\u00ebn e nostalgjis\u00eb. Shum\u00eb foto i p\u00ebrkasin edhe momenteve me miqt\u00eb, si p\u00ebr shembull nj\u00eb foto me mikun e saj Antonio Athanas, foto me nj\u00eb regjisor amerikano-shqiptar, si dhe foto me zotin Pirro Milkani, Mirush Kabashi, Samir Kumbaro ambasadorin shqiptar n\u00eb Washington, Fatos Tarifa me bashk\u00ebshorten e tij. E ajo q\u00eb \u00ebsht\u00eb p\u00ebr t\u2019u habitur mbetet fakti q\u00eb n\u00eb asnj\u00eb foto Parashqevia nuk shfaqet me t\u00eb shoqin. Mos ndoshta kjo do t\u00eb thot\u00eb se n\u00eb statusin e k\u00ebng\u00ebtares s\u00eb famshme shqiptare ka ndryshime koh\u00ebve t\u00eb fundit? Nj\u00eb krisje n\u00eb marr\u00ebdh\u00ebnie, apo ndarje mes tyre? Nga k\u00ebng\u00ebtarja nuk vjen asnj\u00eb konfirmim i till\u00eb, ama shum\u00eb burime pran\u00eb saj b\u00ebjn\u00eb t\u00eb ditur se \u00e7ifti \u00ebsht\u00eb ndar\u00eb. Gjithsesi, nga sa m\u00ebsohet dhe shihet, Parashqevia vijon t\u00eb jet\u00eb e lumtur. I q\u00ebndron djalit t\u00eb vog\u00ebl pas, ngado, e sh\u00ebtit dhe bashk\u00eb shkojn\u00eb kudo t\u00eb pandar\u00eb, nd\u00ebrkoh\u00eb q\u00eb n\u00eb bot\u00ebn e muzik\u00ebs nuk \u00ebsht\u00eb m\u00eb aktive si m\u00eb par\u00eb. E teksa sh\u00ebtit me djalin n\u00eb nj\u00eb kopsht me pem\u00eb, Parashqevia shprehet: \u201cGjethet e pem\u00ebve shkojn\u00eb \u2026.por trungu i lisit q\u00ebndron p\u00ebrher\u00eb\u2026\u201d<\/p>\n<p><strong>Bluetooth<br \/>\n<!--YouTube Error: bad URL entered--><\/strong><\/p>\n","protected":false},"excerpt":{"rendered":"<p>Prej vitesh nuk jeton m\u00eb n\u00eb Shqip\u00ebri dhe tashm\u00eb atdheu p\u00ebr t\u00eb \u00ebsht\u00eb kthyer n\u00eb nj\u00eb mall t\u00eb v\u00ebrtet\u00eb. Ka krijuar nj\u00eb tjet\u00ebr jet\u00eb atje, nj\u00eb t\u00eb p\u00ebrditshme krejt ndryshe. Disa vite m\u00eb par\u00eb, t\u00eb gjith\u00eb e kujtojm\u00eb rikthimin n\u00eb sken\u00ebn shqiptare t\u00eb Parashqevi Simakut. Lajmi q\u00eb do t\u00eb mb\u00ebrrinte p\u00ebrs\u00ebri n\u00eb atdhe u shp\u00ebrnda [&hellip;]<\/p>\n","protected":false},"author":1,"featured_media":0,"comment_status":"open","ping_status":"closed","sticky":false,"template":"","format":"standard","meta":{"spay_email":"","jetpack_publicize_message":"","jetpack_is_tweetstorm":false,"jetpack_publicize_feature_enabled":true},"categories":[1],"tags":[14735],"jetpack_publicize_connections":[],"yoast_head":"<!-- This site is optimized with the Yoast SEO plugin v19.1 - https:\/\/yoast.com\/wordpress\/plugins\/seo\/ -->\n<title>Parashqevi Simaku ndahet nga burri? - Lajme nga Ulqini<\/title>\n<meta name=\"description\" content=\"Prej vitesh nuk jeton m\u00eb n\u00eb Shqip\u00ebri dhe tashm\u00eb atdheu p\u00ebr t\u00eb \u00ebsht\u00eb kthyer n\u00eb nj\u00eb mall t\u00eb v\u00ebrtet\u00eb. Ka krijuar nj\u00eb tjet\u00ebr jet\u00eb atje, nj\u00eb t\u00eb p\u00ebrditshme\" \/>\n<meta name=\"robots\" content=\"index, follow, max-snippet:-1, max-image-preview:large, max-video-preview:-1\" \/>\n<link rel=\"canonical\" href=\"https:\/\/www.visit-ulcinj.com\/blog\/2010\/06\/25\/parashqevi-simaku-ndahet-nga-burri\/\" \/>\n<meta property=\"og:locale\" content=\"en_US\" \/>\n<meta property=\"og:type\" content=\"article\" \/>\n<meta property=\"og:title\" content=\"Parashqevi Simaku ndahet nga burri? - Lajme nga Ulqini\" \/>\n<meta property=\"og:description\" content=\"Prej vitesh nuk jeton m\u00eb n\u00eb Shqip\u00ebri dhe tashm\u00eb atdheu p\u00ebr t\u00eb \u00ebsht\u00eb kthyer n\u00eb nj\u00eb mall t\u00eb v\u00ebrtet\u00eb. Ka krijuar nj\u00eb tjet\u00ebr jet\u00eb atje, nj\u00eb t\u00eb p\u00ebrditshme\" \/>\n<meta property=\"og:url\" content=\"https:\/\/www.visit-ulcinj.com\/blog\/2010\/06\/25\/parashqevi-simaku-ndahet-nga-burri\/\" \/>\n<meta property=\"og:site_name\" content=\"Lajme nga Ulqini\" \/>\n<meta property=\"article:published_time\" content=\"2010-06-25T19:26:18+00:00\" \/>\n<meta property=\"article:modified_time\" content=\"2010-06-25T19:33:21+00:00\" \/>\n<meta property=\"og:image\" content=\"http:\/\/www.visit-ulcinj.com\/blog\/wp-content\/uploads\/2010\/06\/Parashqevi-Simaku.jpg\" \/>\n<meta name=\"twitter:label1\" content=\"Written by\" \/>\n\t<meta name=\"twitter:data1\" content=\"ulqini\" \/>\n\t<meta name=\"twitter:label2\" content=\"Est. reading time\" \/>\n\t<meta name=\"twitter:data2\" content=\"2 minutes\" \/>\n<script type=\"application\/ld+json\" class=\"yoast-schema-graph\">{\"@context\":\"https:\/\/schema.org\",\"@graph\":[{\"@type\":\"WebSite\",\"@id\":\"https:\/\/www.visit-ulcinj.com\/blog\/#website\",\"url\":\"https:\/\/www.visit-ulcinj.com\/blog\/\",\"name\":\"Lajme nga Ulqini\",\"description\":\"Lajme,Vijesti,Ulqini,Ulqin,Crna Gora,Mali i Zi\",\"potentialAction\":[{\"@type\":\"SearchAction\",\"target\":{\"@type\":\"EntryPoint\",\"urlTemplate\":\"https:\/\/www.visit-ulcinj.com\/blog\/?s={search_term_string}\"},\"query-input\":\"required name=search_term_string\"}],\"inLanguage\":\"en-US\"},{\"@type\":\"ImageObject\",\"inLanguage\":\"en-US\",\"@id\":\"https:\/\/www.visit-ulcinj.com\/blog\/2010\/06\/25\/parashqevi-simaku-ndahet-nga-burri\/#primaryimage\",\"url\":\"http:\/\/www.visit-ulcinj.com\/blog\/wp-content\/uploads\/2010\/06\/Parashqevi-Simaku.jpg\",\"contentUrl\":\"http:\/\/www.visit-ulcinj.com\/blog\/wp-content\/uploads\/2010\/06\/Parashqevi-Simaku.jpg\"},{\"@type\":\"WebPage\",\"@id\":\"https:\/\/www.visit-ulcinj.com\/blog\/2010\/06\/25\/parashqevi-simaku-ndahet-nga-burri\/#webpage\",\"url\":\"https:\/\/www.visit-ulcinj.com\/blog\/2010\/06\/25\/parashqevi-simaku-ndahet-nga-burri\/\",\"name\":\"Parashqevi Simaku ndahet nga burri? - Lajme nga Ulqini\",\"isPartOf\":{\"@id\":\"https:\/\/www.visit-ulcinj.com\/blog\/#website\"},\"primaryImageOfPage\":{\"@id\":\"https:\/\/www.visit-ulcinj.com\/blog\/2010\/06\/25\/parashqevi-simaku-ndahet-nga-burri\/#primaryimage\"},\"datePublished\":\"2010-06-25T19:26:18+00:00\",\"dateModified\":\"2010-06-25T19:33:21+00:00\",\"author\":{\"@id\":\"https:\/\/www.visit-ulcinj.com\/blog\/#\/schema\/person\/dcab619c614d3038751c63bc2aadc06d\"},\"description\":\"Prej vitesh nuk jeton m\u00eb n\u00eb Shqip\u00ebri dhe tashm\u00eb atdheu p\u00ebr t\u00eb \u00ebsht\u00eb kthyer n\u00eb nj\u00eb mall t\u00eb v\u00ebrtet\u00eb. Ka krijuar nj\u00eb tjet\u00ebr jet\u00eb atje, nj\u00eb t\u00eb p\u00ebrditshme\",\"breadcrumb\":{\"@id\":\"https:\/\/www.visit-ulcinj.com\/blog\/2010\/06\/25\/parashqevi-simaku-ndahet-nga-burri\/#breadcrumb\"},\"inLanguage\":\"en-US\",\"potentialAction\":[{\"@type\":\"ReadAction\",\"target\":[\"https:\/\/www.visit-ulcinj.com\/blog\/2010\/06\/25\/parashqevi-simaku-ndahet-nga-burri\/\"]}]},{\"@type\":\"BreadcrumbList\",\"@id\":\"https:\/\/www.visit-ulcinj.com\/blog\/2010\/06\/25\/parashqevi-simaku-ndahet-nga-burri\/#breadcrumb\",\"itemListElement\":[{\"@type\":\"ListItem\",\"position\":1,\"name\":\"Parashqevi Simaku ndahet nga burri?\"}]},{\"@type\":\"Person\",\"@id\":\"https:\/\/www.visit-ulcinj.com\/blog\/#\/schema\/person\/dcab619c614d3038751c63bc2aadc06d\",\"name\":\"ulqini\",\"sameAs\":[\"http:\/\/www.visit-ulcinj.com\"],\"url\":\"https:\/\/www.visit-ulcinj.com\/blog\/author\/admin\/\"}]}<\/script>\n<!-- \/ Yoast SEO plugin. -->","yoast_head_json":{"title":"Parashqevi Simaku ndahet nga burri? - Lajme nga Ulqini","description":"Prej vitesh nuk jeton m\u00eb n\u00eb Shqip\u00ebri dhe tashm\u00eb atdheu p\u00ebr t\u00eb \u00ebsht\u00eb kthyer n\u00eb nj\u00eb mall t\u00eb v\u00ebrtet\u00eb. Ka krijuar nj\u00eb tjet\u00ebr jet\u00eb atje, nj\u00eb t\u00eb p\u00ebrditshme","robots":{"index":"index","follow":"follow","max-snippet":"max-snippet:-1","max-image-preview":"max-image-preview:large","max-video-preview":"max-video-preview:-1"},"canonical":"https:\/\/www.visit-ulcinj.com\/blog\/2010\/06\/25\/parashqevi-simaku-ndahet-nga-burri\/","og_locale":"en_US","og_type":"article","og_title":"Parashqevi Simaku ndahet nga burri? - Lajme nga Ulqini","og_description":"Prej vitesh nuk jeton m\u00eb n\u00eb Shqip\u00ebri dhe tashm\u00eb atdheu p\u00ebr t\u00eb \u00ebsht\u00eb kthyer n\u00eb nj\u00eb mall t\u00eb v\u00ebrtet\u00eb. Ka krijuar nj\u00eb tjet\u00ebr jet\u00eb atje, nj\u00eb t\u00eb p\u00ebrditshme","og_url":"https:\/\/www.visit-ulcinj.com\/blog\/2010\/06\/25\/parashqevi-simaku-ndahet-nga-burri\/","og_site_name":"Lajme nga Ulqini","article_published_time":"2010-06-25T19:26:18+00:00","article_modified_time":"2010-06-25T19:33:21+00:00","og_image":[{"url":"http:\/\/www.visit-ulcinj.com\/blog\/wp-content\/uploads\/2010\/06\/Parashqevi-Simaku.jpg"}],"twitter_misc":{"Written by":"ulqini","Est. reading time":"2 minutes"},"schema":{"@context":"https:\/\/schema.org","@graph":[{"@type":"WebSite","@id":"https:\/\/www.visit-ulcinj.com\/blog\/#website","url":"https:\/\/www.visit-ulcinj.com\/blog\/","name":"Lajme nga Ulqini","description":"Lajme,Vijesti,Ulqini,Ulqin,Crna Gora,Mali i Zi","potentialAction":[{"@type":"SearchAction","target":{"@type":"EntryPoint","urlTemplate":"https:\/\/www.visit-ulcinj.com\/blog\/?s={search_term_string}"},"query-input":"required name=search_term_string"}],"inLanguage":"en-US"},{"@type":"ImageObject","inLanguage":"en-US","@id":"https:\/\/www.visit-ulcinj.com\/blog\/2010\/06\/25\/parashqevi-simaku-ndahet-nga-burri\/#primaryimage","url":"http:\/\/www.visit-ulcinj.com\/blog\/wp-content\/uploads\/2010\/06\/Parashqevi-Simaku.jpg","contentUrl":"http:\/\/www.visit-ulcinj.com\/blog\/wp-content\/uploads\/2010\/06\/Parashqevi-Simaku.jpg"},{"@type":"WebPage","@id":"https:\/\/www.visit-ulcinj.com\/blog\/2010\/06\/25\/parashqevi-simaku-ndahet-nga-burri\/#webpage","url":"https:\/\/www.visit-ulcinj.com\/blog\/2010\/06\/25\/parashqevi-simaku-ndahet-nga-burri\/","name":"Parashqevi Simaku ndahet nga burri? - Lajme nga Ulqini","isPartOf":{"@id":"https:\/\/www.visit-ulcinj.com\/blog\/#website"},"primaryImageOfPage":{"@id":"https:\/\/www.visit-ulcinj.com\/blog\/2010\/06\/25\/parashqevi-simaku-ndahet-nga-burri\/#primaryimage"},"datePublished":"2010-06-25T19:26:18+00:00","dateModified":"2010-06-25T19:33:21+00:00","author":{"@id":"https:\/\/www.visit-ulcinj.com\/blog\/#\/schema\/person\/dcab619c614d3038751c63bc2aadc06d"},"description":"Prej vitesh nuk jeton m\u00eb n\u00eb Shqip\u00ebri dhe tashm\u00eb atdheu p\u00ebr t\u00eb \u00ebsht\u00eb kthyer n\u00eb nj\u00eb mall t\u00eb v\u00ebrtet\u00eb. Ka krijuar nj\u00eb tjet\u00ebr jet\u00eb atje, nj\u00eb t\u00eb p\u00ebrditshme","breadcrumb":{"@id":"https:\/\/www.visit-ulcinj.com\/blog\/2010\/06\/25\/parashqevi-simaku-ndahet-nga-burri\/#breadcrumb"},"inLanguage":"en-US","potentialAction":[{"@type":"ReadAction","target":["https:\/\/www.visit-ulcinj.com\/blog\/2010\/06\/25\/parashqevi-simaku-ndahet-nga-burri\/"]}]},{"@type":"BreadcrumbList","@id":"https:\/\/www.visit-ulcinj.com\/blog\/2010\/06\/25\/parashqevi-simaku-ndahet-nga-burri\/#breadcrumb","itemListElement":[{"@type":"ListItem","position":1,"name":"Parashqevi Simaku ndahet nga burri?"}]},{"@type":"Person","@id":"https:\/\/www.visit-ulcinj.com\/blog\/#\/schema\/person\/dcab619c614d3038751c63bc2aadc06d","name":"ulqini","sameAs":["http:\/\/www.visit-ulcinj.com"],"url":"https:\/\/www.visit-ulcinj.com\/blog\/author\/admin\/"}]}},"jetpack_featured_media_url":"","jetpack_sharing_enabled":true,"jetpack_shortlink":"https:\/\/wp.me\/pe6lTn-95Z","_links":{"self":[{"href":"https:\/\/www.visit-ulcinj.com\/blog\/wp-json\/wp\/v2\/posts\/34967"}],"collection":[{"href":"https:\/\/www.visit-ulcinj.com\/blog\/wp-json\/wp\/v2\/posts"}],"about":[{"href":"https:\/\/www.visit-ulcinj.com\/blog\/wp-json\/wp\/v2\/types\/post"}],"author":[{"embeddable":true,"href":"https:\/\/www.visit-ulcinj.com\/blog\/wp-json\/wp\/v2\/users\/1"}],"replies":[{"embeddable":true,"href":"https:\/\/www.visit-ulcinj.com\/blog\/wp-json\/wp\/v2\/comments?post=34967"}],"version-history":[{"count":0,"href":"https:\/\/www.visit-ulcinj.com\/blog\/wp-json\/wp\/v2\/posts\/34967\/revisions"}],"wp:attachment":[{"href":"https:\/\/www.visit-ulcinj.com\/blog\/wp-json\/wp\/v2\/media?parent=34967"}],"wp:term":[{"taxonomy":"category","embeddable":true,"href":"https:\/\/www.visit-ulcinj.com\/blog\/wp-json\/wp\/v2\/categories?post=34967"},{"taxonomy":"post_tag","embeddable":true,"href":"https:\/\/www.visit-ulcinj.com\/blog\/wp-json\/wp\/v2\/tags?post=34967"}],"curies":[{"name":"wp","href":"https:\/\/api.w.org\/{rel}","templated":true}]}}