{"id":34971,"date":"2010-06-25T22:06:42","date_gmt":"2010-06-25T20:06:42","guid":{"rendered":"http:\/\/www.visit-ulcinj.com\/blog\/?p=34971"},"modified":"2010-06-25T22:31:39","modified_gmt":"2010-06-25T20:31:39","slug":"sdp-ne-popusta-u-ulcinju-i-andrijevici","status":"publish","type":"post","link":"https:\/\/www.visit-ulcinj.com\/blog\/2010\/06\/25\/sdp-ne-popusta-u-ulcinju-i-andrijevici\/","title":{"rendered":"SDP ne popu\u0161ta u Ulcinju i Andrijevici"},"content":{"rendered":"<p><a href=\"http:\/\/www.visit-ulcinj.com\/blog\/wp-content\/uploads\/2010\/06\/Luigj-Lubo-Shkrela.21.jpg\"><img loading=\"lazy\" class=\"alignleft size-full wp-image-34972\" title=\"Luigj Lubo Shkrela.2\" src=\"http:\/\/www.visit-ulcinj.com\/blog\/wp-content\/uploads\/2010\/06\/Luigj-Lubo-Shkrela.21.jpg\" alt=\"Luigj Lubo Shkrela.2\" width=\"490\" height=\"379\" \/><\/a>Andrijevica\/Ulcinj \u2013 Iako se o?ekivalo da odmah nakon sporazuma DPS-a i SDP-a u Podgorici o postizbornoj koaliciji sli?ni ugovori budu potpisani u Ulcinju i Andrijevici, gdje tako?e vlast zavisi od SDP-a, to se jo\u0161 nije desilo. Uslov socijaldemokrata da dobiju mjesto predsjednika Skup\u0161tine op\u0161tine Andrijevica kamen je spoticanja za postizborni savez u tom gradu, dok postizborna koalicija u Ulcinju nije dogovorena zbog naknadnih zahtjeva koje je SDP uputio DPS-u.<br \/>\nSDP je u Andrijevici tas na vagi, dok rezultati izbora u Ulcinju omogu?avaju i druge postizborne kombinacije, ali je daleko najrealnije da ?e novu vlast ?initi koalicija DPS\u2013DUA, SDP i Partija demokratskog prosperiteta.<br \/>\nNosilac predizborne liste \u2019\u2019Za evropsku Andrijevicu\u2019\u2019 Sr?an Ma\u0161ovi? (DPS), rekao je ju?e da u pregovorima sa SDP ima \u201eizvjesnih pomaka\u201c.<br \/>\n\u201eZapelo je oko mjesta predsjednika Skup\u0161tine op\u0161tine, dok ostali zahtjevi SDP\u2013a, koji se ti?u odre?enog broja radnih mjesta, uop\u0161te nijesu sporni\u201c, rekao je Ma\u0161ovi? \u201cVijestima\\&#8221;.<\/p>\n<p>Prema nezvani?nim informacijama, DPS koji je osvojio 15 odborni?kih mandata, smatra nerealnim da mjesto predsjednika Skup\u0161tine op\u0161tine dobije SDP, koja ima jedan odborni?kim mandat.<br \/>\nPrema informacijama \u201eVijesti\\&#8221;, \u0161ef SDP-a u Andrijevici i nosilac izborne liste te partije Veselin Radenovi? tra\u017ei poziciju predsjednika Skup\u0161tine op\u0161tine i tri radna mjesta &#8211; jedno sa vi\u0161om \u0161kolom i dva sa srednjom stru?nom spremom.<br \/>\nIzvor blizak andrijevi?kom SDP\u2013u navodi da Radenovi?, kojeg \\&#8221;Vijesti\\&#8221; ju?e nijesu uspjele kontaktirati, strpljivo ?eka da se DPS predomisli i da ne namjerava u koaliciju sa opozicionim savezom.<br \/>\nU SDP-u Andrijevice \u2019\u2019Vijestima\u2019\u2019 je re?eno da im nije poznato da bi ?elnici SDP-a trebalo da do?u u Andrijevicu kako bi poku\u0161ali da omek\u0161aju op\u0161tinski odbor, o ?emu se posljednjih dana spekuli\u0161e u tom gradu.<br \/>\n\\&#8221;Rije? je o spekulacijama nestrpljivih Andrijevi?ana, koji jedva ?ekaju formiranje nove lokalne vlasti\u201c, tvrde andrijevi?ke socijaldemokrate.<br \/>\nZa to vrijeme u Ulcinju se dopisuju. Koalicija \u201cZa evropski Ulcinj\u201d(DUA- DPS) dostavila je pisanu ponudu ulcinjskom SDP- u u kojoj toj partiji za formiranje zajedni?ke lokalne vlasti nudi funkcije potpredsjednika Op\u0161tine i sekretara za urbanizam.<\/p>\n<p>\u201cSada je SDP na potezu. \u0160to se nas ti?e, koalicija bi mogla biti zaklju?ena za dan, dva\u201d, kazao je \u201cVijestima\u201d \u0161ef ulcinjskog DPS-a Ljui? \u0160krelja. U SDP-u se nijesu previ\u0161e obradovali ponudi DUA-DPS, iako je \u0161ef te partije Selim Resulbegovi? u nedavnoj izjavi \u201cVijestima\u201d kazao da ?e tra\u017eiti upravo ta dva resora.<br \/>\n\u201cNe \u017eelim ni\u0161ta da prejudiciram, ali tra\u017ei?emo i jo\u0161 neka mjesta kako bismo obezbijedili mehanizme i garancije za kvalitetno funkcionisanje koalicije\u201d, kazao je Resulbegovi? ne \u017eele?i da otkrije nove zahtjeve.<br \/>\n\u201cTi detalji bi?e predmet direktnih pregovora koji bi trebalo uskoro da uslijede\u201d, naglasio je Resulbegovi?.<br \/>\nUlcinjski parlament broji 33 odbornika, a na nedavno zavr\u0161enim izborima koalicija DUA- DPS osvojila je 14 mandata, Forca 11, SDP, PDP i udru\u017eena opozicija po dva, a Perspektiva i koalicija DS-DJA po jedan mandat. \u0160krelja je kazao da je doskora\u0161nja zakonodavna vlast (DUA,DPS, SDP i PDP) na izborima oja?ala za jednog odbornika.<br \/>\n\u201cSada umjesto 17 imamo 18 mandata i ne vidim razlog zbog kojeg ne bismo nastavili saradnju\u201d, ocijenio je \u0160krelja.<\/p>\n<p>On je naglasio da koalicija drugom koalicionom partneru, PDP- u nije dostavila pisanu ponudu.<br \/>\n\u201cNijesam pristalica dopisivanja. Sje\u0161?emo i u direktnim razgovorima vidjeti \u017eelje na\u0161ih partnera iz PDP\u201d, istakao je \u0160krelja.<br \/>\n\u0160ef PDP-a Ali Red\u017ea, odmah nakon izbora, saop\u0161tio je da je njegova partija spremna da nastavi saradnju sa koalicijom \u201cZa evropski Ulcinj\u201c.<\/p>\n<p><strong>R.LALI?-S.ADROVI?<br \/>\n<a href=\"http:\/\/www.vijesti.me\/index.php?id_pre=341725&amp;godina=2010\" target=\"_blank\">Vijesti<br \/>\n\n\t\t<style type=\"text\/css\">\n\t\t\t#gallery-1 {\n\t\t\t\tmargin: auto;\n\t\t\t}\n\t\t\t#gallery-1 .gallery-item {\n\t\t\t\tfloat: left;\n\t\t\t\tmargin-top: 10px;\n\t\t\t\ttext-align: center;\n\t\t\t\twidth: 33%;\n\t\t\t}\n\t\t\t#gallery-1 img {\n\t\t\t\tborder: 2px solid #cfcfcf;\n\t\t\t}\n\t\t\t#gallery-1 .gallery-caption {\n\t\t\t\tmargin-left: 0;\n\t\t\t}\n\t\t\t\/* see gallery_shortcode() in wp-includes\/media.php *\/\n\t\t<\/style>\n\t\t<div id='gallery-1' class='gallery galleryid-34971 gallery-columns-3 gallery-size-thumbnail'><dl class='gallery-item'>\n\t\t\t<dt class='gallery-icon landscape'>\n\t\t\t\t<a href='https:\/\/www.visit-ulcinj.com\/blog\/wp-content\/uploads\/2010\/06\/Luigj-Lubo-Shkrela.21.jpg'><img width=\"150\" height=\"150\" src=\"https:\/\/www.visit-ulcinj.com\/blog\/wp-content\/uploads\/2010\/06\/Luigj-Lubo-Shkrela.21-150x150.jpg\" class=\"attachment-thumbnail size-thumbnail\" alt=\"\" loading=\"lazy\" \/><\/a>\n\t\t\t<\/dt><\/dl><dl class='gallery-item'>\n\t\t\t<dt class='gallery-icon landscape'>\n\t\t\t\t<a href='https:\/\/www.visit-ulcinj.com\/blog\/wp-content\/uploads\/2010\/06\/Luigj-Lubo-Shkrela1.jpg'><img width=\"150\" height=\"150\" src=\"https:\/\/www.visit-ulcinj.com\/blog\/wp-content\/uploads\/2010\/06\/Luigj-Lubo-Shkrela1-150x150.jpg\" class=\"attachment-thumbnail size-thumbnail\" alt=\"\" loading=\"lazy\" \/><\/a>\n\t\t\t<\/dt><\/dl><dl class='gallery-item'>\n\t\t\t<dt class='gallery-icon landscape'>\n\t\t\t\t<a href='https:\/\/www.visit-ulcinj.com\/blog\/wp-content\/uploads\/2010\/06\/Luigj-Lubo-Shkrela.11.jpg'><img width=\"150\" height=\"150\" src=\"https:\/\/www.visit-ulcinj.com\/blog\/wp-content\/uploads\/2010\/06\/Luigj-Lubo-Shkrela.11-150x150.jpg\" class=\"attachment-thumbnail size-thumbnail\" alt=\"\" loading=\"lazy\" \/><\/a>\n\t\t\t<\/dt><\/dl><br style=\"clear: both\" \/>\n\t\t<\/div>\n<\/p>\n<p><\/a><\/strong><\/p>\n<p><strong> <\/strong><\/p>\n","protected":false},"excerpt":{"rendered":"<p>Andrijevica\/Ulcinj \u2013 Iako se o?ekivalo da odmah nakon sporazuma DPS-a i SDP-a u Podgorici o postizbornoj koaliciji sli?ni ugovori budu potpisani u Ulcinju i Andrijevici, gdje tako?e vlast zavisi od SDP-a, to se jo\u0161 nije desilo. Uslov socijaldemokrata da dobiju mjesto predsjednika Skup\u0161tine op\u0161tine Andrijevica kamen je spoticanja za postizborni savez u tom gradu, dok [&hellip;]<\/p>\n","protected":false},"author":1,"featured_media":0,"comment_status":"open","ping_status":"closed","sticky":false,"template":"","format":"standard","meta":{"spay_email":"","jetpack_publicize_message":"","jetpack_is_tweetstorm":false,"jetpack_publicize_feature_enabled":true},"categories":[8337],"tags":[14736,87,14255],"jetpack_publicize_connections":[],"yoast_head":"<!-- This site is optimized with the Yoast SEO plugin v19.1 - https:\/\/yoast.com\/wordpress\/plugins\/seo\/ -->\n<title>SDP ne popu\u0161ta u Ulcinju i Andrijevici - Lajme nga Ulqini<\/title>\n<meta name=\"description\" content=\"Andrijevica\/Ulcinj \u2013 Iako se o?ekivalo da odmah nakon sporazuma DPS-a i SDP-a u Podgorici o postizbornoj koaliciji sli?ni ugovori budu potpisani u Ulcinju\" \/>\n<meta name=\"robots\" content=\"index, follow, max-snippet:-1, max-image-preview:large, max-video-preview:-1\" \/>\n<link rel=\"canonical\" href=\"https:\/\/www.visit-ulcinj.com\/blog\/2010\/06\/25\/sdp-ne-popusta-u-ulcinju-i-andrijevici\/\" \/>\n<meta property=\"og:locale\" content=\"en_US\" \/>\n<meta property=\"og:type\" content=\"article\" \/>\n<meta property=\"og:title\" content=\"SDP ne popu\u0161ta u Ulcinju i Andrijevici - Lajme nga Ulqini\" \/>\n<meta property=\"og:description\" content=\"Andrijevica\/Ulcinj \u2013 Iako se o?ekivalo da odmah nakon sporazuma DPS-a i SDP-a u Podgorici o postizbornoj koaliciji sli?ni ugovori budu potpisani u Ulcinju\" \/>\n<meta property=\"og:url\" content=\"https:\/\/www.visit-ulcinj.com\/blog\/2010\/06\/25\/sdp-ne-popusta-u-ulcinju-i-andrijevici\/\" \/>\n<meta property=\"og:site_name\" content=\"Lajme nga Ulqini\" \/>\n<meta property=\"article:published_time\" content=\"2010-06-25T20:06:42+00:00\" \/>\n<meta property=\"article:modified_time\" content=\"2010-06-25T20:31:39+00:00\" \/>\n<meta property=\"og:image\" content=\"https:\/\/www.visit-ulcinj.com\/blog\/wp-content\/uploads\/2010\/06\/Luigj-Lubo-Shkrela.21-150x150.jpg\" \/>\n<meta name=\"twitter:label1\" content=\"Written by\" \/>\n\t<meta name=\"twitter:data1\" content=\"ulqini\" \/>\n\t<meta name=\"twitter:label2\" content=\"Est. reading time\" \/>\n\t<meta name=\"twitter:data2\" content=\"3 minutes\" \/>\n<script type=\"application\/ld+json\" class=\"yoast-schema-graph\">{\"@context\":\"https:\/\/schema.org\",\"@graph\":[{\"@type\":\"WebSite\",\"@id\":\"https:\/\/www.visit-ulcinj.com\/blog\/#website\",\"url\":\"https:\/\/www.visit-ulcinj.com\/blog\/\",\"name\":\"Lajme nga Ulqini\",\"description\":\"Lajme,Vijesti,Ulqini,Ulqin,Crna Gora,Mali i Zi\",\"potentialAction\":[{\"@type\":\"SearchAction\",\"target\":{\"@type\":\"EntryPoint\",\"urlTemplate\":\"https:\/\/www.visit-ulcinj.com\/blog\/?s={search_term_string}\"},\"query-input\":\"required name=search_term_string\"}],\"inLanguage\":\"en-US\"},{\"@type\":\"ImageObject\",\"inLanguage\":\"en-US\",\"@id\":\"https:\/\/www.visit-ulcinj.com\/blog\/2010\/06\/25\/sdp-ne-popusta-u-ulcinju-i-andrijevici\/#primaryimage\",\"url\":\"https:\/\/www.visit-ulcinj.com\/blog\/wp-content\/uploads\/2010\/06\/Luigj-Lubo-Shkrela.21.jpg\",\"contentUrl\":\"https:\/\/www.visit-ulcinj.com\/blog\/wp-content\/uploads\/2010\/06\/Luigj-Lubo-Shkrela.21.jpg\",\"width\":\"719\",\"height\":\"479\"},{\"@type\":\"WebPage\",\"@id\":\"https:\/\/www.visit-ulcinj.com\/blog\/2010\/06\/25\/sdp-ne-popusta-u-ulcinju-i-andrijevici\/#webpage\",\"url\":\"https:\/\/www.visit-ulcinj.com\/blog\/2010\/06\/25\/sdp-ne-popusta-u-ulcinju-i-andrijevici\/\",\"name\":\"SDP ne popu\u0161ta u Ulcinju i Andrijevici - Lajme nga Ulqini\",\"isPartOf\":{\"@id\":\"https:\/\/www.visit-ulcinj.com\/blog\/#website\"},\"primaryImageOfPage\":{\"@id\":\"https:\/\/www.visit-ulcinj.com\/blog\/2010\/06\/25\/sdp-ne-popusta-u-ulcinju-i-andrijevici\/#primaryimage\"},\"datePublished\":\"2010-06-25T20:06:42+00:00\",\"dateModified\":\"2010-06-25T20:31:39+00:00\",\"author\":{\"@id\":\"https:\/\/www.visit-ulcinj.com\/blog\/#\/schema\/person\/dcab619c614d3038751c63bc2aadc06d\"},\"description\":\"Andrijevica\/Ulcinj \u2013 Iako se o?ekivalo da odmah nakon sporazuma DPS-a i SDP-a u Podgorici o postizbornoj koaliciji sli?ni ugovori budu potpisani u Ulcinju\",\"breadcrumb\":{\"@id\":\"https:\/\/www.visit-ulcinj.com\/blog\/2010\/06\/25\/sdp-ne-popusta-u-ulcinju-i-andrijevici\/#breadcrumb\"},\"inLanguage\":\"en-US\",\"potentialAction\":[{\"@type\":\"ReadAction\",\"target\":[\"https:\/\/www.visit-ulcinj.com\/blog\/2010\/06\/25\/sdp-ne-popusta-u-ulcinju-i-andrijevici\/\"]}]},{\"@type\":\"BreadcrumbList\",\"@id\":\"https:\/\/www.visit-ulcinj.com\/blog\/2010\/06\/25\/sdp-ne-popusta-u-ulcinju-i-andrijevici\/#breadcrumb\",\"itemListElement\":[{\"@type\":\"ListItem\",\"position\":1,\"name\":\"SDP ne popu\u0161ta u Ulcinju i Andrijevici\"}]},{\"@type\":\"Person\",\"@id\":\"https:\/\/www.visit-ulcinj.com\/blog\/#\/schema\/person\/dcab619c614d3038751c63bc2aadc06d\",\"name\":\"ulqini\",\"sameAs\":[\"http:\/\/www.visit-ulcinj.com\"],\"url\":\"https:\/\/www.visit-ulcinj.com\/blog\/author\/admin\/\"}]}<\/script>\n<!-- \/ Yoast SEO plugin. -->","yoast_head_json":{"title":"SDP ne popu\u0161ta u Ulcinju i Andrijevici - Lajme nga Ulqini","description":"Andrijevica\/Ulcinj \u2013 Iako se o?ekivalo da odmah nakon sporazuma DPS-a i SDP-a u Podgorici o postizbornoj koaliciji sli?ni ugovori budu potpisani u Ulcinju","robots":{"index":"index","follow":"follow","max-snippet":"max-snippet:-1","max-image-preview":"max-image-preview:large","max-video-preview":"max-video-preview:-1"},"canonical":"https:\/\/www.visit-ulcinj.com\/blog\/2010\/06\/25\/sdp-ne-popusta-u-ulcinju-i-andrijevici\/","og_locale":"en_US","og_type":"article","og_title":"SDP ne popu\u0161ta u Ulcinju i Andrijevici - Lajme nga Ulqini","og_description":"Andrijevica\/Ulcinj \u2013 Iako se o?ekivalo da odmah nakon sporazuma DPS-a i SDP-a u Podgorici o postizbornoj koaliciji sli?ni ugovori budu potpisani u Ulcinju","og_url":"https:\/\/www.visit-ulcinj.com\/blog\/2010\/06\/25\/sdp-ne-popusta-u-ulcinju-i-andrijevici\/","og_site_name":"Lajme nga Ulqini","article_published_time":"2010-06-25T20:06:42+00:00","article_modified_time":"2010-06-25T20:31:39+00:00","og_image":[{"url":"https:\/\/www.visit-ulcinj.com\/blog\/wp-content\/uploads\/2010\/06\/Luigj-Lubo-Shkrela.21-150x150.jpg"}],"twitter_misc":{"Written by":"ulqini","Est. reading time":"3 minutes"},"schema":{"@context":"https:\/\/schema.org","@graph":[{"@type":"WebSite","@id":"https:\/\/www.visit-ulcinj.com\/blog\/#website","url":"https:\/\/www.visit-ulcinj.com\/blog\/","name":"Lajme nga Ulqini","description":"Lajme,Vijesti,Ulqini,Ulqin,Crna Gora,Mali i Zi","potentialAction":[{"@type":"SearchAction","target":{"@type":"EntryPoint","urlTemplate":"https:\/\/www.visit-ulcinj.com\/blog\/?s={search_term_string}"},"query-input":"required name=search_term_string"}],"inLanguage":"en-US"},{"@type":"ImageObject","inLanguage":"en-US","@id":"https:\/\/www.visit-ulcinj.com\/blog\/2010\/06\/25\/sdp-ne-popusta-u-ulcinju-i-andrijevici\/#primaryimage","url":"https:\/\/www.visit-ulcinj.com\/blog\/wp-content\/uploads\/2010\/06\/Luigj-Lubo-Shkrela.21.jpg","contentUrl":"https:\/\/www.visit-ulcinj.com\/blog\/wp-content\/uploads\/2010\/06\/Luigj-Lubo-Shkrela.21.jpg","width":"719","height":"479"},{"@type":"WebPage","@id":"https:\/\/www.visit-ulcinj.com\/blog\/2010\/06\/25\/sdp-ne-popusta-u-ulcinju-i-andrijevici\/#webpage","url":"https:\/\/www.visit-ulcinj.com\/blog\/2010\/06\/25\/sdp-ne-popusta-u-ulcinju-i-andrijevici\/","name":"SDP ne popu\u0161ta u Ulcinju i Andrijevici - Lajme nga Ulqini","isPartOf":{"@id":"https:\/\/www.visit-ulcinj.com\/blog\/#website"},"primaryImageOfPage":{"@id":"https:\/\/www.visit-ulcinj.com\/blog\/2010\/06\/25\/sdp-ne-popusta-u-ulcinju-i-andrijevici\/#primaryimage"},"datePublished":"2010-06-25T20:06:42+00:00","dateModified":"2010-06-25T20:31:39+00:00","author":{"@id":"https:\/\/www.visit-ulcinj.com\/blog\/#\/schema\/person\/dcab619c614d3038751c63bc2aadc06d"},"description":"Andrijevica\/Ulcinj \u2013 Iako se o?ekivalo da odmah nakon sporazuma DPS-a i SDP-a u Podgorici o postizbornoj koaliciji sli?ni ugovori budu potpisani u Ulcinju","breadcrumb":{"@id":"https:\/\/www.visit-ulcinj.com\/blog\/2010\/06\/25\/sdp-ne-popusta-u-ulcinju-i-andrijevici\/#breadcrumb"},"inLanguage":"en-US","potentialAction":[{"@type":"ReadAction","target":["https:\/\/www.visit-ulcinj.com\/blog\/2010\/06\/25\/sdp-ne-popusta-u-ulcinju-i-andrijevici\/"]}]},{"@type":"BreadcrumbList","@id":"https:\/\/www.visit-ulcinj.com\/blog\/2010\/06\/25\/sdp-ne-popusta-u-ulcinju-i-andrijevici\/#breadcrumb","itemListElement":[{"@type":"ListItem","position":1,"name":"SDP ne popu\u0161ta u Ulcinju i Andrijevici"}]},{"@type":"Person","@id":"https:\/\/www.visit-ulcinj.com\/blog\/#\/schema\/person\/dcab619c614d3038751c63bc2aadc06d","name":"ulqini","sameAs":["http:\/\/www.visit-ulcinj.com"],"url":"https:\/\/www.visit-ulcinj.com\/blog\/author\/admin\/"}]}},"jetpack_featured_media_url":"","jetpack_sharing_enabled":true,"jetpack_shortlink":"https:\/\/wp.me\/pe6lTn-963","_links":{"self":[{"href":"https:\/\/www.visit-ulcinj.com\/blog\/wp-json\/wp\/v2\/posts\/34971"}],"collection":[{"href":"https:\/\/www.visit-ulcinj.com\/blog\/wp-json\/wp\/v2\/posts"}],"about":[{"href":"https:\/\/www.visit-ulcinj.com\/blog\/wp-json\/wp\/v2\/types\/post"}],"author":[{"embeddable":true,"href":"https:\/\/www.visit-ulcinj.com\/blog\/wp-json\/wp\/v2\/users\/1"}],"replies":[{"embeddable":true,"href":"https:\/\/www.visit-ulcinj.com\/blog\/wp-json\/wp\/v2\/comments?post=34971"}],"version-history":[{"count":0,"href":"https:\/\/www.visit-ulcinj.com\/blog\/wp-json\/wp\/v2\/posts\/34971\/revisions"}],"wp:attachment":[{"href":"https:\/\/www.visit-ulcinj.com\/blog\/wp-json\/wp\/v2\/media?parent=34971"}],"wp:term":[{"taxonomy":"category","embeddable":true,"href":"https:\/\/www.visit-ulcinj.com\/blog\/wp-json\/wp\/v2\/categories?post=34971"},{"taxonomy":"post_tag","embeddable":true,"href":"https:\/\/www.visit-ulcinj.com\/blog\/wp-json\/wp\/v2\/tags?post=34971"}],"curies":[{"name":"wp","href":"https:\/\/api.w.org\/{rel}","templated":true}]}}