{"id":34980,"date":"2010-06-25T22:43:51","date_gmt":"2010-06-25T20:43:51","guid":{"rendered":"http:\/\/www.visit-ulcinj.com\/blog\/?p=34980"},"modified":"2010-06-25T22:43:51","modified_gmt":"2010-06-25T20:43:51","slug":"mediat-shqip-ne-mal-te-zi-ne-prag-te-shuarjes-politikanet-heshtin","status":"publish","type":"post","link":"https:\/\/www.visit-ulcinj.com\/blog\/2010\/06\/25\/mediat-shqip-ne-mal-te-zi-ne-prag-te-shuarjes-politikanet-heshtin\/","title":{"rendered":"Mediat shqip n\u00eb Mal t\u00eb Zi n\u00eb prag t\u00eb shuarjes, politikan\u00ebt heshtin"},"content":{"rendered":"<p><a href=\"http:\/\/www.visit-ulcinj.com\/blog\/wp-content\/uploads\/2010\/06\/koha-javore.jpg\"><img loading=\"lazy\" class=\"alignleft size-full wp-image-34981\" title=\"koha-javore\" src=\"http:\/\/www.visit-ulcinj.com\/blog\/wp-content\/uploads\/2010\/06\/koha-javore.jpg\" alt=\"koha-javore\" width=\"350\" height=\"500\" \/><\/a>Podgoric\u00eb, 25 qershor &#8211; P\u00ebrmir\u00ebsimi dhe zgjerimi i mediave t\u00eb shkruara dhe elektronike n\u00eb gjuh\u00ebn shqipe n\u00eb Malin e Zi, p\u00ebrher\u00eb ka qen\u00eb \u00e7\u00ebshtje interesimi i partive politike nacionale shqiptare n\u00eb aktivitet gjat\u00eb fushatave parazgjedhore, por q\u00eb m\u00eb pastaj sikur \u00ebsht\u00eb harruar ky interesim.<\/p>\n<p>Mund t\u00eb thuhet se asnj\u00ebra nga kat\u00ebr\u00a0 partit\u00eb parlamentare shqiptare nuk interesohet m\u00eb p\u00ebr gjendjen e mjerueshme t\u00eb mediave publike gj\u00eb q\u00eb flet edhe p\u00ebr mosinteresimin e shtetit ndaj t\u00eb cilit shqiptar\u00ebt i kryejn\u00eb t\u00eb gjitha obligimet e tyre qytetare.<\/p>\n<p>Ali Salaj, kryeredaktor i gazet\u00ebs \u201cKoha javore\u201d, e vetme shqip q\u00eb financohet nga buxheti shtet\u00ebror, thot\u00eb se politikan\u00ebt shqiptar\u00eb interesohen vet\u00ebm kur u \u00ebsht\u00eb hequr ndonj\u00eb shkronj\u00eb nga komunikatat e tyre t\u00eb gjata p\u00ebr opinionin, por jo edhe t\u00eb na p\u00ebrkrahin, t\u00eb k\u00ebrkojn\u00eb nga Parlamenti dhe Qeveria fonde p\u00ebr gazet\u00ebn e vetme n\u00eb gjuh\u00ebn shqipe n\u00eb k\u00ebt\u00eb shtet.<\/p>\n<p>\u201cPara kat\u00ebr vitesh \u00ebsht\u00eb miratuar Ligji i ri mbi informimin. N\u00eb komisionin gjegj\u00ebs, kan\u00eb qene an\u00ebtar\u00eb edhe dy deputet\u00eb shqiptar\u00eb, edhe nuk kan\u00eb k\u00ebrkuar definimin me ligj se, n\u00ebse gazeta \u201cPobjeda\u201d, n\u00eb kuad\u00ebr t\u00eb s\u00eb cil\u00ebs ndodhemi, privatizohet, gazeta shqipe \u201cKoha javore\u201d t\u00eb p\u00ebrkrahet nga buxheti shtet\u00ebror\u201d, thot\u00eb p\u00ebr KosovaLive Salaj.<\/p>\n<p>Ai shpreh dyshimin se do t\u00eb ket\u00eb interesuar p\u00ebr ta bler\u00eb ket\u00eb javore me nj\u00eb tirazh tep\u00ebr t\u00eb vog\u00ebl. Shqiptar\u00ebve n\u00eb Malin e Zi sot u duhet nj\u00eb gazet\u00eb javore p\u00ebr t\u00eb ruajtur identitetin e tyre gjuh\u00ebsor, kulturor e komb\u00ebtar. Mir\u00ebpo, shton Salaj, politikan\u00ebt shqiptar\u00eb nuk shqet\u00ebsohen p\u00ebr k\u00ebt\u00eb.<\/p>\n<p>Karshi tij, Haxhi Shabani, kryetar i Art Club-it e gazetar n\u00eb Programin shqip n\u00eb Televizionin e Malit t\u00eb Zi \/TVMZ\/ thekson se deri tash n\u00eb k\u00ebt\u00eb sht\u00ebpi informative \u00ebsht\u00eb emetuar emisioni mikst \u201cMozaiku 60\u201d n\u00eb gjuh\u00ebn shqipe.<\/p>\n<p>\u201cTash ai \u00ebsht\u00eb zvog\u00ebluar n\u00eb 40 minuta dhe duhet t\u00eb p\u00ebrkthehet \u00e7do fjal\u00eb e materialeve q\u00eb emetohet. Un\u00eb mendoj se ky \u00ebsht\u00eb nj\u00eb rast shum\u00eb diskriminues p\u00ebr ne shqiptar\u00ebt, sepse k\u00ebrkesat ishin p\u00ebr nj\u00eb kanal t\u00eb posa\u00e7\u00ebm p\u00ebr pakicat, por n\u00eb vend se t\u00eb realizohej ky projekt, shqiptar\u00ebve u shkurtohen edhe hap\u00ebsirat q\u00eb kishin n\u00eb TVMZ\u201d, v\u00eb n\u00eb pah Shabani.<\/p>\n<p>Sipas tij, k\u00ebtu kemi t\u00eb b\u00ebjm\u00eb me c\u00ebnimin e t\u00eb drejtave t\u00eb shqiptar\u00ebve p\u00ebr t\u2019u informuar n\u00eb gjuh\u00ebn e tyre amtare. K\u00ebt\u00eb \u00e7\u00ebshtje politikan\u00ebt ton\u00eb shqiptar\u00eb sikur nuk e v\u00ebrejn\u00eb fare. Shqiptar\u00ebt n\u00eb Malin e Zi, thekson Shabani, n\u00eb k\u00ebto rrethana ndjekin mediat tjera elektronike dhe t\u00eb shkruara.<\/p>\n<p>\u201cMendoj se shteti i Malit t\u00eb Zi q\u00eb pretendon integrimet evropiane dhe euroatlantike, duke diskriminuar k\u00ebshtu shqiptar\u00ebt, nuk mund t\u00eb thot\u00eb se \u00ebsht\u00eb shembull i shoq\u00ebris\u00eb multikulturore dhe multietnike\u201d, shprehet Shabani.<\/p>\n<p>Ai e thekson edhe nj\u00eb fakt tjet\u00ebr: mediat malazeze, sidomos ato t\u00eb shkruarat, plot\u00ebsisht anashkalojn\u00eb ngjarjet dhe veprimtarit\u00eb nacionale t\u00eb shqiptar\u00ebve. Gazetar\u00ebt shqiptar\u00eb nuk i mbron askush sikur t\u00eb b\u00ebnin p\u00ebrpjekje t\u00eb merreshin me tema hulumtuese, edhe ka mjaft n\u00eb viset etnike shqiptare n\u00eb Malin e Zi. P\u00ebr fat t\u00eb keq, potencon Shabani, gazetar\u00ebt shqiptar\u00eb n\u00eb Malin e Zi nuk e kan\u00eb as shoqat\u00ebn e tyre.<\/p>\n<p>\u201cUn\u00eb jam an\u00ebtar i Shoqat\u00ebs s\u00eb gazetar\u00ebve profesionist\u00eb t\u00eb Malit t\u00eb Zi. An\u00ebtar\u00ebsin\u00eb e paguaj rregullisht, por edhe pse jan\u00eb n\u00eb dijeni me pozit\u00ebn e v\u00ebshtir\u00eb t\u00eb gazet\u00ebs \u2018Koha javore\u2019, asnj\u00ebher\u00eb as n\u00eb telefon nuk m\u00eb kan\u00eb kontaktuar, e l\u00ebre m\u00eb t\u00eb shkruajn\u00eb apo t\u00eb reagojn\u00eb publikisht\u201d, shton Ali Salaj.<\/p>\n<p>Radio\u2013Ulqini q\u00eb nga themelimi i tij para afro tri dekadash, p\u00ebrher\u00eb ka qen\u00eb i kontrolluar nga partit\u00eb dhe zyrtar\u00ebt e pushtetit lokal. Dy vjet m\u00eb par\u00eb \u00ebsht\u00eb miratuar vendimi p\u00ebr themelimin e Radio-Televizionit t\u00eb Ulqinit \/RTUL\/, por ish- kryeredaktori i k\u00ebtij mediumi lokal, Shaban Peraj, thot\u00eb se me muaj t\u00eb t\u00ebr\u00eb nuk kan\u00eb marr\u00eb pagat. Sipas tij ende nuk ka nis t\u00eb funskionoj\u00eb RTUL, sepse ka vet\u00ebm nj\u00eb bord drejtues, an\u00ebtar\u00ebt e t\u00eb cilit jan\u00eb militant\u00eb t\u00eb partive politike, nuk kan\u00eb asnj\u00eb lidhje me media.<\/p>\n<p>\u201cUlqinit i duhet televizioni, por si medium profesionist e jo partiak\u201d, shprehet Peraj, i cili, derisa Lidhja Demokratike n\u00eb Mal t\u00eb Zi ushtronte pushtetin vendor, disa mandate ka qen\u00eb kryeredaktor i Radio-Ulqinit.<\/p>\n<p>Dritan Abazi nga Televizioni komercial Teuta shprehet se ky medium u ka k\u00ebrkuar politikan\u00ebve shqiptar\u00eb q\u00eb t\u00eb gjejn\u00eb m\u00ebnyr\u00ebn p\u00ebr t\u00eb p\u00ebrkrahur at\u00eb materialisht, q\u00eb programet e TV Teut\u00ebs t\u00eb ndiqen edhe n\u00eb Amerik\u00eb, ku jeton nj\u00eb num\u00ebr i konsideruesh\u00ebm i bashk\u00ebkomb\u00ebsve tan\u00eb, por politika shqiptare n\u00eb Ulqin nuk \u00ebsht\u00eb p\u00ebrgjigjur.<\/p>\n<p>Gazetar\u00ebt shqiptar\u00eb n\u00eb Ulqin thon\u00eb se shuarja edhe e mediave ekzistuese, do t\u00eb jet\u00eb nj\u00eb \u201cimpuls\u201d m\u00eb shum\u00eb p\u00ebr asimilimin e popullat\u00ebs shqiptare. Politika dhe politikan\u00ebt duhet ta ken\u00eb parasysh k\u00ebt\u00eb rrezik. Sepse, pa media nuk mund t\u00eb ushtrohet pushteti lokal as n\u00eb Ulqin, as n\u00eb Tuz, as t\u00eb ruhet e kultivohet identiteti nacional, gjuh\u00ebsor e kulturor.<\/p>\n<p><strong>KOHA NET<\/strong><\/p>\n","protected":false},"excerpt":{"rendered":"<p>Podgoric\u00eb, 25 qershor &#8211; P\u00ebrmir\u00ebsimi dhe zgjerimi i mediave t\u00eb shkruara dhe elektronike n\u00eb gjuh\u00ebn shqipe n\u00eb Malin e Zi, p\u00ebrher\u00eb ka qen\u00eb \u00e7\u00ebshtje interesimi i partive politike nacionale shqiptare n\u00eb aktivitet gjat\u00eb fushatave parazgjedhore, por q\u00eb m\u00eb pastaj sikur \u00ebsht\u00eb harruar ky interesim. Mund t\u00eb thuhet se asnj\u00ebra nga kat\u00ebr\u00a0 partit\u00eb parlamentare shqiptare nuk [&hellip;]<\/p>\n","protected":false},"author":1,"featured_media":0,"comment_status":"open","ping_status":"closed","sticky":false,"template":"","format":"standard","meta":{"spay_email":"","jetpack_publicize_message":"","jetpack_is_tweetstorm":false,"jetpack_publicize_feature_enabled":true},"categories":[4],"tags":[216,95,14737,18],"jetpack_publicize_connections":[],"yoast_head":"<!-- This site is optimized with the Yoast SEO plugin v19.1 - https:\/\/yoast.com\/wordpress\/plugins\/seo\/ -->\n<title>Mediat shqip n\u00eb Mal t\u00eb Zi n\u00eb prag t\u00eb shuarjes, politikan\u00ebt heshtin - Lajme nga Ulqini<\/title>\n<meta name=\"description\" content=\"Podgoric\u00eb, 25 qershor - P\u00ebrmir\u00ebsimi dhe zgjerimi i mediave t\u00eb shkruara dhe elektronike n\u00eb gjuh\u00ebn shqipe n\u00eb Malin e Zi, p\u00ebrher\u00eb ka qen\u00eb \u00e7\u00ebshtje interesimi\" \/>\n<meta name=\"robots\" content=\"index, follow, max-snippet:-1, max-image-preview:large, max-video-preview:-1\" \/>\n<link rel=\"canonical\" href=\"https:\/\/www.visit-ulcinj.com\/blog\/2010\/06\/25\/mediat-shqip-ne-mal-te-zi-ne-prag-te-shuarjes-politikanet-heshtin\/\" \/>\n<meta property=\"og:locale\" content=\"en_US\" \/>\n<meta property=\"og:type\" content=\"article\" \/>\n<meta property=\"og:title\" content=\"Mediat shqip n\u00eb Mal t\u00eb Zi n\u00eb prag t\u00eb shuarjes, politikan\u00ebt heshtin - Lajme nga Ulqini\" \/>\n<meta property=\"og:description\" content=\"Podgoric\u00eb, 25 qershor - P\u00ebrmir\u00ebsimi dhe zgjerimi i mediave t\u00eb shkruara dhe elektronike n\u00eb gjuh\u00ebn shqipe n\u00eb Malin e Zi, p\u00ebrher\u00eb ka qen\u00eb \u00e7\u00ebshtje interesimi\" \/>\n<meta property=\"og:url\" content=\"https:\/\/www.visit-ulcinj.com\/blog\/2010\/06\/25\/mediat-shqip-ne-mal-te-zi-ne-prag-te-shuarjes-politikanet-heshtin\/\" \/>\n<meta property=\"og:site_name\" content=\"Lajme nga Ulqini\" \/>\n<meta property=\"article:published_time\" content=\"2010-06-25T20:43:51+00:00\" \/>\n<meta property=\"og:image\" content=\"http:\/\/www.visit-ulcinj.com\/blog\/wp-content\/uploads\/2010\/06\/koha-javore.jpg\" \/>\n<meta name=\"twitter:label1\" content=\"Written by\" \/>\n\t<meta name=\"twitter:data1\" content=\"ulqini\" \/>\n\t<meta name=\"twitter:label2\" content=\"Est. reading time\" \/>\n\t<meta name=\"twitter:data2\" content=\"4 minutes\" \/>\n<script type=\"application\/ld+json\" class=\"yoast-schema-graph\">{\"@context\":\"https:\/\/schema.org\",\"@graph\":[{\"@type\":\"WebSite\",\"@id\":\"https:\/\/www.visit-ulcinj.com\/blog\/#website\",\"url\":\"https:\/\/www.visit-ulcinj.com\/blog\/\",\"name\":\"Lajme nga Ulqini\",\"description\":\"Lajme,Vijesti,Ulqini,Ulqin,Crna Gora,Mali i Zi\",\"potentialAction\":[{\"@type\":\"SearchAction\",\"target\":{\"@type\":\"EntryPoint\",\"urlTemplate\":\"https:\/\/www.visit-ulcinj.com\/blog\/?s={search_term_string}\"},\"query-input\":\"required name=search_term_string\"}],\"inLanguage\":\"en-US\"},{\"@type\":\"ImageObject\",\"inLanguage\":\"en-US\",\"@id\":\"https:\/\/www.visit-ulcinj.com\/blog\/2010\/06\/25\/mediat-shqip-ne-mal-te-zi-ne-prag-te-shuarjes-politikanet-heshtin\/#primaryimage\",\"url\":\"https:\/\/www.visit-ulcinj.com\/blog\/wp-content\/uploads\/2010\/06\/koha-javore.jpg\",\"contentUrl\":\"https:\/\/www.visit-ulcinj.com\/blog\/wp-content\/uploads\/2010\/06\/koha-javore.jpg\",\"width\":\"300\",\"height\":\"422\"},{\"@type\":\"WebPage\",\"@id\":\"https:\/\/www.visit-ulcinj.com\/blog\/2010\/06\/25\/mediat-shqip-ne-mal-te-zi-ne-prag-te-shuarjes-politikanet-heshtin\/#webpage\",\"url\":\"https:\/\/www.visit-ulcinj.com\/blog\/2010\/06\/25\/mediat-shqip-ne-mal-te-zi-ne-prag-te-shuarjes-politikanet-heshtin\/\",\"name\":\"Mediat shqip n\u00eb Mal t\u00eb Zi n\u00eb prag t\u00eb shuarjes, politikan\u00ebt heshtin - Lajme nga Ulqini\",\"isPartOf\":{\"@id\":\"https:\/\/www.visit-ulcinj.com\/blog\/#website\"},\"primaryImageOfPage\":{\"@id\":\"https:\/\/www.visit-ulcinj.com\/blog\/2010\/06\/25\/mediat-shqip-ne-mal-te-zi-ne-prag-te-shuarjes-politikanet-heshtin\/#primaryimage\"},\"datePublished\":\"2010-06-25T20:43:51+00:00\",\"dateModified\":\"2010-06-25T20:43:51+00:00\",\"author\":{\"@id\":\"https:\/\/www.visit-ulcinj.com\/blog\/#\/schema\/person\/dcab619c614d3038751c63bc2aadc06d\"},\"description\":\"Podgoric\u00eb, 25 qershor - P\u00ebrmir\u00ebsimi dhe zgjerimi i mediave t\u00eb shkruara dhe elektronike n\u00eb gjuh\u00ebn shqipe n\u00eb Malin e Zi, p\u00ebrher\u00eb ka qen\u00eb \u00e7\u00ebshtje interesimi\",\"breadcrumb\":{\"@id\":\"https:\/\/www.visit-ulcinj.com\/blog\/2010\/06\/25\/mediat-shqip-ne-mal-te-zi-ne-prag-te-shuarjes-politikanet-heshtin\/#breadcrumb\"},\"inLanguage\":\"en-US\",\"potentialAction\":[{\"@type\":\"ReadAction\",\"target\":[\"https:\/\/www.visit-ulcinj.com\/blog\/2010\/06\/25\/mediat-shqip-ne-mal-te-zi-ne-prag-te-shuarjes-politikanet-heshtin\/\"]}]},{\"@type\":\"BreadcrumbList\",\"@id\":\"https:\/\/www.visit-ulcinj.com\/blog\/2010\/06\/25\/mediat-shqip-ne-mal-te-zi-ne-prag-te-shuarjes-politikanet-heshtin\/#breadcrumb\",\"itemListElement\":[{\"@type\":\"ListItem\",\"position\":1,\"name\":\"Mediat shqip n\u00eb Mal t\u00eb Zi n\u00eb prag t\u00eb shuarjes, politikan\u00ebt heshtin\"}]},{\"@type\":\"Person\",\"@id\":\"https:\/\/www.visit-ulcinj.com\/blog\/#\/schema\/person\/dcab619c614d3038751c63bc2aadc06d\",\"name\":\"ulqini\",\"sameAs\":[\"http:\/\/www.visit-ulcinj.com\"],\"url\":\"https:\/\/www.visit-ulcinj.com\/blog\/author\/admin\/\"}]}<\/script>\n<!-- \/ Yoast SEO plugin. -->","yoast_head_json":{"title":"Mediat shqip n\u00eb Mal t\u00eb Zi n\u00eb prag t\u00eb shuarjes, politikan\u00ebt heshtin - Lajme nga Ulqini","description":"Podgoric\u00eb, 25 qershor - P\u00ebrmir\u00ebsimi dhe zgjerimi i mediave t\u00eb shkruara dhe elektronike n\u00eb gjuh\u00ebn shqipe n\u00eb Malin e Zi, p\u00ebrher\u00eb ka qen\u00eb \u00e7\u00ebshtje interesimi","robots":{"index":"index","follow":"follow","max-snippet":"max-snippet:-1","max-image-preview":"max-image-preview:large","max-video-preview":"max-video-preview:-1"},"canonical":"https:\/\/www.visit-ulcinj.com\/blog\/2010\/06\/25\/mediat-shqip-ne-mal-te-zi-ne-prag-te-shuarjes-politikanet-heshtin\/","og_locale":"en_US","og_type":"article","og_title":"Mediat shqip n\u00eb Mal t\u00eb Zi n\u00eb prag t\u00eb shuarjes, politikan\u00ebt heshtin - Lajme nga Ulqini","og_description":"Podgoric\u00eb, 25 qershor - P\u00ebrmir\u00ebsimi dhe zgjerimi i mediave t\u00eb shkruara dhe elektronike n\u00eb gjuh\u00ebn shqipe n\u00eb Malin e Zi, p\u00ebrher\u00eb ka qen\u00eb \u00e7\u00ebshtje interesimi","og_url":"https:\/\/www.visit-ulcinj.com\/blog\/2010\/06\/25\/mediat-shqip-ne-mal-te-zi-ne-prag-te-shuarjes-politikanet-heshtin\/","og_site_name":"Lajme nga Ulqini","article_published_time":"2010-06-25T20:43:51+00:00","og_image":[{"url":"http:\/\/www.visit-ulcinj.com\/blog\/wp-content\/uploads\/2010\/06\/koha-javore.jpg"}],"twitter_misc":{"Written by":"ulqini","Est. reading time":"4 minutes"},"schema":{"@context":"https:\/\/schema.org","@graph":[{"@type":"WebSite","@id":"https:\/\/www.visit-ulcinj.com\/blog\/#website","url":"https:\/\/www.visit-ulcinj.com\/blog\/","name":"Lajme nga Ulqini","description":"Lajme,Vijesti,Ulqini,Ulqin,Crna Gora,Mali i Zi","potentialAction":[{"@type":"SearchAction","target":{"@type":"EntryPoint","urlTemplate":"https:\/\/www.visit-ulcinj.com\/blog\/?s={search_term_string}"},"query-input":"required name=search_term_string"}],"inLanguage":"en-US"},{"@type":"ImageObject","inLanguage":"en-US","@id":"https:\/\/www.visit-ulcinj.com\/blog\/2010\/06\/25\/mediat-shqip-ne-mal-te-zi-ne-prag-te-shuarjes-politikanet-heshtin\/#primaryimage","url":"https:\/\/www.visit-ulcinj.com\/blog\/wp-content\/uploads\/2010\/06\/koha-javore.jpg","contentUrl":"https:\/\/www.visit-ulcinj.com\/blog\/wp-content\/uploads\/2010\/06\/koha-javore.jpg","width":"300","height":"422"},{"@type":"WebPage","@id":"https:\/\/www.visit-ulcinj.com\/blog\/2010\/06\/25\/mediat-shqip-ne-mal-te-zi-ne-prag-te-shuarjes-politikanet-heshtin\/#webpage","url":"https:\/\/www.visit-ulcinj.com\/blog\/2010\/06\/25\/mediat-shqip-ne-mal-te-zi-ne-prag-te-shuarjes-politikanet-heshtin\/","name":"Mediat shqip n\u00eb Mal t\u00eb Zi n\u00eb prag t\u00eb shuarjes, politikan\u00ebt heshtin - Lajme nga Ulqini","isPartOf":{"@id":"https:\/\/www.visit-ulcinj.com\/blog\/#website"},"primaryImageOfPage":{"@id":"https:\/\/www.visit-ulcinj.com\/blog\/2010\/06\/25\/mediat-shqip-ne-mal-te-zi-ne-prag-te-shuarjes-politikanet-heshtin\/#primaryimage"},"datePublished":"2010-06-25T20:43:51+00:00","dateModified":"2010-06-25T20:43:51+00:00","author":{"@id":"https:\/\/www.visit-ulcinj.com\/blog\/#\/schema\/person\/dcab619c614d3038751c63bc2aadc06d"},"description":"Podgoric\u00eb, 25 qershor - P\u00ebrmir\u00ebsimi dhe zgjerimi i mediave t\u00eb shkruara dhe elektronike n\u00eb gjuh\u00ebn shqipe n\u00eb Malin e Zi, p\u00ebrher\u00eb ka qen\u00eb \u00e7\u00ebshtje interesimi","breadcrumb":{"@id":"https:\/\/www.visit-ulcinj.com\/blog\/2010\/06\/25\/mediat-shqip-ne-mal-te-zi-ne-prag-te-shuarjes-politikanet-heshtin\/#breadcrumb"},"inLanguage":"en-US","potentialAction":[{"@type":"ReadAction","target":["https:\/\/www.visit-ulcinj.com\/blog\/2010\/06\/25\/mediat-shqip-ne-mal-te-zi-ne-prag-te-shuarjes-politikanet-heshtin\/"]}]},{"@type":"BreadcrumbList","@id":"https:\/\/www.visit-ulcinj.com\/blog\/2010\/06\/25\/mediat-shqip-ne-mal-te-zi-ne-prag-te-shuarjes-politikanet-heshtin\/#breadcrumb","itemListElement":[{"@type":"ListItem","position":1,"name":"Mediat shqip n\u00eb Mal t\u00eb Zi n\u00eb prag t\u00eb shuarjes, politikan\u00ebt heshtin"}]},{"@type":"Person","@id":"https:\/\/www.visit-ulcinj.com\/blog\/#\/schema\/person\/dcab619c614d3038751c63bc2aadc06d","name":"ulqini","sameAs":["http:\/\/www.visit-ulcinj.com"],"url":"https:\/\/www.visit-ulcinj.com\/blog\/author\/admin\/"}]}},"jetpack_featured_media_url":"","jetpack_sharing_enabled":true,"jetpack_shortlink":"https:\/\/wp.me\/pe6lTn-96c","_links":{"self":[{"href":"https:\/\/www.visit-ulcinj.com\/blog\/wp-json\/wp\/v2\/posts\/34980"}],"collection":[{"href":"https:\/\/www.visit-ulcinj.com\/blog\/wp-json\/wp\/v2\/posts"}],"about":[{"href":"https:\/\/www.visit-ulcinj.com\/blog\/wp-json\/wp\/v2\/types\/post"}],"author":[{"embeddable":true,"href":"https:\/\/www.visit-ulcinj.com\/blog\/wp-json\/wp\/v2\/users\/1"}],"replies":[{"embeddable":true,"href":"https:\/\/www.visit-ulcinj.com\/blog\/wp-json\/wp\/v2\/comments?post=34980"}],"version-history":[{"count":0,"href":"https:\/\/www.visit-ulcinj.com\/blog\/wp-json\/wp\/v2\/posts\/34980\/revisions"}],"wp:attachment":[{"href":"https:\/\/www.visit-ulcinj.com\/blog\/wp-json\/wp\/v2\/media?parent=34980"}],"wp:term":[{"taxonomy":"category","embeddable":true,"href":"https:\/\/www.visit-ulcinj.com\/blog\/wp-json\/wp\/v2\/categories?post=34980"},{"taxonomy":"post_tag","embeddable":true,"href":"https:\/\/www.visit-ulcinj.com\/blog\/wp-json\/wp\/v2\/tags?post=34980"}],"curies":[{"name":"wp","href":"https:\/\/api.w.org\/{rel}","templated":true}]}}