{"id":34983,"date":"2010-06-25T23:28:26","date_gmt":"2010-06-25T21:28:26","guid":{"rendered":"http:\/\/www.visit-ulcinj.com\/blog\/?p=34983"},"modified":"2010-06-25T23:28:26","modified_gmt":"2010-06-25T21:28:26","slug":"aurela-gace-nuk-jam-vetem-origjinale-por-dhe-e-vertete","status":"publish","type":"post","link":"https:\/\/www.visit-ulcinj.com\/blog\/2010\/06\/25\/aurela-gace-nuk-jam-vetem-origjinale-por-dhe-e-vertete\/","title":{"rendered":"Aurela Gace: Nuk jam vet\u00ebm origjinale, por dhe e v\u00ebrtet\u00eb"},"content":{"rendered":"<p><a href=\"http:\/\/www.visit-ulcinj.com\/blog\/wp-content\/uploads\/2010\/06\/Aurela-Gace.1.jpg\"><img loading=\"lazy\" class=\"alignleft size-full wp-image-34984\" title=\"Aurela Gace.1\" src=\"http:\/\/www.visit-ulcinj.com\/blog\/wp-content\/uploads\/2010\/06\/Aurela-Gace.1.jpg\" alt=\"Aurela Gace.1\" width=\"490\" height=\"352\" \/><\/a>Ka vet\u00ebm nj\u00eb jav\u00eb q\u00eb \u00ebsht\u00eb prezantuar dhe n\u00eb rrjetin e famsh\u00ebm &#8216;Youtube&#8217; ka sh\u00ebnuar jo pak, por 500 mij\u00eb klikime, gj\u00eb q\u00eb ka surprizuar k\u00ebdo. &#8216;Origjinale&#8217;, k\u00ebnga e re e k\u00ebng\u00ebtares s\u00eb mir\u00ebnjohur Aurela Ga\u00e7e, duket se ka sh\u00ebnuar n\u00eb shenj\u00eb. K\u00ebt\u00eb her\u00eb ka shkaktuar edhe pak zhurm\u00eb. Arsyet? S\u00eb pari, Marseli! Djaloshi rom q\u00eb k\u00ebng\u00ebtarja ka p\u00ebrfshir\u00eb n\u00eb klipin e saj. S\u00eb dyti dhe jo m\u00eb pak e r\u00ebnd\u00ebsishmja, titulli: &#8216;Origjinale&#8217;!<\/p>\n<p>Komentet jan\u00eb nga m\u00eb t\u00eb larmishmet, por vet\u00eb k\u00ebng\u00ebtarja \u00e7far\u00eb p\u00ebrgjigje ka p\u00ebr to? Nga Shtetet e Bashkuara t\u00eb Amerik\u00ebs vjen Aurela n\u00eb nj\u00eb rr\u00ebfim &#8216;origjinal&#8217; shprehet se djaloshi 16 vjecar, Marsel e ka cuditur q\u00eb kur e d\u00ebgjoi p\u00ebr her\u00eb t\u00eb par\u00eb. \u201cE kam d\u00ebgjuar Marselin p\u00ebr her\u00eb t\u00eb par\u00eb n\u00eb nj\u00eb incizim po n\u00eb studio t\u00eb Flor Mumajesit dhe z\u00ebri i tij m\u00eb p\u00eblqeu shum\u00eb, e doja t\u00eb ishte pjes\u00eb e k\u00ebng\u00ebs s\u00eb re. Ashtu si\u00e7 i ka \u00e7uditur ai njer\u00ebzit, ashtu m\u00eb \u00e7uditi edhe mua kur e d\u00ebgjova\u201d. K\u00ebng\u00ebtarja nuk mohon se klipi \u00ebsht\u00eb xhiruar me vete, larg Marselit (djalit q\u00eb ka idhull Mandin e Nishtull\u00ebs\u201d dhe kjo p\u00ebr nj\u00eb arsye.<\/p>\n<p>\u201cN\u00eb fakt, gj\u00ebja q\u00eb m\u00eb erdhi keq \u00ebsht\u00eb se pjes\u00ebt tona u xhiruan m\u00eb vete, jo bashk\u00eb. Xhirimet duhet t\u00eb b\u00ebheshin n\u00eb Kosov\u00eb, dhe mbasi u b\u00ebn\u00eb gati t\u00eb gjitha, kur erdhi momenti t\u00eb prisnim biletat mor\u00ebm vesh se Marseli s&#8217;kishte pasaport\u00eb. Ishte shum\u00eb von\u00eb t\u00eb ndryshonim planet, pasi un\u00eb pas dy dit\u00ebsh duhej t\u00eb nisesha n\u00eb USA dhe m\u00eb duhej ta xhiroja k\u00ebng\u00ebn\u201d. Nd\u00ebrsa tipin e saj e karakterizon shkurt e thjesht, origjinale. \u201cJam Origjinale 24 or\u00eb.<\/p>\n<p>Dhe SHUME E LEZETSHME (qesh)! Mbas k\u00ebsaj q\u00eb thash\u00eb, nuk jam vet\u00ebm origjinale, por edhe e v\u00ebrtet\u00eb\u201d. Sipas Aureles, shume jane perpjekur ta kopjojne. &#8220;Koh\u00ebt e fundit, shum\u00eb shpesh shikoja video t\u00eb ndryshme q\u00eb m\u00eb dukeshin kopjime t\u00eb pun\u00ebs sime q\u00eb 12 vjet m\u00eb par\u00eb dhe deri n\u00eb pun\u00ebt e fundit&#8230;N\u00eb fillim nuk e mora seriozisht, por m\u00eb von\u00eb e pash\u00eb q\u00eb disa nga k\u00ebta &#8220;artist\u00eb&#8221; po pretendonin t\u00eb ishin kaq origjinal\u00eb me imazhin, stilin, zhanrin e muzik\u00ebs sime. M\u00eb duhej t\u00eb ndaloja p\u00ebr nj\u00eb moment dhe t\u00eb b\u00ebja nj\u00eb k\u00ebng\u00eb, q\u00eb jo vet\u00ebm p\u00ebrfaq\u00ebson nj\u00eb pjes\u00eb shum\u00eb t\u00eb madhe t\u00eb karakterit tim, por edhe t&#8217;u rikujtoj JO ORIGJINALEVE se kush \u00ebsht\u00eb ORIGJINALI&#8221;. (Pjesa shkeputur nga suplementi i Gazeta Shqiptare, Summer Pages\u201d.<\/p>\n<p>\n\t\t<style type=\"text\/css\">\n\t\t\t#gallery-1 {\n\t\t\t\tmargin: auto;\n\t\t\t}\n\t\t\t#gallery-1 .gallery-item {\n\t\t\t\tfloat: left;\n\t\t\t\tmargin-top: 10px;\n\t\t\t\ttext-align: center;\n\t\t\t\twidth: 33%;\n\t\t\t}\n\t\t\t#gallery-1 img {\n\t\t\t\tborder: 2px solid #cfcfcf;\n\t\t\t}\n\t\t\t#gallery-1 .gallery-caption {\n\t\t\t\tmargin-left: 0;\n\t\t\t}\n\t\t\t\/* see gallery_shortcode() in wp-includes\/media.php *\/\n\t\t<\/style>\n\t\t<div id='gallery-1' class='gallery galleryid-34983 gallery-columns-3 gallery-size-thumbnail'><dl class='gallery-item'>\n\t\t\t<dt class='gallery-icon landscape'>\n\t\t\t\t<a href='https:\/\/www.visit-ulcinj.com\/blog\/wp-content\/uploads\/2010\/06\/Aurela-Gace.1.jpg'><img width=\"150\" height=\"150\" src=\"https:\/\/www.visit-ulcinj.com\/blog\/wp-content\/uploads\/2010\/06\/Aurela-Gace.1-150x150.jpg\" class=\"attachment-thumbnail size-thumbnail\" alt=\"\" loading=\"lazy\" \/><\/a>\n\t\t\t<\/dt><\/dl>\n\t\t\t<br style='clear: both' \/>\n\t\t<\/div>\n<br \/>\n<!--YouTube Error: bad URL entered--><\/p>\n","protected":false},"excerpt":{"rendered":"<p>Ka vet\u00ebm nj\u00eb jav\u00eb q\u00eb \u00ebsht\u00eb prezantuar dhe n\u00eb rrjetin e famsh\u00ebm &#8216;Youtube&#8217; ka sh\u00ebnuar jo pak, por 500 mij\u00eb klikime, gj\u00eb q\u00eb ka surprizuar k\u00ebdo. &#8216;Origjinale&#8217;, k\u00ebnga e re e k\u00ebng\u00ebtares s\u00eb mir\u00ebnjohur Aurela Ga\u00e7e, duket se ka sh\u00ebnuar n\u00eb shenj\u00eb. K\u00ebt\u00eb her\u00eb ka shkaktuar edhe pak zhurm\u00eb. Arsyet? S\u00eb pari, Marseli! Djaloshi rom [&hellip;]<\/p>\n","protected":false},"author":1,"featured_media":0,"comment_status":"open","ping_status":"closed","sticky":false,"template":"","format":"standard","meta":{"spay_email":"","jetpack_publicize_message":"","jetpack_is_tweetstorm":false,"jetpack_publicize_feature_enabled":true},"categories":[1],"tags":[5088],"jetpack_publicize_connections":[],"yoast_head":"<!-- This site is optimized with the Yoast SEO plugin v19.1 - https:\/\/yoast.com\/wordpress\/plugins\/seo\/ -->\n<title>Aurela Gace: Nuk jam vet\u00ebm origjinale, por dhe e v\u00ebrtet\u00eb - Lajme nga Ulqini<\/title>\n<meta name=\"description\" content=\"Ka vet\u00ebm nj\u00eb jav\u00eb q\u00eb \u00ebsht\u00eb prezantuar dhe n\u00eb rrjetin e famsh\u00ebm &#039;Youtube&#039; ka sh\u00ebnuar jo pak, por 500 mij\u00eb klikime, gj\u00eb q\u00eb ka surprizuar k\u00ebdo. &#039;Origjinale&#039;,\" \/>\n<meta name=\"robots\" content=\"index, follow, max-snippet:-1, max-image-preview:large, max-video-preview:-1\" \/>\n<link rel=\"canonical\" href=\"https:\/\/www.visit-ulcinj.com\/blog\/2010\/06\/25\/aurela-gace-nuk-jam-vetem-origjinale-por-dhe-e-vertete\/\" \/>\n<meta property=\"og:locale\" content=\"en_US\" \/>\n<meta property=\"og:type\" content=\"article\" \/>\n<meta property=\"og:title\" content=\"Aurela Gace: Nuk jam vet\u00ebm origjinale, por dhe e v\u00ebrtet\u00eb - Lajme nga Ulqini\" \/>\n<meta property=\"og:description\" content=\"Ka vet\u00ebm nj\u00eb jav\u00eb q\u00eb \u00ebsht\u00eb prezantuar dhe n\u00eb rrjetin e famsh\u00ebm &#039;Youtube&#039; ka sh\u00ebnuar jo pak, por 500 mij\u00eb klikime, gj\u00eb q\u00eb ka surprizuar k\u00ebdo. &#039;Origjinale&#039;,\" \/>\n<meta property=\"og:url\" content=\"https:\/\/www.visit-ulcinj.com\/blog\/2010\/06\/25\/aurela-gace-nuk-jam-vetem-origjinale-por-dhe-e-vertete\/\" \/>\n<meta property=\"og:site_name\" content=\"Lajme nga Ulqini\" \/>\n<meta property=\"article:published_time\" content=\"2010-06-25T21:28:26+00:00\" \/>\n<meta property=\"og:image\" content=\"https:\/\/www.visit-ulcinj.com\/blog\/wp-content\/uploads\/2010\/06\/Aurela-Gace.1-150x150.jpg\" \/>\n<meta name=\"twitter:label1\" content=\"Written by\" \/>\n\t<meta name=\"twitter:data1\" content=\"ulqini\" \/>\n\t<meta name=\"twitter:label2\" content=\"Est. reading time\" \/>\n\t<meta name=\"twitter:data2\" content=\"2 minutes\" \/>\n<script type=\"application\/ld+json\" class=\"yoast-schema-graph\">{\"@context\":\"https:\/\/schema.org\",\"@graph\":[{\"@type\":\"WebSite\",\"@id\":\"https:\/\/www.visit-ulcinj.com\/blog\/#website\",\"url\":\"https:\/\/www.visit-ulcinj.com\/blog\/\",\"name\":\"Lajme nga Ulqini\",\"description\":\"Lajme,Vijesti,Ulqini,Ulqin,Crna Gora,Mali i Zi\",\"potentialAction\":[{\"@type\":\"SearchAction\",\"target\":{\"@type\":\"EntryPoint\",\"urlTemplate\":\"https:\/\/www.visit-ulcinj.com\/blog\/?s={search_term_string}\"},\"query-input\":\"required name=search_term_string\"}],\"inLanguage\":\"en-US\"},{\"@type\":\"ImageObject\",\"inLanguage\":\"en-US\",\"@id\":\"https:\/\/www.visit-ulcinj.com\/blog\/2010\/06\/25\/aurela-gace-nuk-jam-vetem-origjinale-por-dhe-e-vertete\/#primaryimage\",\"url\":\"https:\/\/www.visit-ulcinj.com\/blog\/wp-content\/uploads\/2010\/06\/Aurela-Gace.1.jpg\",\"contentUrl\":\"https:\/\/www.visit-ulcinj.com\/blog\/wp-content\/uploads\/2010\/06\/Aurela-Gace.1.jpg\",\"width\":\"900\",\"height\":\"352\"},{\"@type\":\"WebPage\",\"@id\":\"https:\/\/www.visit-ulcinj.com\/blog\/2010\/06\/25\/aurela-gace-nuk-jam-vetem-origjinale-por-dhe-e-vertete\/#webpage\",\"url\":\"https:\/\/www.visit-ulcinj.com\/blog\/2010\/06\/25\/aurela-gace-nuk-jam-vetem-origjinale-por-dhe-e-vertete\/\",\"name\":\"Aurela Gace: Nuk jam vet\u00ebm origjinale, por dhe e v\u00ebrtet\u00eb - Lajme nga Ulqini\",\"isPartOf\":{\"@id\":\"https:\/\/www.visit-ulcinj.com\/blog\/#website\"},\"primaryImageOfPage\":{\"@id\":\"https:\/\/www.visit-ulcinj.com\/blog\/2010\/06\/25\/aurela-gace-nuk-jam-vetem-origjinale-por-dhe-e-vertete\/#primaryimage\"},\"datePublished\":\"2010-06-25T21:28:26+00:00\",\"dateModified\":\"2010-06-25T21:28:26+00:00\",\"author\":{\"@id\":\"https:\/\/www.visit-ulcinj.com\/blog\/#\/schema\/person\/dcab619c614d3038751c63bc2aadc06d\"},\"description\":\"Ka vet\u00ebm nj\u00eb jav\u00eb q\u00eb \u00ebsht\u00eb prezantuar dhe n\u00eb rrjetin e famsh\u00ebm 'Youtube' ka sh\u00ebnuar jo pak, por 500 mij\u00eb klikime, gj\u00eb q\u00eb ka surprizuar k\u00ebdo. 'Origjinale',\",\"breadcrumb\":{\"@id\":\"https:\/\/www.visit-ulcinj.com\/blog\/2010\/06\/25\/aurela-gace-nuk-jam-vetem-origjinale-por-dhe-e-vertete\/#breadcrumb\"},\"inLanguage\":\"en-US\",\"potentialAction\":[{\"@type\":\"ReadAction\",\"target\":[\"https:\/\/www.visit-ulcinj.com\/blog\/2010\/06\/25\/aurela-gace-nuk-jam-vetem-origjinale-por-dhe-e-vertete\/\"]}]},{\"@type\":\"BreadcrumbList\",\"@id\":\"https:\/\/www.visit-ulcinj.com\/blog\/2010\/06\/25\/aurela-gace-nuk-jam-vetem-origjinale-por-dhe-e-vertete\/#breadcrumb\",\"itemListElement\":[{\"@type\":\"ListItem\",\"position\":1,\"name\":\"Aurela Gace: Nuk jam vet\u00ebm origjinale, por dhe e v\u00ebrtet\u00eb\"}]},{\"@type\":\"Person\",\"@id\":\"https:\/\/www.visit-ulcinj.com\/blog\/#\/schema\/person\/dcab619c614d3038751c63bc2aadc06d\",\"name\":\"ulqini\",\"sameAs\":[\"http:\/\/www.visit-ulcinj.com\"],\"url\":\"https:\/\/www.visit-ulcinj.com\/blog\/author\/admin\/\"}]}<\/script>\n<!-- \/ Yoast SEO plugin. -->","yoast_head_json":{"title":"Aurela Gace: Nuk jam vet\u00ebm origjinale, por dhe e v\u00ebrtet\u00eb - Lajme nga Ulqini","description":"Ka vet\u00ebm nj\u00eb jav\u00eb q\u00eb \u00ebsht\u00eb prezantuar dhe n\u00eb rrjetin e famsh\u00ebm 'Youtube' ka sh\u00ebnuar jo pak, por 500 mij\u00eb klikime, gj\u00eb q\u00eb ka surprizuar k\u00ebdo. 'Origjinale',","robots":{"index":"index","follow":"follow","max-snippet":"max-snippet:-1","max-image-preview":"max-image-preview:large","max-video-preview":"max-video-preview:-1"},"canonical":"https:\/\/www.visit-ulcinj.com\/blog\/2010\/06\/25\/aurela-gace-nuk-jam-vetem-origjinale-por-dhe-e-vertete\/","og_locale":"en_US","og_type":"article","og_title":"Aurela Gace: Nuk jam vet\u00ebm origjinale, por dhe e v\u00ebrtet\u00eb - Lajme nga Ulqini","og_description":"Ka vet\u00ebm nj\u00eb jav\u00eb q\u00eb \u00ebsht\u00eb prezantuar dhe n\u00eb rrjetin e famsh\u00ebm 'Youtube' ka sh\u00ebnuar jo pak, por 500 mij\u00eb klikime, gj\u00eb q\u00eb ka surprizuar k\u00ebdo. 'Origjinale',","og_url":"https:\/\/www.visit-ulcinj.com\/blog\/2010\/06\/25\/aurela-gace-nuk-jam-vetem-origjinale-por-dhe-e-vertete\/","og_site_name":"Lajme nga Ulqini","article_published_time":"2010-06-25T21:28:26+00:00","og_image":[{"url":"https:\/\/www.visit-ulcinj.com\/blog\/wp-content\/uploads\/2010\/06\/Aurela-Gace.1-150x150.jpg"}],"twitter_misc":{"Written by":"ulqini","Est. reading time":"2 minutes"},"schema":{"@context":"https:\/\/schema.org","@graph":[{"@type":"WebSite","@id":"https:\/\/www.visit-ulcinj.com\/blog\/#website","url":"https:\/\/www.visit-ulcinj.com\/blog\/","name":"Lajme nga Ulqini","description":"Lajme,Vijesti,Ulqini,Ulqin,Crna Gora,Mali i Zi","potentialAction":[{"@type":"SearchAction","target":{"@type":"EntryPoint","urlTemplate":"https:\/\/www.visit-ulcinj.com\/blog\/?s={search_term_string}"},"query-input":"required name=search_term_string"}],"inLanguage":"en-US"},{"@type":"ImageObject","inLanguage":"en-US","@id":"https:\/\/www.visit-ulcinj.com\/blog\/2010\/06\/25\/aurela-gace-nuk-jam-vetem-origjinale-por-dhe-e-vertete\/#primaryimage","url":"https:\/\/www.visit-ulcinj.com\/blog\/wp-content\/uploads\/2010\/06\/Aurela-Gace.1.jpg","contentUrl":"https:\/\/www.visit-ulcinj.com\/blog\/wp-content\/uploads\/2010\/06\/Aurela-Gace.1.jpg","width":"900","height":"352"},{"@type":"WebPage","@id":"https:\/\/www.visit-ulcinj.com\/blog\/2010\/06\/25\/aurela-gace-nuk-jam-vetem-origjinale-por-dhe-e-vertete\/#webpage","url":"https:\/\/www.visit-ulcinj.com\/blog\/2010\/06\/25\/aurela-gace-nuk-jam-vetem-origjinale-por-dhe-e-vertete\/","name":"Aurela Gace: Nuk jam vet\u00ebm origjinale, por dhe e v\u00ebrtet\u00eb - Lajme nga Ulqini","isPartOf":{"@id":"https:\/\/www.visit-ulcinj.com\/blog\/#website"},"primaryImageOfPage":{"@id":"https:\/\/www.visit-ulcinj.com\/blog\/2010\/06\/25\/aurela-gace-nuk-jam-vetem-origjinale-por-dhe-e-vertete\/#primaryimage"},"datePublished":"2010-06-25T21:28:26+00:00","dateModified":"2010-06-25T21:28:26+00:00","author":{"@id":"https:\/\/www.visit-ulcinj.com\/blog\/#\/schema\/person\/dcab619c614d3038751c63bc2aadc06d"},"description":"Ka vet\u00ebm nj\u00eb jav\u00eb q\u00eb \u00ebsht\u00eb prezantuar dhe n\u00eb rrjetin e famsh\u00ebm 'Youtube' ka sh\u00ebnuar jo pak, por 500 mij\u00eb klikime, gj\u00eb q\u00eb ka surprizuar k\u00ebdo. 'Origjinale',","breadcrumb":{"@id":"https:\/\/www.visit-ulcinj.com\/blog\/2010\/06\/25\/aurela-gace-nuk-jam-vetem-origjinale-por-dhe-e-vertete\/#breadcrumb"},"inLanguage":"en-US","potentialAction":[{"@type":"ReadAction","target":["https:\/\/www.visit-ulcinj.com\/blog\/2010\/06\/25\/aurela-gace-nuk-jam-vetem-origjinale-por-dhe-e-vertete\/"]}]},{"@type":"BreadcrumbList","@id":"https:\/\/www.visit-ulcinj.com\/blog\/2010\/06\/25\/aurela-gace-nuk-jam-vetem-origjinale-por-dhe-e-vertete\/#breadcrumb","itemListElement":[{"@type":"ListItem","position":1,"name":"Aurela Gace: Nuk jam vet\u00ebm origjinale, por dhe e v\u00ebrtet\u00eb"}]},{"@type":"Person","@id":"https:\/\/www.visit-ulcinj.com\/blog\/#\/schema\/person\/dcab619c614d3038751c63bc2aadc06d","name":"ulqini","sameAs":["http:\/\/www.visit-ulcinj.com"],"url":"https:\/\/www.visit-ulcinj.com\/blog\/author\/admin\/"}]}},"jetpack_featured_media_url":"","jetpack_sharing_enabled":true,"jetpack_shortlink":"https:\/\/wp.me\/pe6lTn-96f","_links":{"self":[{"href":"https:\/\/www.visit-ulcinj.com\/blog\/wp-json\/wp\/v2\/posts\/34983"}],"collection":[{"href":"https:\/\/www.visit-ulcinj.com\/blog\/wp-json\/wp\/v2\/posts"}],"about":[{"href":"https:\/\/www.visit-ulcinj.com\/blog\/wp-json\/wp\/v2\/types\/post"}],"author":[{"embeddable":true,"href":"https:\/\/www.visit-ulcinj.com\/blog\/wp-json\/wp\/v2\/users\/1"}],"replies":[{"embeddable":true,"href":"https:\/\/www.visit-ulcinj.com\/blog\/wp-json\/wp\/v2\/comments?post=34983"}],"version-history":[{"count":0,"href":"https:\/\/www.visit-ulcinj.com\/blog\/wp-json\/wp\/v2\/posts\/34983\/revisions"}],"wp:attachment":[{"href":"https:\/\/www.visit-ulcinj.com\/blog\/wp-json\/wp\/v2\/media?parent=34983"}],"wp:term":[{"taxonomy":"category","embeddable":true,"href":"https:\/\/www.visit-ulcinj.com\/blog\/wp-json\/wp\/v2\/categories?post=34983"},{"taxonomy":"post_tag","embeddable":true,"href":"https:\/\/www.visit-ulcinj.com\/blog\/wp-json\/wp\/v2\/tags?post=34983"}],"curies":[{"name":"wp","href":"https:\/\/api.w.org\/{rel}","templated":true}]}}