{"id":34989,"date":"2010-06-25T23:53:37","date_gmt":"2010-06-25T21:53:37","guid":{"rendered":"http:\/\/www.visit-ulcinj.com\/blog\/?p=34989"},"modified":"2010-06-25T23:53:37","modified_gmt":"2010-06-25T21:53:37","slug":"shaban-peraj-asgje-e-re","status":"publish","type":"post","link":"https:\/\/www.visit-ulcinj.com\/blog\/2010\/06\/25\/shaban-peraj-asgje-e-re\/","title":{"rendered":"Shaban Peraj: Asgj\u00eb e re"},"content":{"rendered":"<p><img loading=\"lazy\" class=\"alignleft size-full wp-image-34990\" title=\"Reforma pol\u00edtike ne Mal te zi\" src=\"http:\/\/www.visit-ulcinj.com\/blog\/wp-content\/uploads\/2010\/06\/Reforma-pol\u00edtike-ne-Mal-te-zi.jpg\" alt=\"Reforma pol\u00edtike ne Mal te zi\" width=\"490\" height=\"390\" \/>Shkuan dy dekada q\u00eb nga fillimi i pluralizmit n\u00eb territoret e banuar me shumic\u00eb shqiptare k\u00ebtu n\u00eb Mal \u00eb Zi dhe provuam qeverisje lokale pothuajse nga t\u00eb gjith\u00eb subjektet politike nga ku secili prej tyre ka dalur me vot\u00ebn e komunitetit t\u00eb ktuesh\u00ebm, por q\u00eb rrethanat dhe kushtet kan\u00eb qen\u00eb t\u00eb ndryshme, gj\u00eb q\u00eb detyrimisht ndryshe edhe duhet vler\u00ebsuar kontributet e tyre. N\u00ebse p\u00ebr k\u00ebt\u00eb periudh\u00eb analizojm\u00eb pun\u00ebt dhe t\u00eb arriturat e tyre, duket se vler\u00ebsimi i p\u00ebrgjithsh\u00ebm i tyre nuk ka vend p\u00ebr justifikime t\u00eb atyre politikan\u00ebve profesionist\u00eb q\u00eb tashm\u00eb kan\u00eb mbetur n\u00eb kap\u00ebrcyll, pa l\u00ebvizur edhe nj\u00eb hap p\u00ebrpara nga periudha e viteve t\u00eb \u201990-ta. P\u00ebr k\u00ebt\u00eb nuk ka nevoj\u00eb t\u00eb b\u00ebhen krahasime nd\u00ebr vite , apo gjat\u00eb mandateve q\u00eb kan\u00eb ushtruar pushtetin lokal, pasi kjo periudh\u00eb nuk u ka ofruar shansin p\u00ebr t\u00eb qen\u00eb krenar\u00eb br\u00ebnda k\u00ebtyre dy dekadave. Shansi ishte, ai u \u00ebsht\u00eb ofruar pik\u00ebrisht me largimin e komunizmit, ate nuk dit\u00ebn ta shfryt\u00ebzojn\u00eb dhe p\u00ebr k\u00ebt\u00eb nuk kan\u00eb pse t\u2019na mbajn\u00eb moralizime ata q\u00eb nj\u00ebher\u00eb u duken si demokrat\u00eb e q\u00eb pastaj koha d\u00ebshmoi se t\u00eb nj\u00ebjtit sjellin syt\u00eb rreth e rrotull p\u00ebr t\u00eb gjetur fajtor\u00ebt, por asnj\u00ebher\u00eb p\u00ebr t\u00eb pranuar fajin tek vetja e p\u00ebr t\u00eb gjetur koh\u00eb s\u00eb paku burr\u00ebrisht t\u00eb panojn\u00eb se nuk ishin n\u00eb sh\u00ebrbim t\u00eb votuesve, pra nuk arrit\u00ebn t\u00eb gjenin vetvet\u00ebn. Dhe k\u00ebta t\u00eb mos i g\u00ebnjejn\u00eb mendja se mund t\u2019u pin\u00eb uj\u00eb shkaqet q\u00eb gjejn\u00eb rrotull vet\u00ebs, p\u00ebr \u201cfashiz\u00ebm\u201d, p\u00ebr \u201ctradhtar\u00eb t\u00eb shekullit\u201d si\u00e7 pretendojn\u00eb e k\u00ebrc\u00ebnojn\u00eb t\u00eb tjer\u00ebt, por t\u00eb pranojn\u00eb se gjith\u00eb t\u00eb k\u00ebqijat jan\u00eb aty, br\u00ebnda tyre, dhe nuk ka nevoj\u00eb t\u00eb d\u00ebgjojm\u00eb refrene prej tyre, n\u00eb zyra, n\u00eb tavolina, n\u00eb emisione televizive, me shok p\u00ebr t\u00eb gjetur \u201cfashist\u00ebt\u201d, \u201ctradhtar\u00ebt\u201d, nga ku p\u00ebr t\u00eb sat\u00ebn her\u00eb mundohemi t\u2019u themi tro\u00e7\u00a0 se ata element\u00eb i kan\u00eb aty n\u00eb mesin e tyre e jo t\u00eb etiketohen t\u00eb tjer\u00ebt, dhe p\u00ebr pseudointelektualiz\u00ebm falls t\u00eb tyre mundohen t\u2019i mbrojn\u00eb gj\u00ebrat, problemet shqiptare n\u00eb Mal t\u00eb Zi t\u2019i mbajn\u00eb n\u00eb status quo. K\u00ebtu gjithmon\u00eb krer\u00ebt e politik\u00ebs shqiptare premtuan se do t\u00eb punojn\u00eb mir\u00eb n\u00eb interes t\u00eb komunitetit t\u00eb ktuesh\u00ebm, do t\u00eb punojn\u00eb mir\u00eb p\u00ebr ta, p\u00ebr vete, dhe \u00e7ka \u00ebsht\u00eb me r\u00ebnd\u00ebsi p\u00ebr problemet mbar\u00ebshqiptare. Tani k\u00ebtu ka nj\u00eb problem dhe ai nuk \u00ebsht\u00eb i vog\u00ebl, i vog\u00ebl ndoshta u duket prij\u00ebsve shqiptar\u00eb t\u00eb bindur ata vet\u00eb se kan\u00eb hy n\u00eb piramid\u00ebn politike mbar\u00ebshqiptare, po edhe m\u00eb gj\u00ebr\u00eb, n\u00eb rastin konkret nuk d\u00ebshmuan se jan\u00eb t\u00eb till\u00eb, p\u00ebrkundrazi, d\u00ebshmuan dhe po d\u00ebshmojn\u00eb se kan\u00eb mbetur n\u00eb rrethe t\u00eb ngushta, n\u00ebse jo p\u00ebr di\u00e7ka m\u00eb shum\u00eb, at\u00ebher\u00eb p\u00ebr mosveprim, p\u00ebr mosvizion\u00a0 dhe pa plane afatgjate karshi atyre pak votuesve q\u00eb u kan\u00eb mbetur.<\/p>\n<p>N\u00eb shkrimet tona kemi theksuar sa e sa her\u00eb se sht\u00ebpia nuk nd\u00ebrtohet nga kulmi, por nga themeli, dhe k\u00ebta t\u00eb nj\u00ebjtit sikur nuk e kuptojn\u00eb, apo nuk duan ta kuptojn\u00eb p\u00ebr rehati t\u00eb vet\u00ebs se gjithnj\u00eb vazhdojn\u00eb me avazin e vjet\u00ebr. Kur u vjen puna p\u00ebr t\u00eb arsyetuar veprimet e veta (n\u00ebse i shohin ndonj\u00ebher\u00eb) vazhdojn\u00eb t\u00eb akuzojn\u00eb k\u00ebt\u00eb e at\u00eb, se n\u00eb filan terrenin jan\u00eb b\u00ebr\u00eb veprime \u201cfashiste\u201d(fjal\u00eb e tyre), apo \u201cti dhe ai keni tradhtuar konceptet komb\u00ebtare e do t\u00eb sh\u00ebnoheni n\u00eb histori p\u00ebr tradh\u00ebti\u201d! K\u00ebta zot\u00ebrij\u00eb nuk duan t\u2019ia din\u00eb fare se kush b\u00ebri tradh\u00ebti, kush nuk zgjodhi mjete p\u00ebr t\u00eb qendruar n\u00eb hierarkin\u00eb politike shqiptare, dhe m\u00eb n\u00eb fund kush devijoj programet politike, statutin partiak po edhe marr\u00ebveshjet shoq\u00ebrore, dhe k\u00ebt\u00eb jo p\u00ebr t\u00eb ndihmuar t\u00eb tjer\u00ebt, thjesht\u00eb p\u00ebr vete dhe asgj\u00eb m\u00eb shum\u00eb.\u00a0 S\u00eb paku sot n\u00eb demokraci nuk mund t\u00eb l\u00ebvdohet askush, sidomos jo ai q\u00eb nuk ka arritur rezultate, se duhet mbajtur politik\u00ebn n\u00eb qaf\u00eb atyre q\u00eb u besuan, atyre q\u00eb ishin e jan\u00eb t\u00eb sinqert\u00eb e q\u00eb p\u00ebr hat\u00ebr t\u00eb dikujt flijuan vet\u00ebn, flijuan familjet p\u00ebr t\u00eb qen\u00eb besnik jo t\u00eb liderit, por t\u00eb idealeve komb\u00ebtare (varet kush si i kupton). Toni Bler n\u00eb nj\u00eb rast pat th\u00ebn\u00eb: \u201cNj\u00eb parti q\u00eb nuk reformohet, nuk ka t\u00eb ardhme\u201d. K\u00ebshtu ndodh edhe n\u00eb hap\u00ebsirat shqiptare, k\u00ebshtu edhe me Lidhjen Demokratike n\u00eb Mal t\u00eb Zi, parti p\u00ebr t\u00eb cil\u00ebn nuk ia vlen\u00eb t\u00eb thuhen m\u00eb fjal\u00eb, p\u00ebr te flasin rezultatet, dhe nuk ka pse t\u00eb shqet\u00ebsohet edhe aq kryetari i paz\u00ebvend\u00ebsuesh\u00ebm i k\u00ebtij subjekti politik, Mehmet Bardhi p\u00ebr ata q\u00eb sipas tij jan\u00eb \u201cfashista\u201d, \u201ctradh\u00ebtar\u00eb t\u00eb shekullit\u201d, p\u00ebr \u00e7ka si duket ka humbur busoll\u00ebn dhe nuk don t\u00eb gjej\u00eb, apo nuk di t\u00eb gjej\u00eb fajtor\u00ebt q\u00eb i ka br\u00ebnda vet\u00ebs, n\u00eb natyr\u00ebn e tij, n\u00eb konceptet e organizimit partiak, dhe kjo i qoft\u00eb p\u00ebr hajr q\u00eb sadopak dha kontributin n\u00eb konzervimin e k\u00ebtij subjekti politik (d\u00ebshmi rezultatet). Ky dhe askush tjet\u00ebr do t\u00eb mbetet p\u00ebrgjegj\u00ebs p\u00ebr fatin e k\u00ebtij subjekti politik i p\u00ebrqafuar n\u00eb fillim si nj\u00eb l\u00ebvizje e t\u00eb gjith\u00ebve me bindje se k\u00ebtu do t\u00eb ket\u00eb demokraci t\u00eb mir\u00ebfillt\u00eb, respektim t\u00eb individit e shoq\u00ebris\u00eb p\u00ebr \u00e7ka u d\u00ebshmua si nj\u00eb moderator mjaft i keq i asaj p\u00ebr t\u00eb cil\u00ebn nisi l\u00ebvizja e cila nuk u formua n\u00eb Tuz, m\u00eb 9 shtator 1990, por n\u00eb sht\u00ebpin\u00eb private t\u00eb z. Muho Kurti, n\u00eb Kodra t\u00eb Ulqinit (p\u00ebr k\u00ebt\u00eb ka d\u00ebshmi, themeluesit jan\u00eb gjall\u00eb).<\/p>\n<p>Edhe subjekti i dyt\u00eb politik, ai i Unionit Demokratik t\u00eb Shqiptar\u00ebve n\u00eb Mal t\u00eb Zi vazhdon me avaz t\u00eb nj\u00ebjt\u00eb, jo p\u00ebr t\u00eb mir\u00ebn e komunitetit, thjesht\u00eb p\u00ebr karrier\u00eb t\u00eb atyre q\u00eb pretendojn\u00eb se kan\u00eb merita q\u00eb m\u00eb n\u00eb fund l\u00ebviz\u00ebn di\u00e7ka nga baza, ishin nj\u00eb \u00e7ik\u00eb m\u00eb liberal e q\u00eb n\u00eb struktur\u00eb jan\u00eb ata q\u00eb dol\u00ebn nga subjekti i par\u00eb politik, jo se u d\u00ebshmuan m\u00eb vizionar\u00eb, por thjesht\u00eb duke par\u00eb privilegjat q\u00eb mbante subjekti i par\u00eb, shfryt\u00ebzuan rastin m\u00eb t\u00eb mir\u00eb p\u00ebr t\u00eb dal\u00eb n\u00eb sken\u00ebn politike, gj\u00eb q\u00eb edhe m\u00eb shum\u00eb thelloi kriz\u00ebn, thelloi hendek n\u00eb mes t\u00eb shqiptar\u00ebve k\u00ebtu n\u00eb Mal t\u00eb Zi, p\u00ebr \u00e7ka nuk mund t\u00eb merret me mend se sa d\u00ebm politik, ekonomik e kulturor\u00a0 i soll\u00ebn popullat\u00ebs s\u00eb ktueshme. Edhe k\u00ebta nuk kan\u00eb pse t\u00eb l\u00ebvd\u00ebrohen shum\u00eb, s\u00eb shpejti do t\u00eb plas\u00eb sherri br\u00ebnda k\u00ebtij subjekti politik, kupa \u00ebsht\u00eb mbushur, dhe nga ajo q\u00eb d\u00ebgjojm\u00eb jozyrtarisht shihet se elita e k\u00ebtij subjekti politik po shfron\u00ebson vetvet\u00ebn. Me k\u00ebta \u00ebsht\u00eb evidente se po manipulon dikush , po i detyron ata t\u00eb zhveshin lakuriq vlerat komb\u00ebtare, dinjitetin e shqiptar\u00ebve pa menduar fare p\u00ebr pasojat q\u00eb do u l\u00ebjn\u00eb brezave t\u00eb ardhsh\u00ebm. As z. Ferhat Dinosha, po edhe ndonj\u00ebri nga k\u00ebta q\u00eb pretendojn\u00eb se jan\u00eb politikan\u00eb br\u00ebnda UDSH-s\u00eb nuk mund t\u00eb shpresojn\u00eb se kan\u00eb kryer detyrat e veta sipas k\u00ebrkesave t\u00eb mas\u00ebs, ndaj e kan\u00eb p\u00ebrfunduar misionin e tyre. Dikur pretenduan se po punojn\u00eb p\u00ebr vendin, sot po d\u00ebshmojn\u00eb se po punojn\u00eb p\u00ebr vete , dhe sa her\u00eb u drejtohen kritika merren me merita t\u00eb s\u00eb kaluar\u00ebs a thua se populli jeton dje, e jo sot. Kjo merit\u00eb t\u00eb cil\u00ebn mendojn\u00eb t\u2019ia p\u00ebrshkruajn\u00eb vet\u00ebs \u00ebsht\u00eb m\u00eb tep\u00ebr se nj\u00eb demagogji e atyre q\u00eb pretendojn\u00eb se jan\u00eb parti e par\u00eb shqiptare n\u00eb Mal t\u00eb Zi, gj\u00eb q\u00eb nuk p\u00ebrkon me realitetin pasi tash e dy mandate si t\u00eb par\u00eb jan\u00eb bashk\u00eb me p\u00ebrfaq\u00ebsuesit e partis\u00eb n\u00eb pushtet. Pra, partit\u00eb tona nuk kan\u00eb potencial p\u00eb t\u00eb diskutuar haptas p\u00ebr problemet e popullit, p\u00ebr problemet e krjuara br\u00ebnda k\u00ebtyre 20 vjetve, ndaj edhe veprojn\u00eb nga rasti n\u00eb rast p\u00ebr t\u00eb mbuluar vendet q\u00eb nuk u takojn\u00eb, ose nuk kan\u00eb kurajo p\u00ebr t\u00eb d\u00ebrguar njer\u00ebz t\u00eb aft\u00eb n\u00ebse vet nuk jan\u00eb n\u00eb\u00a0 gjendje t\u00eb kontrollojn\u00eb pun\u00ebn e tyre.<\/p>\n<p><strong>@ zemrashqiptare<\/strong><\/p>\n","protected":false},"excerpt":{"rendered":"<p>Shkuan dy dekada q\u00eb nga fillimi i pluralizmit n\u00eb territoret e banuar me shumic\u00eb shqiptare k\u00ebtu n\u00eb Mal \u00eb Zi dhe provuam qeverisje lokale pothuajse nga t\u00eb gjith\u00eb subjektet politike nga ku secili prej tyre ka dalur me vot\u00ebn e komunitetit t\u00eb ktuesh\u00ebm, por q\u00eb rrethanat dhe kushtet kan\u00eb qen\u00eb t\u00eb ndryshme, gj\u00eb q\u00eb detyrimisht [&hellip;]<\/p>\n","protected":false},"author":1,"featured_media":0,"comment_status":"open","ping_status":"closed","sticky":false,"template":"","format":"standard","meta":{"spay_email":"","jetpack_publicize_message":"","jetpack_is_tweetstorm":false,"jetpack_publicize_feature_enabled":true},"categories":[14249],"tags":[97,347,496,18],"jetpack_publicize_connections":[],"yoast_head":"<!-- This site is optimized with the Yoast SEO plugin v19.1 - https:\/\/yoast.com\/wordpress\/plugins\/seo\/ -->\n<title>Shaban Peraj: Asgj\u00eb e re - Lajme nga Ulqini<\/title>\n<meta name=\"description\" content=\"Shkuan dy dekada q\u00eb nga fillimi i pluralizmit n\u00eb territoret e banuar me shumic\u00eb shqiptare k\u00ebtu n\u00eb Mal \u00eb Zi dhe provuam qeverisje lokale pothuajse nga t\u00eb\" \/>\n<meta name=\"robots\" content=\"index, follow, max-snippet:-1, max-image-preview:large, max-video-preview:-1\" \/>\n<link rel=\"canonical\" href=\"https:\/\/www.visit-ulcinj.com\/blog\/2010\/06\/25\/shaban-peraj-asgje-e-re\/\" \/>\n<meta property=\"og:locale\" content=\"en_US\" \/>\n<meta property=\"og:type\" content=\"article\" \/>\n<meta property=\"og:title\" content=\"Shaban Peraj: Asgj\u00eb e re - Lajme nga Ulqini\" \/>\n<meta property=\"og:description\" content=\"Shkuan dy dekada q\u00eb nga fillimi i pluralizmit n\u00eb territoret e banuar me shumic\u00eb shqiptare k\u00ebtu n\u00eb Mal \u00eb Zi dhe provuam qeverisje lokale pothuajse nga t\u00eb\" \/>\n<meta property=\"og:url\" content=\"https:\/\/www.visit-ulcinj.com\/blog\/2010\/06\/25\/shaban-peraj-asgje-e-re\/\" \/>\n<meta property=\"og:site_name\" content=\"Lajme nga Ulqini\" \/>\n<meta property=\"article:published_time\" content=\"2010-06-25T21:53:37+00:00\" \/>\n<meta name=\"twitter:label1\" content=\"Written by\" \/>\n\t<meta name=\"twitter:data1\" content=\"ulqini\" \/>\n\t<meta name=\"twitter:label2\" content=\"Est. reading time\" \/>\n\t<meta name=\"twitter:data2\" content=\"7 minutes\" \/>\n<script type=\"application\/ld+json\" class=\"yoast-schema-graph\">{\"@context\":\"https:\/\/schema.org\",\"@graph\":[{\"@type\":\"WebSite\",\"@id\":\"https:\/\/www.visit-ulcinj.com\/blog\/#website\",\"url\":\"https:\/\/www.visit-ulcinj.com\/blog\/\",\"name\":\"Lajme nga Ulqini\",\"description\":\"Lajme,Vijesti,Ulqini,Ulqin,Crna Gora,Mali i Zi\",\"potentialAction\":[{\"@type\":\"SearchAction\",\"target\":{\"@type\":\"EntryPoint\",\"urlTemplate\":\"https:\/\/www.visit-ulcinj.com\/blog\/?s={search_term_string}\"},\"query-input\":\"required name=search_term_string\"}],\"inLanguage\":\"en-US\"},{\"@type\":\"WebPage\",\"@id\":\"https:\/\/www.visit-ulcinj.com\/blog\/2010\/06\/25\/shaban-peraj-asgje-e-re\/#webpage\",\"url\":\"https:\/\/www.visit-ulcinj.com\/blog\/2010\/06\/25\/shaban-peraj-asgje-e-re\/\",\"name\":\"Shaban Peraj: Asgj\u00eb e re - Lajme nga Ulqini\",\"isPartOf\":{\"@id\":\"https:\/\/www.visit-ulcinj.com\/blog\/#website\"},\"datePublished\":\"2010-06-25T21:53:37+00:00\",\"dateModified\":\"2010-06-25T21:53:37+00:00\",\"author\":{\"@id\":\"https:\/\/www.visit-ulcinj.com\/blog\/#\/schema\/person\/dcab619c614d3038751c63bc2aadc06d\"},\"description\":\"Shkuan dy dekada q\u00eb nga fillimi i pluralizmit n\u00eb territoret e banuar me shumic\u00eb shqiptare k\u00ebtu n\u00eb Mal \u00eb Zi dhe provuam qeverisje lokale pothuajse nga t\u00eb\",\"breadcrumb\":{\"@id\":\"https:\/\/www.visit-ulcinj.com\/blog\/2010\/06\/25\/shaban-peraj-asgje-e-re\/#breadcrumb\"},\"inLanguage\":\"en-US\",\"potentialAction\":[{\"@type\":\"ReadAction\",\"target\":[\"https:\/\/www.visit-ulcinj.com\/blog\/2010\/06\/25\/shaban-peraj-asgje-e-re\/\"]}]},{\"@type\":\"BreadcrumbList\",\"@id\":\"https:\/\/www.visit-ulcinj.com\/blog\/2010\/06\/25\/shaban-peraj-asgje-e-re\/#breadcrumb\",\"itemListElement\":[{\"@type\":\"ListItem\",\"position\":1,\"name\":\"Shaban Peraj: Asgj\u00eb e re\"}]},{\"@type\":\"Person\",\"@id\":\"https:\/\/www.visit-ulcinj.com\/blog\/#\/schema\/person\/dcab619c614d3038751c63bc2aadc06d\",\"name\":\"ulqini\",\"sameAs\":[\"http:\/\/www.visit-ulcinj.com\"],\"url\":\"https:\/\/www.visit-ulcinj.com\/blog\/author\/admin\/\"}]}<\/script>\n<!-- \/ Yoast SEO plugin. -->","yoast_head_json":{"title":"Shaban Peraj: Asgj\u00eb e re - Lajme nga Ulqini","description":"Shkuan dy dekada q\u00eb nga fillimi i pluralizmit n\u00eb territoret e banuar me shumic\u00eb shqiptare k\u00ebtu n\u00eb Mal \u00eb Zi dhe provuam qeverisje lokale pothuajse nga t\u00eb","robots":{"index":"index","follow":"follow","max-snippet":"max-snippet:-1","max-image-preview":"max-image-preview:large","max-video-preview":"max-video-preview:-1"},"canonical":"https:\/\/www.visit-ulcinj.com\/blog\/2010\/06\/25\/shaban-peraj-asgje-e-re\/","og_locale":"en_US","og_type":"article","og_title":"Shaban Peraj: Asgj\u00eb e re - Lajme nga Ulqini","og_description":"Shkuan dy dekada q\u00eb nga fillimi i pluralizmit n\u00eb territoret e banuar me shumic\u00eb shqiptare k\u00ebtu n\u00eb Mal \u00eb Zi dhe provuam qeverisje lokale pothuajse nga t\u00eb","og_url":"https:\/\/www.visit-ulcinj.com\/blog\/2010\/06\/25\/shaban-peraj-asgje-e-re\/","og_site_name":"Lajme nga Ulqini","article_published_time":"2010-06-25T21:53:37+00:00","twitter_misc":{"Written by":"ulqini","Est. reading time":"7 minutes"},"schema":{"@context":"https:\/\/schema.org","@graph":[{"@type":"WebSite","@id":"https:\/\/www.visit-ulcinj.com\/blog\/#website","url":"https:\/\/www.visit-ulcinj.com\/blog\/","name":"Lajme nga Ulqini","description":"Lajme,Vijesti,Ulqini,Ulqin,Crna Gora,Mali i Zi","potentialAction":[{"@type":"SearchAction","target":{"@type":"EntryPoint","urlTemplate":"https:\/\/www.visit-ulcinj.com\/blog\/?s={search_term_string}"},"query-input":"required name=search_term_string"}],"inLanguage":"en-US"},{"@type":"WebPage","@id":"https:\/\/www.visit-ulcinj.com\/blog\/2010\/06\/25\/shaban-peraj-asgje-e-re\/#webpage","url":"https:\/\/www.visit-ulcinj.com\/blog\/2010\/06\/25\/shaban-peraj-asgje-e-re\/","name":"Shaban Peraj: Asgj\u00eb e re - Lajme nga Ulqini","isPartOf":{"@id":"https:\/\/www.visit-ulcinj.com\/blog\/#website"},"datePublished":"2010-06-25T21:53:37+00:00","dateModified":"2010-06-25T21:53:37+00:00","author":{"@id":"https:\/\/www.visit-ulcinj.com\/blog\/#\/schema\/person\/dcab619c614d3038751c63bc2aadc06d"},"description":"Shkuan dy dekada q\u00eb nga fillimi i pluralizmit n\u00eb territoret e banuar me shumic\u00eb shqiptare k\u00ebtu n\u00eb Mal \u00eb Zi dhe provuam qeverisje lokale pothuajse nga t\u00eb","breadcrumb":{"@id":"https:\/\/www.visit-ulcinj.com\/blog\/2010\/06\/25\/shaban-peraj-asgje-e-re\/#breadcrumb"},"inLanguage":"en-US","potentialAction":[{"@type":"ReadAction","target":["https:\/\/www.visit-ulcinj.com\/blog\/2010\/06\/25\/shaban-peraj-asgje-e-re\/"]}]},{"@type":"BreadcrumbList","@id":"https:\/\/www.visit-ulcinj.com\/blog\/2010\/06\/25\/shaban-peraj-asgje-e-re\/#breadcrumb","itemListElement":[{"@type":"ListItem","position":1,"name":"Shaban Peraj: Asgj\u00eb e re"}]},{"@type":"Person","@id":"https:\/\/www.visit-ulcinj.com\/blog\/#\/schema\/person\/dcab619c614d3038751c63bc2aadc06d","name":"ulqini","sameAs":["http:\/\/www.visit-ulcinj.com"],"url":"https:\/\/www.visit-ulcinj.com\/blog\/author\/admin\/"}]}},"jetpack_featured_media_url":"","jetpack_sharing_enabled":true,"jetpack_shortlink":"https:\/\/wp.me\/pe6lTn-96l","_links":{"self":[{"href":"https:\/\/www.visit-ulcinj.com\/blog\/wp-json\/wp\/v2\/posts\/34989"}],"collection":[{"href":"https:\/\/www.visit-ulcinj.com\/blog\/wp-json\/wp\/v2\/posts"}],"about":[{"href":"https:\/\/www.visit-ulcinj.com\/blog\/wp-json\/wp\/v2\/types\/post"}],"author":[{"embeddable":true,"href":"https:\/\/www.visit-ulcinj.com\/blog\/wp-json\/wp\/v2\/users\/1"}],"replies":[{"embeddable":true,"href":"https:\/\/www.visit-ulcinj.com\/blog\/wp-json\/wp\/v2\/comments?post=34989"}],"version-history":[{"count":0,"href":"https:\/\/www.visit-ulcinj.com\/blog\/wp-json\/wp\/v2\/posts\/34989\/revisions"}],"wp:attachment":[{"href":"https:\/\/www.visit-ulcinj.com\/blog\/wp-json\/wp\/v2\/media?parent=34989"}],"wp:term":[{"taxonomy":"category","embeddable":true,"href":"https:\/\/www.visit-ulcinj.com\/blog\/wp-json\/wp\/v2\/categories?post=34989"},{"taxonomy":"post_tag","embeddable":true,"href":"https:\/\/www.visit-ulcinj.com\/blog\/wp-json\/wp\/v2\/tags?post=34989"}],"curies":[{"name":"wp","href":"https:\/\/api.w.org\/{rel}","templated":true}]}}