{"id":34994,"date":"2010-06-28T09:19:24","date_gmt":"2010-06-28T07:19:24","guid":{"rendered":"http:\/\/www.visit-ulcinj.com\/blog\/?p=34994"},"modified":"2010-06-28T17:28:54","modified_gmt":"2010-06-28T15:28:54","slug":"ulqin-%e2%80%99%e2%80%99ditet-e-biznesit-kosovar-ne-mal-te-zi%e2%80%99%e2%80%99","status":"publish","type":"post","link":"https:\/\/www.visit-ulcinj.com\/blog\/2010\/06\/28\/ulqin-%e2%80%99%e2%80%99ditet-e-biznesit-kosovar-ne-mal-te-zi%e2%80%99%e2%80%99\/","title":{"rendered":"Ulqin: \u2019\u2019Dit\u00ebt e biznesit  kosovar n\u00eb Mal t\u00eb Zi\u2019\u2019"},"content":{"rendered":"<p><a href=\"http:\/\/www.visit-ulcinj.com\/blog\/wp-content\/uploads\/2010\/06\/Aleanca-Kosovare-e-Biznesit.jpg\"><img loading=\"lazy\" class=\"alignleft size-full wp-image-34995\" title=\"Aleanca Kosovare e Biznesit\" src=\"http:\/\/www.visit-ulcinj.com\/blog\/wp-content\/uploads\/2010\/06\/Aleanca-Kosovare-e-Biznesit.jpg\" alt=\"Aleanca Kosovare e Biznesit\" width=\"490\" height=\"320\" srcset=\"https:\/\/www.visit-ulcinj.com\/blog\/wp-content\/uploads\/2010\/06\/Aleanca-Kosovare-e-Biznesit.jpg 490w, https:\/\/www.visit-ulcinj.com\/blog\/wp-content\/uploads\/2010\/06\/Aleanca-Kosovare-e-Biznesit-300x195.jpg 300w\" sizes=\"(max-width: 490px) 100vw, 490px\" \/><\/a>N\u00eb organizim t\u00eb Komun\u00ebs s\u00eb Ulqinit dhe Aleanc\u00ebs Kosovare t\u00eb Biznesit nes\u00ebr n\u00eb or\u00ebn 12.30 n\u00eb Ran\u00eb do t\u00eb hapet panairi i par\u00eb \u2019\u2019Dit\u00ebt e biznesit\u00a0 kosovar n\u00eb Mal t\u00eb Zi\u2019\u2019.<br \/>\nPanairi ka p\u00ebr q\u00ebllim promovimin e prodhuesve vendas t\u00eb Kosov\u00ebs n\u00eb Ulqin, respektivisht Mal t\u00eb Zi dhe rritjes s\u00eb mund\u00ebsive t\u00eb bashk\u00ebpunimit n\u00eb sferat e\u00a0 biznesit.<br \/>\nPritet q\u00eb n\u00eb Panair t\u00eb mb\u00ebrrijn\u00eb rreth 20 p\u00ebrfaq\u00ebsues kompanish kosovare.<br \/>\nN\u00eb kuad\u00ebr t\u00eb k\u00ebtij aktiviteti n\u00eb or\u00ebn 15.00 n\u00eb hotelin Mediteran \u00ebsht\u00eb paralajm\u00ebruar takim nd\u00ebrmjet p\u00ebrfaq\u00ebsuesve t\u00eb biznesit kosovar dhe atyre\u00a0 nga qyteti yn\u00eb dhe n\u00ebnshkrimin i nj\u00eb marr\u00ebveshjeje bashk\u00ebpunimi.<br \/>\nMarr\u00ebveshja do t\u00eb n\u00ebnshkruhet nga kryetari i Komun\u00ebs z. G\u00ebzim Hajdinaga\u00a0\u00a0 dhe z.Agim Shahini, kryetar i Aleanc\u00ebs Kosovare t\u00eb Biznesit.<\/p>\n<p>[flv width=&#8221;490&#8243; height=&#8221;390&#8243;]http:\/\/video.kosovapress.com\/repository\/videos\/250610_akb-konferenca.flv[\/flv]<\/p>\n<p>Me ftes\u00eb t\u00eb kryetarit t\u00eb Komun\u00ebs s\u00eb Ulqinit\u00a0 z.G\u00ebzim Hajdinaga, nes\u00ebr n\u00eb Ulqin do t\u00eb mb\u00ebrrijn\u00eb mbi 40 gazetar\u00eb t\u00eb mediave t\u00eb shkruara dhe elektronike nga Kosova.<br \/>\nViteve t\u00eb fundit vizita e gazetar\u00ebve kosovar\u00eb \u00ebsht\u00eb b\u00ebr\u00eb tradicionale dhe ka p\u00ebr q\u00ebllim q\u00eb ata m\u00eb p\u00ebrs\u00ebaf\u00ebrmi t\u00eb njoftohen me p\u00ebrgatitjet q\u00eb jan\u00eb b\u00ebr\u00eb p\u00ebr sezonin turistik<br \/>\nGjat\u00eb tre dit\u00ebve t\u00eb q\u00ebndrimit t\u00eb tyre n\u00eb Ulqin \u00ebsht\u00eb p\u00ebrgatitur nj\u00eb program i detajuar q\u00eb p\u00ebrfshin takime dhe vizita t\u00eb ndryshme.<br \/>\nKrahas gazetar\u00ebve nga Kosova n\u00eb fillim t\u00eb jav\u00ebs s\u00eb ardh\u00ebshme prit\u00ebn t\u00eb mb\u00ebrrij\u00eb dhe nj\u00eb ekip e televizionit Zakarpatia t\u00eb Uzhgorodit nga Ukraina dhe nj\u00eb ekip nga Bosnja dhe Hercegovina.<br \/>\nE t\u00ebr\u00eb kjo b\u00ebhet me q\u00ebllim t\u00eb prezantimit dhe begatimit t\u00eb ofert\u00ebs turistike t\u00eb k\u00ebtij viti.<br \/>\n<strong><br \/>\nMunicipality of Ulcinj \/ Ulqin<br \/>\nArsllan Hajdinaga<\/strong><\/p>\n","protected":false},"excerpt":{"rendered":"<p>N\u00eb organizim t\u00eb Komun\u00ebs s\u00eb Ulqinit dhe Aleanc\u00ebs Kosovare t\u00eb Biznesit nes\u00ebr n\u00eb or\u00ebn 12.30 n\u00eb Ran\u00eb do t\u00eb hapet panairi i par\u00eb \u2019\u2019Dit\u00ebt e biznesit\u00a0 kosovar n\u00eb Mal t\u00eb Zi\u2019\u2019. Panairi ka p\u00ebr q\u00ebllim promovimin e prodhuesve vendas t\u00eb Kosov\u00ebs n\u00eb Ulqin, respektivisht Mal t\u00eb Zi dhe rritjes s\u00eb mund\u00ebsive t\u00eb bashk\u00ebpunimit n\u00eb sferat [&hellip;]<\/p>\n","protected":false},"author":1,"featured_media":0,"comment_status":"open","ping_status":"closed","sticky":false,"template":"","format":"standard","meta":{"spay_email":"","jetpack_publicize_message":"","jetpack_is_tweetstorm":false,"jetpack_publicize_feature_enabled":true},"categories":[1],"tags":[14614,95,200,18],"jetpack_publicize_connections":[],"yoast_head":"<!-- This site is optimized with the Yoast SEO plugin v19.1 - https:\/\/yoast.com\/wordpress\/plugins\/seo\/ -->\n<title>Ulqin: \u2019\u2019Dit\u00ebt e biznesit kosovar n\u00eb Mal t\u00eb Zi\u2019\u2019 - Lajme nga Ulqini<\/title>\n<meta name=\"description\" content=\"N\u00eb organizim t\u00eb Komun\u00ebs s\u00eb Ulqinit dhe Aleanc\u00ebs Kosovare t\u00eb Biznesit nes\u00ebr n\u00eb or\u00ebn 12.30 n\u00eb Ran\u00eb do t\u00eb hapet panairi i par\u00eb \u2019\u2019Dit\u00ebt e biznesit\u00a0 kosovar n\u00eb\" \/>\n<meta name=\"robots\" content=\"index, follow, max-snippet:-1, max-image-preview:large, max-video-preview:-1\" \/>\n<link rel=\"canonical\" href=\"https:\/\/www.visit-ulcinj.com\/blog\/2010\/06\/28\/ulqin-\u2019\u2019ditet-e-biznesit-kosovar-ne-mal-te-zi\u2019\u2019\/\" \/>\n<meta property=\"og:locale\" content=\"en_US\" \/>\n<meta property=\"og:type\" content=\"article\" \/>\n<meta property=\"og:title\" content=\"Ulqin: \u2019\u2019Dit\u00ebt e biznesit kosovar n\u00eb Mal t\u00eb Zi\u2019\u2019 - Lajme nga Ulqini\" \/>\n<meta property=\"og:description\" content=\"N\u00eb organizim t\u00eb Komun\u00ebs s\u00eb Ulqinit dhe Aleanc\u00ebs Kosovare t\u00eb Biznesit nes\u00ebr n\u00eb or\u00ebn 12.30 n\u00eb Ran\u00eb do t\u00eb hapet panairi i par\u00eb \u2019\u2019Dit\u00ebt e biznesit\u00a0 kosovar n\u00eb\" \/>\n<meta property=\"og:url\" content=\"https:\/\/www.visit-ulcinj.com\/blog\/2010\/06\/28\/ulqin-\u2019\u2019ditet-e-biznesit-kosovar-ne-mal-te-zi\u2019\u2019\/\" \/>\n<meta property=\"og:site_name\" content=\"Lajme nga Ulqini\" \/>\n<meta property=\"article:published_time\" content=\"2010-06-28T07:19:24+00:00\" \/>\n<meta property=\"article:modified_time\" content=\"2010-06-28T15:28:54+00:00\" \/>\n<meta property=\"og:image\" content=\"http:\/\/www.visit-ulcinj.com\/blog\/wp-content\/uploads\/2010\/06\/Aleanca-Kosovare-e-Biznesit.jpg\" \/>\n<meta name=\"twitter:label1\" content=\"Written by\" \/>\n\t<meta name=\"twitter:data1\" content=\"ulqini\" \/>\n\t<meta name=\"twitter:label2\" content=\"Est. reading time\" \/>\n\t<meta name=\"twitter:data2\" content=\"2 minutes\" \/>\n<script type=\"application\/ld+json\" class=\"yoast-schema-graph\">{\"@context\":\"https:\/\/schema.org\",\"@graph\":[{\"@type\":\"WebSite\",\"@id\":\"https:\/\/www.visit-ulcinj.com\/blog\/#website\",\"url\":\"https:\/\/www.visit-ulcinj.com\/blog\/\",\"name\":\"Lajme nga Ulqini\",\"description\":\"Lajme,Vijesti,Ulqini,Ulqin,Crna Gora,Mali i Zi\",\"potentialAction\":[{\"@type\":\"SearchAction\",\"target\":{\"@type\":\"EntryPoint\",\"urlTemplate\":\"https:\/\/www.visit-ulcinj.com\/blog\/?s={search_term_string}\"},\"query-input\":\"required name=search_term_string\"}],\"inLanguage\":\"en-US\"},{\"@type\":\"ImageObject\",\"inLanguage\":\"en-US\",\"@id\":\"https:\/\/www.visit-ulcinj.com\/blog\/2010\/06\/28\/ulqin-%e2%80%99%e2%80%99ditet-e-biznesit-kosovar-ne-mal-te-zi%e2%80%99%e2%80%99\/#primaryimage\",\"url\":\"https:\/\/www.visit-ulcinj.com\/blog\/wp-content\/uploads\/2010\/06\/Aleanca-Kosovare-e-Biznesit.jpg\",\"contentUrl\":\"https:\/\/www.visit-ulcinj.com\/blog\/wp-content\/uploads\/2010\/06\/Aleanca-Kosovare-e-Biznesit.jpg\",\"width\":\"490\",\"height\":\"320\"},{\"@type\":\"WebPage\",\"@id\":\"https:\/\/www.visit-ulcinj.com\/blog\/2010\/06\/28\/ulqin-%e2%80%99%e2%80%99ditet-e-biznesit-kosovar-ne-mal-te-zi%e2%80%99%e2%80%99\/#webpage\",\"url\":\"https:\/\/www.visit-ulcinj.com\/blog\/2010\/06\/28\/ulqin-%e2%80%99%e2%80%99ditet-e-biznesit-kosovar-ne-mal-te-zi%e2%80%99%e2%80%99\/\",\"name\":\"Ulqin: \u2019\u2019Dit\u00ebt e biznesit kosovar n\u00eb Mal t\u00eb Zi\u2019\u2019 - Lajme nga Ulqini\",\"isPartOf\":{\"@id\":\"https:\/\/www.visit-ulcinj.com\/blog\/#website\"},\"primaryImageOfPage\":{\"@id\":\"https:\/\/www.visit-ulcinj.com\/blog\/2010\/06\/28\/ulqin-%e2%80%99%e2%80%99ditet-e-biznesit-kosovar-ne-mal-te-zi%e2%80%99%e2%80%99\/#primaryimage\"},\"datePublished\":\"2010-06-28T07:19:24+00:00\",\"dateModified\":\"2010-06-28T15:28:54+00:00\",\"author\":{\"@id\":\"https:\/\/www.visit-ulcinj.com\/blog\/#\/schema\/person\/dcab619c614d3038751c63bc2aadc06d\"},\"description\":\"N\u00eb organizim t\u00eb Komun\u00ebs s\u00eb Ulqinit dhe Aleanc\u00ebs Kosovare t\u00eb Biznesit nes\u00ebr n\u00eb or\u00ebn 12.30 n\u00eb Ran\u00eb do t\u00eb hapet panairi i par\u00eb \u2019\u2019Dit\u00ebt e biznesit\u00a0 kosovar n\u00eb\",\"breadcrumb\":{\"@id\":\"https:\/\/www.visit-ulcinj.com\/blog\/2010\/06\/28\/ulqin-%e2%80%99%e2%80%99ditet-e-biznesit-kosovar-ne-mal-te-zi%e2%80%99%e2%80%99\/#breadcrumb\"},\"inLanguage\":\"en-US\",\"potentialAction\":[{\"@type\":\"ReadAction\",\"target\":[\"https:\/\/www.visit-ulcinj.com\/blog\/2010\/06\/28\/ulqin-%e2%80%99%e2%80%99ditet-e-biznesit-kosovar-ne-mal-te-zi%e2%80%99%e2%80%99\/\"]}]},{\"@type\":\"BreadcrumbList\",\"@id\":\"https:\/\/www.visit-ulcinj.com\/blog\/2010\/06\/28\/ulqin-%e2%80%99%e2%80%99ditet-e-biznesit-kosovar-ne-mal-te-zi%e2%80%99%e2%80%99\/#breadcrumb\",\"itemListElement\":[{\"@type\":\"ListItem\",\"position\":1,\"name\":\"Ulqin: \u2019\u2019Dit\u00ebt e biznesit kosovar n\u00eb Mal t\u00eb Zi\u2019\u2019\"}]},{\"@type\":\"Person\",\"@id\":\"https:\/\/www.visit-ulcinj.com\/blog\/#\/schema\/person\/dcab619c614d3038751c63bc2aadc06d\",\"name\":\"ulqini\",\"sameAs\":[\"http:\/\/www.visit-ulcinj.com\"],\"url\":\"https:\/\/www.visit-ulcinj.com\/blog\/author\/admin\/\"}]}<\/script>\n<!-- \/ Yoast SEO plugin. -->","yoast_head_json":{"title":"Ulqin: \u2019\u2019Dit\u00ebt e biznesit kosovar n\u00eb Mal t\u00eb Zi\u2019\u2019 - Lajme nga Ulqini","description":"N\u00eb organizim t\u00eb Komun\u00ebs s\u00eb Ulqinit dhe Aleanc\u00ebs Kosovare t\u00eb Biznesit nes\u00ebr n\u00eb or\u00ebn 12.30 n\u00eb Ran\u00eb do t\u00eb hapet panairi i par\u00eb \u2019\u2019Dit\u00ebt e biznesit\u00a0 kosovar n\u00eb","robots":{"index":"index","follow":"follow","max-snippet":"max-snippet:-1","max-image-preview":"max-image-preview:large","max-video-preview":"max-video-preview:-1"},"canonical":"https:\/\/www.visit-ulcinj.com\/blog\/2010\/06\/28\/ulqin-\u2019\u2019ditet-e-biznesit-kosovar-ne-mal-te-zi\u2019\u2019\/","og_locale":"en_US","og_type":"article","og_title":"Ulqin: \u2019\u2019Dit\u00ebt e biznesit kosovar n\u00eb Mal t\u00eb Zi\u2019\u2019 - Lajme nga Ulqini","og_description":"N\u00eb organizim t\u00eb Komun\u00ebs s\u00eb Ulqinit dhe Aleanc\u00ebs Kosovare t\u00eb Biznesit nes\u00ebr n\u00eb or\u00ebn 12.30 n\u00eb Ran\u00eb do t\u00eb hapet panairi i par\u00eb \u2019\u2019Dit\u00ebt e biznesit\u00a0 kosovar n\u00eb","og_url":"https:\/\/www.visit-ulcinj.com\/blog\/2010\/06\/28\/ulqin-\u2019\u2019ditet-e-biznesit-kosovar-ne-mal-te-zi\u2019\u2019\/","og_site_name":"Lajme nga Ulqini","article_published_time":"2010-06-28T07:19:24+00:00","article_modified_time":"2010-06-28T15:28:54+00:00","og_image":[{"url":"http:\/\/www.visit-ulcinj.com\/blog\/wp-content\/uploads\/2010\/06\/Aleanca-Kosovare-e-Biznesit.jpg"}],"twitter_misc":{"Written by":"ulqini","Est. reading time":"2 minutes"},"schema":{"@context":"https:\/\/schema.org","@graph":[{"@type":"WebSite","@id":"https:\/\/www.visit-ulcinj.com\/blog\/#website","url":"https:\/\/www.visit-ulcinj.com\/blog\/","name":"Lajme nga Ulqini","description":"Lajme,Vijesti,Ulqini,Ulqin,Crna Gora,Mali i Zi","potentialAction":[{"@type":"SearchAction","target":{"@type":"EntryPoint","urlTemplate":"https:\/\/www.visit-ulcinj.com\/blog\/?s={search_term_string}"},"query-input":"required name=search_term_string"}],"inLanguage":"en-US"},{"@type":"ImageObject","inLanguage":"en-US","@id":"https:\/\/www.visit-ulcinj.com\/blog\/2010\/06\/28\/ulqin-%e2%80%99%e2%80%99ditet-e-biznesit-kosovar-ne-mal-te-zi%e2%80%99%e2%80%99\/#primaryimage","url":"https:\/\/www.visit-ulcinj.com\/blog\/wp-content\/uploads\/2010\/06\/Aleanca-Kosovare-e-Biznesit.jpg","contentUrl":"https:\/\/www.visit-ulcinj.com\/blog\/wp-content\/uploads\/2010\/06\/Aleanca-Kosovare-e-Biznesit.jpg","width":"490","height":"320"},{"@type":"WebPage","@id":"https:\/\/www.visit-ulcinj.com\/blog\/2010\/06\/28\/ulqin-%e2%80%99%e2%80%99ditet-e-biznesit-kosovar-ne-mal-te-zi%e2%80%99%e2%80%99\/#webpage","url":"https:\/\/www.visit-ulcinj.com\/blog\/2010\/06\/28\/ulqin-%e2%80%99%e2%80%99ditet-e-biznesit-kosovar-ne-mal-te-zi%e2%80%99%e2%80%99\/","name":"Ulqin: \u2019\u2019Dit\u00ebt e biznesit kosovar n\u00eb Mal t\u00eb Zi\u2019\u2019 - Lajme nga Ulqini","isPartOf":{"@id":"https:\/\/www.visit-ulcinj.com\/blog\/#website"},"primaryImageOfPage":{"@id":"https:\/\/www.visit-ulcinj.com\/blog\/2010\/06\/28\/ulqin-%e2%80%99%e2%80%99ditet-e-biznesit-kosovar-ne-mal-te-zi%e2%80%99%e2%80%99\/#primaryimage"},"datePublished":"2010-06-28T07:19:24+00:00","dateModified":"2010-06-28T15:28:54+00:00","author":{"@id":"https:\/\/www.visit-ulcinj.com\/blog\/#\/schema\/person\/dcab619c614d3038751c63bc2aadc06d"},"description":"N\u00eb organizim t\u00eb Komun\u00ebs s\u00eb Ulqinit dhe Aleanc\u00ebs Kosovare t\u00eb Biznesit nes\u00ebr n\u00eb or\u00ebn 12.30 n\u00eb Ran\u00eb do t\u00eb hapet panairi i par\u00eb \u2019\u2019Dit\u00ebt e biznesit\u00a0 kosovar n\u00eb","breadcrumb":{"@id":"https:\/\/www.visit-ulcinj.com\/blog\/2010\/06\/28\/ulqin-%e2%80%99%e2%80%99ditet-e-biznesit-kosovar-ne-mal-te-zi%e2%80%99%e2%80%99\/#breadcrumb"},"inLanguage":"en-US","potentialAction":[{"@type":"ReadAction","target":["https:\/\/www.visit-ulcinj.com\/blog\/2010\/06\/28\/ulqin-%e2%80%99%e2%80%99ditet-e-biznesit-kosovar-ne-mal-te-zi%e2%80%99%e2%80%99\/"]}]},{"@type":"BreadcrumbList","@id":"https:\/\/www.visit-ulcinj.com\/blog\/2010\/06\/28\/ulqin-%e2%80%99%e2%80%99ditet-e-biznesit-kosovar-ne-mal-te-zi%e2%80%99%e2%80%99\/#breadcrumb","itemListElement":[{"@type":"ListItem","position":1,"name":"Ulqin: \u2019\u2019Dit\u00ebt e biznesit kosovar n\u00eb Mal t\u00eb Zi\u2019\u2019"}]},{"@type":"Person","@id":"https:\/\/www.visit-ulcinj.com\/blog\/#\/schema\/person\/dcab619c614d3038751c63bc2aadc06d","name":"ulqini","sameAs":["http:\/\/www.visit-ulcinj.com"],"url":"https:\/\/www.visit-ulcinj.com\/blog\/author\/admin\/"}]}},"jetpack_featured_media_url":"","jetpack_sharing_enabled":true,"jetpack_shortlink":"https:\/\/wp.me\/pe6lTn-96q","_links":{"self":[{"href":"https:\/\/www.visit-ulcinj.com\/blog\/wp-json\/wp\/v2\/posts\/34994"}],"collection":[{"href":"https:\/\/www.visit-ulcinj.com\/blog\/wp-json\/wp\/v2\/posts"}],"about":[{"href":"https:\/\/www.visit-ulcinj.com\/blog\/wp-json\/wp\/v2\/types\/post"}],"author":[{"embeddable":true,"href":"https:\/\/www.visit-ulcinj.com\/blog\/wp-json\/wp\/v2\/users\/1"}],"replies":[{"embeddable":true,"href":"https:\/\/www.visit-ulcinj.com\/blog\/wp-json\/wp\/v2\/comments?post=34994"}],"version-history":[{"count":0,"href":"https:\/\/www.visit-ulcinj.com\/blog\/wp-json\/wp\/v2\/posts\/34994\/revisions"}],"wp:attachment":[{"href":"https:\/\/www.visit-ulcinj.com\/blog\/wp-json\/wp\/v2\/media?parent=34994"}],"wp:term":[{"taxonomy":"category","embeddable":true,"href":"https:\/\/www.visit-ulcinj.com\/blog\/wp-json\/wp\/v2\/categories?post=34994"},{"taxonomy":"post_tag","embeddable":true,"href":"https:\/\/www.visit-ulcinj.com\/blog\/wp-json\/wp\/v2\/tags?post=34994"}],"curies":[{"name":"wp","href":"https:\/\/api.w.org\/{rel}","templated":true}]}}