{"id":35016,"date":"2010-06-29T19:14:49","date_gmt":"2010-06-29T17:14:49","guid":{"rendered":"http:\/\/www.visit-ulcinj.com\/blog\/?p=35016"},"modified":"2010-06-29T19:14:49","modified_gmt":"2010-06-29T17:14:49","slug":"18-muaj-afati-per-ndertim-te-ures-te-port-milenes-video","status":"publish","type":"post","link":"https:\/\/www.visit-ulcinj.com\/blog\/2010\/06\/29\/18-muaj-afati-per-ndertim-te-ures-te-port-milenes-video\/","title":{"rendered":"18 muaj afati p\u00ebr nd\u00ebrtim t\u00eb ur\u00ebs t\u00eb Port Milen\u00ebs &#8211; Video"},"content":{"rendered":"<p><a href=\"http:\/\/www.visit-ulcinj.com\/blog\/wp-content\/uploads\/2009\/08\/Rasklopni-most-na-Port-Mileni.211.jpg\"><img loading=\"lazy\" class=\"alignleft size-full wp-image-24542\" title=\"Rasklopni most na Port Mileni.21\" src=\"http:\/\/www.visit-ulcinj.com\/blog\/wp-content\/uploads\/2009\/08\/Rasklopni-most-na-Port-Mileni.211.jpg\" alt=\"Rasklopni most na Port Mileni.21\" width=\"490\" height=\"390\" \/><\/a>Ulqin &#8211; Drejtori i Drejtorise per Komunikacion, Veselin\u00a0Grboviq, dhe kryetari i keshillit drejtues te kompanise sllovene\u00a0\u201cPrimorje\u201d, Dushan Crnigoj, nenshkruan te enjten kontraten per\u00a0kryerjen e punimeve te ndertimit te Ures se Port Milenes.\u00a0Kompania \u201cPrimorje\u201d eshte perzgjedhur per ndertimin e ures\u00a0mbi kanalin Port Milena ne tenderin i cili eshte shpallur ne\u00a0muajin mars. Kjo kompani ka ofruar cmimin me te ulet prej\u00a013.9 milione euro per ndertimin e ures me gjatesi prej 570\u00a0metrash. Kompania \u201cPrimorje\u201d nga Ajdovshcina ne Mal te Zi\u00a0eshte e njohur per ndertimin e ures Milenium dhe tunelit\u00a0Sozina.\u00a0Ndertimi i ures se Port Milenes do te lidhe bulevardin \u201cTeuta\u201d\u00a0me rrugen qe te con ne Ade dhe do te ndikoje ne lehtesimin e\u00a0qarkullimit rrugor ne kete aks, sidomos gjate sezonit veror. Kjo\u00a0ure njekohesisht do te ndikoje ne valorizimin e Plazhit te Madh.\u00a0Ura eshte projektuar nga firma DB \u201cInzhenjering\u201d nga\u00a0Beogradi. Gjatesia e pergjithshme e ures do te jete 20.30 metra.\u00a0Ura do te kete kater korsi, nga dy ne te dy kahjet, me gjeresi prej\u00a03.25 metra, pjesen ndarese prej dy metrash dhe trotuaret ne te\u00a0dy anet me gjeresi prej 2.65 metrash. Me qellim te kalimit te\u00a0mjeteve lundruese te larta, ura eshte parashikuar te kete\u00a0mekanizmin levizes ne gjeresi prej 50 metrash.\u00a0Ne tenderin per ndertimin e ures se Port Milenes kane marre\u00a0pjese shtate kompani, ku ajo e firmes sllovene \u201cPrimorje\u201d eshte\u00a0vleresuar me e mira. Afati per kryerjen e punimeve eshte 18\u00a0muaj.<\/p>\n<p><strong>(Kohapress)<br \/>\n<!--YouTube Error: bad URL entered--><\/strong><\/p>\n","protected":false},"excerpt":{"rendered":"<p>Ulqin &#8211; Drejtori i Drejtorise per Komunikacion, Veselin\u00a0Grboviq, dhe kryetari i keshillit drejtues te kompanise sllovene\u00a0\u201cPrimorje\u201d, Dushan Crnigoj, nenshkruan te enjten kontraten per\u00a0kryerjen e punimeve te ndertimit te Ures se Port Milenes.\u00a0Kompania \u201cPrimorje\u201d eshte perzgjedhur per ndertimin e ures\u00a0mbi kanalin Port Milena ne tenderin i cili eshte shpallur ne\u00a0muajin mars. Kjo kompani ka ofruar cmimin [&hellip;]<\/p>\n","protected":false},"author":1,"featured_media":0,"comment_status":"open","ping_status":"closed","sticky":false,"template":"","format":"standard","meta":{"spay_email":"","jetpack_publicize_message":"","jetpack_is_tweetstorm":false,"jetpack_publicize_feature_enabled":true},"categories":[12],"tags":[200,18,2210],"jetpack_publicize_connections":[],"yoast_head":"<!-- This site is optimized with the Yoast SEO plugin v19.1 - https:\/\/yoast.com\/wordpress\/plugins\/seo\/ -->\n<title>18 muaj afati p\u00ebr nd\u00ebrtim t\u00eb ur\u00ebs t\u00eb Port Milen\u00ebs - Video - Lajme nga Ulqini<\/title>\n<meta name=\"description\" content=\"Ulqin - Drejtori i Drejtorise per Komunikacion, Veselin\u00a0Grboviq, dhe kryetari i keshillit drejtues te kompanise sllovene\u00a0\u201cPrimorje\u201d, Dushan Crnigoj,\" \/>\n<meta name=\"robots\" content=\"index, follow, max-snippet:-1, max-image-preview:large, max-video-preview:-1\" \/>\n<link rel=\"canonical\" href=\"https:\/\/www.visit-ulcinj.com\/blog\/2010\/06\/29\/18-muaj-afati-per-ndertim-te-ures-te-port-milenes-video\/\" \/>\n<meta property=\"og:locale\" content=\"en_US\" \/>\n<meta property=\"og:type\" content=\"article\" \/>\n<meta property=\"og:title\" content=\"18 muaj afati p\u00ebr nd\u00ebrtim t\u00eb ur\u00ebs t\u00eb Port Milen\u00ebs - Video - Lajme nga Ulqini\" \/>\n<meta property=\"og:description\" content=\"Ulqin - Drejtori i Drejtorise per Komunikacion, Veselin\u00a0Grboviq, dhe kryetari i keshillit drejtues te kompanise sllovene\u00a0\u201cPrimorje\u201d, Dushan Crnigoj,\" \/>\n<meta property=\"og:url\" content=\"https:\/\/www.visit-ulcinj.com\/blog\/2010\/06\/29\/18-muaj-afati-per-ndertim-te-ures-te-port-milenes-video\/\" \/>\n<meta property=\"og:site_name\" content=\"Lajme nga Ulqini\" \/>\n<meta property=\"article:published_time\" content=\"2010-06-29T17:14:49+00:00\" \/>\n<meta property=\"og:image\" content=\"http:\/\/www.visit-ulcinj.com\/blog\/wp-content\/uploads\/2009\/08\/Rasklopni-most-na-Port-Mileni.211.jpg\" \/>\n<meta name=\"twitter:label1\" content=\"Written by\" \/>\n\t<meta name=\"twitter:data1\" content=\"ulqini\" \/>\n\t<meta name=\"twitter:label2\" content=\"Est. reading time\" \/>\n\t<meta name=\"twitter:data2\" content=\"1 minute\" \/>\n<script type=\"application\/ld+json\" class=\"yoast-schema-graph\">{\"@context\":\"https:\/\/schema.org\",\"@graph\":[{\"@type\":\"WebSite\",\"@id\":\"https:\/\/www.visit-ulcinj.com\/blog\/#website\",\"url\":\"https:\/\/www.visit-ulcinj.com\/blog\/\",\"name\":\"Lajme nga Ulqini\",\"description\":\"Lajme,Vijesti,Ulqini,Ulqin,Crna Gora,Mali i Zi\",\"potentialAction\":[{\"@type\":\"SearchAction\",\"target\":{\"@type\":\"EntryPoint\",\"urlTemplate\":\"https:\/\/www.visit-ulcinj.com\/blog\/?s={search_term_string}\"},\"query-input\":\"required name=search_term_string\"}],\"inLanguage\":\"en-US\"},{\"@type\":\"ImageObject\",\"inLanguage\":\"en-US\",\"@id\":\"https:\/\/www.visit-ulcinj.com\/blog\/2010\/06\/29\/18-muaj-afati-per-ndertim-te-ures-te-port-milenes-video\/#primaryimage\",\"url\":\"https:\/\/www.visit-ulcinj.com\/blog\/wp-content\/uploads\/2009\/08\/Rasklopni-most-na-Port-Mileni.211.jpg\",\"contentUrl\":\"https:\/\/www.visit-ulcinj.com\/blog\/wp-content\/uploads\/2009\/08\/Rasklopni-most-na-Port-Mileni.211.jpg\",\"width\":\"1024\",\"height\":\"768\"},{\"@type\":\"WebPage\",\"@id\":\"https:\/\/www.visit-ulcinj.com\/blog\/2010\/06\/29\/18-muaj-afati-per-ndertim-te-ures-te-port-milenes-video\/#webpage\",\"url\":\"https:\/\/www.visit-ulcinj.com\/blog\/2010\/06\/29\/18-muaj-afati-per-ndertim-te-ures-te-port-milenes-video\/\",\"name\":\"18 muaj afati p\u00ebr nd\u00ebrtim t\u00eb ur\u00ebs t\u00eb Port Milen\u00ebs - Video - Lajme nga Ulqini\",\"isPartOf\":{\"@id\":\"https:\/\/www.visit-ulcinj.com\/blog\/#website\"},\"primaryImageOfPage\":{\"@id\":\"https:\/\/www.visit-ulcinj.com\/blog\/2010\/06\/29\/18-muaj-afati-per-ndertim-te-ures-te-port-milenes-video\/#primaryimage\"},\"datePublished\":\"2010-06-29T17:14:49+00:00\",\"dateModified\":\"2010-06-29T17:14:49+00:00\",\"author\":{\"@id\":\"https:\/\/www.visit-ulcinj.com\/blog\/#\/schema\/person\/dcab619c614d3038751c63bc2aadc06d\"},\"description\":\"Ulqin - Drejtori i Drejtorise per Komunikacion, Veselin\u00a0Grboviq, dhe kryetari i keshillit drejtues te kompanise sllovene\u00a0\u201cPrimorje\u201d, Dushan Crnigoj,\",\"breadcrumb\":{\"@id\":\"https:\/\/www.visit-ulcinj.com\/blog\/2010\/06\/29\/18-muaj-afati-per-ndertim-te-ures-te-port-milenes-video\/#breadcrumb\"},\"inLanguage\":\"en-US\",\"potentialAction\":[{\"@type\":\"ReadAction\",\"target\":[\"https:\/\/www.visit-ulcinj.com\/blog\/2010\/06\/29\/18-muaj-afati-per-ndertim-te-ures-te-port-milenes-video\/\"]}]},{\"@type\":\"BreadcrumbList\",\"@id\":\"https:\/\/www.visit-ulcinj.com\/blog\/2010\/06\/29\/18-muaj-afati-per-ndertim-te-ures-te-port-milenes-video\/#breadcrumb\",\"itemListElement\":[{\"@type\":\"ListItem\",\"position\":1,\"name\":\"18 muaj afati p\u00ebr nd\u00ebrtim t\u00eb ur\u00ebs t\u00eb Port Milen\u00ebs &#8211; Video\"}]},{\"@type\":\"Person\",\"@id\":\"https:\/\/www.visit-ulcinj.com\/blog\/#\/schema\/person\/dcab619c614d3038751c63bc2aadc06d\",\"name\":\"ulqini\",\"sameAs\":[\"http:\/\/www.visit-ulcinj.com\"],\"url\":\"https:\/\/www.visit-ulcinj.com\/blog\/author\/admin\/\"}]}<\/script>\n<!-- \/ Yoast SEO plugin. -->","yoast_head_json":{"title":"18 muaj afati p\u00ebr nd\u00ebrtim t\u00eb ur\u00ebs t\u00eb Port Milen\u00ebs - Video - Lajme nga Ulqini","description":"Ulqin - Drejtori i Drejtorise per Komunikacion, Veselin\u00a0Grboviq, dhe kryetari i keshillit drejtues te kompanise sllovene\u00a0\u201cPrimorje\u201d, Dushan Crnigoj,","robots":{"index":"index","follow":"follow","max-snippet":"max-snippet:-1","max-image-preview":"max-image-preview:large","max-video-preview":"max-video-preview:-1"},"canonical":"https:\/\/www.visit-ulcinj.com\/blog\/2010\/06\/29\/18-muaj-afati-per-ndertim-te-ures-te-port-milenes-video\/","og_locale":"en_US","og_type":"article","og_title":"18 muaj afati p\u00ebr nd\u00ebrtim t\u00eb ur\u00ebs t\u00eb Port Milen\u00ebs - Video - Lajme nga Ulqini","og_description":"Ulqin - Drejtori i Drejtorise per Komunikacion, Veselin\u00a0Grboviq, dhe kryetari i keshillit drejtues te kompanise sllovene\u00a0\u201cPrimorje\u201d, Dushan Crnigoj,","og_url":"https:\/\/www.visit-ulcinj.com\/blog\/2010\/06\/29\/18-muaj-afati-per-ndertim-te-ures-te-port-milenes-video\/","og_site_name":"Lajme nga Ulqini","article_published_time":"2010-06-29T17:14:49+00:00","og_image":[{"url":"http:\/\/www.visit-ulcinj.com\/blog\/wp-content\/uploads\/2009\/08\/Rasklopni-most-na-Port-Mileni.211.jpg"}],"twitter_misc":{"Written by":"ulqini","Est. reading time":"1 minute"},"schema":{"@context":"https:\/\/schema.org","@graph":[{"@type":"WebSite","@id":"https:\/\/www.visit-ulcinj.com\/blog\/#website","url":"https:\/\/www.visit-ulcinj.com\/blog\/","name":"Lajme nga Ulqini","description":"Lajme,Vijesti,Ulqini,Ulqin,Crna Gora,Mali i Zi","potentialAction":[{"@type":"SearchAction","target":{"@type":"EntryPoint","urlTemplate":"https:\/\/www.visit-ulcinj.com\/blog\/?s={search_term_string}"},"query-input":"required name=search_term_string"}],"inLanguage":"en-US"},{"@type":"ImageObject","inLanguage":"en-US","@id":"https:\/\/www.visit-ulcinj.com\/blog\/2010\/06\/29\/18-muaj-afati-per-ndertim-te-ures-te-port-milenes-video\/#primaryimage","url":"https:\/\/www.visit-ulcinj.com\/blog\/wp-content\/uploads\/2009\/08\/Rasklopni-most-na-Port-Mileni.211.jpg","contentUrl":"https:\/\/www.visit-ulcinj.com\/blog\/wp-content\/uploads\/2009\/08\/Rasklopni-most-na-Port-Mileni.211.jpg","width":"1024","height":"768"},{"@type":"WebPage","@id":"https:\/\/www.visit-ulcinj.com\/blog\/2010\/06\/29\/18-muaj-afati-per-ndertim-te-ures-te-port-milenes-video\/#webpage","url":"https:\/\/www.visit-ulcinj.com\/blog\/2010\/06\/29\/18-muaj-afati-per-ndertim-te-ures-te-port-milenes-video\/","name":"18 muaj afati p\u00ebr nd\u00ebrtim t\u00eb ur\u00ebs t\u00eb Port Milen\u00ebs - Video - Lajme nga Ulqini","isPartOf":{"@id":"https:\/\/www.visit-ulcinj.com\/blog\/#website"},"primaryImageOfPage":{"@id":"https:\/\/www.visit-ulcinj.com\/blog\/2010\/06\/29\/18-muaj-afati-per-ndertim-te-ures-te-port-milenes-video\/#primaryimage"},"datePublished":"2010-06-29T17:14:49+00:00","dateModified":"2010-06-29T17:14:49+00:00","author":{"@id":"https:\/\/www.visit-ulcinj.com\/blog\/#\/schema\/person\/dcab619c614d3038751c63bc2aadc06d"},"description":"Ulqin - Drejtori i Drejtorise per Komunikacion, Veselin\u00a0Grboviq, dhe kryetari i keshillit drejtues te kompanise sllovene\u00a0\u201cPrimorje\u201d, Dushan Crnigoj,","breadcrumb":{"@id":"https:\/\/www.visit-ulcinj.com\/blog\/2010\/06\/29\/18-muaj-afati-per-ndertim-te-ures-te-port-milenes-video\/#breadcrumb"},"inLanguage":"en-US","potentialAction":[{"@type":"ReadAction","target":["https:\/\/www.visit-ulcinj.com\/blog\/2010\/06\/29\/18-muaj-afati-per-ndertim-te-ures-te-port-milenes-video\/"]}]},{"@type":"BreadcrumbList","@id":"https:\/\/www.visit-ulcinj.com\/blog\/2010\/06\/29\/18-muaj-afati-per-ndertim-te-ures-te-port-milenes-video\/#breadcrumb","itemListElement":[{"@type":"ListItem","position":1,"name":"18 muaj afati p\u00ebr nd\u00ebrtim t\u00eb ur\u00ebs t\u00eb Port Milen\u00ebs &#8211; Video"}]},{"@type":"Person","@id":"https:\/\/www.visit-ulcinj.com\/blog\/#\/schema\/person\/dcab619c614d3038751c63bc2aadc06d","name":"ulqini","sameAs":["http:\/\/www.visit-ulcinj.com"],"url":"https:\/\/www.visit-ulcinj.com\/blog\/author\/admin\/"}]}},"jetpack_featured_media_url":"","jetpack_sharing_enabled":true,"jetpack_shortlink":"https:\/\/wp.me\/pe6lTn-96M","_links":{"self":[{"href":"https:\/\/www.visit-ulcinj.com\/blog\/wp-json\/wp\/v2\/posts\/35016"}],"collection":[{"href":"https:\/\/www.visit-ulcinj.com\/blog\/wp-json\/wp\/v2\/posts"}],"about":[{"href":"https:\/\/www.visit-ulcinj.com\/blog\/wp-json\/wp\/v2\/types\/post"}],"author":[{"embeddable":true,"href":"https:\/\/www.visit-ulcinj.com\/blog\/wp-json\/wp\/v2\/users\/1"}],"replies":[{"embeddable":true,"href":"https:\/\/www.visit-ulcinj.com\/blog\/wp-json\/wp\/v2\/comments?post=35016"}],"version-history":[{"count":0,"href":"https:\/\/www.visit-ulcinj.com\/blog\/wp-json\/wp\/v2\/posts\/35016\/revisions"}],"wp:attachment":[{"href":"https:\/\/www.visit-ulcinj.com\/blog\/wp-json\/wp\/v2\/media?parent=35016"}],"wp:term":[{"taxonomy":"category","embeddable":true,"href":"https:\/\/www.visit-ulcinj.com\/blog\/wp-json\/wp\/v2\/categories?post=35016"},{"taxonomy":"post_tag","embeddable":true,"href":"https:\/\/www.visit-ulcinj.com\/blog\/wp-json\/wp\/v2\/tags?post=35016"}],"curies":[{"name":"wp","href":"https:\/\/api.w.org\/{rel}","templated":true}]}}