{"id":35033,"date":"2010-06-30T19:23:39","date_gmt":"2010-06-30T17:23:39","guid":{"rendered":"http:\/\/www.visit-ulcinj.com\/blog\/?p=35033"},"modified":"2010-07-01T09:11:08","modified_gmt":"2010-07-01T07:11:08","slug":"ulcinj-vandali-oskrnavili-grob-ahmeta-dulija","status":"publish","type":"post","link":"https:\/\/www.visit-ulcinj.com\/blog\/2010\/06\/30\/ulcinj-vandali-oskrnavili-grob-ahmeta-dulija\/","title":{"rendered":"Ulcinj: Vandali oskrnavili grob Ahmeta ?ulija"},"content":{"rendered":"<p><strong><a href=\"http:\/\/www.visit-ulcinj.com\/blog\/wp-content\/uploads\/2010\/06\/Brijeg-Dzamija-_Ulcinj.jpg\"><img loading=\"lazy\" class=\"alignleft size-full wp-image-35034\" title=\"Brijeg Dzamija _Ulcinj\" src=\"http:\/\/www.visit-ulcinj.com\/blog\/wp-content\/uploads\/2010\/06\/Brijeg-Dzamija-_Ulcinj.jpg\" alt=\"Brijeg Dzamija _Ulcinj\" width=\"370\" height=\"500\" \/><\/a>Potraga za osobama koje su poru\u0161ile nadgrobne plo?e<\/strong><br \/>\nUlcinj- Ulcinjska policija traga za jednim ili vi\u0161e nepoznatih po?inilaca koji su u no?i izme?u ponedjeljka i utorka oskrnavili dva groba u dvori\u0161tu d\u017eamije \u201eBregut\u201c u centru grada. Mje\u0161tani su \u0161okirani saznanjem da je uni\u0161ten grob poznatog ulcinjskog kapetana Ahmeta ?ulija, koji je prije 230 godina izgradio d\u017eamiju u ?ijem je dvori\u0161tu sahranjen. Drugi oskrnavljni grob, kako vjeruje potomak ?ulija, D\u017eemal Resulbegovi?, pripada kapetanovom bratu. Resulbegovi? ne zna kome bi mogli da smetaju nadgrobni spomenici njegovih predaka.\u201cOvo je najve?a sramota. Tako ne\u0161to nije nam se doga?alo ni za vrijeme komunizma,\u201d kazao je \u201eVijestima\u201c Resulbegovi?. On je podsjetio da je kapetanov grob bio oskrnavljen i prije 4-5 godina.\u201dSamo \u017eelimo da policija otkrije za\u0161to i ko sve ovo radi,\u201d kazao je Resulebegovi?.<br \/>\nVandali su preksino? povadili nadgrobna obilje\u017eja sa oba groba.<br \/>\n\u201c Ja i moj d\u017eemat osu?ujemo vandalski ?in skrnavljenja grobnica isped na\u0161e d\u017eamije i pozivamo nadle\u017ene da preduzme sve radnje iz nadle\u017enosti radi otkrivanja po?inioca tog nedjela,\u201d kazao je \u201cVijestima\u201d imam d\u017eamije Mirsad Mu?aj.<\/p>\n<p><strong><br \/>\nS.A.<br \/>\n<a href=\"http:\/\/www.vijesti.me\/index.php?id_pre=342192&amp;godina=2010\" target=\"_blank\">Vijesti<br \/>\n\n\t\t<style type=\"text\/css\">\n\t\t\t#gallery-1 {\n\t\t\t\tmargin: auto;\n\t\t\t}\n\t\t\t#gallery-1 .gallery-item {\n\t\t\t\tfloat: left;\n\t\t\t\tmargin-top: 10px;\n\t\t\t\ttext-align: center;\n\t\t\t\twidth: 33%;\n\t\t\t}\n\t\t\t#gallery-1 img {\n\t\t\t\tborder: 2px solid #cfcfcf;\n\t\t\t}\n\t\t\t#gallery-1 .gallery-caption {\n\t\t\t\tmargin-left: 0;\n\t\t\t}\n\t\t\t\/* see gallery_shortcode() in wp-includes\/media.php *\/\n\t\t<\/style>\n\t\t<div id='gallery-1' class='gallery galleryid-35033 gallery-columns-3 gallery-size-thumbnail'><dl class='gallery-item'>\n\t\t\t<dt class='gallery-icon portrait'>\n\t\t\t\t<a href='https:\/\/www.visit-ulcinj.com\/blog\/wp-content\/uploads\/2010\/06\/Brijeg-Dzamija-_Ulcinj.jpg'><img width=\"150\" height=\"150\" src=\"https:\/\/www.visit-ulcinj.com\/blog\/wp-content\/uploads\/2010\/06\/Brijeg-Dzamija-_Ulcinj-150x150.jpg\" class=\"attachment-thumbnail size-thumbnail\" alt=\"\" loading=\"lazy\" \/><\/a>\n\t\t\t<\/dt><\/dl><dl class='gallery-item'>\n\t\t\t<dt class='gallery-icon landscape'>\n\t\t\t\t<a href='https:\/\/www.visit-ulcinj.com\/blog\/wp-content\/uploads\/2010\/06\/Xhamija-Bregut-Ulqin.jpg'><img width=\"150\" height=\"150\" src=\"https:\/\/www.visit-ulcinj.com\/blog\/wp-content\/uploads\/2010\/06\/Xhamija-Bregut-Ulqin-150x150.jpg\" class=\"attachment-thumbnail size-thumbnail\" alt=\"\" loading=\"lazy\" \/><\/a>\n\t\t\t<\/dt><\/dl><dl class='gallery-item'>\n\t\t\t<dt class='gallery-icon landscape'>\n\t\t\t\t<a href='https:\/\/www.visit-ulcinj.com\/blog\/wp-content\/uploads\/2010\/06\/Xhamija-e-Bregut-_ulqin.jpg'><img width=\"150\" height=\"150\" src=\"https:\/\/www.visit-ulcinj.com\/blog\/wp-content\/uploads\/2010\/06\/Xhamija-e-Bregut-_ulqin-150x150.jpg\" class=\"attachment-thumbnail size-thumbnail\" alt=\"\" loading=\"lazy\" \/><\/a>\n\t\t\t<\/dt><\/dl><br style=\"clear: both\" \/>\n\t\t<\/div>\n<br \/>\n<\/a><!--YouTube Error: bad URL entered--><a href=\"http:\/\/www.vijesti.me\/index.php?id_pre=342192&amp;godina=2010\" target=\"_blank\"><\/a><\/strong><\/p>\n","protected":false},"excerpt":{"rendered":"<p>Potraga za osobama koje su poru\u0161ile nadgrobne plo?e Ulcinj- Ulcinjska policija traga za jednim ili vi\u0161e nepoznatih po?inilaca koji su u no?i izme?u ponedjeljka i utorka oskrnavili dva groba u dvori\u0161tu d\u017eamije \u201eBregut\u201c u centru grada. Mje\u0161tani su \u0161okirani saznanjem da je uni\u0161ten grob poznatog ulcinjskog kapetana Ahmeta ?ulija, koji je prije 230 godina izgradio [&hellip;]<\/p>\n","protected":false},"author":1,"featured_media":0,"comment_status":"open","ping_status":"closed","sticky":false,"template":"","format":"standard","meta":{"spay_email":"","jetpack_publicize_message":"","jetpack_is_tweetstorm":false,"jetpack_publicize_feature_enabled":true},"categories":[8337],"tags":[14738,200,18,14739],"jetpack_publicize_connections":[],"yoast_head":"<!-- This site is optimized with the Yoast SEO plugin v19.1 - https:\/\/yoast.com\/wordpress\/plugins\/seo\/ -->\n<title>Ulcinj: Vandali oskrnavili grob Ahmeta ?ulija - Lajme nga Ulqini<\/title>\n<meta name=\"description\" content=\"Potraga za osobama koje su poru\u0161ile nadgrobne plo?e Ulcinj- Ulcinjska policija traga za jednim ili vi\u0161e nepoznatih po?inilaca koji su u no?i izme?u\" \/>\n<meta name=\"robots\" content=\"index, follow, max-snippet:-1, max-image-preview:large, max-video-preview:-1\" \/>\n<link rel=\"canonical\" href=\"https:\/\/www.visit-ulcinj.com\/blog\/2010\/06\/30\/ulcinj-vandali-oskrnavili-grob-ahmeta-dulija\/\" \/>\n<meta property=\"og:locale\" content=\"en_US\" \/>\n<meta property=\"og:type\" content=\"article\" \/>\n<meta property=\"og:title\" content=\"Ulcinj: Vandali oskrnavili grob Ahmeta ?ulija - Lajme nga Ulqini\" \/>\n<meta property=\"og:description\" content=\"Potraga za osobama koje su poru\u0161ile nadgrobne plo?e Ulcinj- Ulcinjska policija traga za jednim ili vi\u0161e nepoznatih po?inilaca koji su u no?i izme?u\" \/>\n<meta property=\"og:url\" content=\"https:\/\/www.visit-ulcinj.com\/blog\/2010\/06\/30\/ulcinj-vandali-oskrnavili-grob-ahmeta-dulija\/\" \/>\n<meta property=\"og:site_name\" content=\"Lajme nga Ulqini\" \/>\n<meta property=\"article:published_time\" content=\"2010-06-30T17:23:39+00:00\" \/>\n<meta property=\"article:modified_time\" content=\"2010-07-01T07:11:08+00:00\" \/>\n<meta property=\"og:image\" content=\"https:\/\/www.visit-ulcinj.com\/blog\/wp-content\/uploads\/2010\/06\/Brijeg-Dzamija-_Ulcinj-150x150.jpg\" \/>\n<meta name=\"twitter:label1\" content=\"Written by\" \/>\n\t<meta name=\"twitter:data1\" content=\"ulqini\" \/>\n\t<meta name=\"twitter:label2\" content=\"Est. reading time\" \/>\n\t<meta name=\"twitter:data2\" content=\"1 minute\" \/>\n<script type=\"application\/ld+json\" class=\"yoast-schema-graph\">{\"@context\":\"https:\/\/schema.org\",\"@graph\":[{\"@type\":\"WebSite\",\"@id\":\"https:\/\/www.visit-ulcinj.com\/blog\/#website\",\"url\":\"https:\/\/www.visit-ulcinj.com\/blog\/\",\"name\":\"Lajme nga Ulqini\",\"description\":\"Lajme,Vijesti,Ulqini,Ulqin,Crna Gora,Mali i Zi\",\"potentialAction\":[{\"@type\":\"SearchAction\",\"target\":{\"@type\":\"EntryPoint\",\"urlTemplate\":\"https:\/\/www.visit-ulcinj.com\/blog\/?s={search_term_string}\"},\"query-input\":\"required name=search_term_string\"}],\"inLanguage\":\"en-US\"},{\"@type\":\"ImageObject\",\"inLanguage\":\"en-US\",\"@id\":\"https:\/\/www.visit-ulcinj.com\/blog\/2010\/06\/30\/ulcinj-vandali-oskrnavili-grob-ahmeta-dulija\/#primaryimage\",\"url\":\"https:\/\/www.visit-ulcinj.com\/blog\/wp-content\/uploads\/2010\/06\/Brijeg-Dzamija-_Ulcinj.jpg\",\"contentUrl\":\"https:\/\/www.visit-ulcinj.com\/blog\/wp-content\/uploads\/2010\/06\/Brijeg-Dzamija-_Ulcinj.jpg\",\"width\":\"410\",\"height\":\"500\"},{\"@type\":\"WebPage\",\"@id\":\"https:\/\/www.visit-ulcinj.com\/blog\/2010\/06\/30\/ulcinj-vandali-oskrnavili-grob-ahmeta-dulija\/#webpage\",\"url\":\"https:\/\/www.visit-ulcinj.com\/blog\/2010\/06\/30\/ulcinj-vandali-oskrnavili-grob-ahmeta-dulija\/\",\"name\":\"Ulcinj: Vandali oskrnavili grob Ahmeta ?ulija - Lajme nga Ulqini\",\"isPartOf\":{\"@id\":\"https:\/\/www.visit-ulcinj.com\/blog\/#website\"},\"primaryImageOfPage\":{\"@id\":\"https:\/\/www.visit-ulcinj.com\/blog\/2010\/06\/30\/ulcinj-vandali-oskrnavili-grob-ahmeta-dulija\/#primaryimage\"},\"datePublished\":\"2010-06-30T17:23:39+00:00\",\"dateModified\":\"2010-07-01T07:11:08+00:00\",\"author\":{\"@id\":\"https:\/\/www.visit-ulcinj.com\/blog\/#\/schema\/person\/dcab619c614d3038751c63bc2aadc06d\"},\"description\":\"Potraga za osobama koje su poru\u0161ile nadgrobne plo?e Ulcinj- Ulcinjska policija traga za jednim ili vi\u0161e nepoznatih po?inilaca koji su u no?i izme?u\",\"breadcrumb\":{\"@id\":\"https:\/\/www.visit-ulcinj.com\/blog\/2010\/06\/30\/ulcinj-vandali-oskrnavili-grob-ahmeta-dulija\/#breadcrumb\"},\"inLanguage\":\"en-US\",\"potentialAction\":[{\"@type\":\"ReadAction\",\"target\":[\"https:\/\/www.visit-ulcinj.com\/blog\/2010\/06\/30\/ulcinj-vandali-oskrnavili-grob-ahmeta-dulija\/\"]}]},{\"@type\":\"BreadcrumbList\",\"@id\":\"https:\/\/www.visit-ulcinj.com\/blog\/2010\/06\/30\/ulcinj-vandali-oskrnavili-grob-ahmeta-dulija\/#breadcrumb\",\"itemListElement\":[{\"@type\":\"ListItem\",\"position\":1,\"name\":\"Ulcinj: Vandali oskrnavili grob Ahmeta ?ulija\"}]},{\"@type\":\"Person\",\"@id\":\"https:\/\/www.visit-ulcinj.com\/blog\/#\/schema\/person\/dcab619c614d3038751c63bc2aadc06d\",\"name\":\"ulqini\",\"sameAs\":[\"http:\/\/www.visit-ulcinj.com\"],\"url\":\"https:\/\/www.visit-ulcinj.com\/blog\/author\/admin\/\"}]}<\/script>\n<!-- \/ Yoast SEO plugin. -->","yoast_head_json":{"title":"Ulcinj: Vandali oskrnavili grob Ahmeta ?ulija - Lajme nga Ulqini","description":"Potraga za osobama koje su poru\u0161ile nadgrobne plo?e Ulcinj- Ulcinjska policija traga za jednim ili vi\u0161e nepoznatih po?inilaca koji su u no?i izme?u","robots":{"index":"index","follow":"follow","max-snippet":"max-snippet:-1","max-image-preview":"max-image-preview:large","max-video-preview":"max-video-preview:-1"},"canonical":"https:\/\/www.visit-ulcinj.com\/blog\/2010\/06\/30\/ulcinj-vandali-oskrnavili-grob-ahmeta-dulija\/","og_locale":"en_US","og_type":"article","og_title":"Ulcinj: Vandali oskrnavili grob Ahmeta ?ulija - Lajme nga Ulqini","og_description":"Potraga za osobama koje su poru\u0161ile nadgrobne plo?e Ulcinj- Ulcinjska policija traga za jednim ili vi\u0161e nepoznatih po?inilaca koji su u no?i izme?u","og_url":"https:\/\/www.visit-ulcinj.com\/blog\/2010\/06\/30\/ulcinj-vandali-oskrnavili-grob-ahmeta-dulija\/","og_site_name":"Lajme nga Ulqini","article_published_time":"2010-06-30T17:23:39+00:00","article_modified_time":"2010-07-01T07:11:08+00:00","og_image":[{"url":"https:\/\/www.visit-ulcinj.com\/blog\/wp-content\/uploads\/2010\/06\/Brijeg-Dzamija-_Ulcinj-150x150.jpg"}],"twitter_misc":{"Written by":"ulqini","Est. reading time":"1 minute"},"schema":{"@context":"https:\/\/schema.org","@graph":[{"@type":"WebSite","@id":"https:\/\/www.visit-ulcinj.com\/blog\/#website","url":"https:\/\/www.visit-ulcinj.com\/blog\/","name":"Lajme nga Ulqini","description":"Lajme,Vijesti,Ulqini,Ulqin,Crna Gora,Mali i Zi","potentialAction":[{"@type":"SearchAction","target":{"@type":"EntryPoint","urlTemplate":"https:\/\/www.visit-ulcinj.com\/blog\/?s={search_term_string}"},"query-input":"required name=search_term_string"}],"inLanguage":"en-US"},{"@type":"ImageObject","inLanguage":"en-US","@id":"https:\/\/www.visit-ulcinj.com\/blog\/2010\/06\/30\/ulcinj-vandali-oskrnavili-grob-ahmeta-dulija\/#primaryimage","url":"https:\/\/www.visit-ulcinj.com\/blog\/wp-content\/uploads\/2010\/06\/Brijeg-Dzamija-_Ulcinj.jpg","contentUrl":"https:\/\/www.visit-ulcinj.com\/blog\/wp-content\/uploads\/2010\/06\/Brijeg-Dzamija-_Ulcinj.jpg","width":"410","height":"500"},{"@type":"WebPage","@id":"https:\/\/www.visit-ulcinj.com\/blog\/2010\/06\/30\/ulcinj-vandali-oskrnavili-grob-ahmeta-dulija\/#webpage","url":"https:\/\/www.visit-ulcinj.com\/blog\/2010\/06\/30\/ulcinj-vandali-oskrnavili-grob-ahmeta-dulija\/","name":"Ulcinj: Vandali oskrnavili grob Ahmeta ?ulija - Lajme nga Ulqini","isPartOf":{"@id":"https:\/\/www.visit-ulcinj.com\/blog\/#website"},"primaryImageOfPage":{"@id":"https:\/\/www.visit-ulcinj.com\/blog\/2010\/06\/30\/ulcinj-vandali-oskrnavili-grob-ahmeta-dulija\/#primaryimage"},"datePublished":"2010-06-30T17:23:39+00:00","dateModified":"2010-07-01T07:11:08+00:00","author":{"@id":"https:\/\/www.visit-ulcinj.com\/blog\/#\/schema\/person\/dcab619c614d3038751c63bc2aadc06d"},"description":"Potraga za osobama koje su poru\u0161ile nadgrobne plo?e Ulcinj- Ulcinjska policija traga za jednim ili vi\u0161e nepoznatih po?inilaca koji su u no?i izme?u","breadcrumb":{"@id":"https:\/\/www.visit-ulcinj.com\/blog\/2010\/06\/30\/ulcinj-vandali-oskrnavili-grob-ahmeta-dulija\/#breadcrumb"},"inLanguage":"en-US","potentialAction":[{"@type":"ReadAction","target":["https:\/\/www.visit-ulcinj.com\/blog\/2010\/06\/30\/ulcinj-vandali-oskrnavili-grob-ahmeta-dulija\/"]}]},{"@type":"BreadcrumbList","@id":"https:\/\/www.visit-ulcinj.com\/blog\/2010\/06\/30\/ulcinj-vandali-oskrnavili-grob-ahmeta-dulija\/#breadcrumb","itemListElement":[{"@type":"ListItem","position":1,"name":"Ulcinj: Vandali oskrnavili grob Ahmeta ?ulija"}]},{"@type":"Person","@id":"https:\/\/www.visit-ulcinj.com\/blog\/#\/schema\/person\/dcab619c614d3038751c63bc2aadc06d","name":"ulqini","sameAs":["http:\/\/www.visit-ulcinj.com"],"url":"https:\/\/www.visit-ulcinj.com\/blog\/author\/admin\/"}]}},"jetpack_featured_media_url":"","jetpack_sharing_enabled":true,"jetpack_shortlink":"https:\/\/wp.me\/pe6lTn-973","_links":{"self":[{"href":"https:\/\/www.visit-ulcinj.com\/blog\/wp-json\/wp\/v2\/posts\/35033"}],"collection":[{"href":"https:\/\/www.visit-ulcinj.com\/blog\/wp-json\/wp\/v2\/posts"}],"about":[{"href":"https:\/\/www.visit-ulcinj.com\/blog\/wp-json\/wp\/v2\/types\/post"}],"author":[{"embeddable":true,"href":"https:\/\/www.visit-ulcinj.com\/blog\/wp-json\/wp\/v2\/users\/1"}],"replies":[{"embeddable":true,"href":"https:\/\/www.visit-ulcinj.com\/blog\/wp-json\/wp\/v2\/comments?post=35033"}],"version-history":[{"count":0,"href":"https:\/\/www.visit-ulcinj.com\/blog\/wp-json\/wp\/v2\/posts\/35033\/revisions"}],"wp:attachment":[{"href":"https:\/\/www.visit-ulcinj.com\/blog\/wp-json\/wp\/v2\/media?parent=35033"}],"wp:term":[{"taxonomy":"category","embeddable":true,"href":"https:\/\/www.visit-ulcinj.com\/blog\/wp-json\/wp\/v2\/categories?post=35033"},{"taxonomy":"post_tag","embeddable":true,"href":"https:\/\/www.visit-ulcinj.com\/blog\/wp-json\/wp\/v2\/tags?post=35033"}],"curies":[{"name":"wp","href":"https:\/\/api.w.org\/{rel}","templated":true}]}}