{"id":35046,"date":"2010-07-01T16:24:35","date_gmt":"2010-07-01T14:24:35","guid":{"rendered":"http:\/\/www.visit-ulcinj.com\/blog\/?p=35046"},"modified":"2010-07-02T00:54:10","modified_gmt":"2010-07-01T22:54:10","slug":"urdherese-nga-komuna-e-ulqinit","status":"publish","type":"post","link":"https:\/\/www.visit-ulcinj.com\/blog\/2010\/07\/01\/urdherese-nga-komuna-e-ulqinit\/","title":{"rendered":"Urdh\u00ebres\u00eb nga Komuna e Ulqinit &#8211; Naredba Op\u0161tine Ulcinj"},"content":{"rendered":"<p><strong>Urdh\u00ebres\u00eb\u00a0 ndaj ndalimit t\u00eb ndezjeve t\u00eb zjarrit ne krejt teritorin e Komun\u00ebs s\u00eb Ulqinit.<\/strong><br \/>\n<a href=\"http:\/\/www.visit-ulcinj.com\/blog\/wp-content\/uploads\/2010\/07\/Urdherese-01.07.2010.Urdh\u00ebres\u00eb-nga-Komuna-e-Ulqinit.jpg\"><img loading=\"lazy\" class=\"alignleft size-full wp-image-35047\" title=\"Urdherese 01.07.2010.Urdh\u00ebres\u00eb nga Komuna e Ulqinit\" src=\"http:\/\/www.visit-ulcinj.com\/blog\/wp-content\/uploads\/2010\/07\/Urdherese-01.07.2010.Urdh\u00ebres\u00eb-nga-Komuna-e-Ulqinit.jpg\" alt=\"Urdherese 01.07.2010.Urdh\u00ebres\u00eb nga Komuna e Ulqinit\" width=\"490\" height=\"630\" \/><\/a><\/p>\n<p><strong>Naredba Op\u0161tine Ulcinj<\/strong><\/p>\n<p><strong><a href=\"http:\/\/www.visit-ulcinj.com\/blog\/wp-content\/uploads\/2010\/07\/Naredba-01.07.2010.Opstine-Ulcinj.jpg\"><img loading=\"lazy\" class=\"alignleft size-full wp-image-35051\" title=\"Naredba 01.07.2010.Opstine Ulcinj\" src=\"http:\/\/www.visit-ulcinj.com\/blog\/wp-content\/uploads\/2010\/07\/Naredba-01.07.2010.Opstine-Ulcinj.jpg\" alt=\"Naredba 01.07.2010.Opstine Ulcinj\" width=\"490\" height=\"630\" \/><\/a><\/strong><\/p>\n","protected":false},"excerpt":{"rendered":"<p>Urdh\u00ebres\u00eb\u00a0 ndaj ndalimit t\u00eb ndezjeve t\u00eb zjarrit ne krejt teritorin e Komun\u00ebs s\u00eb Ulqinit. Naredba Op\u0161tine Ulcinj<\/p>\n","protected":false},"author":1,"featured_media":0,"comment_status":"open","ping_status":"closed","sticky":false,"template":"","format":"standard","meta":{"spay_email":"","jetpack_publicize_message":"","jetpack_is_tweetstorm":false,"jetpack_publicize_feature_enabled":true},"categories":[11],"tags":[2611,14744],"jetpack_publicize_connections":[],"yoast_head":"<!-- This site is optimized with the Yoast SEO plugin v19.1 - https:\/\/yoast.com\/wordpress\/plugins\/seo\/ -->\n<title>Urdh\u00ebres\u00eb nga Komuna e Ulqinit - Naredba Op\u0161tine Ulcinj - Lajme nga Ulqini<\/title>\n<meta name=\"description\" content=\"Urdh\u00ebres\u00eb\u00a0 ndaj ndalimit t\u00eb ndezjeve t\u00eb zjarrit ne krejt teritorin e Komun\u00ebs s\u00eb Ulqinit.   Naredba Op\u0161tine Ulcinj\" \/>\n<meta name=\"robots\" content=\"index, follow, max-snippet:-1, max-image-preview:large, max-video-preview:-1\" \/>\n<link rel=\"canonical\" href=\"https:\/\/www.visit-ulcinj.com\/blog\/2010\/07\/01\/urdherese-nga-komuna-e-ulqinit\/\" \/>\n<meta property=\"og:locale\" content=\"en_US\" \/>\n<meta property=\"og:type\" content=\"article\" \/>\n<meta property=\"og:title\" content=\"Urdh\u00ebres\u00eb nga Komuna e Ulqinit - Naredba Op\u0161tine Ulcinj - Lajme nga Ulqini\" \/>\n<meta property=\"og:description\" content=\"Urdh\u00ebres\u00eb\u00a0 ndaj ndalimit t\u00eb ndezjeve t\u00eb zjarrit ne krejt teritorin e Komun\u00ebs s\u00eb Ulqinit.   Naredba Op\u0161tine Ulcinj\" \/>\n<meta property=\"og:url\" content=\"https:\/\/www.visit-ulcinj.com\/blog\/2010\/07\/01\/urdherese-nga-komuna-e-ulqinit\/\" \/>\n<meta property=\"og:site_name\" content=\"Lajme nga Ulqini\" \/>\n<meta property=\"article:published_time\" content=\"2010-07-01T14:24:35+00:00\" \/>\n<meta property=\"article:modified_time\" content=\"2010-07-01T22:54:10+00:00\" \/>\n<meta property=\"og:image\" content=\"http:\/\/www.visit-ulcinj.com\/blog\/wp-content\/uploads\/2010\/07\/Naredba-01.07.2010.Opstine-Ulcinj.jpg\" \/>\n<meta name=\"twitter:label1\" content=\"Written by\" \/>\n\t<meta name=\"twitter:data1\" content=\"ulqini\" \/>\n<script type=\"application\/ld+json\" class=\"yoast-schema-graph\">{\"@context\":\"https:\/\/schema.org\",\"@graph\":[{\"@type\":\"WebSite\",\"@id\":\"https:\/\/www.visit-ulcinj.com\/blog\/#website\",\"url\":\"https:\/\/www.visit-ulcinj.com\/blog\/\",\"name\":\"Lajme nga Ulqini\",\"description\":\"Lajme,Vijesti,Ulqini,Ulqin,Crna Gora,Mali i Zi\",\"potentialAction\":[{\"@type\":\"SearchAction\",\"target\":{\"@type\":\"EntryPoint\",\"urlTemplate\":\"https:\/\/www.visit-ulcinj.com\/blog\/?s={search_term_string}\"},\"query-input\":\"required name=search_term_string\"}],\"inLanguage\":\"en-US\"},{\"@type\":\"ImageObject\",\"inLanguage\":\"en-US\",\"@id\":\"https:\/\/www.visit-ulcinj.com\/blog\/2010\/07\/01\/urdherese-nga-komuna-e-ulqinit\/#primaryimage\",\"url\":\"https:\/\/www.visit-ulcinj.com\/blog\/wp-content\/uploads\/2010\/07\/Naredba-01.07.2010.Opstine-Ulcinj.jpg\",\"contentUrl\":\"https:\/\/www.visit-ulcinj.com\/blog\/wp-content\/uploads\/2010\/07\/Naredba-01.07.2010.Opstine-Ulcinj.jpg\",\"width\":\"763\",\"height\":\"1084\"},{\"@type\":\"WebPage\",\"@id\":\"https:\/\/www.visit-ulcinj.com\/blog\/2010\/07\/01\/urdherese-nga-komuna-e-ulqinit\/#webpage\",\"url\":\"https:\/\/www.visit-ulcinj.com\/blog\/2010\/07\/01\/urdherese-nga-komuna-e-ulqinit\/\",\"name\":\"Urdh\u00ebres\u00eb nga Komuna e Ulqinit - Naredba Op\u0161tine Ulcinj - Lajme nga Ulqini\",\"isPartOf\":{\"@id\":\"https:\/\/www.visit-ulcinj.com\/blog\/#website\"},\"primaryImageOfPage\":{\"@id\":\"https:\/\/www.visit-ulcinj.com\/blog\/2010\/07\/01\/urdherese-nga-komuna-e-ulqinit\/#primaryimage\"},\"datePublished\":\"2010-07-01T14:24:35+00:00\",\"dateModified\":\"2010-07-01T22:54:10+00:00\",\"author\":{\"@id\":\"https:\/\/www.visit-ulcinj.com\/blog\/#\/schema\/person\/dcab619c614d3038751c63bc2aadc06d\"},\"description\":\"Urdh\u00ebres\u00eb\u00a0 ndaj ndalimit t\u00eb ndezjeve t\u00eb zjarrit ne krejt teritorin e Komun\u00ebs s\u00eb Ulqinit. Naredba Op\u0161tine Ulcinj\",\"breadcrumb\":{\"@id\":\"https:\/\/www.visit-ulcinj.com\/blog\/2010\/07\/01\/urdherese-nga-komuna-e-ulqinit\/#breadcrumb\"},\"inLanguage\":\"en-US\",\"potentialAction\":[{\"@type\":\"ReadAction\",\"target\":[\"https:\/\/www.visit-ulcinj.com\/blog\/2010\/07\/01\/urdherese-nga-komuna-e-ulqinit\/\"]}]},{\"@type\":\"BreadcrumbList\",\"@id\":\"https:\/\/www.visit-ulcinj.com\/blog\/2010\/07\/01\/urdherese-nga-komuna-e-ulqinit\/#breadcrumb\",\"itemListElement\":[{\"@type\":\"ListItem\",\"position\":1,\"name\":\"Urdh\u00ebres\u00eb nga Komuna e Ulqinit &#8211; Naredba Op\u0161tine Ulcinj\"}]},{\"@type\":\"Person\",\"@id\":\"https:\/\/www.visit-ulcinj.com\/blog\/#\/schema\/person\/dcab619c614d3038751c63bc2aadc06d\",\"name\":\"ulqini\",\"sameAs\":[\"http:\/\/www.visit-ulcinj.com\"],\"url\":\"https:\/\/www.visit-ulcinj.com\/blog\/author\/admin\/\"}]}<\/script>\n<!-- \/ Yoast SEO plugin. -->","yoast_head_json":{"title":"Urdh\u00ebres\u00eb nga Komuna e Ulqinit - Naredba Op\u0161tine Ulcinj - Lajme nga Ulqini","description":"Urdh\u00ebres\u00eb\u00a0 ndaj ndalimit t\u00eb ndezjeve t\u00eb zjarrit ne krejt teritorin e Komun\u00ebs s\u00eb Ulqinit.   Naredba Op\u0161tine Ulcinj","robots":{"index":"index","follow":"follow","max-snippet":"max-snippet:-1","max-image-preview":"max-image-preview:large","max-video-preview":"max-video-preview:-1"},"canonical":"https:\/\/www.visit-ulcinj.com\/blog\/2010\/07\/01\/urdherese-nga-komuna-e-ulqinit\/","og_locale":"en_US","og_type":"article","og_title":"Urdh\u00ebres\u00eb nga Komuna e Ulqinit - Naredba Op\u0161tine Ulcinj - Lajme nga Ulqini","og_description":"Urdh\u00ebres\u00eb\u00a0 ndaj ndalimit t\u00eb ndezjeve t\u00eb zjarrit ne krejt teritorin e Komun\u00ebs s\u00eb Ulqinit.   Naredba Op\u0161tine Ulcinj","og_url":"https:\/\/www.visit-ulcinj.com\/blog\/2010\/07\/01\/urdherese-nga-komuna-e-ulqinit\/","og_site_name":"Lajme nga Ulqini","article_published_time":"2010-07-01T14:24:35+00:00","article_modified_time":"2010-07-01T22:54:10+00:00","og_image":[{"url":"http:\/\/www.visit-ulcinj.com\/blog\/wp-content\/uploads\/2010\/07\/Naredba-01.07.2010.Opstine-Ulcinj.jpg"}],"twitter_misc":{"Written by":"ulqini"},"schema":{"@context":"https:\/\/schema.org","@graph":[{"@type":"WebSite","@id":"https:\/\/www.visit-ulcinj.com\/blog\/#website","url":"https:\/\/www.visit-ulcinj.com\/blog\/","name":"Lajme nga Ulqini","description":"Lajme,Vijesti,Ulqini,Ulqin,Crna Gora,Mali i Zi","potentialAction":[{"@type":"SearchAction","target":{"@type":"EntryPoint","urlTemplate":"https:\/\/www.visit-ulcinj.com\/blog\/?s={search_term_string}"},"query-input":"required name=search_term_string"}],"inLanguage":"en-US"},{"@type":"ImageObject","inLanguage":"en-US","@id":"https:\/\/www.visit-ulcinj.com\/blog\/2010\/07\/01\/urdherese-nga-komuna-e-ulqinit\/#primaryimage","url":"https:\/\/www.visit-ulcinj.com\/blog\/wp-content\/uploads\/2010\/07\/Naredba-01.07.2010.Opstine-Ulcinj.jpg","contentUrl":"https:\/\/www.visit-ulcinj.com\/blog\/wp-content\/uploads\/2010\/07\/Naredba-01.07.2010.Opstine-Ulcinj.jpg","width":"763","height":"1084"},{"@type":"WebPage","@id":"https:\/\/www.visit-ulcinj.com\/blog\/2010\/07\/01\/urdherese-nga-komuna-e-ulqinit\/#webpage","url":"https:\/\/www.visit-ulcinj.com\/blog\/2010\/07\/01\/urdherese-nga-komuna-e-ulqinit\/","name":"Urdh\u00ebres\u00eb nga Komuna e Ulqinit - Naredba Op\u0161tine Ulcinj - Lajme nga Ulqini","isPartOf":{"@id":"https:\/\/www.visit-ulcinj.com\/blog\/#website"},"primaryImageOfPage":{"@id":"https:\/\/www.visit-ulcinj.com\/blog\/2010\/07\/01\/urdherese-nga-komuna-e-ulqinit\/#primaryimage"},"datePublished":"2010-07-01T14:24:35+00:00","dateModified":"2010-07-01T22:54:10+00:00","author":{"@id":"https:\/\/www.visit-ulcinj.com\/blog\/#\/schema\/person\/dcab619c614d3038751c63bc2aadc06d"},"description":"Urdh\u00ebres\u00eb\u00a0 ndaj ndalimit t\u00eb ndezjeve t\u00eb zjarrit ne krejt teritorin e Komun\u00ebs s\u00eb Ulqinit. Naredba Op\u0161tine Ulcinj","breadcrumb":{"@id":"https:\/\/www.visit-ulcinj.com\/blog\/2010\/07\/01\/urdherese-nga-komuna-e-ulqinit\/#breadcrumb"},"inLanguage":"en-US","potentialAction":[{"@type":"ReadAction","target":["https:\/\/www.visit-ulcinj.com\/blog\/2010\/07\/01\/urdherese-nga-komuna-e-ulqinit\/"]}]},{"@type":"BreadcrumbList","@id":"https:\/\/www.visit-ulcinj.com\/blog\/2010\/07\/01\/urdherese-nga-komuna-e-ulqinit\/#breadcrumb","itemListElement":[{"@type":"ListItem","position":1,"name":"Urdh\u00ebres\u00eb nga Komuna e Ulqinit &#8211; Naredba Op\u0161tine Ulcinj"}]},{"@type":"Person","@id":"https:\/\/www.visit-ulcinj.com\/blog\/#\/schema\/person\/dcab619c614d3038751c63bc2aadc06d","name":"ulqini","sameAs":["http:\/\/www.visit-ulcinj.com"],"url":"https:\/\/www.visit-ulcinj.com\/blog\/author\/admin\/"}]}},"jetpack_featured_media_url":"","jetpack_sharing_enabled":true,"jetpack_shortlink":"https:\/\/wp.me\/pe6lTn-97g","_links":{"self":[{"href":"https:\/\/www.visit-ulcinj.com\/blog\/wp-json\/wp\/v2\/posts\/35046"}],"collection":[{"href":"https:\/\/www.visit-ulcinj.com\/blog\/wp-json\/wp\/v2\/posts"}],"about":[{"href":"https:\/\/www.visit-ulcinj.com\/blog\/wp-json\/wp\/v2\/types\/post"}],"author":[{"embeddable":true,"href":"https:\/\/www.visit-ulcinj.com\/blog\/wp-json\/wp\/v2\/users\/1"}],"replies":[{"embeddable":true,"href":"https:\/\/www.visit-ulcinj.com\/blog\/wp-json\/wp\/v2\/comments?post=35046"}],"version-history":[{"count":0,"href":"https:\/\/www.visit-ulcinj.com\/blog\/wp-json\/wp\/v2\/posts\/35046\/revisions"}],"wp:attachment":[{"href":"https:\/\/www.visit-ulcinj.com\/blog\/wp-json\/wp\/v2\/media?parent=35046"}],"wp:term":[{"taxonomy":"category","embeddable":true,"href":"https:\/\/www.visit-ulcinj.com\/blog\/wp-json\/wp\/v2\/categories?post=35046"},{"taxonomy":"post_tag","embeddable":true,"href":"https:\/\/www.visit-ulcinj.com\/blog\/wp-json\/wp\/v2\/tags?post=35046"}],"curies":[{"name":"wp","href":"https:\/\/api.w.org\/{rel}","templated":true}]}}