{"id":3506,"date":"2008-09-22T09:59:54","date_gmt":"2008-09-22T14:59:54","guid":{"rendered":"http:\/\/www.visit-ulcinj.com\/blog\/?p=3506"},"modified":"2023-04-01T13:22:19","modified_gmt":"2023-04-01T12:22:19","slug":"burrascosa-storia-della-citta-ulcinj","status":"publish","type":"post","link":"https:\/\/www.visit-ulcinj.com\/blog\/2008\/09\/22\/burrascosa-storia-della-citta-ulcinj\/","title":{"rendered":"Burrascosa storia della citta Ulcinj &#8211; Montenegro"},"content":{"rendered":"<p><a href=\"http:\/\/www.visit-ulcinj.com\/blog\/wp-content\/uploads\/2008\/06\/dulcigno.jpg\"><img loading=\"lazy\" class=\"alignleft\" src=\"http:\/\/www.visit-ulcinj.com\/blog\/wp-content\/uploads\/2008\/06\/dulcigno.jpg\" alt=\"\" width=\"307\" height=\"215\" \/><\/a><strong>Mobil: Viber + Whatsapp: +382 69 335 534\u00a0 : +382 69 335 512<\/strong><\/p>\n<p>Ulcinj \u00e8 tra le citt\u00e0 pi\u00f9 antiche sulla costa orientale dell&#8217;Adriatico. Dalla preistoriaalla fine del XIX secolo, a causa della sua posizione geografica, fu oggetto diconquista di svariati popoli. Alcuni vi si fermarono a lungo, altri brevemente, matutti vi hanno lasciato qualche traccia. Sarebbe troppo lungo menzionare gliinnumerevoli eventi che hanno avuto per teatro questa zona nella storiapassata.<br \/>\nSulla sponda del lago Zoganjsko, in localit\u00e0 Ceret, sono state scoperte le traccedella pi\u00f9 antica presenza dell&#8217;uomo a Ulcinj. Nel corso di lavori di sanamentedel suolo per la costruzione della Salina, sono venuti alla luce pavimenti di terrabattuta di edifici di un insediamento di Illiri dell&#8217;et\u00e0 del bronzo. A quel periodorisalgono pure due tumuli, tombe usate dagli Illiri quando vivevano in pianura,venuti alla luce nel villaggio di Zoganje, in localit\u00e0 Crveni Brijeg. All&#8217;epoca in cuigli Illiri, di fronte alla minaccia di nemici, abbandonarono le zone di pianura per costruire i propri \u00bbcastellieri\u00ab sulle alture, risalgono due tumuli in pietra (tombe)venuti alla luce sopra il canyon di Medureca e in localit\u00e0 Gjat sulle pendici nor-dorientali della Bijela Gora. All&#8217;et\u00e0 del bronzo risalgono pure alcune accette ditipo dalmato-scutarino rinvenute nel villaggio di Vladimir ed a Ulcinj.<\/p>\n<div id=\"attachment_3509\" style=\"width: 182px\" class=\"wp-caption alignright\"><a href=\"http:\/\/www.visit-ulcinj.com\/blog\/wp-content\/uploads\/2008\/09\/il-muro-ciclopico-del-ulcinj-21.jpg\"><img aria-describedby=\"caption-attachment-3509\" loading=\"lazy\" class=\"size-medium wp-image-3509\" title=\"il-muro-ciclopico-del-ulcinj-21\" src=\"http:\/\/www.visit-ulcinj.com\/blog\/wp-content\/uploads\/2008\/09\/il-muro-ciclopico-del-ulcinj-21-300x201.jpg\" alt=\"IL Muro ciclopico del ulcinj\" width=\"172\" height=\"115\" srcset=\"https:\/\/www.visit-ulcinj.com\/blog\/wp-content\/uploads\/2008\/09\/il-muro-ciclopico-del-ulcinj-21-300x201.jpg 300w, https:\/\/www.visit-ulcinj.com\/blog\/wp-content\/uploads\/2008\/09\/il-muro-ciclopico-del-ulcinj-21.jpg 640w\" sizes=\"(max-width: 172px) 100vw, 172px\" \/><\/a><p id=\"caption-attachment-3509\" class=\"wp-caption-text\">IL Muro ciclopico del ulcinj<\/p><\/div>\n<p><strong>L&#8217;antica ,UIcinj<\/strong><br \/>\nSi ritiene che l&#8217;antica Ulcinj, sul suolo dell&#8217;odierna Cittavecchia, sia stata fondatanel V secolo a.C. dai coloni greci della Colchide. Dell&#8217;arrivo dei Calchi in questeterre si parla in un canto di Apollonio da Rodi del III secolo a.C. In quell&#8217;epoca,in questa zona, vivevano gli Illiri i quali, sotto l&#8217;influsso della cultura greca, hannolasciato tracce del pi\u00f9 antico insediamento nella citt\u00e0: resti di ciclopiche muradi cinta.<br \/>\nL&#8217;opera muraria \u00e8 la pi\u00f9 antica del genere sulla costa orientale dell&#8217;Adriatico.Nella fortezza della Cittavecchia si trova anche una delle pi\u00f9 antiche iscrizioni inonore della dea Artemide Elafavola. E&#8217;incisa sull&#8217;ara di sacrificio, dono dellacomunit\u00e0 degli scalpellini alla dea Artemide. Vi si legge:<\/p>\n<div style=\"width: 175px\" class=\"wp-caption alignleft\"><a href=\"http:\/\/www.visit-ulcinj.com\/blog\/wp-content\/uploads\/2008\/06\/guri-antik-ne-ulqin.jpg\"><img loading=\"lazy\" title=\"Cittavecchia construite con enorma blocchi di pietra\" src=\"http:\/\/www.visit-ulcinj.com\/blog\/wp-content\/uploads\/2008\/06\/guri-antik-ne-ulqin.jpg\" alt=\"Cittavecchia construite con enorma blocchi di pietra\" width=\"165\" height=\"151\" \/><\/a><p class=\"wp-caption-text\">Cittavecchia construite con enorma blocchi di pietra<\/p><\/div>\n<p>TO KOINON TON LATOMON APTEI (D) I TI ELAFAVOLOI (La comunit\u00e0 dei lapicidi erige ad Arte-mide Elafavola). Oltre a questa ara, le ricerche compiute nel territorio della Cit-tavecchia, cominciate nel 1953 e tuttora in corso, hanno portato alla luce moltialtri oggetti della cultura materiale che confermano la fondazione della citt\u00e0 nelV secolo avanti l&#8217;era volgare. Si tratta di numerosi frammenti di ceramica rossafigurale, di camm\u00e8i con l&#8217;immagine della dea Atena con l&#8217;elmo, eccetera.Quella citt\u00e0, dai Romani conosciuta come Colchinium ed abitata poi da gentidella trib\u00f9 illirica degli Olciniati, fu conquistata dagli stessi Romani nel II secolo(anno 163 a.C.) e ribattezzata Olcinium. E&#8217; il nome questo, che troviamoscritto per la prima volta in Plinio il Vechio, nella sua opera \u00bbNaturalis historiae\u00ab,menzionato pure da Tito Livio. All&#8217;epoca romana Olcinium divenne un isedia&#8212;mento fortificato con lo status di oppidum civium Romanorum, pi\u00f9 tardi dimunicipium, citt\u00e0 con diritti di autonomia. Risale a quell&#8217;epoca una partedella mura di cinta che, per la sua fattura\/costruzione differisce dalle murailliro-greche.<\/p>\n<p><strong>II Medio Evo<\/strong><a href=\"http:\/\/www.visit-ulcinj.com\/blog\/wp-content\/uploads\/2008\/09\/kroni-ne-kala-te-ulqinit1.jpg\"><img loading=\"lazy\" class=\"alignright size-medium wp-image-3511\" title=\"kroni-ne-kala-te-ulqinit1\" src=\"http:\/\/www.visit-ulcinj.com\/blog\/wp-content\/uploads\/2008\/09\/kroni-ne-kala-te-ulqinit1-198x300.jpg\" alt=\"\" width=\"142\" height=\"172\" \/><\/a><br \/>\nIn segito alla divisione dell&#8217;Impero Romano, Olcinium venne a trovarsi nella pro-vincia di Prevalis dell&#8217;Imperio d&#8217;Oriente. In quell&#8217;epoca Ia popolazione abbrac-ci\u00f2 la fede cristiana. Nel periodo di Dioclea e dello Stato dei Nemagna (Ne-manjic) assunse un carattere medievale, diventando altres\u00ec un importante cen-tro commerciale e marittimo con autonomia municipale nell&#8217;ambito dello Statodella Rascia. Difesa da solide mura, resistette ai potenti attacchi dei guerrieridell&#8217;imperatore macedone Samuilo sul finire del IX secolo e, pi\u00f9 tardi (nel 1242)agli assalti delle orde mongole.<br \/>\nAll&#8217;epoca dello Stato di Rascia furono costruite nella Cittavechia deverse chie-se, delle quali sono rimaste oggi soltanto le fondamenta (Santa Madre di Dio,del 1250; S. Giovanni da Dulcigno, del 1290; S. S. Domenico e Sigurato, del1394; S. Michele Sotto Citt\u00e0, del 1406). In questa citta vissero Elena d&#8217;Angi\u00f2(1282-1309), vedova del re serbo Uros, e (nel 1357) la moglie dell&#8217;imperatoreserbo Dusan, anche lei Elena. All&#8217;epoca di Dusan fu istituita in questa citt\u00e0 unazecca.<br \/>\n<a href=\"http:\/\/upload.wikimedia.org\/wikipedia\/commons\/e\/ed\/THE_STATE_OF_BALSIC.png\"><img loading=\"lazy\" class=\"alignleft\" src=\"http:\/\/upload.wikimedia.org\/wikipedia\/commons\/e\/ed\/THE_STATE_OF_BALSIC.png\" alt=\"\" width=\"171\" height=\"164\" \/><\/a>La funzione politica della citt\u00e0 si fece pi\u00f9 importante ai tempi della signoria deiBalsic che si rafforz\u00f2 soprattutto in seguito allo sfacelo dello Stato di Rascia. Diquella signoria si \u00e8 conservata i&#8217;imponente torre \u00bbBalsica\u00ab nella parte alta dellaCittavechia. A Ulcinj mor\u00ec e fu sepolto Duraci Stratimirovie Balsib, \u00bbsignore ditutta la Zeta e del Litorale\u00ab (1385-1403).<br \/>\nCon la fine dello Stato della Zeta, Ulcinj cadde sotto il dominio di Venezianell&#8217;anno 1405 e sotto la Serenissima Repubblica rimase per 150 anni. L&#8217;e-poca veneziana port\u00f2 nuovi elementi nella struttura urbanistica e nell&#8217;architet-tura. Furono ricostruite le mura di cinta, le porte e le torri. Alla citt\u00e0 fu impressoil timbro dell&#8217;urbanesimo veneziano di tipo adriatico orientale con fastosi palaz-zi, chiese e piazze. A quel periodo risale anche una chiesa rinascimentale del1510. Sopra un alto muro nella piccola piazza chiusa nei pressi dell&#8217; ingressoNord alla Cittavecchia, con mattoni rossi \u00e8 stato scritto il nome \u00bbJohani Bolani\u00abdel rettore e capitano veneziano della citt\u00e0.<a href=\"http:\/\/www.visit-ulcinj.com\/blog\/wp-content\/uploads\/2008\/06\/141868459.jpg\"><img loading=\"lazy\" class=\"alignright\" src=\"http:\/\/www.visit-ulcinj.com\/blog\/wp-content\/uploads\/2008\/06\/141868459.jpg\" alt=\"\" width=\"216\" height=\"143\" \/><\/a><\/p>\n<p>Nell&#8217;anno 1571 Ulcinj fu conquistata dai Turchi.Come si vede dalla data,rispetto alle localit\u00e0 vicine ed ai territori dell&#8217;entroterra, Ulcinj fin\u00ec molto tardisotto il dominio ottomano; erano passati gi\u00e0 200 anni da quando i Turchi ave-vano varcato il fiume Maritza (nel 1371), dando inizio alle conquiste dei territorinei Balcani, e circa 90 anni dopo la conquista turca di Herceg-Novi\/Castel-nuovo di Cattaro (1482-1483). Ci\u00f2 dimostra che i Veneziani davano grandeimportanza alla fortezza di Dulcigno-Ulcinj sul piano strategico, marittimo, eco-nomico e politico.<br \/>\n<a href=\"http:\/\/upload.wikimedia.org\/wikipedia\/commons\/thumb\/7\/72\/Boka_oldmap.gif\/300px-Boka_oldmap.gif\"><img loading=\"lazy\" class=\"alignleft\" src=\"http:\/\/upload.wikimedia.org\/wikipedia\/commons\/thumb\/7\/72\/Boka_oldmap.gif\/300px-Boka_oldmap.gif\" alt=\"\" width=\"144\" height=\"129\" \/><\/a>Con l&#8217;occupazione turca, la citt\u00e0 sub\u00ec una nuova trasformazione, finendo perassumere una fisionomia prettamente orientale. In essa sorsero moschee, fon-tane, la torre dell&#8217;orologio, bagni pubblici, locande, sepolcri musulmani,bazarle case furono adattate al modo di vivere dei nuovi padroni. 1 quali riem-pirono di case di abitazione la parte inferiore della citt\u00e0, trasformando in mos-chea la chiesa nella parte alta (nel 1693), mentre nel sobborgo sorse una bor-gata periferica nella quale furono costruite parecchie moschee:<br \/>\nla Moschea delPasci\u00e0 o \u00bbPasc\u00ecna\u00ab (1719), la Moschea Principale (1728), la Brijeg-Moschea (oMoschea della Collina) del 1783, la Moschea Ljamina (1689), la moschea diVrh-pazar (1749), la Moschea Meraja (1779).<a href=\"http:\/\/www.visit-ulcinj.com\/blog\/wp-content\/uploads\/2008\/06\/ulqini-vjeter1.jpg\"><img loading=\"lazy\" class=\"alignright\" src=\"http:\/\/www.visit-ulcinj.com\/blog\/wp-content\/uploads\/2008\/06\/ulqini-vjeter1.jpg\" alt=\"\" width=\"90\" height=\"137\" \/><\/a><br \/>\nParticolarmente bella dal punto di vista architettonico \u00e8 la torre dell&#8217;orologiocostruita nel 1754.<br \/>\nL&#8217;islam impresse la sua Impronta all&#8217;intera vita privata e sociale. Il dominio turcosi protrasse per oltre 300 anni, fino a quando, in attuazione delle decisionidel Congresso di Berlino (1878), Ulcinj fu annessa al Montenegro.<\/p>\n<p style=\"text-align: center;\"><strong>Burrascosa storia della citta Ulcinj &#8211; Montenegro<\/strong><br \/>\n<!-- vimeo error: not a vimeo video --><\/p>\n<p style=\"text-align: center;\">\n<p style=\"text-align: center;\"><a class=\"aligncenter\" title=\"???? ????,?????,Ulcinj,Montenegru,??????????,\u00c7ernoqoriya,???????????,Montenegiro,?ern\u00e1 Hora,??????????,Cz\u00f4rnog\u00f3ra,Cz\u00f4rn\u00f4 G\u00f3ra,Carna G\u00f3ra,T\u0161ernogooria,\u00c7ernogoriya,Montain\u00e9agr\u00f3,Montenegwo,?orna Hora,Montenegr\u00f3,M?ntenigro,Chernogoriya ,\u00c7\u00earnogor\u00ee ,?????????,????????? ,??????? ,Montes Nigrae,Mons Niger,M\u00f4ntenegr\u00f4,Muntenegru,??????????,Czarnog\u00f3ra,Muntinigru,Muntenegro,&lt;br &gt;&lt;\/a&gt; Muntenegru,\t?ierna Hora,Cxerngora,????????,?rna gora,Moontineegro,?ornog?ra,\u00c7ernogori\u00fda,Chernogoriya,Mont\u00f5negro,????? ???? ,?r?na Gora,?r?nogorije,?ernogorija,?arnahoryja,??????????,???????????????????? ,?ern?g?riy\u00e2,M?nt?n??r?,????? ?????? ,?????????,??????????,???????????,M?nten?gro,???? ????? ,????????,M\u00f4ntenegr\u00f4,????????????,???????????,????????????, ??????????? ,????????????,??????????? ,??\/?? ,??????,????? ,Muntenegru, ????? ????, Montenegr\u00f3,chambres \u00e0 louer \u00e0 ulcinj, location de vacance, location saisonni\u00e8res, louer villa,location de vacance, Locations vacance, h\u00e9bergements vacances, locations villa, logements de vacances, location maison avec piscine, Location vacance, locations de vacance, h\u00e9bergements de vacances, location villa, locations entre particulier, logements vacance, vacances \u00e0 Mont\u00e9n\u00e9gro - location \u00e0 Ulcinj ,location  de bigorre,Urlaub in Ulcinj -Montenegro,Hotelbewertungen Ulcinj,Reisen Ulcinj, Urlaub Ulcinj,Hotel in Serbien und Montenegro von Urlaubern bewertet,Billig Urlaub in Ulcinj,ferienh\u00e4user,ferienwohnung,Billige Ferienh\u00e4user,Ferienwohnung ULCINJ,Ferien an der Adria,Urlaub im Ferienhaus ulcinjBilligreisen Ulcinj,Pauschalreisen,FKK Strand Ada Bojana ulcinj,Last Minute Angebote ulcinj,Preise f\u00fcr Lastminute,Kleinanzeigen gratis,Ausflug nach Ulcinj,FKK-Reisen ada bojana,FKK-Urlaub ulcinj,Privatni smje\u0161taj,rezervacija smje\u0161taja,apartmani,sobe,ku?e,odmor,sobe za odmor ulcinj,Pretra\u017eivanje privatnog smje\u0161taja,rooms rent accommodation ulcinj, rentail private accommodation ulcinj,\u017delite rezervirati privatni smje\u0161taj,Private accommodation,Smje\u0161taj ulcinj,Pushime Verore ulqin,pushime t\u00eb lira n\u00eb ulqin,Pushime ne plazh,Pushime te kendshme,dhoma per pushime ulqin,dhoma me qera ulqin,dhoma te lira ulqin,pushime te lira ulqin,mali i zi,kosova,maqedoni,shqiperi,Pushime ne det te ulqinit,godi\u0161nji odmor u ulcinj,odmor u ulcinj,Ku?a za odmor,kuda na odmor,ljetovanje u ulcinj,slobodne sobe,dhoma te lira,ku?a uz more,turisti?ka ponuda,odmor i zabava,povolne cene,sobe,usluge,Mjesto za Va\u0161 odmor , Place for Your holiday,Odmor portal,putovanaja,Iznajmljivanje soba ulcinj,odmor ulcinj info,Va\u0161e mjesto za odmor ulcinj,nudisticka plaza ada bojana,smjestaj ponuda ulcinj,lokacioni i dhomave ulqin,deti,plazhet e bukura,diskoteka,zbavitja,.\" href=\"http:\/\/www.visit-ulcinj.com\/tourism\/\" target=\"_blank\" rel=\"noopener\"><img loading=\"lazy\" class=\"aligncenter\" src=\"http:\/\/www.visit-ulcinj.com\/blog\/wp-content\/uploads\/2008\/06\/holiday-rental-ulcinj-ulqini_ulqin_logo.gif\" alt=\"Apatin,  Aran?elovac,  ?uprija,  ?a?ak,  ?apljina,  ?itluk,  \u0160abac,  \u0160ipovo,  \u0160iroki Brijeg,  \u017dep?e,  \u017divinice,  Ba?ka Palanka,  Banja Luka,  Banovi?i,  Be?ej,  beograd,  Biha?,  Bijeljina,  Bor,  Bor?a,  Bosanska Gradi\u0161ka,  Bosanska Krupa,  Bosanski \u0160amac,  Bosanski Brod,  Bosanski Novi,  Br?ko,  Bu\u017eim,  Bugojno,  Cazin,  Crna Gora,  Derventa,  Doboj,  Donji Vakuf,  Drvar,  Dubrovnik,  Fo?a,  Fojnica,  Glamo?,  Gora\u017ede,  Gornji Milanovac,  Gornji Vakuf,  gostivar,  Gra?anica,  Grada?ac,  Gradiska,  Grahovo,  Had\u017ei?i,  Ilid\u017ea,  In?ija,  Jablanica,  Jagodina,  Jajce,  Kakanj,  Kalu?erica,  Kikinda,  Klju?,  Konjic,  Kotor Varo\u0161,  Kragujevac,  Kraljevo,  Kru\u0161evac,  Kula,  Kupres,  Lakta\u0161i,  Lazarevac,  Leskovac,  Livno,  Ljubinje,  ljublana,  Ljubu\u0161ki,  Loznica,  Lukavac,  Maglaj,  Mladenovac,  Modri?a,  montenegro erlajnz,  mostar,  Mrkonji? Grad,  Neum,  Ni\u0161,  Novi Pazar,  Novi Sad,  Novi Travnik,  Obrenovac,  Od\u017eak,  ohrid,  Ora\u0161je,  Pale,  Pan?evo,  Para?in,  Pirot,  Po\u017earevac,  Podgorica,  Priboj,  Prijedor,  Prokuplje,  Prozor,  pula,  rijeka,  Ruma,  Sanski Most,  Sarajevo,  Senta,  serbija,  sibenik,  skopje,  Smederevo,  Smederevska Palanka,  Sokolac,  Sombor,  split,  Srebrenica,  Srebrenik,  Sremska Mitrovica,  Stolac,  Struga,  Subotica,  Temerin,  Tesli?,  tetovo,  Travnik,  Trebinje,  tuzla,  U\u017eice,  ulcinj,  Valjevo,  Velika Kladu\u0161a,  Vi\u0161egrad,  Visoko,  Vitez,  Vogo\u0161?a,  vojvodina,  Vranje,  Vr\u0161ac,  Vrbas,  zadar,  Zagreb,  Zaje?ar,  Zavidovi?i,  Zenica,  Zrenjanin,  Zvornik,copacabana ulcinj,  h\u00f4tels,  hotel ulqin,  Kosova,  Mali i Zi,  Maqedonija,  Montenegro,  montenegro tourisme plage,  montenegro ulcinj,  Shpallje Falas,  Shpallje Falas per shitjen e shtepis se juaj,  Shpallje Falas per villat e juaj,  Shpallje Falas Real Estate,  Shpallje Falas turistike,  shqiperija,  tourisme,  Ulci?,  ulcinj,  ulqin,  ulqin hotel,  ulqini,  ulqini 2007,Ada Bojana,  Alba?czyk,  Cita di Dolcino,  Copacabana,  Czarnog\u00f3ra,  Czarnog\u00f3rzec,  Don Kichota,  Ma?a Pla?a,  Mandra,  MIGUEL DE SERVANTES,  p\u00f3?wyspy Marjan,  Pla?a Valdanos,  Rzeka Bojana,  Shas \/ \u0160as \/ Sva?,  Ulci?,  Ulcinjsk? Riwier?,  Wielka Pla?a,  Wyspa Bojana,GORA,??????????,???????,??????????, ?ern\u00e1 Hora,TO ULCINJ \/ ULQIN,MONTENEGRO, Czarnog\u00f3ra, Muntenegru, ????? ????, Montenegr\u00f3,villa \u00e0 louer \u00e0 ulcinj, location de vacance, location saisonni\u00e8res, louer chambres,location de vacance, Locations vacance, h\u00e9bergements vacances, locations villa, logements de vacances, location maison avec piscine, Location vacance, locations de vacance, h\u00e9bergements de vacances, location, locations entre particulier, logements vacance, vacances \u00e0 Mont\u00e9n\u00e9gro - location \u00e0 Ulcinj ,location  de bigorre,Albaniku,  Artana,  Bujanoci,  Burimi,  Dardana,  Dardan\u00eb,  De\u00e7an,  Dibra,  Drenas,  Drenasi,  Ferizaj,  Ferizaji,  Fush\u00eb Kosova,  Fush\u00eb Kosov\u00eb,  Gjakova,  Gjakov\u00eb,  Gjilan,  Gjilani,  Gostivari,  Istog,  Istog\u00b7,  Ka\u00e7anik,  Ka\u00e7aniku,  Kastrioti,  K\u00ebr\u00e7ova,  Klina,  Klin\u00eb,  Kumanova,  Leposaviq,  Leskovci,  Likova,  Lipjan,  Lipjani,  Malisheva,  Malishev\u00eb,  Manastiri,  Medvegja,  Mitrovica,  Mitrovic\u00eb,  Novob\u00ebrd\u00eb,  Obiliq\u00b7 Rahovec,  Ohri,  Peja,  Pej\u00eb,  Podujeva,  Podujev\u00eb,  Presheva,  Prishtina,  Prishtin\u00eb,  Prizren,  Prizreni,  Rahoveci,  Sharri,  Sharri (Kosov\u00eb),  Shkupi,  Sht\u00ebrpca,  Sht\u00ebrpc\u00eb,  Shtime,  Sk\u00ebnderaj,  Struga,  Tetova,  Theranda,  Therand\u00eb,  Triumf Riza,  Veleshta,  Viti,  Vitia,  Vushtrri,  Vushtrria,  Zubin Potok,  Zubin Potoku,  Zve\u00e7an,  Zve\u00e7ani,Struga,Gostivari,Gostivar,Ker\u00e7ova,Tirana,Durr\u00ebsi,Elbasani,Shkodra,Tuzi,Vlora, Kor\u00e7a,Fieri,Berati,Lushnja ,Kavaja,Pogradeci,La\u00e7i,Gjirokastra,Patosi,Kruja,Ku\u00e7ova,Kuk\u00ebsi,Lezha,Saranda,Peshkopia,Burreli,C\u00ebrriku,\u00c7orovoda,Shijaku,Librazhdi,Tepelena,Gramshi,Poli\u00e7ani,Bulqiza,P\u00ebrmeti,Fush\u00ebKruja,Kamza,Rr\u00ebsheni,Ballshi,Mamurrasi,BajramCurri,Erseka,Peqini,Divjaka,Selenica,Bilishti,Roskoveci,Puka,Memaliaj,Rrogozhina,Ura Vajgurore,Himara,Delvina,Vora,Kopliku,Maliqi,P\u00ebrrenjasi,Kruma, Libohova,Orikumi,Fush\u00eb-Arr\u00ebza,Sh\u00ebngjini,Rubiku,Miloti, Leskoviku,Konispoli,K\u00eblcyra,Krasta,K\u00ebrraba,Manastiri,Hara\u00e7ina,Likova,Prilepi,Zajazi,Vrap\u00e7ishti,Bogovin\u00eb,Mavrov\u00eb,Rostush\u00eb,Zhupa,Studeni\u00e7ani,Tearc\u00eb, Brevinc\u00eb,Manastiri,\u00e7amerija,\u00e7ame,sanxhak.novi pazar,tutin,Besplatni internet oglasi,Besplatni oglasi,besplatni mali oglasi,besplatni turisti?ki oglasi,oglasi, usluge, turizam,Turisti?ke usluge,Doma?i turizam,Besplatni Oglasnik,Brzi Oglasi Besplatno,Besplatno OglasavanjeTurizam,besplatni oglasi sa slikom,Turisticki informator besplatni,li?ni-oglasi,BESPLATNI Turisticki OGLASI SA SLIKAMA,BESPLATNI Turisticki Oglasi saVideom,turisticki smestaj oglasi,Turisti?ki vodi? balkana,BESPLATNA REZERVACIJA SMESTAJA,Postavite besplatno Vas oglas,FREE TOURIST GUIDES,Izdavanje-Turizam oglasi,Balkan Turisticki vodic,shpallje turistike falas,Shpallje Falas,Shpallje falas per Komplekse Turistike,Lajmerime,Njoftime,shpallje shqip per shqiptaret ne shqiperi kosova maqedoni,mal te zi,\" width=\"380\" height=\"120\" \/><\/a><\/p>\n","protected":false},"excerpt":{"rendered":"<p>Mobil: Viber + Whatsapp: +382 69 335 534\u00a0 : +382 69 335 512 Ulcinj \u00e8 tra le citt\u00e0 pi\u00f9 antiche sulla costa orientale dell&#8217;Adriatico. Dalla preistoriaalla fine del XIX secolo, a causa della sua posizione geografica, fu oggetto diconquista di svariati popoli. Alcuni vi si fermarono a lungo, altri brevemente, matutti vi hanno lasciato qualche [&hellip;]<\/p>\n","protected":false},"author":1,"featured_media":0,"comment_status":"open","ping_status":"closed","sticky":false,"template":"","format":"standard","meta":{"spay_email":"","jetpack_publicize_message":"","jetpack_is_tweetstorm":false,"jetpack_publicize_feature_enabled":true},"categories":[15],"tags":[79,19,200,18],"jetpack_publicize_connections":[],"yoast_head":"<!-- This site is optimized with the Yoast SEO plugin v19.1 - https:\/\/yoast.com\/wordpress\/plugins\/seo\/ -->\n<title>Burrascosa storia della citta Ulcinj - Montenegro - Lajme nga Ulqini<\/title>\n<meta name=\"description\" content=\"Mobil: Viber + Whatsapp: +382 69 335 534\u00a0 : +382 69 335 512 Ulcinj \u00e8 tra le citt\u00e0 pi\u00f9 antiche sulla costa orientale dell&#039;Adriatico. Dalla preistoriaalla\" \/>\n<meta name=\"robots\" content=\"index, follow, max-snippet:-1, max-image-preview:large, max-video-preview:-1\" \/>\n<link rel=\"canonical\" href=\"https:\/\/www.visit-ulcinj.com\/blog\/2008\/09\/22\/burrascosa-storia-della-citta-ulcinj\/\" \/>\n<meta property=\"og:locale\" content=\"en_US\" \/>\n<meta property=\"og:type\" content=\"article\" \/>\n<meta property=\"og:title\" content=\"Burrascosa storia della citta Ulcinj - Montenegro - Lajme nga Ulqini\" \/>\n<meta property=\"og:description\" content=\"Mobil: Viber + Whatsapp: +382 69 335 534\u00a0 : +382 69 335 512 Ulcinj \u00e8 tra le citt\u00e0 pi\u00f9 antiche sulla costa orientale dell&#039;Adriatico. Dalla preistoriaalla\" \/>\n<meta property=\"og:url\" content=\"https:\/\/www.visit-ulcinj.com\/blog\/2008\/09\/22\/burrascosa-storia-della-citta-ulcinj\/\" \/>\n<meta property=\"og:site_name\" content=\"Lajme nga Ulqini\" \/>\n<meta property=\"article:published_time\" content=\"2008-09-22T14:59:54+00:00\" \/>\n<meta property=\"article:modified_time\" content=\"2023-04-01T12:22:19+00:00\" \/>\n<meta property=\"og:image\" content=\"http:\/\/www.visit-ulcinj.com\/blog\/wp-content\/uploads\/2008\/06\/dulcigno.jpg\" \/>\n<meta name=\"twitter:label1\" content=\"Written by\" \/>\n\t<meta name=\"twitter:data1\" content=\"ulqini\" \/>\n\t<meta name=\"twitter:label2\" content=\"Est. reading time\" \/>\n\t<meta name=\"twitter:data2\" content=\"7 minutes\" \/>\n<script type=\"application\/ld+json\" class=\"yoast-schema-graph\">{\"@context\":\"https:\/\/schema.org\",\"@graph\":[{\"@type\":\"WebSite\",\"@id\":\"https:\/\/www.visit-ulcinj.com\/blog\/#website\",\"url\":\"https:\/\/www.visit-ulcinj.com\/blog\/\",\"name\":\"Lajme nga Ulqini\",\"description\":\"Lajme,Vijesti,Ulqini,Ulqin,Crna Gora,Mali i Zi\",\"potentialAction\":[{\"@type\":\"SearchAction\",\"target\":{\"@type\":\"EntryPoint\",\"urlTemplate\":\"https:\/\/www.visit-ulcinj.com\/blog\/?s={search_term_string}\"},\"query-input\":\"required name=search_term_string\"}],\"inLanguage\":\"en-US\"},{\"@type\":\"ImageObject\",\"inLanguage\":\"en-US\",\"@id\":\"https:\/\/www.visit-ulcinj.com\/blog\/2008\/09\/22\/burrascosa-storia-della-citta-ulcinj\/#primaryimage\",\"url\":\"http:\/\/www.visit-ulcinj.com\/blog\/wp-content\/uploads\/2008\/06\/dulcigno.jpg\",\"contentUrl\":\"http:\/\/www.visit-ulcinj.com\/blog\/wp-content\/uploads\/2008\/06\/dulcigno.jpg\"},{\"@type\":\"WebPage\",\"@id\":\"https:\/\/www.visit-ulcinj.com\/blog\/2008\/09\/22\/burrascosa-storia-della-citta-ulcinj\/#webpage\",\"url\":\"https:\/\/www.visit-ulcinj.com\/blog\/2008\/09\/22\/burrascosa-storia-della-citta-ulcinj\/\",\"name\":\"Burrascosa storia della citta Ulcinj - Montenegro - Lajme nga Ulqini\",\"isPartOf\":{\"@id\":\"https:\/\/www.visit-ulcinj.com\/blog\/#website\"},\"primaryImageOfPage\":{\"@id\":\"https:\/\/www.visit-ulcinj.com\/blog\/2008\/09\/22\/burrascosa-storia-della-citta-ulcinj\/#primaryimage\"},\"datePublished\":\"2008-09-22T14:59:54+00:00\",\"dateModified\":\"2023-04-01T12:22:19+00:00\",\"author\":{\"@id\":\"https:\/\/www.visit-ulcinj.com\/blog\/#\/schema\/person\/dcab619c614d3038751c63bc2aadc06d\"},\"description\":\"Mobil: Viber + Whatsapp: +382 69 335 534\u00a0 : +382 69 335 512 Ulcinj \u00e8 tra le citt\u00e0 pi\u00f9 antiche sulla costa orientale dell'Adriatico. Dalla preistoriaalla\",\"breadcrumb\":{\"@id\":\"https:\/\/www.visit-ulcinj.com\/blog\/2008\/09\/22\/burrascosa-storia-della-citta-ulcinj\/#breadcrumb\"},\"inLanguage\":\"en-US\",\"potentialAction\":[{\"@type\":\"ReadAction\",\"target\":[\"https:\/\/www.visit-ulcinj.com\/blog\/2008\/09\/22\/burrascosa-storia-della-citta-ulcinj\/\"]}]},{\"@type\":\"BreadcrumbList\",\"@id\":\"https:\/\/www.visit-ulcinj.com\/blog\/2008\/09\/22\/burrascosa-storia-della-citta-ulcinj\/#breadcrumb\",\"itemListElement\":[{\"@type\":\"ListItem\",\"position\":1,\"name\":\"Burrascosa storia della citta Ulcinj &#8211; Montenegro\"}]},{\"@type\":\"Person\",\"@id\":\"https:\/\/www.visit-ulcinj.com\/blog\/#\/schema\/person\/dcab619c614d3038751c63bc2aadc06d\",\"name\":\"ulqini\",\"sameAs\":[\"http:\/\/www.visit-ulcinj.com\"],\"url\":\"https:\/\/www.visit-ulcinj.com\/blog\/author\/admin\/\"}]}<\/script>\n<!-- \/ Yoast SEO plugin. -->","yoast_head_json":{"title":"Burrascosa storia della citta Ulcinj - Montenegro - Lajme nga Ulqini","description":"Mobil: Viber + Whatsapp: +382 69 335 534\u00a0 : +382 69 335 512 Ulcinj \u00e8 tra le citt\u00e0 pi\u00f9 antiche sulla costa orientale dell'Adriatico. Dalla preistoriaalla","robots":{"index":"index","follow":"follow","max-snippet":"max-snippet:-1","max-image-preview":"max-image-preview:large","max-video-preview":"max-video-preview:-1"},"canonical":"https:\/\/www.visit-ulcinj.com\/blog\/2008\/09\/22\/burrascosa-storia-della-citta-ulcinj\/","og_locale":"en_US","og_type":"article","og_title":"Burrascosa storia della citta Ulcinj - Montenegro - Lajme nga Ulqini","og_description":"Mobil: Viber + Whatsapp: +382 69 335 534\u00a0 : +382 69 335 512 Ulcinj \u00e8 tra le citt\u00e0 pi\u00f9 antiche sulla costa orientale dell'Adriatico. Dalla preistoriaalla","og_url":"https:\/\/www.visit-ulcinj.com\/blog\/2008\/09\/22\/burrascosa-storia-della-citta-ulcinj\/","og_site_name":"Lajme nga Ulqini","article_published_time":"2008-09-22T14:59:54+00:00","article_modified_time":"2023-04-01T12:22:19+00:00","og_image":[{"url":"http:\/\/www.visit-ulcinj.com\/blog\/wp-content\/uploads\/2008\/06\/dulcigno.jpg"}],"twitter_misc":{"Written by":"ulqini","Est. reading time":"7 minutes"},"schema":{"@context":"https:\/\/schema.org","@graph":[{"@type":"WebSite","@id":"https:\/\/www.visit-ulcinj.com\/blog\/#website","url":"https:\/\/www.visit-ulcinj.com\/blog\/","name":"Lajme nga Ulqini","description":"Lajme,Vijesti,Ulqini,Ulqin,Crna Gora,Mali i Zi","potentialAction":[{"@type":"SearchAction","target":{"@type":"EntryPoint","urlTemplate":"https:\/\/www.visit-ulcinj.com\/blog\/?s={search_term_string}"},"query-input":"required name=search_term_string"}],"inLanguage":"en-US"},{"@type":"ImageObject","inLanguage":"en-US","@id":"https:\/\/www.visit-ulcinj.com\/blog\/2008\/09\/22\/burrascosa-storia-della-citta-ulcinj\/#primaryimage","url":"http:\/\/www.visit-ulcinj.com\/blog\/wp-content\/uploads\/2008\/06\/dulcigno.jpg","contentUrl":"http:\/\/www.visit-ulcinj.com\/blog\/wp-content\/uploads\/2008\/06\/dulcigno.jpg"},{"@type":"WebPage","@id":"https:\/\/www.visit-ulcinj.com\/blog\/2008\/09\/22\/burrascosa-storia-della-citta-ulcinj\/#webpage","url":"https:\/\/www.visit-ulcinj.com\/blog\/2008\/09\/22\/burrascosa-storia-della-citta-ulcinj\/","name":"Burrascosa storia della citta Ulcinj - Montenegro - Lajme nga Ulqini","isPartOf":{"@id":"https:\/\/www.visit-ulcinj.com\/blog\/#website"},"primaryImageOfPage":{"@id":"https:\/\/www.visit-ulcinj.com\/blog\/2008\/09\/22\/burrascosa-storia-della-citta-ulcinj\/#primaryimage"},"datePublished":"2008-09-22T14:59:54+00:00","dateModified":"2023-04-01T12:22:19+00:00","author":{"@id":"https:\/\/www.visit-ulcinj.com\/blog\/#\/schema\/person\/dcab619c614d3038751c63bc2aadc06d"},"description":"Mobil: Viber + Whatsapp: +382 69 335 534\u00a0 : +382 69 335 512 Ulcinj \u00e8 tra le citt\u00e0 pi\u00f9 antiche sulla costa orientale dell'Adriatico. Dalla preistoriaalla","breadcrumb":{"@id":"https:\/\/www.visit-ulcinj.com\/blog\/2008\/09\/22\/burrascosa-storia-della-citta-ulcinj\/#breadcrumb"},"inLanguage":"en-US","potentialAction":[{"@type":"ReadAction","target":["https:\/\/www.visit-ulcinj.com\/blog\/2008\/09\/22\/burrascosa-storia-della-citta-ulcinj\/"]}]},{"@type":"BreadcrumbList","@id":"https:\/\/www.visit-ulcinj.com\/blog\/2008\/09\/22\/burrascosa-storia-della-citta-ulcinj\/#breadcrumb","itemListElement":[{"@type":"ListItem","position":1,"name":"Burrascosa storia della citta Ulcinj &#8211; Montenegro"}]},{"@type":"Person","@id":"https:\/\/www.visit-ulcinj.com\/blog\/#\/schema\/person\/dcab619c614d3038751c63bc2aadc06d","name":"ulqini","sameAs":["http:\/\/www.visit-ulcinj.com"],"url":"https:\/\/www.visit-ulcinj.com\/blog\/author\/admin\/"}]}},"jetpack_featured_media_url":"","jetpack_sharing_enabled":true,"jetpack_shortlink":"https:\/\/wp.me\/pe6lTn-Uy","_links":{"self":[{"href":"https:\/\/www.visit-ulcinj.com\/blog\/wp-json\/wp\/v2\/posts\/3506"}],"collection":[{"href":"https:\/\/www.visit-ulcinj.com\/blog\/wp-json\/wp\/v2\/posts"}],"about":[{"href":"https:\/\/www.visit-ulcinj.com\/blog\/wp-json\/wp\/v2\/types\/post"}],"author":[{"embeddable":true,"href":"https:\/\/www.visit-ulcinj.com\/blog\/wp-json\/wp\/v2\/users\/1"}],"replies":[{"embeddable":true,"href":"https:\/\/www.visit-ulcinj.com\/blog\/wp-json\/wp\/v2\/comments?post=3506"}],"version-history":[{"count":1,"href":"https:\/\/www.visit-ulcinj.com\/blog\/wp-json\/wp\/v2\/posts\/3506\/revisions"}],"predecessor-version":[{"id":106894,"href":"https:\/\/www.visit-ulcinj.com\/blog\/wp-json\/wp\/v2\/posts\/3506\/revisions\/106894"}],"wp:attachment":[{"href":"https:\/\/www.visit-ulcinj.com\/blog\/wp-json\/wp\/v2\/media?parent=3506"}],"wp:term":[{"taxonomy":"category","embeddable":true,"href":"https:\/\/www.visit-ulcinj.com\/blog\/wp-json\/wp\/v2\/categories?post=3506"},{"taxonomy":"post_tag","embeddable":true,"href":"https:\/\/www.visit-ulcinj.com\/blog\/wp-json\/wp\/v2\/tags?post=3506"}],"curies":[{"name":"wp","href":"https:\/\/api.w.org\/{rel}","templated":true}]}}