{"id":35063,"date":"2010-07-01T23:47:45","date_gmt":"2010-07-01T21:47:45","guid":{"rendered":"http:\/\/www.visit-ulcinj.com\/blog\/?p=35063"},"modified":"2010-07-07T14:48:12","modified_gmt":"2010-07-07T12:48:12","slug":"zjarrfikesit-nga-ulqini-ne-pergaditje-maksimale","status":"publish","type":"post","link":"https:\/\/www.visit-ulcinj.com\/blog\/2010\/07\/01\/zjarrfikesit-nga-ulqini-ne-pergaditje-maksimale\/","title":{"rendered":"Zjarrfik\u00ebsit nga Ulqini n\u00eb pergaditje maksimale"},"content":{"rendered":"<p><a href=\"http:\/\/www.visit-ulcinj.com\/blog\/wp-content\/uploads\/2010\/07\/Zjarrfik\u00ebsit-nga-Ulqini.jpg\"><img loading=\"lazy\" class=\"alignleft size-full wp-image-35064\" title=\"Zjarrfik\u00ebsit nga Ulqini,Rexhep Mustafiq, Naim Bajraktari, Allmir Koka, Milan Glendza, Ylber Gjeka, Fikret Hajdinaga, Kadro Kurti, Nihat Hasa, Nikola Radulovic, Naill Rexha, Daut Mavriq, Gezim Nimanbegu, Kenan Kaplanoviq, Flamur Selovi?-na?elnik, Alpin Avdiq, Gazi Mustafic  (photos), Hamdi Truma, Gezim Hajdinaga-gradona?elnik, Agim Avdju, Artan Vukoviq, Almir Milli Ljamovic (photos), Enver Ujkasheviq, Fadilj Sukaliq, Januz Mehmedoviq, Ali Mehmedoviq, Suad Bushati, Ahmet Metanoviq, Rifat Sefa, Artan Kolari\" src=\"http:\/\/www.visit-ulcinj.com\/blog\/wp-content\/uploads\/2010\/07\/Zjarrfik\u00ebsit-nga-Ulqini.jpg\" alt=\"Zjarrfik\u00ebsit nga Ulqini\" width=\"490\" height=\"390\" \/><\/a>P\u00ebr t&#8217;i paraprir\u00eb rritjes s\u00eb temperaturave si dhe evitimit n\u00eb koh\u00eb t\u00eb zjarreve sektori i zjarrfik\u00ebses n\u00eb qytetin e Ulqinit\u00a0 ka marr\u00eb t\u00eb gjitha masat e nevojshme p\u00ebr shuarjen n\u00eb koh\u00eb t\u00eb vatrave t\u00eb zjarrit.<br \/>\n&#8220;I gjith\u00eb efektivi i zjarr\u00ebfik\u00ebses dhe makinerit\u00eb jan\u00eb n\u00eb dispozicion p\u00ebr t&#8217;i sh\u00ebrbyer komunitetit,&#8221; n\u00eb Komun\u00ebn e Ulqinit,shp\u00ebrndar\u00eb sot p\u00ebr mediat nga Komuna e Ulqinit.<br \/>\nN\u00eb bashk\u00ebpunim dhe me policin\u00eb, uj\u00ebsjell\u00ebsin si dhe komunitetin, reparti i zjarrfik\u00ebses do t\u00eb p\u00ebrballoj\u00eb sezonin e ver\u00ebs ku rrezikshm\u00ebria e r\u00ebnies s\u00eb zjarreve \u00ebsht\u00eb evidente, vazhdon komunikata. Prioritet p\u00ebr k\u00ebt\u00eb vit u \u00ebsht\u00eb dh\u00ebn\u00eb pyjeve, duke k\u00ebrkuar bashk\u00ebpunimin e kryetar\u00ebve t\u00eb komunave n\u00eb Mal t\u00eb Zi pasi 50 p\u00ebr qind e administrimit t\u00eb pyjeve i ka kaluar k\u00ebtyre t\u00eb fundit.<br \/>\nN\u00eb kahasim me vitin 2006\/2007\/dhe vitit 2008 rastet e r\u00ebnies s\u00eb zjarrit n\u00eb qarkun e Ulqinit kan\u00eb ardhur n\u00eb r\u00ebnie.<\/p>\n<p><strong>Nj\u00ebsiti Territorial Komunal i Zjarrfik\u00ebsve\u00a0 n\u00eb Ulqin jan\u00eb:<\/strong><\/p>\n<p>Kryetari i komun\u00ebs s\u00eb Ulqinit G\u00ebzim Hajdinaga,Udh\u00ebheq\u00ebsi i Nj\u00ebsitit t\u00eb zjarrfik\u00ebsve t\u00eb Ulqinit Flamur Seloviq,Rexhep Mustafiq,Naim Bajraktari,Allmir Koka,MilanGlendza,Ylber Gjeka,Fikret Hajdinaga,Kadro Kurti,Nihat Hasa,Nikola Radulovic,Daut Mavriq,Gezim Nimanbegu,Kenan Kaplanoviq,Alpin Avdiq,Gazi Mustafic,Hamdi Truma,Agim Avdju,Artan Vukoviq,Almir Milli Ljamoviq,Enver Ujkasheviq,Fadilj Sukaliq,Januz Mehmedoviq,Ali Mehmedoviq,Suad Bushati,Ahmet Metanoviq,Rifat Sefa,Artan Kolari.<\/p>\n<h3><span><a href=\"http:\/\/www.facebook.com\/pages\/Lajme-Nga-Ulqini\/143844329234#!\/profile.php?id=100001187715009&amp;ref=ts\" target=\"_blank\">Vatrogasno  Ulcinj Facebook<\/a><br \/>\n<\/span><\/h3>\n<h3><a href=\"http:\/\/www.visit-ulcinj.com\/gallery\/main.php?g2_page=2\" target=\"_blank\"><span>Albumi i <\/span><strong>Nj\u00ebsitit Territorial Komunal i Zjarrfik\u00ebsve\u00a0 n\u00eb Ulqin<\/strong><\/a><\/h3>\n<p><strong>Lajme nga Ulqini<br \/>\n\n\t\t<style type=\"text\/css\">\n\t\t\t#gallery-1 {\n\t\t\t\tmargin: auto;\n\t\t\t}\n\t\t\t#gallery-1 .gallery-item {\n\t\t\t\tfloat: left;\n\t\t\t\tmargin-top: 10px;\n\t\t\t\ttext-align: center;\n\t\t\t\twidth: 33%;\n\t\t\t}\n\t\t\t#gallery-1 img {\n\t\t\t\tborder: 2px solid #cfcfcf;\n\t\t\t}\n\t\t\t#gallery-1 .gallery-caption {\n\t\t\t\tmargin-left: 0;\n\t\t\t}\n\t\t\t\/* see gallery_shortcode() in wp-includes\/media.php *\/\n\t\t<\/style>\n\t\t<div id='gallery-1' class='gallery galleryid-35063 gallery-columns-3 gallery-size-thumbnail'><dl class='gallery-item'>\n\t\t\t<dt class='gallery-icon '>\n\t\t\t\t<a href='https:\/\/www.visit-ulcinj.com\/blog\/wp-content\/uploads\/2010\/07\/Zjarrfik\u00c3\u00absit-nga-Ulqini.jpg'><img width=\"1\" height=\"1\" src=\"https:\/\/www.visit-ulcinj.com\/blog\/wp-content\/uploads\/2010\/07\/Zjarrfik\u00c3\u00absit-nga-Ulqini.jpg\" class=\"attachment-thumbnail size-thumbnail\" alt=\"\" loading=\"lazy\" \/><\/a>\n\t\t\t<\/dt><\/dl><dl class='gallery-item'>\n\t\t\t<dt class='gallery-icon '>\n\t\t\t\t<a href='https:\/\/www.visit-ulcinj.com\/blog\/wp-content\/uploads\/2010\/07\/Zjarrfik\u00c3\u00absit-nga-Ulqini.2.jpg'><img width=\"1\" height=\"1\" src=\"https:\/\/www.visit-ulcinj.com\/blog\/wp-content\/uploads\/2010\/07\/Zjarrfik\u00c3\u00absit-nga-Ulqini.2.jpg\" class=\"attachment-thumbnail size-thumbnail\" alt=\"\" loading=\"lazy\" \/><\/a>\n\t\t\t<\/dt><\/dl><dl class='gallery-item'>\n\t\t\t<dt class='gallery-icon '>\n\t\t\t\t<a href='https:\/\/www.visit-ulcinj.com\/blog\/wp-content\/uploads\/2010\/07\/Zjarrfik\u00c3\u00absit-nga-Ulqini.14.jpg'><img width=\"1\" height=\"1\" src=\"https:\/\/www.visit-ulcinj.com\/blog\/wp-content\/uploads\/2010\/07\/Zjarrfik\u00c3\u00absit-nga-Ulqini.14.jpg\" class=\"attachment-thumbnail size-thumbnail\" alt=\"\" loading=\"lazy\" \/><\/a>\n\t\t\t<\/dt><\/dl><br style=\"clear: both\" \/><dl class='gallery-item'>\n\t\t\t<dt class='gallery-icon '>\n\t\t\t\t<a href='https:\/\/www.visit-ulcinj.com\/blog\/wp-content\/uploads\/2010\/07\/Zjarrfik\u00c3\u00absit-nga-Ulqini.10.jpg'><img width=\"1\" height=\"1\" src=\"https:\/\/www.visit-ulcinj.com\/blog\/wp-content\/uploads\/2010\/07\/Zjarrfik\u00c3\u00absit-nga-Ulqini.10.jpg\" class=\"attachment-thumbnail size-thumbnail\" alt=\"\" loading=\"lazy\" \/><\/a>\n\t\t\t<\/dt><\/dl><dl class='gallery-item'>\n\t\t\t<dt class='gallery-icon '>\n\t\t\t\t<a href='https:\/\/www.visit-ulcinj.com\/blog\/wp-content\/uploads\/2010\/07\/Zjarrfik\u00c3\u00absit-nga-Ulqini.13.jpg'><img width=\"1\" height=\"1\" src=\"https:\/\/www.visit-ulcinj.com\/blog\/wp-content\/uploads\/2010\/07\/Zjarrfik\u00c3\u00absit-nga-Ulqini.13.jpg\" class=\"attachment-thumbnail size-thumbnail\" alt=\"\" loading=\"lazy\" \/><\/a>\n\t\t\t<\/dt><\/dl><dl class='gallery-item'>\n\t\t\t<dt class='gallery-icon '>\n\t\t\t\t<a href='https:\/\/www.visit-ulcinj.com\/blog\/wp-content\/uploads\/2010\/07\/Zjarrfik\u00c3\u00absit-nga-Ulqini.15.jpg'><img width=\"1\" height=\"1\" src=\"https:\/\/www.visit-ulcinj.com\/blog\/wp-content\/uploads\/2010\/07\/Zjarrfik\u00c3\u00absit-nga-Ulqini.15.jpg\" class=\"attachment-thumbnail size-thumbnail\" alt=\"\" loading=\"lazy\" \/><\/a>\n\t\t\t<\/dt><\/dl><br style=\"clear: both\" \/><dl class='gallery-item'>\n\t\t\t<dt class='gallery-icon '>\n\t\t\t\t<a href='https:\/\/www.visit-ulcinj.com\/blog\/wp-content\/uploads\/2010\/07\/Zjarrfik\u00c3\u00absit-nga-Ulqini.17.jpg'><img width=\"1\" height=\"1\" src=\"https:\/\/www.visit-ulcinj.com\/blog\/wp-content\/uploads\/2010\/07\/Zjarrfik\u00c3\u00absit-nga-Ulqini.17.jpg\" class=\"attachment-thumbnail size-thumbnail\" alt=\"\" loading=\"lazy\" \/><\/a>\n\t\t\t<\/dt><\/dl><dl class='gallery-item'>\n\t\t\t<dt class='gallery-icon '>\n\t\t\t\t<a href='https:\/\/www.visit-ulcinj.com\/blog\/wp-content\/uploads\/2010\/07\/Zjarrfik\u00c3\u00absit-nga-Ulqini.31.jpg'><img width=\"1\" height=\"1\" src=\"https:\/\/www.visit-ulcinj.com\/blog\/wp-content\/uploads\/2010\/07\/Zjarrfik\u00c3\u00absit-nga-Ulqini.31.jpg\" class=\"attachment-thumbnail size-thumbnail\" alt=\"\" loading=\"lazy\" \/><\/a>\n\t\t\t<\/dt><\/dl><dl class='gallery-item'>\n\t\t\t<dt class='gallery-icon '>\n\t\t\t\t<a href='https:\/\/www.visit-ulcinj.com\/blog\/wp-content\/uploads\/2010\/07\/Zjarrfik\u00c3\u00absit-nga-Ulqini.33.jpg'><img width=\"1\" height=\"1\" src=\"https:\/\/www.visit-ulcinj.com\/blog\/wp-content\/uploads\/2010\/07\/Zjarrfik\u00c3\u00absit-nga-Ulqini.33.jpg\" class=\"attachment-thumbnail size-thumbnail\" alt=\"\" loading=\"lazy\" \/><\/a>\n\t\t\t<\/dt><\/dl><br style=\"clear: both\" \/><dl class='gallery-item'>\n\t\t\t<dt class='gallery-icon '>\n\t\t\t\t<a href='https:\/\/www.visit-ulcinj.com\/blog\/wp-content\/uploads\/2010\/07\/Zjarrfik\u00c3\u00absit-nga-Ulqini.5.jpg'><img width=\"1\" height=\"1\" src=\"https:\/\/www.visit-ulcinj.com\/blog\/wp-content\/uploads\/2010\/07\/Zjarrfik\u00c3\u00absit-nga-Ulqini.5.jpg\" class=\"attachment-thumbnail size-thumbnail\" alt=\"\" loading=\"lazy\" \/><\/a>\n\t\t\t<\/dt><\/dl><dl class='gallery-item'>\n\t\t\t<dt class='gallery-icon '>\n\t\t\t\t<a href='https:\/\/www.visit-ulcinj.com\/blog\/wp-content\/uploads\/2010\/07\/Zjarrfik\u00c3\u00absit-nga-Ulqini.1.jpg'><img width=\"1\" height=\"1\" src=\"https:\/\/www.visit-ulcinj.com\/blog\/wp-content\/uploads\/2010\/07\/Zjarrfik\u00c3\u00absit-nga-Ulqini.1.jpg\" class=\"attachment-thumbnail size-thumbnail\" alt=\"\" loading=\"lazy\" \/><\/a>\n\t\t\t<\/dt><\/dl><dl class='gallery-item'>\n\t\t\t<dt class='gallery-icon '>\n\t\t\t\t<a href='https:\/\/www.visit-ulcinj.com\/blog\/wp-content\/uploads\/2010\/07\/Zjarrfik\u00c3\u00absit-nga-Ulqini.29.jpg'><img width=\"1\" height=\"1\" src=\"https:\/\/www.visit-ulcinj.com\/blog\/wp-content\/uploads\/2010\/07\/Zjarrfik\u00c3\u00absit-nga-Ulqini.29.jpg\" class=\"attachment-thumbnail size-thumbnail\" alt=\"\" loading=\"lazy\" \/><\/a>\n\t\t\t<\/dt><\/dl><br style=\"clear: both\" \/><dl class='gallery-item'>\n\t\t\t<dt class='gallery-icon landscape'>\n\t\t\t\t<a href='https:\/\/www.visit-ulcinj.com\/blog\/wp-content\/uploads\/2010\/07\/Vatrogasno-Ulcinj-Elitna-Jedinica.jpg'><img width=\"150\" height=\"150\" src=\"https:\/\/www.visit-ulcinj.com\/blog\/wp-content\/uploads\/2010\/07\/Vatrogasno-Ulcinj-Elitna-Jedinica-150x150.jpg\" class=\"attachment-thumbnail size-thumbnail\" alt=\"\" loading=\"lazy\" \/><\/a>\n\t\t\t<\/dt><\/dl><dl class='gallery-item'>\n\t\t\t<dt class='gallery-icon portrait'>\n\t\t\t\t<a href='https:\/\/www.visit-ulcinj.com\/blog\/wp-content\/uploads\/2010\/07\/Naredba-01.07.2010.Opstine-Ulcinj1.jpg'><img width=\"150\" height=\"150\" src=\"https:\/\/www.visit-ulcinj.com\/blog\/wp-content\/uploads\/2010\/07\/Naredba-01.07.2010.Opstine-Ulcinj1-150x150.jpg\" class=\"attachment-thumbnail size-thumbnail\" alt=\"\" loading=\"lazy\" \/><\/a>\n\t\t\t<\/dt><\/dl>\n\t\t\t<br style='clear: both' \/>\n\t\t<\/div>\n<br \/>\n<!--YouTube Error: bad URL entered--><\/strong><\/p>\n","protected":false},"excerpt":{"rendered":"<p>P\u00ebr t&#8217;i paraprir\u00eb rritjes s\u00eb temperaturave si dhe evitimit n\u00eb koh\u00eb t\u00eb zjarreve sektori i zjarrfik\u00ebses n\u00eb qytetin e Ulqinit\u00a0 ka marr\u00eb t\u00eb gjitha masat e nevojshme p\u00ebr shuarjen n\u00eb koh\u00eb t\u00eb vatrave t\u00eb zjarrit. &#8220;I gjith\u00eb efektivi i zjarr\u00ebfik\u00ebses dhe makinerit\u00eb jan\u00eb n\u00eb dispozicion p\u00ebr t&#8217;i sh\u00ebrbyer komunitetit,&#8221; n\u00eb Komun\u00ebn e Ulqinit,shp\u00ebrndar\u00eb sot p\u00ebr [&hellip;]<\/p>\n","protected":false},"author":1,"featured_media":0,"comment_status":"open","ping_status":"closed","sticky":false,"template":"","format":"standard","meta":{"spay_email":"","jetpack_publicize_message":"","jetpack_is_tweetstorm":false,"jetpack_publicize_feature_enabled":true},"categories":[1,13],"tags":[14748,14774,14747,14755,14770,14766,14776,14769,14762,14751,14749,14771,14750,14765,14767,14768,14763,14752,14772,14758,14764,297,14756,14761,14754,14759,14760,14753,14775,14773,200,18,14757,14746],"jetpack_publicize_connections":[],"yoast_head":"<!-- This site is optimized with the Yoast SEO plugin v19.1 - https:\/\/yoast.com\/wordpress\/plugins\/seo\/ -->\n<title>Zjarrfik\u00ebsit nga Ulqini n\u00eb pergaditje maksimale - Lajme nga Ulqini<\/title>\n<meta name=\"description\" content=\"P\u00ebr t&#039;i paraprir\u00eb rritjes s\u00eb temperaturave si dhe evitimit n\u00eb koh\u00eb t\u00eb zjarreve sektori i zjarrfik\u00ebses n\u00eb qytetin e Ulqinit\u00a0 ka marr\u00eb t\u00eb gjitha masat e\" \/>\n<meta name=\"robots\" content=\"index, follow, max-snippet:-1, max-image-preview:large, max-video-preview:-1\" \/>\n<link rel=\"canonical\" href=\"https:\/\/www.visit-ulcinj.com\/blog\/2010\/07\/01\/zjarrfikesit-nga-ulqini-ne-pergaditje-maksimale\/\" \/>\n<meta property=\"og:locale\" content=\"en_US\" \/>\n<meta property=\"og:type\" content=\"article\" \/>\n<meta property=\"og:title\" content=\"Zjarrfik\u00ebsit nga Ulqini n\u00eb pergaditje maksimale - Lajme nga Ulqini\" \/>\n<meta property=\"og:description\" content=\"P\u00ebr t&#039;i paraprir\u00eb rritjes s\u00eb temperaturave si dhe evitimit n\u00eb koh\u00eb t\u00eb zjarreve sektori i zjarrfik\u00ebses n\u00eb qytetin e Ulqinit\u00a0 ka marr\u00eb t\u00eb gjitha masat e\" \/>\n<meta property=\"og:url\" content=\"https:\/\/www.visit-ulcinj.com\/blog\/2010\/07\/01\/zjarrfikesit-nga-ulqini-ne-pergaditje-maksimale\/\" \/>\n<meta property=\"og:site_name\" content=\"Lajme nga Ulqini\" \/>\n<meta property=\"article:published_time\" content=\"2010-07-01T21:47:45+00:00\" \/>\n<meta property=\"article:modified_time\" content=\"2010-07-07T12:48:12+00:00\" \/>\n<meta property=\"og:image\" content=\"https:\/\/www.visit-ulcinj.com\/blog\/wp-content\/uploads\/2010\/07\/Zjarrfik\u00c3\u00absit-nga-Ulqini.jpg\" \/>\n<meta name=\"twitter:label1\" content=\"Written by\" \/>\n\t<meta name=\"twitter:data1\" content=\"ulqini\" \/>\n\t<meta name=\"twitter:label2\" content=\"Est. reading time\" \/>\n\t<meta name=\"twitter:data2\" content=\"1 minute\" \/>\n<script type=\"application\/ld+json\" class=\"yoast-schema-graph\">{\"@context\":\"https:\/\/schema.org\",\"@graph\":[{\"@type\":\"WebSite\",\"@id\":\"https:\/\/www.visit-ulcinj.com\/blog\/#website\",\"url\":\"https:\/\/www.visit-ulcinj.com\/blog\/\",\"name\":\"Lajme nga Ulqini\",\"description\":\"Lajme,Vijesti,Ulqini,Ulqin,Crna Gora,Mali i Zi\",\"potentialAction\":[{\"@type\":\"SearchAction\",\"target\":{\"@type\":\"EntryPoint\",\"urlTemplate\":\"https:\/\/www.visit-ulcinj.com\/blog\/?s={search_term_string}\"},\"query-input\":\"required name=search_term_string\"}],\"inLanguage\":\"en-US\"},{\"@type\":\"WebPage\",\"@id\":\"https:\/\/www.visit-ulcinj.com\/blog\/2010\/07\/01\/zjarrfikesit-nga-ulqini-ne-pergaditje-maksimale\/#webpage\",\"url\":\"https:\/\/www.visit-ulcinj.com\/blog\/2010\/07\/01\/zjarrfikesit-nga-ulqini-ne-pergaditje-maksimale\/\",\"name\":\"Zjarrfik\u00ebsit nga Ulqini n\u00eb pergaditje maksimale - Lajme nga Ulqini\",\"isPartOf\":{\"@id\":\"https:\/\/www.visit-ulcinj.com\/blog\/#website\"},\"datePublished\":\"2010-07-01T21:47:45+00:00\",\"dateModified\":\"2010-07-07T12:48:12+00:00\",\"author\":{\"@id\":\"https:\/\/www.visit-ulcinj.com\/blog\/#\/schema\/person\/dcab619c614d3038751c63bc2aadc06d\"},\"description\":\"P\u00ebr t'i paraprir\u00eb rritjes s\u00eb temperaturave si dhe evitimit n\u00eb koh\u00eb t\u00eb zjarreve sektori i zjarrfik\u00ebses n\u00eb qytetin e Ulqinit\u00a0 ka marr\u00eb t\u00eb gjitha masat e\",\"breadcrumb\":{\"@id\":\"https:\/\/www.visit-ulcinj.com\/blog\/2010\/07\/01\/zjarrfikesit-nga-ulqini-ne-pergaditje-maksimale\/#breadcrumb\"},\"inLanguage\":\"en-US\",\"potentialAction\":[{\"@type\":\"ReadAction\",\"target\":[\"https:\/\/www.visit-ulcinj.com\/blog\/2010\/07\/01\/zjarrfikesit-nga-ulqini-ne-pergaditje-maksimale\/\"]}]},{\"@type\":\"BreadcrumbList\",\"@id\":\"https:\/\/www.visit-ulcinj.com\/blog\/2010\/07\/01\/zjarrfikesit-nga-ulqini-ne-pergaditje-maksimale\/#breadcrumb\",\"itemListElement\":[{\"@type\":\"ListItem\",\"position\":1,\"name\":\"Zjarrfik\u00ebsit nga Ulqini n\u00eb pergaditje maksimale\"}]},{\"@type\":\"Person\",\"@id\":\"https:\/\/www.visit-ulcinj.com\/blog\/#\/schema\/person\/dcab619c614d3038751c63bc2aadc06d\",\"name\":\"ulqini\",\"sameAs\":[\"http:\/\/www.visit-ulcinj.com\"],\"url\":\"https:\/\/www.visit-ulcinj.com\/blog\/author\/admin\/\"}]}<\/script>\n<!-- \/ Yoast SEO plugin. -->","yoast_head_json":{"title":"Zjarrfik\u00ebsit nga Ulqini n\u00eb pergaditje maksimale - Lajme nga Ulqini","description":"P\u00ebr t'i paraprir\u00eb rritjes s\u00eb temperaturave si dhe evitimit n\u00eb koh\u00eb t\u00eb zjarreve sektori i zjarrfik\u00ebses n\u00eb qytetin e Ulqinit\u00a0 ka marr\u00eb t\u00eb gjitha masat e","robots":{"index":"index","follow":"follow","max-snippet":"max-snippet:-1","max-image-preview":"max-image-preview:large","max-video-preview":"max-video-preview:-1"},"canonical":"https:\/\/www.visit-ulcinj.com\/blog\/2010\/07\/01\/zjarrfikesit-nga-ulqini-ne-pergaditje-maksimale\/","og_locale":"en_US","og_type":"article","og_title":"Zjarrfik\u00ebsit nga Ulqini n\u00eb pergaditje maksimale - Lajme nga Ulqini","og_description":"P\u00ebr t'i paraprir\u00eb rritjes s\u00eb temperaturave si dhe evitimit n\u00eb koh\u00eb t\u00eb zjarreve sektori i zjarrfik\u00ebses n\u00eb qytetin e Ulqinit\u00a0 ka marr\u00eb t\u00eb gjitha masat e","og_url":"https:\/\/www.visit-ulcinj.com\/blog\/2010\/07\/01\/zjarrfikesit-nga-ulqini-ne-pergaditje-maksimale\/","og_site_name":"Lajme nga Ulqini","article_published_time":"2010-07-01T21:47:45+00:00","article_modified_time":"2010-07-07T12:48:12+00:00","og_image":[{"url":"https:\/\/www.visit-ulcinj.com\/blog\/wp-content\/uploads\/2010\/07\/Zjarrfik\u00c3\u00absit-nga-Ulqini.jpg"}],"twitter_misc":{"Written by":"ulqini","Est. reading time":"1 minute"},"schema":{"@context":"https:\/\/schema.org","@graph":[{"@type":"WebSite","@id":"https:\/\/www.visit-ulcinj.com\/blog\/#website","url":"https:\/\/www.visit-ulcinj.com\/blog\/","name":"Lajme nga Ulqini","description":"Lajme,Vijesti,Ulqini,Ulqin,Crna Gora,Mali i Zi","potentialAction":[{"@type":"SearchAction","target":{"@type":"EntryPoint","urlTemplate":"https:\/\/www.visit-ulcinj.com\/blog\/?s={search_term_string}"},"query-input":"required name=search_term_string"}],"inLanguage":"en-US"},{"@type":"WebPage","@id":"https:\/\/www.visit-ulcinj.com\/blog\/2010\/07\/01\/zjarrfikesit-nga-ulqini-ne-pergaditje-maksimale\/#webpage","url":"https:\/\/www.visit-ulcinj.com\/blog\/2010\/07\/01\/zjarrfikesit-nga-ulqini-ne-pergaditje-maksimale\/","name":"Zjarrfik\u00ebsit nga Ulqini n\u00eb pergaditje maksimale - Lajme nga Ulqini","isPartOf":{"@id":"https:\/\/www.visit-ulcinj.com\/blog\/#website"},"datePublished":"2010-07-01T21:47:45+00:00","dateModified":"2010-07-07T12:48:12+00:00","author":{"@id":"https:\/\/www.visit-ulcinj.com\/blog\/#\/schema\/person\/dcab619c614d3038751c63bc2aadc06d"},"description":"P\u00ebr t'i paraprir\u00eb rritjes s\u00eb temperaturave si dhe evitimit n\u00eb koh\u00eb t\u00eb zjarreve sektori i zjarrfik\u00ebses n\u00eb qytetin e Ulqinit\u00a0 ka marr\u00eb t\u00eb gjitha masat e","breadcrumb":{"@id":"https:\/\/www.visit-ulcinj.com\/blog\/2010\/07\/01\/zjarrfikesit-nga-ulqini-ne-pergaditje-maksimale\/#breadcrumb"},"inLanguage":"en-US","potentialAction":[{"@type":"ReadAction","target":["https:\/\/www.visit-ulcinj.com\/blog\/2010\/07\/01\/zjarrfikesit-nga-ulqini-ne-pergaditje-maksimale\/"]}]},{"@type":"BreadcrumbList","@id":"https:\/\/www.visit-ulcinj.com\/blog\/2010\/07\/01\/zjarrfikesit-nga-ulqini-ne-pergaditje-maksimale\/#breadcrumb","itemListElement":[{"@type":"ListItem","position":1,"name":"Zjarrfik\u00ebsit nga Ulqini n\u00eb pergaditje maksimale"}]},{"@type":"Person","@id":"https:\/\/www.visit-ulcinj.com\/blog\/#\/schema\/person\/dcab619c614d3038751c63bc2aadc06d","name":"ulqini","sameAs":["http:\/\/www.visit-ulcinj.com"],"url":"https:\/\/www.visit-ulcinj.com\/blog\/author\/admin\/"}]}},"jetpack_featured_media_url":"","jetpack_sharing_enabled":true,"jetpack_shortlink":"https:\/\/wp.me\/pe6lTn-97x","_links":{"self":[{"href":"https:\/\/www.visit-ulcinj.com\/blog\/wp-json\/wp\/v2\/posts\/35063"}],"collection":[{"href":"https:\/\/www.visit-ulcinj.com\/blog\/wp-json\/wp\/v2\/posts"}],"about":[{"href":"https:\/\/www.visit-ulcinj.com\/blog\/wp-json\/wp\/v2\/types\/post"}],"author":[{"embeddable":true,"href":"https:\/\/www.visit-ulcinj.com\/blog\/wp-json\/wp\/v2\/users\/1"}],"replies":[{"embeddable":true,"href":"https:\/\/www.visit-ulcinj.com\/blog\/wp-json\/wp\/v2\/comments?post=35063"}],"version-history":[{"count":0,"href":"https:\/\/www.visit-ulcinj.com\/blog\/wp-json\/wp\/v2\/posts\/35063\/revisions"}],"wp:attachment":[{"href":"https:\/\/www.visit-ulcinj.com\/blog\/wp-json\/wp\/v2\/media?parent=35063"}],"wp:term":[{"taxonomy":"category","embeddable":true,"href":"https:\/\/www.visit-ulcinj.com\/blog\/wp-json\/wp\/v2\/categories?post=35063"},{"taxonomy":"post_tag","embeddable":true,"href":"https:\/\/www.visit-ulcinj.com\/blog\/wp-json\/wp\/v2\/tags?post=35063"}],"curies":[{"name":"wp","href":"https:\/\/api.w.org\/{rel}","templated":true}]}}