{"id":35078,"date":"2010-07-02T00:41:55","date_gmt":"2010-07-01T22:41:55","guid":{"rendered":"http:\/\/www.visit-ulcinj.com\/blog\/?p=35078"},"modified":"2010-07-02T00:43:04","modified_gmt":"2010-07-01T22:43:04","slug":"zastitite-valdanos","status":"publish","type":"post","link":"https:\/\/www.visit-ulcinj.com\/blog\/2010\/07\/02\/zastitite-valdanos\/","title":{"rendered":"Xhabir Hoxha: Za\u0161titite Valdanos"},"content":{"rendered":"<p><strong><a href=\"http:\/\/www.visit-ulcinj.com\/blog\/wp-content\/uploads\/2010\/07\/Xhabir-Hoxha.jpg\"><img loading=\"lazy\" class=\"alignleft size-full wp-image-35079\" title=\"Xhabir Hoxha\" src=\"http:\/\/www.visit-ulcinj.com\/blog\/wp-content\/uploads\/2010\/07\/Xhabir-Hoxha.jpg\" alt=\"Xhabir Hoxha\" width=\"490\" height=\"367\" srcset=\"https:\/\/www.visit-ulcinj.com\/blog\/wp-content\/uploads\/2010\/07\/Xhabir-Hoxha.jpg 490w, https:\/\/www.visit-ulcinj.com\/blog\/wp-content\/uploads\/2010\/07\/Xhabir-Hoxha-300x224.jpg 300w\" sizes=\"(max-width: 490px) 100vw, 490px\" \/><\/a>Stav<\/strong><br \/>\nNedavna posjeta ministra turizma Crne Gore Ulcinju bila je prilika da se jo\u0161 jednom uvjeri i ubijedi u svu pogubnost i poraznost politike koja se u kontinuitetu, od strane Vlade Crne Gore i Ministarstva na ?ijem je on ?elu, servira i sprovodi u op\u0161tini Ulcinj. Nekada turisti?ka metropola crnogorskog turizma, do\u017eivljava najte\u017ee trenutke od svog postojanja, nezapam?enu stagnaciju i nazadovanje.<br \/>\nOvako neslavan i vrlo \u0161tetan epilog bio je neizbje\u017ean i neminovan, nakon \u0161tetnih i neefikasno sprovedenih privatizacija hotela u Ulcinju (Otrant, Albatros, Lido, Mediteran, Galeb). Sve je to ura?eno pod budnim nadzorom Ministarstva turizma i njegovog ?elnog ?ovjeka. Podsje?amo da je gosp. Nenezi? bio predsjednik tenderske komisije koja je odlu?ila da hotel \u201cOtrant\u201d proda gra?evinskoj firmi iz Rusije, uporno odbijaju?i razgovore sa renomiranim turoperatorom Thomasom Cookom tj. nama poznatim Neckermanom, koji je prethodno iskazao ozbiljno interesovanje za zakup ovog hotela. Podsje?amo da su Vlada Crne Gore i Ministarstvo turizma su\u0161tinski dirigovali uvo?enje ste?aja u \u201cUlcinjskoj rivijeri\u201d, nakon ?ega su se re?ali nepripremljeni tenderi i \u0161tetna realizacija istih. Savr\u0161eno se sla\u017eemo sa nedavnom izjavom gosp. Nenezi?a da je odluka vlasnika \u201cOtranta\u201d da ove godine zatvori hotel neprimjerena i neodgovorna. Pitamo gosp. ministra osje?a li se on, kao direktni akter u prodaji hotela \u201cOtrant\u201d odgovornim \u0161to je, daju?i svoj glas i saglasnost, dozvolio ovu prodaju nereferentnom partneru.<\/p>\n<p>Zna?ajna je kontribucija gosp. Nenezi?a u postoje?em disparitetu razvoja izme?u op\u0161tine Ulcinj i ostalih primorskih op\u0161tina. Umjesto obe?anih investicija, unapre?enja ponude, ve?eg profita, novog zapo\u0161ljavanja, imamo stagnaciju i pad po svim ovim indikatorima uspje\u0161nosti. Zakatan?eni hotel \u201cOtrant\u201d, neoba\u0161njivo i bespotrebno ru\u0161enje \u201cGaleba\u201d, nepostojanje turisti?ke ponude sa makar jednim pristojnim hotelom u gradu, \u0161alju bijednu i sumornu turisti?ku sliku koja ne korespondira sa njegovim presti\u017enim potencijalima. Definitivno, gosp. Nenezi? ?e ostaviti neizbrisiv trag kao kreator lo\u0161eg turisti?kog imid\u017ea na\u0161eg grada.<br \/>\nNo, tu nije kraj. Nedavno je obznanio da se pregovori sa firmom \u201cCubus Lux\u201d iz Londona za zakup Valdanosa privode kraju. Najavljuje ministar time nove \u201cpodvige\u201d i \u201cuspjehe\u201d u ulcinjskom turizmu. Nudi sada, velikodu\u0161no i spokojno, na\u0161e vjekovno naslje?e i imovinu u Valdanosu na prodaju za samo 15 centi za 1 kvadratni metar, pri tome grubo kr\u0161e?i pravila i regule tendera. Mimo svih tenderom predvi?enih uslova, (podsje?amo da firma \u201cCubus Lux\u201d, sa kojom se neuobi?ajeno maratonski dugo pregovara, ne ispunjava niti jedan kvalifikovani uslov iz tendera, niti pojedina?no, niti kumulativno), gra?anima Ulcinja se nudi jo\u0161 jedan \u0161tetan projekat, ovog puta na njihovoj privatnoj imovini. Niti jedan argument ne postoji da se bilo kakvi pregovori vode sa ovom firmom, a kamoli da ista ima tretman ozbiljnog partnera. Ona nije me?unarodni turisti?ki brend, niti igdje ima hotelskih smje\u0161taja u svom vlasni\u0161tvu. Saradnja, koju navodno najavljuju sa poznatim turoperatorom, jo\u0161 nigdje nije za\u017eivjela i samo su nevje\u0161t propagandni trik i smicalica svojstveni nereferentnim i neodgovornim partnerima, kakvi su uostalom i svi dosadasnji bili.<\/p>\n<p>Gra?ani Ulcinja nisu spremni na jo\u0161 jedan lo\u0161 i \u0161tetan aran\u017eman i to je sada jasno svima. Valdanos i maslinjak je predmet restitucije i deeksproprijacije i on treba da se vrati ranijim i pravim vlasnicima. Nikada niko u milenijumskoj tradiciji Ulcinja to nije osporavao. Zbog izuzetnih ambijentalnih i pejza\u017enih vrijednosti, Valdanos je jo\u0161 davne 1968. progla\u0161en Spomenikom prirode. Valdanos zaslu\u017euje isklju?ivo ekolo\u0161ko \u2013 ambijentalnu valorizaciju, na \u0161to uporno ukazuju doma?i i strani eksperti za za\u0161titu \u017eivotne sredine. Valdanos se konzerviranjem i za\u0161titom mo\u017ee pretvoriti u prepoznatljiv turisti?ki park \u0161ireg zna?aja. Ekskluzivno za\u0161ti?ene mikrolokacije i prostori su primamljiv turisti?ki resurs i brend, koji u savremenoj turisti?koj tra\u017enji sve vi\u0161e dobija na zna?aju.Valorizacija atraktivnih prostora na ovaj na?in donosi vi\u0161estruki profit. Primjeri iz neposrednog okru\u017eenja najbolje nam to potvr?uju. Valdanos pru\u017ea neponovljivu mogu?nost i \u0161ansu za takvu valorizaciju. Stoga, neka anga\u017eovanje gosp. ministra bude osloba?anje Valdanosa od te\u0161kih lanaca, kojima je danas zakatan?en i zarobljen, na \u017ealost mje\u0161tana i ionako malobrojnih turista. Neka digne glas protiv \u0161tetnog plana za Valdanos, ima ubjedljive argumente za to. Time bi djelimi?no amnestirao sebe za brojne propuste i proma\u0161aje.<\/p>\n<p><strong>Autor je predstavnik Monitoring group Ulcinj &#8211; Mogul<\/strong><br \/>\n<strong>Pi\u0161e: Xhabir Hoxha<br \/>\n<a href=\"http:\/\/www.vijesti.me\/index.php?id_pre=342293&amp;godina=2010\" target=\"_blank\">Vijesti<br \/>\n<\/a><\/strong><\/p>\n<p><strong><!--YouTube Error: bad URL entered--><br \/>\n<\/strong><\/p>\n","protected":false},"excerpt":{"rendered":"<p>Stav Nedavna posjeta ministra turizma Crne Gore Ulcinju bila je prilika da se jo\u0161 jednom uvjeri i ubijedi u svu pogubnost i poraznost politike koja se u kontinuitetu, od strane Vlade Crne Gore i Ministarstva na ?ijem je on ?elu, servira i sprovodi u op\u0161tini Ulcinj. Nekada turisti?ka metropola crnogorskog turizma, do\u017eivljava najte\u017ee trenutke od [&hellip;]<\/p>\n","protected":false},"author":1,"featured_media":0,"comment_status":"open","ping_status":"closed","sticky":false,"template":"","format":"standard","meta":{"spay_email":"","jetpack_publicize_message":"","jetpack_is_tweetstorm":false,"jetpack_publicize_feature_enabled":true},"categories":[8337],"tags":[20,19,14485,4144,136,14777],"jetpack_publicize_connections":[],"yoast_head":"<!-- This site is optimized with the Yoast SEO plugin v19.1 - https:\/\/yoast.com\/wordpress\/plugins\/seo\/ -->\n<title>Xhabir Hoxha: Za\u0161titite Valdanos - Lajme nga Ulqini<\/title>\n<meta name=\"description\" content=\"Stav Nedavna posjeta ministra turizma Crne Gore Ulcinju bila je prilika da se jo\u0161 jednom uvjeri i ubijedi u svu pogubnost i poraznost politike koja se u\" \/>\n<meta name=\"robots\" content=\"index, follow, max-snippet:-1, max-image-preview:large, max-video-preview:-1\" \/>\n<link rel=\"canonical\" href=\"https:\/\/www.visit-ulcinj.com\/blog\/2010\/07\/02\/zastitite-valdanos\/\" \/>\n<meta property=\"og:locale\" content=\"en_US\" \/>\n<meta property=\"og:type\" content=\"article\" \/>\n<meta property=\"og:title\" content=\"Xhabir Hoxha: Za\u0161titite Valdanos - Lajme nga Ulqini\" \/>\n<meta property=\"og:description\" content=\"Stav Nedavna posjeta ministra turizma Crne Gore Ulcinju bila je prilika da se jo\u0161 jednom uvjeri i ubijedi u svu pogubnost i poraznost politike koja se u\" \/>\n<meta property=\"og:url\" content=\"https:\/\/www.visit-ulcinj.com\/blog\/2010\/07\/02\/zastitite-valdanos\/\" \/>\n<meta property=\"og:site_name\" content=\"Lajme nga Ulqini\" \/>\n<meta property=\"article:published_time\" content=\"2010-07-01T22:41:55+00:00\" \/>\n<meta property=\"article:modified_time\" content=\"2010-07-01T22:43:04+00:00\" \/>\n<meta property=\"og:image\" content=\"http:\/\/www.visit-ulcinj.com\/blog\/wp-content\/uploads\/2010\/07\/Xhabir-Hoxha.jpg\" \/>\n<meta name=\"twitter:label1\" content=\"Written by\" \/>\n\t<meta name=\"twitter:data1\" content=\"ulqini\" \/>\n\t<meta name=\"twitter:label2\" content=\"Est. reading time\" \/>\n\t<meta name=\"twitter:data2\" content=\"4 minutes\" \/>\n<script type=\"application\/ld+json\" class=\"yoast-schema-graph\">{\"@context\":\"https:\/\/schema.org\",\"@graph\":[{\"@type\":\"WebSite\",\"@id\":\"https:\/\/www.visit-ulcinj.com\/blog\/#website\",\"url\":\"https:\/\/www.visit-ulcinj.com\/blog\/\",\"name\":\"Lajme nga Ulqini\",\"description\":\"Lajme,Vijesti,Ulqini,Ulqin,Crna Gora,Mali i Zi\",\"potentialAction\":[{\"@type\":\"SearchAction\",\"target\":{\"@type\":\"EntryPoint\",\"urlTemplate\":\"https:\/\/www.visit-ulcinj.com\/blog\/?s={search_term_string}\"},\"query-input\":\"required name=search_term_string\"}],\"inLanguage\":\"en-US\"},{\"@type\":\"ImageObject\",\"inLanguage\":\"en-US\",\"@id\":\"https:\/\/www.visit-ulcinj.com\/blog\/2010\/07\/02\/zastitite-valdanos\/#primaryimage\",\"url\":\"https:\/\/www.visit-ulcinj.com\/blog\/wp-content\/uploads\/2010\/07\/Xhabir-Hoxha.jpg\",\"contentUrl\":\"https:\/\/www.visit-ulcinj.com\/blog\/wp-content\/uploads\/2010\/07\/Xhabir-Hoxha.jpg\",\"width\":\"490\",\"height\":\"367\"},{\"@type\":\"WebPage\",\"@id\":\"https:\/\/www.visit-ulcinj.com\/blog\/2010\/07\/02\/zastitite-valdanos\/#webpage\",\"url\":\"https:\/\/www.visit-ulcinj.com\/blog\/2010\/07\/02\/zastitite-valdanos\/\",\"name\":\"Xhabir Hoxha: Za\u0161titite Valdanos - Lajme nga Ulqini\",\"isPartOf\":{\"@id\":\"https:\/\/www.visit-ulcinj.com\/blog\/#website\"},\"primaryImageOfPage\":{\"@id\":\"https:\/\/www.visit-ulcinj.com\/blog\/2010\/07\/02\/zastitite-valdanos\/#primaryimage\"},\"datePublished\":\"2010-07-01T22:41:55+00:00\",\"dateModified\":\"2010-07-01T22:43:04+00:00\",\"author\":{\"@id\":\"https:\/\/www.visit-ulcinj.com\/blog\/#\/schema\/person\/dcab619c614d3038751c63bc2aadc06d\"},\"description\":\"Stav Nedavna posjeta ministra turizma Crne Gore Ulcinju bila je prilika da se jo\u0161 jednom uvjeri i ubijedi u svu pogubnost i poraznost politike koja se u\",\"breadcrumb\":{\"@id\":\"https:\/\/www.visit-ulcinj.com\/blog\/2010\/07\/02\/zastitite-valdanos\/#breadcrumb\"},\"inLanguage\":\"en-US\",\"potentialAction\":[{\"@type\":\"ReadAction\",\"target\":[\"https:\/\/www.visit-ulcinj.com\/blog\/2010\/07\/02\/zastitite-valdanos\/\"]}]},{\"@type\":\"BreadcrumbList\",\"@id\":\"https:\/\/www.visit-ulcinj.com\/blog\/2010\/07\/02\/zastitite-valdanos\/#breadcrumb\",\"itemListElement\":[{\"@type\":\"ListItem\",\"position\":1,\"name\":\"Xhabir Hoxha: Za\u0161titite Valdanos\"}]},{\"@type\":\"Person\",\"@id\":\"https:\/\/www.visit-ulcinj.com\/blog\/#\/schema\/person\/dcab619c614d3038751c63bc2aadc06d\",\"name\":\"ulqini\",\"sameAs\":[\"http:\/\/www.visit-ulcinj.com\"],\"url\":\"https:\/\/www.visit-ulcinj.com\/blog\/author\/admin\/\"}]}<\/script>\n<!-- \/ Yoast SEO plugin. -->","yoast_head_json":{"title":"Xhabir Hoxha: Za\u0161titite Valdanos - Lajme nga Ulqini","description":"Stav Nedavna posjeta ministra turizma Crne Gore Ulcinju bila je prilika da se jo\u0161 jednom uvjeri i ubijedi u svu pogubnost i poraznost politike koja se u","robots":{"index":"index","follow":"follow","max-snippet":"max-snippet:-1","max-image-preview":"max-image-preview:large","max-video-preview":"max-video-preview:-1"},"canonical":"https:\/\/www.visit-ulcinj.com\/blog\/2010\/07\/02\/zastitite-valdanos\/","og_locale":"en_US","og_type":"article","og_title":"Xhabir Hoxha: Za\u0161titite Valdanos - Lajme nga Ulqini","og_description":"Stav Nedavna posjeta ministra turizma Crne Gore Ulcinju bila je prilika da se jo\u0161 jednom uvjeri i ubijedi u svu pogubnost i poraznost politike koja se u","og_url":"https:\/\/www.visit-ulcinj.com\/blog\/2010\/07\/02\/zastitite-valdanos\/","og_site_name":"Lajme nga Ulqini","article_published_time":"2010-07-01T22:41:55+00:00","article_modified_time":"2010-07-01T22:43:04+00:00","og_image":[{"url":"http:\/\/www.visit-ulcinj.com\/blog\/wp-content\/uploads\/2010\/07\/Xhabir-Hoxha.jpg"}],"twitter_misc":{"Written by":"ulqini","Est. reading time":"4 minutes"},"schema":{"@context":"https:\/\/schema.org","@graph":[{"@type":"WebSite","@id":"https:\/\/www.visit-ulcinj.com\/blog\/#website","url":"https:\/\/www.visit-ulcinj.com\/blog\/","name":"Lajme nga Ulqini","description":"Lajme,Vijesti,Ulqini,Ulqin,Crna Gora,Mali i Zi","potentialAction":[{"@type":"SearchAction","target":{"@type":"EntryPoint","urlTemplate":"https:\/\/www.visit-ulcinj.com\/blog\/?s={search_term_string}"},"query-input":"required name=search_term_string"}],"inLanguage":"en-US"},{"@type":"ImageObject","inLanguage":"en-US","@id":"https:\/\/www.visit-ulcinj.com\/blog\/2010\/07\/02\/zastitite-valdanos\/#primaryimage","url":"https:\/\/www.visit-ulcinj.com\/blog\/wp-content\/uploads\/2010\/07\/Xhabir-Hoxha.jpg","contentUrl":"https:\/\/www.visit-ulcinj.com\/blog\/wp-content\/uploads\/2010\/07\/Xhabir-Hoxha.jpg","width":"490","height":"367"},{"@type":"WebPage","@id":"https:\/\/www.visit-ulcinj.com\/blog\/2010\/07\/02\/zastitite-valdanos\/#webpage","url":"https:\/\/www.visit-ulcinj.com\/blog\/2010\/07\/02\/zastitite-valdanos\/","name":"Xhabir Hoxha: Za\u0161titite Valdanos - Lajme nga Ulqini","isPartOf":{"@id":"https:\/\/www.visit-ulcinj.com\/blog\/#website"},"primaryImageOfPage":{"@id":"https:\/\/www.visit-ulcinj.com\/blog\/2010\/07\/02\/zastitite-valdanos\/#primaryimage"},"datePublished":"2010-07-01T22:41:55+00:00","dateModified":"2010-07-01T22:43:04+00:00","author":{"@id":"https:\/\/www.visit-ulcinj.com\/blog\/#\/schema\/person\/dcab619c614d3038751c63bc2aadc06d"},"description":"Stav Nedavna posjeta ministra turizma Crne Gore Ulcinju bila je prilika da se jo\u0161 jednom uvjeri i ubijedi u svu pogubnost i poraznost politike koja se u","breadcrumb":{"@id":"https:\/\/www.visit-ulcinj.com\/blog\/2010\/07\/02\/zastitite-valdanos\/#breadcrumb"},"inLanguage":"en-US","potentialAction":[{"@type":"ReadAction","target":["https:\/\/www.visit-ulcinj.com\/blog\/2010\/07\/02\/zastitite-valdanos\/"]}]},{"@type":"BreadcrumbList","@id":"https:\/\/www.visit-ulcinj.com\/blog\/2010\/07\/02\/zastitite-valdanos\/#breadcrumb","itemListElement":[{"@type":"ListItem","position":1,"name":"Xhabir Hoxha: Za\u0161titite Valdanos"}]},{"@type":"Person","@id":"https:\/\/www.visit-ulcinj.com\/blog\/#\/schema\/person\/dcab619c614d3038751c63bc2aadc06d","name":"ulqini","sameAs":["http:\/\/www.visit-ulcinj.com"],"url":"https:\/\/www.visit-ulcinj.com\/blog\/author\/admin\/"}]}},"jetpack_featured_media_url":"","jetpack_sharing_enabled":true,"jetpack_shortlink":"https:\/\/wp.me\/pe6lTn-97M","_links":{"self":[{"href":"https:\/\/www.visit-ulcinj.com\/blog\/wp-json\/wp\/v2\/posts\/35078"}],"collection":[{"href":"https:\/\/www.visit-ulcinj.com\/blog\/wp-json\/wp\/v2\/posts"}],"about":[{"href":"https:\/\/www.visit-ulcinj.com\/blog\/wp-json\/wp\/v2\/types\/post"}],"author":[{"embeddable":true,"href":"https:\/\/www.visit-ulcinj.com\/blog\/wp-json\/wp\/v2\/users\/1"}],"replies":[{"embeddable":true,"href":"https:\/\/www.visit-ulcinj.com\/blog\/wp-json\/wp\/v2\/comments?post=35078"}],"version-history":[{"count":0,"href":"https:\/\/www.visit-ulcinj.com\/blog\/wp-json\/wp\/v2\/posts\/35078\/revisions"}],"wp:attachment":[{"href":"https:\/\/www.visit-ulcinj.com\/blog\/wp-json\/wp\/v2\/media?parent=35078"}],"wp:term":[{"taxonomy":"category","embeddable":true,"href":"https:\/\/www.visit-ulcinj.com\/blog\/wp-json\/wp\/v2\/categories?post=35078"},{"taxonomy":"post_tag","embeddable":true,"href":"https:\/\/www.visit-ulcinj.com\/blog\/wp-json\/wp\/v2\/tags?post=35078"}],"curies":[{"name":"wp","href":"https:\/\/api.w.org\/{rel}","templated":true}]}}