{"id":35085,"date":"2010-07-02T01:31:46","date_gmt":"2010-07-01T23:31:46","guid":{"rendered":"http:\/\/www.visit-ulcinj.com\/blog\/?p=35085"},"modified":"2010-07-02T01:56:38","modified_gmt":"2010-07-01T23:56:38","slug":"sinan-vllasaliu-marton-vajzen","status":"publish","type":"post","link":"https:\/\/www.visit-ulcinj.com\/blog\/2010\/07\/02\/sinan-vllasaliu-marton-vajzen\/","title":{"rendered":"Sinan Vllasaliu marton vajz\u00ebn"},"content":{"rendered":"<p><a href=\"http:\/\/www.visit-ulcinj.com\/blog\/wp-content\/uploads\/2010\/07\/Edona-Vllasaliu.jpg\"><img loading=\"lazy\" class=\"alignleft size-full wp-image-35087\" title=\"Edona Vllasaliu\" src=\"http:\/\/www.visit-ulcinj.com\/blog\/wp-content\/uploads\/2010\/07\/Edona-Vllasaliu.jpg\" alt=\"Edona Vllasaliu\" width=\"490\" height=\"328\" \/><\/a>K\u00ebng\u00ebtari Sinan Vllasaliu, p\u00ebrve\u00e7 risive q\u00eb do t\u00eb sjell\u00eb tani, gjat\u00eb k\u00ebtyre dit\u00ebve n\u00eb tregun muzikor\u00eb, ai ka qen\u00eb i angazhuar s\u00eb fundmi m\u00eb martes\u00ebn e bij\u00ebs s\u00eb tij Edon\u00ebs. T\u00eb h\u00ebn\u00ebn n\u00eb mbr\u00ebmje, ai e ka martuar vajz\u00ebn 24-vje\u00e7are. \u201cP\u00ebr her\u00eb t\u00eb par\u00eb po e p\u00ebrjetoj t\u00eb qenit baball\u00ebk. Ndihem i k\u00ebnaqur q\u00eb vajza ime u martua m\u00eb nj\u00eb djalosh t\u00eb mir\u00eb si\u00e7 \u00ebsht\u00eb Luli, nj\u00eb student nga Prishtina. Dasma kaloi shum\u00eb mir\u00eb, pat\u00ebm shum\u00eb mysafir\u00eb dhe, p\u00ebrve\u00e7 koleg\u00ebve t\u00eb mi t\u00eb k\u00ebng\u00ebs, nuk munguan edhe disa nga politikanet tan\u00eb. Ceremonin\u00eb martesore e kemi b\u00ebr\u00eb n\u00eb m\u00ebnyr\u00eb private, pa pranin\u00eb e mediave\u201d, ka th\u00ebn\u00eb k\u00ebng\u00ebtari p\u00ebr Kosova Sot.<br \/>\nNd\u00ebrsa, sa i p\u00ebrket t\u00eb rejave muzikore, k\u00ebto dit\u00eb pritet q\u00eb Sinani t\u00eb lansoj\u00eb nj\u00eb videoklip t\u00eb ri s\u00eb bashku me album. K\u00ebnga e videoklipit titullohet \u201cSa m\u00eb ka marr malli\u201d, nd\u00ebrsa \u00ebsht\u00eb p\u00ebrgatitur n\u00eb Kosov\u00eb.<br \/>\n<br \/>\n<!--YouTube Error: bad URL entered--><\/p>\n","protected":false},"excerpt":{"rendered":"<p>K\u00ebng\u00ebtari Sinan Vllasaliu, p\u00ebrve\u00e7 risive q\u00eb do t\u00eb sjell\u00eb tani, gjat\u00eb k\u00ebtyre dit\u00ebve n\u00eb tregun muzikor\u00eb, ai ka qen\u00eb i angazhuar s\u00eb fundmi m\u00eb martes\u00ebn e bij\u00ebs s\u00eb tij Edon\u00ebs. T\u00eb h\u00ebn\u00ebn n\u00eb mbr\u00ebmje, ai e ka martuar vajz\u00ebn 24-vje\u00e7are. \u201cP\u00ebr her\u00eb t\u00eb par\u00eb po e p\u00ebrjetoj t\u00eb qenit baball\u00ebk. Ndihem i k\u00ebnaqur q\u00eb vajza [&hellip;]<\/p>\n","protected":false},"author":1,"featured_media":0,"comment_status":"open","ping_status":"closed","sticky":false,"template":"","format":"standard","meta":{"spay_email":"","jetpack_publicize_message":"","jetpack_is_tweetstorm":false,"jetpack_publicize_feature_enabled":true},"categories":[1],"tags":[14779,325,14778,5048,200],"jetpack_publicize_connections":[],"yoast_head":"<!-- This site is optimized with the Yoast SEO plugin v19.1 - https:\/\/yoast.com\/wordpress\/plugins\/seo\/ -->\n<title>Sinan Vllasaliu marton vajz\u00ebn - Lajme nga Ulqini<\/title>\n<meta name=\"description\" content=\"K\u00ebng\u00ebtari Sinan Vllasaliu, p\u00ebrve\u00e7 risive q\u00eb do t\u00eb sjell\u00eb tani, gjat\u00eb k\u00ebtyre dit\u00ebve n\u00eb tregun muzikor\u00eb, ai ka qen\u00eb i angazhuar s\u00eb fundmi m\u00eb martes\u00ebn e\" \/>\n<meta name=\"robots\" content=\"index, follow, max-snippet:-1, max-image-preview:large, max-video-preview:-1\" \/>\n<link rel=\"canonical\" href=\"https:\/\/www.visit-ulcinj.com\/blog\/2010\/07\/02\/sinan-vllasaliu-marton-vajzen\/\" \/>\n<meta property=\"og:locale\" content=\"en_US\" \/>\n<meta property=\"og:type\" content=\"article\" \/>\n<meta property=\"og:title\" content=\"Sinan Vllasaliu marton vajz\u00ebn - Lajme nga Ulqini\" \/>\n<meta property=\"og:description\" content=\"K\u00ebng\u00ebtari Sinan Vllasaliu, p\u00ebrve\u00e7 risive q\u00eb do t\u00eb sjell\u00eb tani, gjat\u00eb k\u00ebtyre dit\u00ebve n\u00eb tregun muzikor\u00eb, ai ka qen\u00eb i angazhuar s\u00eb fundmi m\u00eb martes\u00ebn e\" \/>\n<meta property=\"og:url\" content=\"https:\/\/www.visit-ulcinj.com\/blog\/2010\/07\/02\/sinan-vllasaliu-marton-vajzen\/\" \/>\n<meta property=\"og:site_name\" content=\"Lajme nga Ulqini\" \/>\n<meta property=\"article:published_time\" content=\"2010-07-01T23:31:46+00:00\" \/>\n<meta property=\"article:modified_time\" content=\"2010-07-01T23:56:38+00:00\" \/>\n<meta property=\"og:image\" content=\"https:\/\/www.visit-ulcinj.com\/blog\/wp-content\/uploads\/2010\/07\/Sinan-Vllasaliu.1-150x150.jpg\" \/>\n<meta name=\"twitter:label1\" content=\"Written by\" \/>\n\t<meta name=\"twitter:data1\" content=\"ulqini\" \/>\n\t<meta name=\"twitter:label2\" content=\"Est. reading time\" \/>\n\t<meta name=\"twitter:data2\" content=\"1 minute\" \/>\n<script type=\"application\/ld+json\" class=\"yoast-schema-graph\">{\"@context\":\"https:\/\/schema.org\",\"@graph\":[{\"@type\":\"WebSite\",\"@id\":\"https:\/\/www.visit-ulcinj.com\/blog\/#website\",\"url\":\"https:\/\/www.visit-ulcinj.com\/blog\/\",\"name\":\"Lajme nga Ulqini\",\"description\":\"Lajme,Vijesti,Ulqini,Ulqin,Crna Gora,Mali i Zi\",\"potentialAction\":[{\"@type\":\"SearchAction\",\"target\":{\"@type\":\"EntryPoint\",\"urlTemplate\":\"https:\/\/www.visit-ulcinj.com\/blog\/?s={search_term_string}\"},\"query-input\":\"required name=search_term_string\"}],\"inLanguage\":\"en-US\"},{\"@type\":\"ImageObject\",\"inLanguage\":\"en-US\",\"@id\":\"https:\/\/www.visit-ulcinj.com\/blog\/2010\/07\/02\/sinan-vllasaliu-marton-vajzen\/#primaryimage\",\"url\":\"http:\/\/www.visit-ulcinj.com\/blog\/wp-content\/uploads\/2010\/07\/Edona-Vllasaliu.jpg\",\"contentUrl\":\"http:\/\/www.visit-ulcinj.com\/blog\/wp-content\/uploads\/2010\/07\/Edona-Vllasaliu.jpg\"},{\"@type\":\"WebPage\",\"@id\":\"https:\/\/www.visit-ulcinj.com\/blog\/2010\/07\/02\/sinan-vllasaliu-marton-vajzen\/#webpage\",\"url\":\"https:\/\/www.visit-ulcinj.com\/blog\/2010\/07\/02\/sinan-vllasaliu-marton-vajzen\/\",\"name\":\"Sinan Vllasaliu marton vajz\u00ebn - Lajme nga Ulqini\",\"isPartOf\":{\"@id\":\"https:\/\/www.visit-ulcinj.com\/blog\/#website\"},\"primaryImageOfPage\":{\"@id\":\"https:\/\/www.visit-ulcinj.com\/blog\/2010\/07\/02\/sinan-vllasaliu-marton-vajzen\/#primaryimage\"},\"datePublished\":\"2010-07-01T23:31:46+00:00\",\"dateModified\":\"2010-07-01T23:56:38+00:00\",\"author\":{\"@id\":\"https:\/\/www.visit-ulcinj.com\/blog\/#\/schema\/person\/dcab619c614d3038751c63bc2aadc06d\"},\"description\":\"K\u00ebng\u00ebtari Sinan Vllasaliu, p\u00ebrve\u00e7 risive q\u00eb do t\u00eb sjell\u00eb tani, gjat\u00eb k\u00ebtyre dit\u00ebve n\u00eb tregun muzikor\u00eb, ai ka qen\u00eb i angazhuar s\u00eb fundmi m\u00eb martes\u00ebn e\",\"breadcrumb\":{\"@id\":\"https:\/\/www.visit-ulcinj.com\/blog\/2010\/07\/02\/sinan-vllasaliu-marton-vajzen\/#breadcrumb\"},\"inLanguage\":\"en-US\",\"potentialAction\":[{\"@type\":\"ReadAction\",\"target\":[\"https:\/\/www.visit-ulcinj.com\/blog\/2010\/07\/02\/sinan-vllasaliu-marton-vajzen\/\"]}]},{\"@type\":\"BreadcrumbList\",\"@id\":\"https:\/\/www.visit-ulcinj.com\/blog\/2010\/07\/02\/sinan-vllasaliu-marton-vajzen\/#breadcrumb\",\"itemListElement\":[{\"@type\":\"ListItem\",\"position\":1,\"name\":\"Sinan Vllasaliu marton vajz\u00ebn\"}]},{\"@type\":\"Person\",\"@id\":\"https:\/\/www.visit-ulcinj.com\/blog\/#\/schema\/person\/dcab619c614d3038751c63bc2aadc06d\",\"name\":\"ulqini\",\"sameAs\":[\"http:\/\/www.visit-ulcinj.com\"],\"url\":\"https:\/\/www.visit-ulcinj.com\/blog\/author\/admin\/\"}]}<\/script>\n<!-- \/ Yoast SEO plugin. -->","yoast_head_json":{"title":"Sinan Vllasaliu marton vajz\u00ebn - Lajme nga Ulqini","description":"K\u00ebng\u00ebtari Sinan Vllasaliu, p\u00ebrve\u00e7 risive q\u00eb do t\u00eb sjell\u00eb tani, gjat\u00eb k\u00ebtyre dit\u00ebve n\u00eb tregun muzikor\u00eb, ai ka qen\u00eb i angazhuar s\u00eb fundmi m\u00eb martes\u00ebn e","robots":{"index":"index","follow":"follow","max-snippet":"max-snippet:-1","max-image-preview":"max-image-preview:large","max-video-preview":"max-video-preview:-1"},"canonical":"https:\/\/www.visit-ulcinj.com\/blog\/2010\/07\/02\/sinan-vllasaliu-marton-vajzen\/","og_locale":"en_US","og_type":"article","og_title":"Sinan Vllasaliu marton vajz\u00ebn - Lajme nga Ulqini","og_description":"K\u00ebng\u00ebtari Sinan Vllasaliu, p\u00ebrve\u00e7 risive q\u00eb do t\u00eb sjell\u00eb tani, gjat\u00eb k\u00ebtyre dit\u00ebve n\u00eb tregun muzikor\u00eb, ai ka qen\u00eb i angazhuar s\u00eb fundmi m\u00eb martes\u00ebn e","og_url":"https:\/\/www.visit-ulcinj.com\/blog\/2010\/07\/02\/sinan-vllasaliu-marton-vajzen\/","og_site_name":"Lajme nga Ulqini","article_published_time":"2010-07-01T23:31:46+00:00","article_modified_time":"2010-07-01T23:56:38+00:00","og_image":[{"url":"https:\/\/www.visit-ulcinj.com\/blog\/wp-content\/uploads\/2010\/07\/Sinan-Vllasaliu.1-150x150.jpg"}],"twitter_misc":{"Written by":"ulqini","Est. reading time":"1 minute"},"schema":{"@context":"https:\/\/schema.org","@graph":[{"@type":"WebSite","@id":"https:\/\/www.visit-ulcinj.com\/blog\/#website","url":"https:\/\/www.visit-ulcinj.com\/blog\/","name":"Lajme nga Ulqini","description":"Lajme,Vijesti,Ulqini,Ulqin,Crna Gora,Mali i Zi","potentialAction":[{"@type":"SearchAction","target":{"@type":"EntryPoint","urlTemplate":"https:\/\/www.visit-ulcinj.com\/blog\/?s={search_term_string}"},"query-input":"required name=search_term_string"}],"inLanguage":"en-US"},{"@type":"ImageObject","inLanguage":"en-US","@id":"https:\/\/www.visit-ulcinj.com\/blog\/2010\/07\/02\/sinan-vllasaliu-marton-vajzen\/#primaryimage","url":"http:\/\/www.visit-ulcinj.com\/blog\/wp-content\/uploads\/2010\/07\/Edona-Vllasaliu.jpg","contentUrl":"http:\/\/www.visit-ulcinj.com\/blog\/wp-content\/uploads\/2010\/07\/Edona-Vllasaliu.jpg"},{"@type":"WebPage","@id":"https:\/\/www.visit-ulcinj.com\/blog\/2010\/07\/02\/sinan-vllasaliu-marton-vajzen\/#webpage","url":"https:\/\/www.visit-ulcinj.com\/blog\/2010\/07\/02\/sinan-vllasaliu-marton-vajzen\/","name":"Sinan Vllasaliu marton vajz\u00ebn - Lajme nga Ulqini","isPartOf":{"@id":"https:\/\/www.visit-ulcinj.com\/blog\/#website"},"primaryImageOfPage":{"@id":"https:\/\/www.visit-ulcinj.com\/blog\/2010\/07\/02\/sinan-vllasaliu-marton-vajzen\/#primaryimage"},"datePublished":"2010-07-01T23:31:46+00:00","dateModified":"2010-07-01T23:56:38+00:00","author":{"@id":"https:\/\/www.visit-ulcinj.com\/blog\/#\/schema\/person\/dcab619c614d3038751c63bc2aadc06d"},"description":"K\u00ebng\u00ebtari Sinan Vllasaliu, p\u00ebrve\u00e7 risive q\u00eb do t\u00eb sjell\u00eb tani, gjat\u00eb k\u00ebtyre dit\u00ebve n\u00eb tregun muzikor\u00eb, ai ka qen\u00eb i angazhuar s\u00eb fundmi m\u00eb martes\u00ebn e","breadcrumb":{"@id":"https:\/\/www.visit-ulcinj.com\/blog\/2010\/07\/02\/sinan-vllasaliu-marton-vajzen\/#breadcrumb"},"inLanguage":"en-US","potentialAction":[{"@type":"ReadAction","target":["https:\/\/www.visit-ulcinj.com\/blog\/2010\/07\/02\/sinan-vllasaliu-marton-vajzen\/"]}]},{"@type":"BreadcrumbList","@id":"https:\/\/www.visit-ulcinj.com\/blog\/2010\/07\/02\/sinan-vllasaliu-marton-vajzen\/#breadcrumb","itemListElement":[{"@type":"ListItem","position":1,"name":"Sinan Vllasaliu marton vajz\u00ebn"}]},{"@type":"Person","@id":"https:\/\/www.visit-ulcinj.com\/blog\/#\/schema\/person\/dcab619c614d3038751c63bc2aadc06d","name":"ulqini","sameAs":["http:\/\/www.visit-ulcinj.com"],"url":"https:\/\/www.visit-ulcinj.com\/blog\/author\/admin\/"}]}},"jetpack_featured_media_url":"","jetpack_sharing_enabled":true,"jetpack_shortlink":"https:\/\/wp.me\/pe6lTn-97T","_links":{"self":[{"href":"https:\/\/www.visit-ulcinj.com\/blog\/wp-json\/wp\/v2\/posts\/35085"}],"collection":[{"href":"https:\/\/www.visit-ulcinj.com\/blog\/wp-json\/wp\/v2\/posts"}],"about":[{"href":"https:\/\/www.visit-ulcinj.com\/blog\/wp-json\/wp\/v2\/types\/post"}],"author":[{"embeddable":true,"href":"https:\/\/www.visit-ulcinj.com\/blog\/wp-json\/wp\/v2\/users\/1"}],"replies":[{"embeddable":true,"href":"https:\/\/www.visit-ulcinj.com\/blog\/wp-json\/wp\/v2\/comments?post=35085"}],"version-history":[{"count":0,"href":"https:\/\/www.visit-ulcinj.com\/blog\/wp-json\/wp\/v2\/posts\/35085\/revisions"}],"wp:attachment":[{"href":"https:\/\/www.visit-ulcinj.com\/blog\/wp-json\/wp\/v2\/media?parent=35085"}],"wp:term":[{"taxonomy":"category","embeddable":true,"href":"https:\/\/www.visit-ulcinj.com\/blog\/wp-json\/wp\/v2\/categories?post=35085"},{"taxonomy":"post_tag","embeddable":true,"href":"https:\/\/www.visit-ulcinj.com\/blog\/wp-json\/wp\/v2\/tags?post=35085"}],"curies":[{"name":"wp","href":"https:\/\/api.w.org\/{rel}","templated":true}]}}