{"id":35090,"date":"2010-07-02T01:54:59","date_gmt":"2010-07-01T23:54:59","guid":{"rendered":"http:\/\/www.visit-ulcinj.com\/blog\/?p=35090"},"modified":"2010-07-02T01:54:59","modified_gmt":"2010-07-01T23:54:59","slug":"tuna-pas-kubes-ne-bora-bora","status":"publish","type":"post","link":"https:\/\/www.visit-ulcinj.com\/blog\/2010\/07\/02\/tuna-pas-kubes-ne-bora-bora\/","title":{"rendered":"Tuna: Pas Kub\u00ebs n\u00eb Bora Bora"},"content":{"rendered":"<p><a href=\"http:\/\/www.visit-ulcinj.com\/blog\/wp-content\/uploads\/2010\/07\/TUNA_RILIND-REKA.jpg\"><img loading=\"lazy\" class=\"alignleft size-full wp-image-35096\" title=\"TUNA_RILIND REKA\" src=\"http:\/\/www.visit-ulcinj.com\/blog\/wp-content\/uploads\/2010\/07\/TUNA_RILIND-REKA.jpg\" alt=\"TUNA_RILIND REKA\" width=\"490\" height=\"390\" \/><\/a>\u00c7ifti i porsamartuar Altuna Sejdiu dhe Rilind Reka ende nuk e kan\u00eb zgjedhur destinacionin e tyre t\u00eb radh\u00ebs p\u00ebr pushimet e tyre vjetore.<br \/>\nVitin e kaluar \u00e7ifti kishin qen\u00eb n\u00eb pushime n\u00eb Kub\u00eb, nd\u00ebrkaq tani Tuna thot\u00eb se vendin e pushimit do ta zgjedh burri i saj Rilindi.<br \/>\nK\u00ebng\u00ebtarja ka treguar se ky vend mund t\u00eb jet\u00eb plazhi i Bora Bor\u00ebs q\u00eb \u00ebsht\u00eb nj\u00eb ishull i Franc\u00ebs n\u00eb oqeanin paq\u00ebsor\u00eb.<br \/>\n\u201cKa gjasa t\u00eb jet\u00eb Bora Bora, por kudo q\u00eb t\u00eb jet\u00eb pushimet do i p\u00ebrfundojm\u00eb n\u00eb fund t\u00eb ver\u00ebs p\u00ebr shkak se momentalisht jam duke punuar n\u00eb disa projekte t\u00eb reja muzikore\u201d, ka th\u00ebn\u00eb Tuna.<\/p>\n\n<!--YouTube Error: bad URL entered-->\n","protected":false},"excerpt":{"rendered":"<p>\u00c7ifti i porsamartuar Altuna Sejdiu dhe Rilind Reka ende nuk e kan\u00eb zgjedhur destinacionin e tyre t\u00eb radh\u00ebs p\u00ebr pushimet e tyre vjetore. Vitin e kaluar \u00e7ifti kishin qen\u00eb n\u00eb pushime n\u00eb Kub\u00eb, nd\u00ebrkaq tani Tuna thot\u00eb se vendin e pushimit do ta zgjedh burri i saj Rilindi. K\u00ebng\u00ebtarja ka treguar se ky vend mund [&hellip;]<\/p>\n","protected":false},"author":1,"featured_media":0,"comment_status":"open","ping_status":"closed","sticky":false,"template":"","format":"standard","meta":{"spay_email":"","jetpack_publicize_message":"","jetpack_is_tweetstorm":false,"jetpack_publicize_feature_enabled":true},"categories":[1],"tags":[4972,13409],"jetpack_publicize_connections":[],"yoast_head":"<!-- This site is optimized with the Yoast SEO plugin v19.1 - https:\/\/yoast.com\/wordpress\/plugins\/seo\/ -->\n<title>Tuna: Pas Kub\u00ebs n\u00eb Bora Bora - Lajme nga Ulqini<\/title>\n<meta name=\"description\" content=\"\u00c7ifti i porsamartuar Altuna Sejdiu dhe Rilind Reka ende nuk e kan\u00eb zgjedhur destinacionin e tyre t\u00eb radh\u00ebs p\u00ebr pushimet e tyre vjetore. Vitin e kaluar\" \/>\n<meta name=\"robots\" content=\"index, follow, max-snippet:-1, max-image-preview:large, max-video-preview:-1\" \/>\n<link rel=\"canonical\" href=\"https:\/\/www.visit-ulcinj.com\/blog\/2010\/07\/02\/tuna-pas-kubes-ne-bora-bora\/\" \/>\n<meta property=\"og:locale\" content=\"en_US\" \/>\n<meta property=\"og:type\" content=\"article\" \/>\n<meta property=\"og:title\" content=\"Tuna: Pas Kub\u00ebs n\u00eb Bora Bora - Lajme nga Ulqini\" \/>\n<meta property=\"og:description\" content=\"\u00c7ifti i porsamartuar Altuna Sejdiu dhe Rilind Reka ende nuk e kan\u00eb zgjedhur destinacionin e tyre t\u00eb radh\u00ebs p\u00ebr pushimet e tyre vjetore. Vitin e kaluar\" \/>\n<meta property=\"og:url\" content=\"https:\/\/www.visit-ulcinj.com\/blog\/2010\/07\/02\/tuna-pas-kubes-ne-bora-bora\/\" \/>\n<meta property=\"og:site_name\" content=\"Lajme nga Ulqini\" \/>\n<meta property=\"article:published_time\" content=\"2010-07-01T23:54:59+00:00\" \/>\n<meta property=\"og:image\" content=\"https:\/\/www.visit-ulcinj.com\/blog\/wp-content\/uploads\/2010\/07\/altuna-sejdiu-150x150.jpg\" \/>\n<meta name=\"twitter:label1\" content=\"Written by\" \/>\n\t<meta name=\"twitter:data1\" content=\"ulqini\" \/>\n\t<meta name=\"twitter:label2\" content=\"Est. reading time\" \/>\n\t<meta name=\"twitter:data2\" content=\"1 minute\" \/>\n<script type=\"application\/ld+json\" class=\"yoast-schema-graph\">{\"@context\":\"https:\/\/schema.org\",\"@graph\":[{\"@type\":\"WebSite\",\"@id\":\"https:\/\/www.visit-ulcinj.com\/blog\/#website\",\"url\":\"https:\/\/www.visit-ulcinj.com\/blog\/\",\"name\":\"Lajme nga Ulqini\",\"description\":\"Lajme,Vijesti,Ulqini,Ulqin,Crna Gora,Mali i Zi\",\"potentialAction\":[{\"@type\":\"SearchAction\",\"target\":{\"@type\":\"EntryPoint\",\"urlTemplate\":\"https:\/\/www.visit-ulcinj.com\/blog\/?s={search_term_string}\"},\"query-input\":\"required name=search_term_string\"}],\"inLanguage\":\"en-US\"},{\"@type\":\"ImageObject\",\"inLanguage\":\"en-US\",\"@id\":\"https:\/\/www.visit-ulcinj.com\/blog\/2010\/07\/02\/tuna-pas-kubes-ne-bora-bora\/#primaryimage\",\"url\":\"http:\/\/www.visit-ulcinj.com\/blog\/wp-content\/uploads\/2010\/07\/TUNA_RILIND-REKA.jpg\",\"contentUrl\":\"http:\/\/www.visit-ulcinj.com\/blog\/wp-content\/uploads\/2010\/07\/TUNA_RILIND-REKA.jpg\"},{\"@type\":\"WebPage\",\"@id\":\"https:\/\/www.visit-ulcinj.com\/blog\/2010\/07\/02\/tuna-pas-kubes-ne-bora-bora\/#webpage\",\"url\":\"https:\/\/www.visit-ulcinj.com\/blog\/2010\/07\/02\/tuna-pas-kubes-ne-bora-bora\/\",\"name\":\"Tuna: Pas Kub\u00ebs n\u00eb Bora Bora - Lajme nga Ulqini\",\"isPartOf\":{\"@id\":\"https:\/\/www.visit-ulcinj.com\/blog\/#website\"},\"primaryImageOfPage\":{\"@id\":\"https:\/\/www.visit-ulcinj.com\/blog\/2010\/07\/02\/tuna-pas-kubes-ne-bora-bora\/#primaryimage\"},\"datePublished\":\"2010-07-01T23:54:59+00:00\",\"dateModified\":\"2010-07-01T23:54:59+00:00\",\"author\":{\"@id\":\"https:\/\/www.visit-ulcinj.com\/blog\/#\/schema\/person\/dcab619c614d3038751c63bc2aadc06d\"},\"description\":\"\u00c7ifti i porsamartuar Altuna Sejdiu dhe Rilind Reka ende nuk e kan\u00eb zgjedhur destinacionin e tyre t\u00eb radh\u00ebs p\u00ebr pushimet e tyre vjetore. Vitin e kaluar\",\"breadcrumb\":{\"@id\":\"https:\/\/www.visit-ulcinj.com\/blog\/2010\/07\/02\/tuna-pas-kubes-ne-bora-bora\/#breadcrumb\"},\"inLanguage\":\"en-US\",\"potentialAction\":[{\"@type\":\"ReadAction\",\"target\":[\"https:\/\/www.visit-ulcinj.com\/blog\/2010\/07\/02\/tuna-pas-kubes-ne-bora-bora\/\"]}]},{\"@type\":\"BreadcrumbList\",\"@id\":\"https:\/\/www.visit-ulcinj.com\/blog\/2010\/07\/02\/tuna-pas-kubes-ne-bora-bora\/#breadcrumb\",\"itemListElement\":[{\"@type\":\"ListItem\",\"position\":1,\"name\":\"Tuna: Pas Kub\u00ebs n\u00eb Bora Bora\"}]},{\"@type\":\"Person\",\"@id\":\"https:\/\/www.visit-ulcinj.com\/blog\/#\/schema\/person\/dcab619c614d3038751c63bc2aadc06d\",\"name\":\"ulqini\",\"sameAs\":[\"http:\/\/www.visit-ulcinj.com\"],\"url\":\"https:\/\/www.visit-ulcinj.com\/blog\/author\/admin\/\"}]}<\/script>\n<!-- \/ Yoast SEO plugin. -->","yoast_head_json":{"title":"Tuna: Pas Kub\u00ebs n\u00eb Bora Bora - Lajme nga Ulqini","description":"\u00c7ifti i porsamartuar Altuna Sejdiu dhe Rilind Reka ende nuk e kan\u00eb zgjedhur destinacionin e tyre t\u00eb radh\u00ebs p\u00ebr pushimet e tyre vjetore. Vitin e kaluar","robots":{"index":"index","follow":"follow","max-snippet":"max-snippet:-1","max-image-preview":"max-image-preview:large","max-video-preview":"max-video-preview:-1"},"canonical":"https:\/\/www.visit-ulcinj.com\/blog\/2010\/07\/02\/tuna-pas-kubes-ne-bora-bora\/","og_locale":"en_US","og_type":"article","og_title":"Tuna: Pas Kub\u00ebs n\u00eb Bora Bora - Lajme nga Ulqini","og_description":"\u00c7ifti i porsamartuar Altuna Sejdiu dhe Rilind Reka ende nuk e kan\u00eb zgjedhur destinacionin e tyre t\u00eb radh\u00ebs p\u00ebr pushimet e tyre vjetore. Vitin e kaluar","og_url":"https:\/\/www.visit-ulcinj.com\/blog\/2010\/07\/02\/tuna-pas-kubes-ne-bora-bora\/","og_site_name":"Lajme nga Ulqini","article_published_time":"2010-07-01T23:54:59+00:00","og_image":[{"url":"https:\/\/www.visit-ulcinj.com\/blog\/wp-content\/uploads\/2010\/07\/altuna-sejdiu-150x150.jpg"}],"twitter_misc":{"Written by":"ulqini","Est. reading time":"1 minute"},"schema":{"@context":"https:\/\/schema.org","@graph":[{"@type":"WebSite","@id":"https:\/\/www.visit-ulcinj.com\/blog\/#website","url":"https:\/\/www.visit-ulcinj.com\/blog\/","name":"Lajme nga Ulqini","description":"Lajme,Vijesti,Ulqini,Ulqin,Crna Gora,Mali i Zi","potentialAction":[{"@type":"SearchAction","target":{"@type":"EntryPoint","urlTemplate":"https:\/\/www.visit-ulcinj.com\/blog\/?s={search_term_string}"},"query-input":"required name=search_term_string"}],"inLanguage":"en-US"},{"@type":"ImageObject","inLanguage":"en-US","@id":"https:\/\/www.visit-ulcinj.com\/blog\/2010\/07\/02\/tuna-pas-kubes-ne-bora-bora\/#primaryimage","url":"http:\/\/www.visit-ulcinj.com\/blog\/wp-content\/uploads\/2010\/07\/TUNA_RILIND-REKA.jpg","contentUrl":"http:\/\/www.visit-ulcinj.com\/blog\/wp-content\/uploads\/2010\/07\/TUNA_RILIND-REKA.jpg"},{"@type":"WebPage","@id":"https:\/\/www.visit-ulcinj.com\/blog\/2010\/07\/02\/tuna-pas-kubes-ne-bora-bora\/#webpage","url":"https:\/\/www.visit-ulcinj.com\/blog\/2010\/07\/02\/tuna-pas-kubes-ne-bora-bora\/","name":"Tuna: Pas Kub\u00ebs n\u00eb Bora Bora - Lajme nga Ulqini","isPartOf":{"@id":"https:\/\/www.visit-ulcinj.com\/blog\/#website"},"primaryImageOfPage":{"@id":"https:\/\/www.visit-ulcinj.com\/blog\/2010\/07\/02\/tuna-pas-kubes-ne-bora-bora\/#primaryimage"},"datePublished":"2010-07-01T23:54:59+00:00","dateModified":"2010-07-01T23:54:59+00:00","author":{"@id":"https:\/\/www.visit-ulcinj.com\/blog\/#\/schema\/person\/dcab619c614d3038751c63bc2aadc06d"},"description":"\u00c7ifti i porsamartuar Altuna Sejdiu dhe Rilind Reka ende nuk e kan\u00eb zgjedhur destinacionin e tyre t\u00eb radh\u00ebs p\u00ebr pushimet e tyre vjetore. Vitin e kaluar","breadcrumb":{"@id":"https:\/\/www.visit-ulcinj.com\/blog\/2010\/07\/02\/tuna-pas-kubes-ne-bora-bora\/#breadcrumb"},"inLanguage":"en-US","potentialAction":[{"@type":"ReadAction","target":["https:\/\/www.visit-ulcinj.com\/blog\/2010\/07\/02\/tuna-pas-kubes-ne-bora-bora\/"]}]},{"@type":"BreadcrumbList","@id":"https:\/\/www.visit-ulcinj.com\/blog\/2010\/07\/02\/tuna-pas-kubes-ne-bora-bora\/#breadcrumb","itemListElement":[{"@type":"ListItem","position":1,"name":"Tuna: Pas Kub\u00ebs n\u00eb Bora Bora"}]},{"@type":"Person","@id":"https:\/\/www.visit-ulcinj.com\/blog\/#\/schema\/person\/dcab619c614d3038751c63bc2aadc06d","name":"ulqini","sameAs":["http:\/\/www.visit-ulcinj.com"],"url":"https:\/\/www.visit-ulcinj.com\/blog\/author\/admin\/"}]}},"jetpack_featured_media_url":"","jetpack_sharing_enabled":true,"jetpack_shortlink":"https:\/\/wp.me\/pe6lTn-97Y","_links":{"self":[{"href":"https:\/\/www.visit-ulcinj.com\/blog\/wp-json\/wp\/v2\/posts\/35090"}],"collection":[{"href":"https:\/\/www.visit-ulcinj.com\/blog\/wp-json\/wp\/v2\/posts"}],"about":[{"href":"https:\/\/www.visit-ulcinj.com\/blog\/wp-json\/wp\/v2\/types\/post"}],"author":[{"embeddable":true,"href":"https:\/\/www.visit-ulcinj.com\/blog\/wp-json\/wp\/v2\/users\/1"}],"replies":[{"embeddable":true,"href":"https:\/\/www.visit-ulcinj.com\/blog\/wp-json\/wp\/v2\/comments?post=35090"}],"version-history":[{"count":0,"href":"https:\/\/www.visit-ulcinj.com\/blog\/wp-json\/wp\/v2\/posts\/35090\/revisions"}],"wp:attachment":[{"href":"https:\/\/www.visit-ulcinj.com\/blog\/wp-json\/wp\/v2\/media?parent=35090"}],"wp:term":[{"taxonomy":"category","embeddable":true,"href":"https:\/\/www.visit-ulcinj.com\/blog\/wp-json\/wp\/v2\/categories?post=35090"},{"taxonomy":"post_tag","embeddable":true,"href":"https:\/\/www.visit-ulcinj.com\/blog\/wp-json\/wp\/v2\/tags?post=35090"}],"curies":[{"name":"wp","href":"https:\/\/api.w.org\/{rel}","templated":true}]}}