{"id":35108,"date":"2010-07-02T13:54:57","date_gmt":"2010-07-02T11:54:57","guid":{"rendered":"http:\/\/www.visit-ulcinj.com\/blog\/?p=35108"},"modified":"2010-07-02T13:58:12","modified_gmt":"2010-07-02T11:58:12","slug":"jehona-sopi-rikthehet-ne-skene","status":"publish","type":"post","link":"https:\/\/www.visit-ulcinj.com\/blog\/2010\/07\/02\/jehona-sopi-rikthehet-ne-skene\/","title":{"rendered":"Jehona Sopi rikthehet n\u00eb sken\u00eb"},"content":{"rendered":"<p><a href=\"http:\/\/www.visit-ulcinj.com\/blog\/wp-content\/uploads\/2010\/07\/Jehona-Sopi.JPG\"><img loading=\"lazy\" class=\"alignleft size-full wp-image-35109\" title=\"Jehona Sopi\" src=\"http:\/\/www.visit-ulcinj.com\/blog\/wp-content\/uploads\/2010\/07\/Jehona-Sopi.JPG\" alt=\"Jehona Sopi\" width=\"490\" height=\"390\" \/><\/a>Si gjithmon\u00eb, stili i veshjes me t\u00eb cilin shfaqet kudo k\u00ebng\u00ebtarja sharmante nuk ka se si mos t\u00eb bie n\u00eb syt\u00eb e t\u00eb tjer\u00ebve, edhe n\u00eb k\u00ebt\u00eb videoklip ajo paraqitet me nj\u00eb stil t\u00eb ri.<br \/>\nPas m\u00eb shum\u00eb se nj\u00eb vit mungese n\u00eb sken\u00eb, k\u00ebng\u00ebtarja Jehona Sopi kthehet me nj\u00eb projekt t\u00eb ri i cili sapo \u00ebsht\u00eb dal n\u00ebp\u00ebr mediat televizive. B\u00ebhet fjal\u00eb p\u00ebr k\u00ebng\u00ebn m\u00eb t\u00eb re t\u00eb saj &#8220;Work it girl&#8221;. N\u00eb k\u00ebt\u00eb k\u00ebng\u00eb Sopi vjen me imazh t\u00eb ri, bashk\u00ebpun\u00ebtor\u00eb t\u00eb rinj dhe nj\u00eb sprov\u00eb t\u00eb re t\u00eb rrym\u00ebs &#8220;RnB&#8221;.<\/p>\n<p>&#8220;\u00cbsht\u00eb nj\u00eb k\u00ebng\u00eb verore ritmike. Zhanri \u2018RnB\u2019 mua prej koh\u00ebsh me p\u00eblqen, por ajo q\u00eb mua m\u00eb \u00ebsht\u00eb dasht\u00eb t\u00eb adaptohem m\u00eb s\u00eb shumti, ka qen\u00eb teksti i k\u00ebng\u00ebs i cili \u00ebsht\u00eb nj\u00eb tekst ndryshe nga her\u00ebt e kaluara. Kam pasur shum\u00eb tekste p\u00ebr t\u00eb zgjedhur, por vendosa q\u00eb t\u00eb marr tekstin t\u00eb cilin e ka shkruar Festim Arifi i njohur si &#8220;Lyricak Son&#8221;, nd\u00ebrsa muzik\u00ebn e ka b\u00ebr\u00eb Enis Presheva&#8221;, thot\u00eb Jehona duke shpjeguar fabul\u00ebn e k\u00ebng\u00ebs q\u00eb sipas saj i kushtohet nj\u00eb vajz\u00eb e cila e k\u00ebrkon simpatin\u00eb e vet, nd\u00ebrsa djali i thot\u00eb ngadal\u00eb se gj\u00ebrat e mira vijn\u00eb hap pas hapi.<\/p>\n<p>Si gjithmon\u00eb, stili i veshjes me t\u00eb cilin shfaqet kudo k\u00ebng\u00ebtarja sharmante nuk ka se si mos t\u00eb bie n\u00eb syt\u00eb e t\u00eb tjer\u00ebve, edhe n\u00eb k\u00ebt\u00eb videoklip ajo paraqitet me nj\u00eb stil t\u00eb ri.<\/p>\n<p>&#8220;P\u00ebr veshjet e mia \u00ebsht\u00eb p\u00ebrkujdesur stilisti Valdrin Sahiti i cili ka b\u00ebr\u00eb nj\u00eb pun\u00eb t\u00eb shk\u00eblqyer. Jan\u00eb disa gj\u00ebra q\u00eb i kemi koordinuar t\u00eb cilat jan\u00eb t\u00eb blera, por t\u00eb gjitha kan\u00eb qen\u00eb n\u00eb bashk\u00ebpunim me Valdrinin. Tendenca ime ka qen\u00eb q\u00eb videoklipi mos t\u00eb ngjaj\u00eb n\u00eb videoklipet e tjera&#8221;, thot\u00eb Jehona.<\/p>\n<p>Ky muaj duke t\u00eb jet\u00eb me fatlum p\u00ebr k\u00ebng\u00ebtaren Sopi. Nuk \u00ebsht\u00eb suksesi i vet\u00ebm realizimi i k\u00ebng\u00ebs &#8220;Work it girl&#8221; q\u00eb ka b\u00ebr\u00eb gjat\u00eb k\u00ebtij muaji, por ajo dit\u00eb m\u00eb par\u00eb edhe ka diplomuar n\u00eb deg\u00ebn e psikologjis\u00eb n\u00eb Unversitetein &#8220;Dardani&#8221; t\u00eb cil\u00ebt menj\u00ebher\u00eb i kan\u00eb ofruar edhe pun\u00ebsim si asistente n\u00eb k\u00ebt\u00eb Universitet, por Jehona akoma nuk e ka th\u00ebn\u00eb fjal\u00ebn e fundit. &#8220;Ende nuk kam vendosur, mir\u00ebpo jam fal\u00ebnderuese p\u00ebr k\u00ebt\u00eb ofert\u00eb q\u00eb m\u00eb kan\u00eb b\u00ebr\u00eb ngase \u00ebsht\u00eb nj\u00eb pun\u00eb shum\u00eb e p\u00eblqyeshme p\u00ebr mua, por do ta shohim, sepse kam edhe disa plane t\u00eb tjera prej shtatorit&#8221;. pohon ajo.<\/p>\n<p>E pas gjith\u00eb k\u00ebtyre rezultateve t\u00eb lakmueshme, sigurisht se ka ardhur koha edhe p\u00ebr t\u00eb pushuar dhe relaksuar. Por ku do kalon ajo pushimet?, k\u00ebt\u00eb nuk arrit\u00ebm ta m\u00ebsojm\u00eb as ne. &#8220;Pas gjith\u00eb k\u00ebtij mundi dhe produktivitetit q\u00eb kam b\u00ebr\u00eb, jam e sigurt se e meritoj nj\u00eb pushim. E di q\u00eb do t\u00eb shkoj n\u00eb nj\u00eb vend t\u00eb bukur, ku do t\u00eb pushoj dhe t\u00eb relaksohem, por ndoshta nuk \u00ebsht\u00eb shum\u00eb me r\u00ebnd\u00ebsi se ku do t\u00eb shkoj&#8221;, shprehet Jehona e cila q\u00eb sot \u00ebsht\u00eb nisur p\u00ebr n\u00eb pushime.<br \/>\n<strong><br \/>\nJehona Duet me Besa Kok\u00ebdhimen<\/strong><\/p>\n<p>K\u00ebng\u00ebtarja Jehona Sopi m\u00eb nuk do t\u00eb ndalet duke sjell projekte t\u00eb reja. Posa q\u00eb t\u00eb kthehet nga pushimi, at\u00eb e pret studio e incizimit t\u00eb nj\u00eb k\u00ebng\u00eb tjet\u00ebr t\u00eb re, e cila do t\u00eb jet\u00eb n\u00eb duet m\u00eb k\u00ebng\u00ebtaren shum\u00eb t\u00eb njohur nga Shqip\u00ebria, Besa Kok\u00ebdhima.<\/p>\n<p>&#8220;Me Bes\u00ebn njihem q\u00eb prej tri vitesh dhe jemi shoqe shum\u00eb t\u00eb mira. Si rrjedhoj\u00eb e miq\u00ebsis\u00eb, lindi edhe ideja p\u00ebr t\u00eb realizuar k\u00ebt\u00eb k\u00ebng\u00eb. Menj\u00ebher\u00eb pas kthimit tim nga pushimet do t\u00eb incizojm\u00eb k\u00ebng\u00ebn, kurse videoklipin do ta punojm\u00eb me produksionin &#8220;Entermedia&#8221;&#8221;, pohoi Jehona n\u00eb fund t\u00eb bised\u00ebs son\u00eb.<br \/>\n<strong>Z\u00ebri<br \/>\n<!--YouTube Error: bad URL entered--><\/strong><\/p>\n","protected":false},"excerpt":{"rendered":"<p>Si gjithmon\u00eb, stili i veshjes me t\u00eb cilin shfaqet kudo k\u00ebng\u00ebtarja sharmante nuk ka se si mos t\u00eb bie n\u00eb syt\u00eb e t\u00eb tjer\u00ebve, edhe n\u00eb k\u00ebt\u00eb videoklip ajo paraqitet me nj\u00eb stil t\u00eb ri. Pas m\u00eb shum\u00eb se nj\u00eb vit mungese n\u00eb sken\u00eb, k\u00ebng\u00ebtarja Jehona Sopi kthehet me nj\u00eb projekt t\u00eb ri i cili [&hellip;]<\/p>\n","protected":false},"author":1,"featured_media":0,"comment_status":"open","ping_status":"closed","sticky":false,"template":"","format":"standard","meta":{"spay_email":"","jetpack_publicize_message":"","jetpack_is_tweetstorm":false,"jetpack_publicize_feature_enabled":true},"categories":[1],"tags":[13000],"jetpack_publicize_connections":[],"yoast_head":"<!-- This site is optimized with the Yoast SEO plugin v19.1 - https:\/\/yoast.com\/wordpress\/plugins\/seo\/ -->\n<title>Jehona Sopi rikthehet n\u00eb sken\u00eb - Lajme nga Ulqini<\/title>\n<meta name=\"description\" content=\"Si gjithmon\u00eb, stili i veshjes me t\u00eb cilin shfaqet kudo k\u00ebng\u00ebtarja sharmante nuk ka se si mos t\u00eb bie n\u00eb syt\u00eb e t\u00eb tjer\u00ebve, edhe n\u00eb k\u00ebt\u00eb videoklip ajo\" \/>\n<meta name=\"robots\" content=\"index, follow, max-snippet:-1, max-image-preview:large, max-video-preview:-1\" \/>\n<link rel=\"canonical\" href=\"https:\/\/www.visit-ulcinj.com\/blog\/2010\/07\/02\/jehona-sopi-rikthehet-ne-skene\/\" \/>\n<meta property=\"og:locale\" content=\"en_US\" \/>\n<meta property=\"og:type\" content=\"article\" \/>\n<meta property=\"og:title\" content=\"Jehona Sopi rikthehet n\u00eb sken\u00eb - Lajme nga Ulqini\" \/>\n<meta property=\"og:description\" content=\"Si gjithmon\u00eb, stili i veshjes me t\u00eb cilin shfaqet kudo k\u00ebng\u00ebtarja sharmante nuk ka se si mos t\u00eb bie n\u00eb syt\u00eb e t\u00eb tjer\u00ebve, edhe n\u00eb k\u00ebt\u00eb videoklip ajo\" \/>\n<meta property=\"og:url\" content=\"https:\/\/www.visit-ulcinj.com\/blog\/2010\/07\/02\/jehona-sopi-rikthehet-ne-skene\/\" \/>\n<meta property=\"og:site_name\" content=\"Lajme nga Ulqini\" \/>\n<meta property=\"article:published_time\" content=\"2010-07-02T11:54:57+00:00\" \/>\n<meta property=\"article:modified_time\" content=\"2010-07-02T11:58:12+00:00\" \/>\n<meta property=\"og:image\" content=\"http:\/\/www.visit-ulcinj.com\/blog\/wp-content\/uploads\/2010\/07\/Jehona-Sopi.JPG\" \/>\n<meta name=\"twitter:label1\" content=\"Written by\" \/>\n\t<meta name=\"twitter:data1\" content=\"ulqini\" \/>\n\t<meta name=\"twitter:label2\" content=\"Est. reading time\" \/>\n\t<meta name=\"twitter:data2\" content=\"3 minutes\" \/>\n<script type=\"application\/ld+json\" class=\"yoast-schema-graph\">{\"@context\":\"https:\/\/schema.org\",\"@graph\":[{\"@type\":\"WebSite\",\"@id\":\"https:\/\/www.visit-ulcinj.com\/blog\/#website\",\"url\":\"https:\/\/www.visit-ulcinj.com\/blog\/\",\"name\":\"Lajme nga Ulqini\",\"description\":\"Lajme,Vijesti,Ulqini,Ulqin,Crna Gora,Mali i Zi\",\"potentialAction\":[{\"@type\":\"SearchAction\",\"target\":{\"@type\":\"EntryPoint\",\"urlTemplate\":\"https:\/\/www.visit-ulcinj.com\/blog\/?s={search_term_string}\"},\"query-input\":\"required name=search_term_string\"}],\"inLanguage\":\"en-US\"},{\"@type\":\"ImageObject\",\"inLanguage\":\"en-US\",\"@id\":\"https:\/\/www.visit-ulcinj.com\/blog\/2010\/07\/02\/jehona-sopi-rikthehet-ne-skene\/#primaryimage\",\"url\":\"http:\/\/www.visit-ulcinj.com\/blog\/wp-content\/uploads\/2010\/07\/Jehona-Sopi.JPG\",\"contentUrl\":\"http:\/\/www.visit-ulcinj.com\/blog\/wp-content\/uploads\/2010\/07\/Jehona-Sopi.JPG\"},{\"@type\":\"WebPage\",\"@id\":\"https:\/\/www.visit-ulcinj.com\/blog\/2010\/07\/02\/jehona-sopi-rikthehet-ne-skene\/#webpage\",\"url\":\"https:\/\/www.visit-ulcinj.com\/blog\/2010\/07\/02\/jehona-sopi-rikthehet-ne-skene\/\",\"name\":\"Jehona Sopi rikthehet n\u00eb sken\u00eb - Lajme nga Ulqini\",\"isPartOf\":{\"@id\":\"https:\/\/www.visit-ulcinj.com\/blog\/#website\"},\"primaryImageOfPage\":{\"@id\":\"https:\/\/www.visit-ulcinj.com\/blog\/2010\/07\/02\/jehona-sopi-rikthehet-ne-skene\/#primaryimage\"},\"datePublished\":\"2010-07-02T11:54:57+00:00\",\"dateModified\":\"2010-07-02T11:58:12+00:00\",\"author\":{\"@id\":\"https:\/\/www.visit-ulcinj.com\/blog\/#\/schema\/person\/dcab619c614d3038751c63bc2aadc06d\"},\"description\":\"Si gjithmon\u00eb, stili i veshjes me t\u00eb cilin shfaqet kudo k\u00ebng\u00ebtarja sharmante nuk ka se si mos t\u00eb bie n\u00eb syt\u00eb e t\u00eb tjer\u00ebve, edhe n\u00eb k\u00ebt\u00eb videoklip ajo\",\"breadcrumb\":{\"@id\":\"https:\/\/www.visit-ulcinj.com\/blog\/2010\/07\/02\/jehona-sopi-rikthehet-ne-skene\/#breadcrumb\"},\"inLanguage\":\"en-US\",\"potentialAction\":[{\"@type\":\"ReadAction\",\"target\":[\"https:\/\/www.visit-ulcinj.com\/blog\/2010\/07\/02\/jehona-sopi-rikthehet-ne-skene\/\"]}]},{\"@type\":\"BreadcrumbList\",\"@id\":\"https:\/\/www.visit-ulcinj.com\/blog\/2010\/07\/02\/jehona-sopi-rikthehet-ne-skene\/#breadcrumb\",\"itemListElement\":[{\"@type\":\"ListItem\",\"position\":1,\"name\":\"Jehona Sopi rikthehet n\u00eb sken\u00eb\"}]},{\"@type\":\"Person\",\"@id\":\"https:\/\/www.visit-ulcinj.com\/blog\/#\/schema\/person\/dcab619c614d3038751c63bc2aadc06d\",\"name\":\"ulqini\",\"sameAs\":[\"http:\/\/www.visit-ulcinj.com\"],\"url\":\"https:\/\/www.visit-ulcinj.com\/blog\/author\/admin\/\"}]}<\/script>\n<!-- \/ Yoast SEO plugin. -->","yoast_head_json":{"title":"Jehona Sopi rikthehet n\u00eb sken\u00eb - Lajme nga Ulqini","description":"Si gjithmon\u00eb, stili i veshjes me t\u00eb cilin shfaqet kudo k\u00ebng\u00ebtarja sharmante nuk ka se si mos t\u00eb bie n\u00eb syt\u00eb e t\u00eb tjer\u00ebve, edhe n\u00eb k\u00ebt\u00eb videoklip ajo","robots":{"index":"index","follow":"follow","max-snippet":"max-snippet:-1","max-image-preview":"max-image-preview:large","max-video-preview":"max-video-preview:-1"},"canonical":"https:\/\/www.visit-ulcinj.com\/blog\/2010\/07\/02\/jehona-sopi-rikthehet-ne-skene\/","og_locale":"en_US","og_type":"article","og_title":"Jehona Sopi rikthehet n\u00eb sken\u00eb - Lajme nga Ulqini","og_description":"Si gjithmon\u00eb, stili i veshjes me t\u00eb cilin shfaqet kudo k\u00ebng\u00ebtarja sharmante nuk ka se si mos t\u00eb bie n\u00eb syt\u00eb e t\u00eb tjer\u00ebve, edhe n\u00eb k\u00ebt\u00eb videoklip ajo","og_url":"https:\/\/www.visit-ulcinj.com\/blog\/2010\/07\/02\/jehona-sopi-rikthehet-ne-skene\/","og_site_name":"Lajme nga Ulqini","article_published_time":"2010-07-02T11:54:57+00:00","article_modified_time":"2010-07-02T11:58:12+00:00","og_image":[{"url":"http:\/\/www.visit-ulcinj.com\/blog\/wp-content\/uploads\/2010\/07\/Jehona-Sopi.JPG"}],"twitter_misc":{"Written by":"ulqini","Est. reading time":"3 minutes"},"schema":{"@context":"https:\/\/schema.org","@graph":[{"@type":"WebSite","@id":"https:\/\/www.visit-ulcinj.com\/blog\/#website","url":"https:\/\/www.visit-ulcinj.com\/blog\/","name":"Lajme nga Ulqini","description":"Lajme,Vijesti,Ulqini,Ulqin,Crna Gora,Mali i Zi","potentialAction":[{"@type":"SearchAction","target":{"@type":"EntryPoint","urlTemplate":"https:\/\/www.visit-ulcinj.com\/blog\/?s={search_term_string}"},"query-input":"required name=search_term_string"}],"inLanguage":"en-US"},{"@type":"ImageObject","inLanguage":"en-US","@id":"https:\/\/www.visit-ulcinj.com\/blog\/2010\/07\/02\/jehona-sopi-rikthehet-ne-skene\/#primaryimage","url":"http:\/\/www.visit-ulcinj.com\/blog\/wp-content\/uploads\/2010\/07\/Jehona-Sopi.JPG","contentUrl":"http:\/\/www.visit-ulcinj.com\/blog\/wp-content\/uploads\/2010\/07\/Jehona-Sopi.JPG"},{"@type":"WebPage","@id":"https:\/\/www.visit-ulcinj.com\/blog\/2010\/07\/02\/jehona-sopi-rikthehet-ne-skene\/#webpage","url":"https:\/\/www.visit-ulcinj.com\/blog\/2010\/07\/02\/jehona-sopi-rikthehet-ne-skene\/","name":"Jehona Sopi rikthehet n\u00eb sken\u00eb - Lajme nga Ulqini","isPartOf":{"@id":"https:\/\/www.visit-ulcinj.com\/blog\/#website"},"primaryImageOfPage":{"@id":"https:\/\/www.visit-ulcinj.com\/blog\/2010\/07\/02\/jehona-sopi-rikthehet-ne-skene\/#primaryimage"},"datePublished":"2010-07-02T11:54:57+00:00","dateModified":"2010-07-02T11:58:12+00:00","author":{"@id":"https:\/\/www.visit-ulcinj.com\/blog\/#\/schema\/person\/dcab619c614d3038751c63bc2aadc06d"},"description":"Si gjithmon\u00eb, stili i veshjes me t\u00eb cilin shfaqet kudo k\u00ebng\u00ebtarja sharmante nuk ka se si mos t\u00eb bie n\u00eb syt\u00eb e t\u00eb tjer\u00ebve, edhe n\u00eb k\u00ebt\u00eb videoklip ajo","breadcrumb":{"@id":"https:\/\/www.visit-ulcinj.com\/blog\/2010\/07\/02\/jehona-sopi-rikthehet-ne-skene\/#breadcrumb"},"inLanguage":"en-US","potentialAction":[{"@type":"ReadAction","target":["https:\/\/www.visit-ulcinj.com\/blog\/2010\/07\/02\/jehona-sopi-rikthehet-ne-skene\/"]}]},{"@type":"BreadcrumbList","@id":"https:\/\/www.visit-ulcinj.com\/blog\/2010\/07\/02\/jehona-sopi-rikthehet-ne-skene\/#breadcrumb","itemListElement":[{"@type":"ListItem","position":1,"name":"Jehona Sopi rikthehet n\u00eb sken\u00eb"}]},{"@type":"Person","@id":"https:\/\/www.visit-ulcinj.com\/blog\/#\/schema\/person\/dcab619c614d3038751c63bc2aadc06d","name":"ulqini","sameAs":["http:\/\/www.visit-ulcinj.com"],"url":"https:\/\/www.visit-ulcinj.com\/blog\/author\/admin\/"}]}},"jetpack_featured_media_url":"","jetpack_sharing_enabled":true,"jetpack_shortlink":"https:\/\/wp.me\/pe6lTn-98g","_links":{"self":[{"href":"https:\/\/www.visit-ulcinj.com\/blog\/wp-json\/wp\/v2\/posts\/35108"}],"collection":[{"href":"https:\/\/www.visit-ulcinj.com\/blog\/wp-json\/wp\/v2\/posts"}],"about":[{"href":"https:\/\/www.visit-ulcinj.com\/blog\/wp-json\/wp\/v2\/types\/post"}],"author":[{"embeddable":true,"href":"https:\/\/www.visit-ulcinj.com\/blog\/wp-json\/wp\/v2\/users\/1"}],"replies":[{"embeddable":true,"href":"https:\/\/www.visit-ulcinj.com\/blog\/wp-json\/wp\/v2\/comments?post=35108"}],"version-history":[{"count":0,"href":"https:\/\/www.visit-ulcinj.com\/blog\/wp-json\/wp\/v2\/posts\/35108\/revisions"}],"wp:attachment":[{"href":"https:\/\/www.visit-ulcinj.com\/blog\/wp-json\/wp\/v2\/media?parent=35108"}],"wp:term":[{"taxonomy":"category","embeddable":true,"href":"https:\/\/www.visit-ulcinj.com\/blog\/wp-json\/wp\/v2\/categories?post=35108"},{"taxonomy":"post_tag","embeddable":true,"href":"https:\/\/www.visit-ulcinj.com\/blog\/wp-json\/wp\/v2\/tags?post=35108"}],"curies":[{"name":"wp","href":"https:\/\/api.w.org\/{rel}","templated":true}]}}