{"id":35113,"date":"2010-07-02T14:18:32","date_gmt":"2010-07-02T12:18:32","guid":{"rendered":"http:\/\/www.visit-ulcinj.com\/blog\/?p=35113"},"modified":"2010-07-02T14:18:32","modified_gmt":"2010-07-02T12:18:32","slug":"blero-nuk-mundem-pa-ty","status":"publish","type":"post","link":"https:\/\/www.visit-ulcinj.com\/blog\/2010\/07\/02\/blero-nuk-mundem-pa-ty\/","title":{"rendered":"BLERO &#8211; Nuk Mundem Pa Ty"},"content":{"rendered":"<p><a href=\"http:\/\/www.visit-ulcinj.com\/blog\/wp-content\/uploads\/2010\/07\/BLERO-Nuk-Mundem-Pa-Ty.jpg\"><img loading=\"lazy\" class=\"alignleft size-full wp-image-35115\" title=\"BLERO - Nuk Mundem Pa Ty\" src=\"http:\/\/www.visit-ulcinj.com\/blog\/wp-content\/uploads\/2010\/07\/BLERO-Nuk-Mundem-Pa-Ty.jpg\" alt=\"BLERO - Nuk Mundem Pa Ty\" width=\"376\" height=\"581\" \/><\/a>K\u00ebng\u00ebtari i mir\u00ebnjohur Blero, vazhdon t\u00eb jet\u00eb nj\u00eb nd\u00ebr k\u00ebng\u00ebtar\u00ebt m\u00eb t\u00eb k\u00ebrkuar n\u00eb sken\u00ebn muzikore shqiptare. Vazhdon suksessh\u00ebm ta mbaj\u00eb k\u00ebt\u00eb epitet, pasi \u00ebsht\u00eb gjithmon\u00eb prezent me projekte, k\u00ebng\u00eb e klipe t\u00eb ndryshme.<br \/>\nPun\u00ebt p\u00ebr albumin e ri kan\u00eb marr\u00eb fund. &#8220;Albumin e kam p\u00ebrfunduar s\u00eb bashku me \u00c7eki\u00e7in. N\u00eb Kosov\u00eb albumi do t\u00eb lan\u00e7ohet nga Vizioni &amp; Liburnia, nd\u00ebrsa n\u00eb Shqip\u00ebri do t\u00eb lan\u00e7ohet nga Alba Trade. Promovimi i albumit do t\u00eb b\u00ebhet n\u00eb sheshin 21, nuk kemi caktuar dat\u00ebn por ka mund\u00ebsi q\u00eb t\u00eb realizohet diku rreth dat\u00ebs 20 qershor&#8221;, tregon Blero.<br \/>\nP\u00ebrve\u00e7 albumit, Blero ka realizuar edhe nj\u00eb klip t\u00eb nj\u00eb k\u00ebnge t\u00eb re nga ky album. &#8220;Klipin e kam realizuar me produksionin e mir\u00ebnjohur Max Production nga Shqip\u00ebria. K\u00ebnga, t\u00eb cil\u00ebs i&#8217;a kam realizuar klipin, ka nj\u00eb rit\u00ebm shum\u00eb t\u00eb mir\u00eb dhe t\u00eb kapsh\u00ebm p\u00ebr audienc\u00ebn dhe besoj se do t\u00eb p\u00eblqehet nga publiku. Pritet q\u00eb kjo t\u00eb jet\u00eb k\u00ebnga q\u00eb do t\u00eb prij\u00eb albumin. Edhe klipi do t\u00eb lan\u00e7ohet n\u00eb po t\u00eb nj\u00ebjt\u00ebn dat\u00eb me albumin&#8221;. Blero njihet edhe si nj\u00eb k\u00ebng\u00ebtar q\u00eb p\u00eblqen t\u00eb b\u00ebj\u00eb bashk\u00ebpunime me k\u00ebng\u00ebtar\u00eb t\u00eb ndrysh\u00ebm, por n\u00eb k\u00ebt\u00eb album si duket ka l\u00ebn\u00eb paksa anash bashk\u00ebpunimet. &#8220;Dihet se un\u00eb gjat\u00eb karrier\u00ebs sime kam realizuar shum\u00eb bashk\u00ebpunime, por n\u00eb k\u00ebt\u00eb album do t\u00eb keni mund\u00ebsi t\u00eb d\u00ebgjoni 80 % Bleron.<br \/>\nK\u00ebrkesat nga fansat p\u00ebr k\u00ebt\u00eb album kan\u00eb qen\u00eb jasht\u00ebzakonisht t\u00eb m\u00ebdha, prandaj e kam realizuar&#8221;. Albumi do t\u00eb jet\u00eb i p\u00ebrb\u00ebr\u00eb nga 14 k\u00ebng\u00eb, 2 prej t\u00eb cilave jan\u00eb k\u00ebng\u00eb t\u00eb d\u00ebgjuara m\u00eb par\u00eb, bashk\u00ebpunimi i tij me Zajmina Vasjarin n\u00eb k\u00ebng\u00ebn &#8220;Ve\u00e7 ti&#8221; dhe k\u00ebnga &#8220;Nuk m\u00eb deshte mu&#8221;, me t\u00eb cil\u00ebn \u00ebsht\u00eb prezantuar n\u00eb edicionin e kaluar t\u00eb Top Fest-it&#8221;. I pyetur se a ishte i nominuar n\u00eb Videofest, Blero u p\u00ebrgjigj: &#8220;Fatkeq\u00ebsisht po. Nuk kam dashur t\u00eb jem i nominuar pasi q\u00eb t\u00eb gjith\u00eb e dini si shkon rrjedha e ndarjes s\u00eb \u00e7mimeve aty. Kompanit\u00eb votojn\u00eb p\u00ebr klipet e tyre&#8221;, tha ai, duke shtuar se ka shkuar at\u00eb nat\u00eb atje vet\u00ebm p\u00ebr Teut\u00ebn. Blero dhe Teuta jan\u00eb prind\u00ebr t\u00eb Tar\u00ebs s\u00eb vog\u00ebl, e cila lindi me 27 prill t\u00eb k\u00ebtij viti.<br \/>\nDeri m\u00eb tani, \u00e7ifti nuk ka publikuar asnj\u00eb foto t\u00eb saj dhe p\u00ebr k\u00ebt\u00eb gj\u00eb Blero thot\u00eb se ka arsye. &#8220;Nuk kemi dashur t\u00eb publikojn\u00eb foto t\u00eb saj akoma pasi ka shum\u00eb gazeta e agjenci t\u00eb ndryshme t\u00eb informimit q\u00eb kan\u00eb shprehur d\u00ebshir\u00ebn ta blejn\u00eb foton. Ne do t\u00eb shqyrtojm\u00eb ofertat e tyre dhe ajo gazet\u00eb q\u00eb ofron m\u00eb shum\u00eb t\u00eb holla do ta ket\u00eb t\u00eb drejt\u00ebn ekskluzive p\u00ebr t\u00eb publikuar foton e vajz\u00ebs son\u00eb. Kuptohet, parat\u00eb q\u00eb do t\u00eb fitojm\u00eb nga ajo foto do t\u00eb jepen p\u00ebr bamir\u00ebsi&#8221;, p\u00ebrfundoi Blero. \u00c7eki\u00e7, bashk\u00ebpun\u00ebtori p\u00ebr shum\u00eb vite i Bleros, edhe k\u00ebt\u00eb vit ka realizuar t\u00eb gjitha k\u00ebng\u00ebt e k\u00ebtij albumi.<br \/>\nAi tha se t\u00eb punosh me Bleron \u00ebsht\u00eb k\u00ebnaq\u00ebsi. &#8220;Un\u00eb dhe Blero jemi sikur v\u00ebllez\u00ebr. Njihemi prej shum\u00eb koh\u00ebsh dhe t\u00eb punosh me t\u00eb \u00ebsht\u00eb k\u00ebnaq\u00ebsi. Ne kuptohemi shum\u00eb mir\u00eb. N\u00eb k\u00ebt\u00eb album kemi punuar shum\u00eb dhe shpresojm\u00eb q\u00eb gjith\u00e7ka t\u00eb shkoj\u00eb n\u00eb rregull pas lancimit t\u00eb k\u00ebtij albumi&#8221;. P\u00ebrve\u00e7 albumit t\u00eb Bleros, \u00c7eki\u00e7 \u00ebsht\u00eb duke punuar edhe n\u00eb albumin e F-Kay dhe n\u00eb disa k\u00ebng\u00eb t\u00eb Dafina Zeqirit, Nora Istrefi, Capital T.<br \/>\n<!--YouTube Error: bad URL entered--><\/p>\n","protected":false},"excerpt":{"rendered":"<p>K\u00ebng\u00ebtari i mir\u00ebnjohur Blero, vazhdon t\u00eb jet\u00eb nj\u00eb nd\u00ebr k\u00ebng\u00ebtar\u00ebt m\u00eb t\u00eb k\u00ebrkuar n\u00eb sken\u00ebn muzikore shqiptare. Vazhdon suksessh\u00ebm ta mbaj\u00eb k\u00ebt\u00eb epitet, pasi \u00ebsht\u00eb gjithmon\u00eb prezent me projekte, k\u00ebng\u00eb e klipe t\u00eb ndryshme. Pun\u00ebt p\u00ebr albumin e ri kan\u00eb marr\u00eb fund. &#8220;Albumin e kam p\u00ebrfunduar s\u00eb bashku me \u00c7eki\u00e7in. N\u00eb Kosov\u00eb albumi do t\u00eb [&hellip;]<\/p>\n","protected":false},"author":1,"featured_media":0,"comment_status":"open","ping_status":"closed","sticky":false,"template":"","format":"standard","meta":{"spay_email":"","jetpack_publicize_message":"","jetpack_is_tweetstorm":false,"jetpack_publicize_feature_enabled":true},"categories":[1],"tags":[14780],"jetpack_publicize_connections":[],"yoast_head":"<!-- This site is optimized with the Yoast SEO plugin v19.1 - https:\/\/yoast.com\/wordpress\/plugins\/seo\/ -->\n<title>BLERO - Nuk Mundem Pa Ty - Lajme nga Ulqini<\/title>\n<meta name=\"description\" content=\"K\u00ebng\u00ebtari i mir\u00ebnjohur Blero, vazhdon t\u00eb jet\u00eb nj\u00eb nd\u00ebr k\u00ebng\u00ebtar\u00ebt m\u00eb t\u00eb k\u00ebrkuar n\u00eb sken\u00ebn muzikore shqiptare. Vazhdon suksessh\u00ebm ta mbaj\u00eb k\u00ebt\u00eb epitet,\" \/>\n<meta name=\"robots\" content=\"index, follow, max-snippet:-1, max-image-preview:large, max-video-preview:-1\" \/>\n<link rel=\"canonical\" href=\"https:\/\/www.visit-ulcinj.com\/blog\/2010\/07\/02\/blero-nuk-mundem-pa-ty\/\" \/>\n<meta property=\"og:locale\" content=\"en_US\" \/>\n<meta property=\"og:type\" content=\"article\" \/>\n<meta property=\"og:title\" content=\"BLERO - Nuk Mundem Pa Ty - Lajme nga Ulqini\" \/>\n<meta property=\"og:description\" content=\"K\u00ebng\u00ebtari i mir\u00ebnjohur Blero, vazhdon t\u00eb jet\u00eb nj\u00eb nd\u00ebr k\u00ebng\u00ebtar\u00ebt m\u00eb t\u00eb k\u00ebrkuar n\u00eb sken\u00ebn muzikore shqiptare. Vazhdon suksessh\u00ebm ta mbaj\u00eb k\u00ebt\u00eb epitet,\" \/>\n<meta property=\"og:url\" content=\"https:\/\/www.visit-ulcinj.com\/blog\/2010\/07\/02\/blero-nuk-mundem-pa-ty\/\" \/>\n<meta property=\"og:site_name\" content=\"Lajme nga Ulqini\" \/>\n<meta property=\"article:published_time\" content=\"2010-07-02T12:18:32+00:00\" \/>\n<meta property=\"og:image\" content=\"http:\/\/www.visit-ulcinj.com\/blog\/wp-content\/uploads\/2010\/07\/BLERO-Nuk-Mundem-Pa-Ty.jpg\" \/>\n<meta name=\"twitter:label1\" content=\"Written by\" \/>\n\t<meta name=\"twitter:data1\" content=\"ulqini\" \/>\n\t<meta name=\"twitter:label2\" content=\"Est. reading time\" \/>\n\t<meta name=\"twitter:data2\" content=\"3 minutes\" \/>\n<script type=\"application\/ld+json\" class=\"yoast-schema-graph\">{\"@context\":\"https:\/\/schema.org\",\"@graph\":[{\"@type\":\"WebSite\",\"@id\":\"https:\/\/www.visit-ulcinj.com\/blog\/#website\",\"url\":\"https:\/\/www.visit-ulcinj.com\/blog\/\",\"name\":\"Lajme nga Ulqini\",\"description\":\"Lajme,Vijesti,Ulqini,Ulqin,Crna Gora,Mali i Zi\",\"potentialAction\":[{\"@type\":\"SearchAction\",\"target\":{\"@type\":\"EntryPoint\",\"urlTemplate\":\"https:\/\/www.visit-ulcinj.com\/blog\/?s={search_term_string}\"},\"query-input\":\"required name=search_term_string\"}],\"inLanguage\":\"en-US\"},{\"@type\":\"ImageObject\",\"inLanguage\":\"en-US\",\"@id\":\"https:\/\/www.visit-ulcinj.com\/blog\/2010\/07\/02\/blero-nuk-mundem-pa-ty\/#primaryimage\",\"url\":\"http:\/\/www.visit-ulcinj.com\/blog\/wp-content\/uploads\/2010\/07\/BLERO-Nuk-Mundem-Pa-Ty.jpg\",\"contentUrl\":\"http:\/\/www.visit-ulcinj.com\/blog\/wp-content\/uploads\/2010\/07\/BLERO-Nuk-Mundem-Pa-Ty.jpg\"},{\"@type\":\"WebPage\",\"@id\":\"https:\/\/www.visit-ulcinj.com\/blog\/2010\/07\/02\/blero-nuk-mundem-pa-ty\/#webpage\",\"url\":\"https:\/\/www.visit-ulcinj.com\/blog\/2010\/07\/02\/blero-nuk-mundem-pa-ty\/\",\"name\":\"BLERO - Nuk Mundem Pa Ty - Lajme nga Ulqini\",\"isPartOf\":{\"@id\":\"https:\/\/www.visit-ulcinj.com\/blog\/#website\"},\"primaryImageOfPage\":{\"@id\":\"https:\/\/www.visit-ulcinj.com\/blog\/2010\/07\/02\/blero-nuk-mundem-pa-ty\/#primaryimage\"},\"datePublished\":\"2010-07-02T12:18:32+00:00\",\"dateModified\":\"2010-07-02T12:18:32+00:00\",\"author\":{\"@id\":\"https:\/\/www.visit-ulcinj.com\/blog\/#\/schema\/person\/dcab619c614d3038751c63bc2aadc06d\"},\"description\":\"K\u00ebng\u00ebtari i mir\u00ebnjohur Blero, vazhdon t\u00eb jet\u00eb nj\u00eb nd\u00ebr k\u00ebng\u00ebtar\u00ebt m\u00eb t\u00eb k\u00ebrkuar n\u00eb sken\u00ebn muzikore shqiptare. Vazhdon suksessh\u00ebm ta mbaj\u00eb k\u00ebt\u00eb epitet,\",\"breadcrumb\":{\"@id\":\"https:\/\/www.visit-ulcinj.com\/blog\/2010\/07\/02\/blero-nuk-mundem-pa-ty\/#breadcrumb\"},\"inLanguage\":\"en-US\",\"potentialAction\":[{\"@type\":\"ReadAction\",\"target\":[\"https:\/\/www.visit-ulcinj.com\/blog\/2010\/07\/02\/blero-nuk-mundem-pa-ty\/\"]}]},{\"@type\":\"BreadcrumbList\",\"@id\":\"https:\/\/www.visit-ulcinj.com\/blog\/2010\/07\/02\/blero-nuk-mundem-pa-ty\/#breadcrumb\",\"itemListElement\":[{\"@type\":\"ListItem\",\"position\":1,\"name\":\"BLERO &#8211; Nuk Mundem Pa Ty\"}]},{\"@type\":\"Person\",\"@id\":\"https:\/\/www.visit-ulcinj.com\/blog\/#\/schema\/person\/dcab619c614d3038751c63bc2aadc06d\",\"name\":\"ulqini\",\"sameAs\":[\"http:\/\/www.visit-ulcinj.com\"],\"url\":\"https:\/\/www.visit-ulcinj.com\/blog\/author\/admin\/\"}]}<\/script>\n<!-- \/ Yoast SEO plugin. -->","yoast_head_json":{"title":"BLERO - Nuk Mundem Pa Ty - Lajme nga Ulqini","description":"K\u00ebng\u00ebtari i mir\u00ebnjohur Blero, vazhdon t\u00eb jet\u00eb nj\u00eb nd\u00ebr k\u00ebng\u00ebtar\u00ebt m\u00eb t\u00eb k\u00ebrkuar n\u00eb sken\u00ebn muzikore shqiptare. Vazhdon suksessh\u00ebm ta mbaj\u00eb k\u00ebt\u00eb epitet,","robots":{"index":"index","follow":"follow","max-snippet":"max-snippet:-1","max-image-preview":"max-image-preview:large","max-video-preview":"max-video-preview:-1"},"canonical":"https:\/\/www.visit-ulcinj.com\/blog\/2010\/07\/02\/blero-nuk-mundem-pa-ty\/","og_locale":"en_US","og_type":"article","og_title":"BLERO - Nuk Mundem Pa Ty - Lajme nga Ulqini","og_description":"K\u00ebng\u00ebtari i mir\u00ebnjohur Blero, vazhdon t\u00eb jet\u00eb nj\u00eb nd\u00ebr k\u00ebng\u00ebtar\u00ebt m\u00eb t\u00eb k\u00ebrkuar n\u00eb sken\u00ebn muzikore shqiptare. Vazhdon suksessh\u00ebm ta mbaj\u00eb k\u00ebt\u00eb epitet,","og_url":"https:\/\/www.visit-ulcinj.com\/blog\/2010\/07\/02\/blero-nuk-mundem-pa-ty\/","og_site_name":"Lajme nga Ulqini","article_published_time":"2010-07-02T12:18:32+00:00","og_image":[{"url":"http:\/\/www.visit-ulcinj.com\/blog\/wp-content\/uploads\/2010\/07\/BLERO-Nuk-Mundem-Pa-Ty.jpg"}],"twitter_misc":{"Written by":"ulqini","Est. reading time":"3 minutes"},"schema":{"@context":"https:\/\/schema.org","@graph":[{"@type":"WebSite","@id":"https:\/\/www.visit-ulcinj.com\/blog\/#website","url":"https:\/\/www.visit-ulcinj.com\/blog\/","name":"Lajme nga Ulqini","description":"Lajme,Vijesti,Ulqini,Ulqin,Crna Gora,Mali i Zi","potentialAction":[{"@type":"SearchAction","target":{"@type":"EntryPoint","urlTemplate":"https:\/\/www.visit-ulcinj.com\/blog\/?s={search_term_string}"},"query-input":"required name=search_term_string"}],"inLanguage":"en-US"},{"@type":"ImageObject","inLanguage":"en-US","@id":"https:\/\/www.visit-ulcinj.com\/blog\/2010\/07\/02\/blero-nuk-mundem-pa-ty\/#primaryimage","url":"http:\/\/www.visit-ulcinj.com\/blog\/wp-content\/uploads\/2010\/07\/BLERO-Nuk-Mundem-Pa-Ty.jpg","contentUrl":"http:\/\/www.visit-ulcinj.com\/blog\/wp-content\/uploads\/2010\/07\/BLERO-Nuk-Mundem-Pa-Ty.jpg"},{"@type":"WebPage","@id":"https:\/\/www.visit-ulcinj.com\/blog\/2010\/07\/02\/blero-nuk-mundem-pa-ty\/#webpage","url":"https:\/\/www.visit-ulcinj.com\/blog\/2010\/07\/02\/blero-nuk-mundem-pa-ty\/","name":"BLERO - Nuk Mundem Pa Ty - Lajme nga Ulqini","isPartOf":{"@id":"https:\/\/www.visit-ulcinj.com\/blog\/#website"},"primaryImageOfPage":{"@id":"https:\/\/www.visit-ulcinj.com\/blog\/2010\/07\/02\/blero-nuk-mundem-pa-ty\/#primaryimage"},"datePublished":"2010-07-02T12:18:32+00:00","dateModified":"2010-07-02T12:18:32+00:00","author":{"@id":"https:\/\/www.visit-ulcinj.com\/blog\/#\/schema\/person\/dcab619c614d3038751c63bc2aadc06d"},"description":"K\u00ebng\u00ebtari i mir\u00ebnjohur Blero, vazhdon t\u00eb jet\u00eb nj\u00eb nd\u00ebr k\u00ebng\u00ebtar\u00ebt m\u00eb t\u00eb k\u00ebrkuar n\u00eb sken\u00ebn muzikore shqiptare. Vazhdon suksessh\u00ebm ta mbaj\u00eb k\u00ebt\u00eb epitet,","breadcrumb":{"@id":"https:\/\/www.visit-ulcinj.com\/blog\/2010\/07\/02\/blero-nuk-mundem-pa-ty\/#breadcrumb"},"inLanguage":"en-US","potentialAction":[{"@type":"ReadAction","target":["https:\/\/www.visit-ulcinj.com\/blog\/2010\/07\/02\/blero-nuk-mundem-pa-ty\/"]}]},{"@type":"BreadcrumbList","@id":"https:\/\/www.visit-ulcinj.com\/blog\/2010\/07\/02\/blero-nuk-mundem-pa-ty\/#breadcrumb","itemListElement":[{"@type":"ListItem","position":1,"name":"BLERO &#8211; Nuk Mundem Pa Ty"}]},{"@type":"Person","@id":"https:\/\/www.visit-ulcinj.com\/blog\/#\/schema\/person\/dcab619c614d3038751c63bc2aadc06d","name":"ulqini","sameAs":["http:\/\/www.visit-ulcinj.com"],"url":"https:\/\/www.visit-ulcinj.com\/blog\/author\/admin\/"}]}},"jetpack_featured_media_url":"","jetpack_sharing_enabled":true,"jetpack_shortlink":"https:\/\/wp.me\/pe6lTn-98l","_links":{"self":[{"href":"https:\/\/www.visit-ulcinj.com\/blog\/wp-json\/wp\/v2\/posts\/35113"}],"collection":[{"href":"https:\/\/www.visit-ulcinj.com\/blog\/wp-json\/wp\/v2\/posts"}],"about":[{"href":"https:\/\/www.visit-ulcinj.com\/blog\/wp-json\/wp\/v2\/types\/post"}],"author":[{"embeddable":true,"href":"https:\/\/www.visit-ulcinj.com\/blog\/wp-json\/wp\/v2\/users\/1"}],"replies":[{"embeddable":true,"href":"https:\/\/www.visit-ulcinj.com\/blog\/wp-json\/wp\/v2\/comments?post=35113"}],"version-history":[{"count":0,"href":"https:\/\/www.visit-ulcinj.com\/blog\/wp-json\/wp\/v2\/posts\/35113\/revisions"}],"wp:attachment":[{"href":"https:\/\/www.visit-ulcinj.com\/blog\/wp-json\/wp\/v2\/media?parent=35113"}],"wp:term":[{"taxonomy":"category","embeddable":true,"href":"https:\/\/www.visit-ulcinj.com\/blog\/wp-json\/wp\/v2\/categories?post=35113"},{"taxonomy":"post_tag","embeddable":true,"href":"https:\/\/www.visit-ulcinj.com\/blog\/wp-json\/wp\/v2\/tags?post=35113"}],"curies":[{"name":"wp","href":"https:\/\/api.w.org\/{rel}","templated":true}]}}