{"id":35141,"date":"2010-07-02T19:13:59","date_gmt":"2010-07-02T17:13:59","guid":{"rendered":"http:\/\/www.visit-ulcinj.com\/blog\/?p=35141"},"modified":"2010-07-02T19:13:59","modified_gmt":"2010-07-02T17:13:59","slug":"ulcinj-sdp-trazi-mjesto-sefa-parlamenta","status":"publish","type":"post","link":"https:\/\/www.visit-ulcinj.com\/blog\/2010\/07\/02\/ulcinj-sdp-trazi-mjesto-sefa-parlamenta\/","title":{"rendered":"Ulcinj: SDP tra\u017ei mjesto \u0161efa parlamenta"},"content":{"rendered":"<p><a href=\"http:\/\/www.visit-ulcinj.com\/blog\/wp-content\/uploads\/2010\/07\/Vlast-Ulcinja_DUA_DPS_SDP_PDP-2.jpg\"><img loading=\"lazy\" class=\"alignleft size-full wp-image-35142\" title=\"Vlast Ulcinja_DUA_DPS_SDP_PDP (2)\" src=\"http:\/\/www.visit-ulcinj.com\/blog\/wp-content\/uploads\/2010\/07\/Vlast-Ulcinja_DUA_DPS_SDP_PDP-2.jpg\" alt=\"Vlast Ulcinja_DUA_DPS_SDP_PDP (2)\" width=\"490\" height=\"353\" srcset=\"https:\/\/www.visit-ulcinj.com\/blog\/wp-content\/uploads\/2010\/07\/Vlast-Ulcinja_DUA_DPS_SDP_PDP-2.jpg 490w, https:\/\/www.visit-ulcinj.com\/blog\/wp-content\/uploads\/2010\/07\/Vlast-Ulcinja_DUA_DPS_SDP_PDP-2-300x216.jpg 300w\" sizes=\"(max-width: 490px) 100vw, 490px\" \/><\/a>Ulcinj &#8211; Socijaldemokratska partija Ulcinja podigla je ulog u pregovorima o formiranju vlasti u najju\u017enijoj crnogorskoj op\u0161tini. Oni su koaliciji \u201eZa evropski Ulcinj\u201c(DPS-DUA) uputili novi zahtjev, kojim, osim mjesta potpredsjednika Op\u0161tine i sekretara za urbanizam, tra\u017ee i funkcije predsjednika Skup\u0161tine, direktora Komunalnog preduze?a i menad\u017eera.<br \/>\nDirektni pregovori o formiranju nove vlasti po?eli su kasno preksino?, a pregovara?ki timovi formirali su zajedni?ku Komisiju koja bi trebalo da utvrdi tekst budu?eg koalicionog sporazuma.<br \/>\nIako je \u0161ef ulcinjskog DPS Ljui? \u0160krelja kazao da su \u201cvidljivi pomaci u pregovorima\u201d, za sada je krajnje neizvjesno formiranje koalicije, imaju?i u vidu narasle apetite SDP, koji direktno zadiru u interese DPS-a i PDP-a.<br \/>\nUlcinjski parlament broji 33 odbornika, a na nedavno zavr\u0161enim izborima koalicija DUA- DPS osvojila je 14 mandata, a SDP i PDP po 2, \u0161to ?ini apsolutnu ve?inu.<\/p>\n<p>Vlast u Ulcinju do sada su vr\u0161ili DUA, DPS i SDP, kojima je, sa tri odbornika, \u201cpomagao\u201d PDP, ?iji funkcioneri su zauzvrat dobili funkcije direktora svih javnih preduze?a, uklju?uju?i i Komunalno, koje sada tra\u017ei SDP.<br \/>\n\u0160krelja je ju?e rekao da je na pomolu nova vlast \u201esatkana od gra?anskih i nacionalnih partija\u201c.<br \/>\n\u201cUpoznali smo se sa novim zahtjevima SDP i mislim da nijedna funkcija ne mo\u017ee biti prepreka za formiranje vlasti koja ?e odlu?no krenuti u razvojne projekte grada. Vjerujem da smo blizu kona?nog dogovora jer za svaku varijantu u pregovorima postoji alternativno rje\u0161enje\u201d, kazao je \u0160krelja \u201eVijestima\u201c.<br \/>\nOn je, ipak, najavio da DPS nikom ne?e prepustiti mjesto predsjednika parlamenta.<br \/>\n\u201cDPS ima vi\u0161e nego kavlitetne kadrove koji mogu da pokriju to mjesto koje nam po dogovoru i izbornom rezultatu i pripada\u201d, kazao je \u0160krelja.<\/p>\n<p>Predsjednik PDP Ali Red\u017ea kazao je da njegova partija svjesna da u novoj konstelaciji snaga ne mo\u017ee zadr\u017eati mjesto \u0161efa parlamenta i ocijenio da SDP ne dr\u017ei klju? pregovora.<br \/>\n\u201cI oni, kao i mi, imaju dva mandata. Zato SDP ne bi trebalo da misli da ima ulogu klju?nog faktora u pregovorima, jer na kraju ne?e mo?i bez nas. Nijedna funkcija ne bi trebalo da bude kamen spoticanja u pregovorima\u201d, tvrdi Red\u017ea.<br \/>\nOn vjeruje da bi PDP i u novoj vlasti trebalo da zadr\u017ei sve direktorske funkcije koje je imao i do sada, uklju?uju?i i mjesto prvog ?ovjeka Komunalnog preduze?a.<br \/>\n\u0160ef ulcinjskog SDP-a Selim Resulbegovi? kazao da ?e insistirati na svim zahtjevima. .<br \/>\n\u201cNas ne obavezuju predizborni sporazumi DUA i DPS. Ovdje je rije? o postizbornom savezu i novoj kombinatorici kadrovskih rje\u0161enja\u201d.<br \/>\n<strong>S.A.<br \/>\n<a href=\"http:\/\/www.vijesti.me\/index.php?id_pre=342358&amp;godina=2010\" target=\"_blank\">Vijesti<\/a><\/strong><\/p>\n<p><strong>\n\t\t<style type=\"text\/css\">\n\t\t\t#gallery-1 {\n\t\t\t\tmargin: auto;\n\t\t\t}\n\t\t\t#gallery-1 .gallery-item {\n\t\t\t\tfloat: left;\n\t\t\t\tmargin-top: 10px;\n\t\t\t\ttext-align: center;\n\t\t\t\twidth: 33%;\n\t\t\t}\n\t\t\t#gallery-1 img {\n\t\t\t\tborder: 2px solid #cfcfcf;\n\t\t\t}\n\t\t\t#gallery-1 .gallery-caption {\n\t\t\t\tmargin-left: 0;\n\t\t\t}\n\t\t\t\/* see gallery_shortcode() in wp-includes\/media.php *\/\n\t\t<\/style>\n\t\t<div id='gallery-1' class='gallery galleryid-35141 gallery-columns-3 gallery-size-thumbnail'><dl class='gallery-item'>\n\t\t\t<dt class='gallery-icon landscape'>\n\t\t\t\t<a href='https:\/\/www.visit-ulcinj.com\/blog\/wp-content\/uploads\/2010\/07\/Vlast-Ulcinja_DUA_DPS_SDP_PDP-2.jpg'><img width=\"150\" height=\"150\" src=\"https:\/\/www.visit-ulcinj.com\/blog\/wp-content\/uploads\/2010\/07\/Vlast-Ulcinja_DUA_DPS_SDP_PDP-2-150x150.jpg\" class=\"attachment-thumbnail size-thumbnail\" alt=\"\" loading=\"lazy\" \/><\/a>\n\t\t\t<\/dt><\/dl><dl class='gallery-item'>\n\t\t\t<dt class='gallery-icon landscape'>\n\t\t\t\t<a href='https:\/\/www.visit-ulcinj.com\/blog\/wp-content\/uploads\/2010\/07\/Vlast-Ulcinja_DUA_DPS_SDP_PDP.jpg'><img width=\"150\" height=\"150\" src=\"https:\/\/www.visit-ulcinj.com\/blog\/wp-content\/uploads\/2010\/07\/Vlast-Ulcinja_DUA_DPS_SDP_PDP-150x150.jpg\" class=\"attachment-thumbnail size-thumbnail\" alt=\"\" loading=\"lazy\" \/><\/a>\n\t\t\t<\/dt><\/dl><dl class='gallery-item'>\n\t\t\t<dt class='gallery-icon landscape'>\n\t\t\t\t<a href='https:\/\/www.visit-ulcinj.com\/blog\/wp-content\/uploads\/2010\/07\/Vlast-Ulcinja_DUA_DPS_SDP_PDP.1.jpg'><img width=\"150\" height=\"150\" src=\"https:\/\/www.visit-ulcinj.com\/blog\/wp-content\/uploads\/2010\/07\/Vlast-Ulcinja_DUA_DPS_SDP_PDP.1-150x150.jpg\" class=\"attachment-thumbnail size-thumbnail\" alt=\"\" loading=\"lazy\" \/><\/a>\n\t\t\t<\/dt><\/dl><br style=\"clear: both\" \/>\n\t\t<\/div>\n<br \/>\n<span style=\"cursor: pointer; margin-right: 7px; text-decoration: none;\" onclick=\"document.location.href='\/watch?v=hRtYdW42HM8'\" onmouseover=\"this.style.textDecoration='underline'\" onmouseout=\"this.style.textDecoration='none'\">PARLAMENTI ULQINIT SHOW<\/span><\/strong><br \/>\n<!--YouTube Error: bad URL entered--><\/p>\n","protected":false},"excerpt":{"rendered":"<p>Ulcinj &#8211; Socijaldemokratska partija Ulcinja podigla je ulog u pregovorima o formiranju vlasti u najju\u017enijoj crnogorskoj op\u0161tini. Oni su koaliciji \u201eZa evropski Ulcinj\u201c(DPS-DUA) uputili novi zahtjev, kojim, osim mjesta potpredsjednika Op\u0161tine i sekretara za urbanizam, tra\u017ee i funkcije predsjednika Skup\u0161tine, direktora Komunalnog preduze?a i menad\u017eera. Direktni pregovori o formiranju nove vlasti po?eli su kasno preksino?, [&hellip;]<\/p>\n","protected":false},"author":1,"featured_media":0,"comment_status":"open","ping_status":"closed","sticky":false,"template":"","format":"standard","meta":{"spay_email":"","jetpack_publicize_message":"","jetpack_is_tweetstorm":false,"jetpack_publicize_feature_enabled":true},"categories":[8337],"tags":[530,87,14809,702,14811,701,14808,14812,14810],"jetpack_publicize_connections":[],"yoast_head":"<!-- This site is optimized with the Yoast SEO plugin v19.1 - https:\/\/yoast.com\/wordpress\/plugins\/seo\/ -->\n<title>Ulcinj: SDP tra\u017ei mjesto \u0161efa parlamenta - Lajme nga Ulqini<\/title>\n<meta name=\"description\" content=\"Ulcinj - Socijaldemokratska partija Ulcinja podigla je ulog u pregovorima o formiranju vlasti u najju\u017enijoj crnogorskoj op\u0161tini. Oni su koaliciji \u201eZa\" \/>\n<meta name=\"robots\" content=\"index, follow, max-snippet:-1, max-image-preview:large, max-video-preview:-1\" \/>\n<link rel=\"canonical\" href=\"https:\/\/www.visit-ulcinj.com\/blog\/2010\/07\/02\/ulcinj-sdp-trazi-mjesto-sefa-parlamenta\/\" \/>\n<meta property=\"og:locale\" content=\"en_US\" \/>\n<meta property=\"og:type\" content=\"article\" \/>\n<meta property=\"og:title\" content=\"Ulcinj: SDP tra\u017ei mjesto \u0161efa parlamenta - Lajme nga Ulqini\" \/>\n<meta property=\"og:description\" content=\"Ulcinj - Socijaldemokratska partija Ulcinja podigla je ulog u pregovorima o formiranju vlasti u najju\u017enijoj crnogorskoj op\u0161tini. Oni su koaliciji \u201eZa\" \/>\n<meta property=\"og:url\" content=\"https:\/\/www.visit-ulcinj.com\/blog\/2010\/07\/02\/ulcinj-sdp-trazi-mjesto-sefa-parlamenta\/\" \/>\n<meta property=\"og:site_name\" content=\"Lajme nga Ulqini\" \/>\n<meta property=\"article:published_time\" content=\"2010-07-02T17:13:59+00:00\" \/>\n<meta property=\"og:image\" content=\"https:\/\/www.visit-ulcinj.com\/blog\/wp-content\/uploads\/2010\/07\/Vlast-Ulcinja_DUA_DPS_SDP_PDP-2-150x150.jpg\" \/>\n<meta name=\"twitter:label1\" content=\"Written by\" \/>\n\t<meta name=\"twitter:data1\" content=\"ulqini\" \/>\n\t<meta name=\"twitter:label2\" content=\"Est. reading time\" \/>\n\t<meta name=\"twitter:data2\" content=\"2 minutes\" \/>\n<script type=\"application\/ld+json\" class=\"yoast-schema-graph\">{\"@context\":\"https:\/\/schema.org\",\"@graph\":[{\"@type\":\"WebSite\",\"@id\":\"https:\/\/www.visit-ulcinj.com\/blog\/#website\",\"url\":\"https:\/\/www.visit-ulcinj.com\/blog\/\",\"name\":\"Lajme nga Ulqini\",\"description\":\"Lajme,Vijesti,Ulqini,Ulqin,Crna Gora,Mali i Zi\",\"potentialAction\":[{\"@type\":\"SearchAction\",\"target\":{\"@type\":\"EntryPoint\",\"urlTemplate\":\"https:\/\/www.visit-ulcinj.com\/blog\/?s={search_term_string}\"},\"query-input\":\"required name=search_term_string\"}],\"inLanguage\":\"en-US\"},{\"@type\":\"ImageObject\",\"inLanguage\":\"en-US\",\"@id\":\"https:\/\/www.visit-ulcinj.com\/blog\/2010\/07\/02\/ulcinj-sdp-trazi-mjesto-sefa-parlamenta\/#primaryimage\",\"url\":\"https:\/\/www.visit-ulcinj.com\/blog\/wp-content\/uploads\/2010\/07\/Vlast-Ulcinja_DUA_DPS_SDP_PDP-2.jpg\",\"contentUrl\":\"https:\/\/www.visit-ulcinj.com\/blog\/wp-content\/uploads\/2010\/07\/Vlast-Ulcinja_DUA_DPS_SDP_PDP-2.jpg\",\"width\":\"490\",\"height\":\"353\"},{\"@type\":\"WebPage\",\"@id\":\"https:\/\/www.visit-ulcinj.com\/blog\/2010\/07\/02\/ulcinj-sdp-trazi-mjesto-sefa-parlamenta\/#webpage\",\"url\":\"https:\/\/www.visit-ulcinj.com\/blog\/2010\/07\/02\/ulcinj-sdp-trazi-mjesto-sefa-parlamenta\/\",\"name\":\"Ulcinj: SDP tra\u017ei mjesto \u0161efa parlamenta - Lajme nga Ulqini\",\"isPartOf\":{\"@id\":\"https:\/\/www.visit-ulcinj.com\/blog\/#website\"},\"primaryImageOfPage\":{\"@id\":\"https:\/\/www.visit-ulcinj.com\/blog\/2010\/07\/02\/ulcinj-sdp-trazi-mjesto-sefa-parlamenta\/#primaryimage\"},\"datePublished\":\"2010-07-02T17:13:59+00:00\",\"dateModified\":\"2010-07-02T17:13:59+00:00\",\"author\":{\"@id\":\"https:\/\/www.visit-ulcinj.com\/blog\/#\/schema\/person\/dcab619c614d3038751c63bc2aadc06d\"},\"description\":\"Ulcinj - Socijaldemokratska partija Ulcinja podigla je ulog u pregovorima o formiranju vlasti u najju\u017enijoj crnogorskoj op\u0161tini. Oni su koaliciji \u201eZa\",\"breadcrumb\":{\"@id\":\"https:\/\/www.visit-ulcinj.com\/blog\/2010\/07\/02\/ulcinj-sdp-trazi-mjesto-sefa-parlamenta\/#breadcrumb\"},\"inLanguage\":\"en-US\",\"potentialAction\":[{\"@type\":\"ReadAction\",\"target\":[\"https:\/\/www.visit-ulcinj.com\/blog\/2010\/07\/02\/ulcinj-sdp-trazi-mjesto-sefa-parlamenta\/\"]}]},{\"@type\":\"BreadcrumbList\",\"@id\":\"https:\/\/www.visit-ulcinj.com\/blog\/2010\/07\/02\/ulcinj-sdp-trazi-mjesto-sefa-parlamenta\/#breadcrumb\",\"itemListElement\":[{\"@type\":\"ListItem\",\"position\":1,\"name\":\"Ulcinj: SDP tra\u017ei mjesto \u0161efa parlamenta\"}]},{\"@type\":\"Person\",\"@id\":\"https:\/\/www.visit-ulcinj.com\/blog\/#\/schema\/person\/dcab619c614d3038751c63bc2aadc06d\",\"name\":\"ulqini\",\"sameAs\":[\"http:\/\/www.visit-ulcinj.com\"],\"url\":\"https:\/\/www.visit-ulcinj.com\/blog\/author\/admin\/\"}]}<\/script>\n<!-- \/ Yoast SEO plugin. -->","yoast_head_json":{"title":"Ulcinj: SDP tra\u017ei mjesto \u0161efa parlamenta - Lajme nga Ulqini","description":"Ulcinj - Socijaldemokratska partija Ulcinja podigla je ulog u pregovorima o formiranju vlasti u najju\u017enijoj crnogorskoj op\u0161tini. Oni su koaliciji \u201eZa","robots":{"index":"index","follow":"follow","max-snippet":"max-snippet:-1","max-image-preview":"max-image-preview:large","max-video-preview":"max-video-preview:-1"},"canonical":"https:\/\/www.visit-ulcinj.com\/blog\/2010\/07\/02\/ulcinj-sdp-trazi-mjesto-sefa-parlamenta\/","og_locale":"en_US","og_type":"article","og_title":"Ulcinj: SDP tra\u017ei mjesto \u0161efa parlamenta - Lajme nga Ulqini","og_description":"Ulcinj - Socijaldemokratska partija Ulcinja podigla je ulog u pregovorima o formiranju vlasti u najju\u017enijoj crnogorskoj op\u0161tini. Oni su koaliciji \u201eZa","og_url":"https:\/\/www.visit-ulcinj.com\/blog\/2010\/07\/02\/ulcinj-sdp-trazi-mjesto-sefa-parlamenta\/","og_site_name":"Lajme nga Ulqini","article_published_time":"2010-07-02T17:13:59+00:00","og_image":[{"url":"https:\/\/www.visit-ulcinj.com\/blog\/wp-content\/uploads\/2010\/07\/Vlast-Ulcinja_DUA_DPS_SDP_PDP-2-150x150.jpg"}],"twitter_misc":{"Written by":"ulqini","Est. reading time":"2 minutes"},"schema":{"@context":"https:\/\/schema.org","@graph":[{"@type":"WebSite","@id":"https:\/\/www.visit-ulcinj.com\/blog\/#website","url":"https:\/\/www.visit-ulcinj.com\/blog\/","name":"Lajme nga Ulqini","description":"Lajme,Vijesti,Ulqini,Ulqin,Crna Gora,Mali i Zi","potentialAction":[{"@type":"SearchAction","target":{"@type":"EntryPoint","urlTemplate":"https:\/\/www.visit-ulcinj.com\/blog\/?s={search_term_string}"},"query-input":"required name=search_term_string"}],"inLanguage":"en-US"},{"@type":"ImageObject","inLanguage":"en-US","@id":"https:\/\/www.visit-ulcinj.com\/blog\/2010\/07\/02\/ulcinj-sdp-trazi-mjesto-sefa-parlamenta\/#primaryimage","url":"https:\/\/www.visit-ulcinj.com\/blog\/wp-content\/uploads\/2010\/07\/Vlast-Ulcinja_DUA_DPS_SDP_PDP-2.jpg","contentUrl":"https:\/\/www.visit-ulcinj.com\/blog\/wp-content\/uploads\/2010\/07\/Vlast-Ulcinja_DUA_DPS_SDP_PDP-2.jpg","width":"490","height":"353"},{"@type":"WebPage","@id":"https:\/\/www.visit-ulcinj.com\/blog\/2010\/07\/02\/ulcinj-sdp-trazi-mjesto-sefa-parlamenta\/#webpage","url":"https:\/\/www.visit-ulcinj.com\/blog\/2010\/07\/02\/ulcinj-sdp-trazi-mjesto-sefa-parlamenta\/","name":"Ulcinj: SDP tra\u017ei mjesto \u0161efa parlamenta - Lajme nga Ulqini","isPartOf":{"@id":"https:\/\/www.visit-ulcinj.com\/blog\/#website"},"primaryImageOfPage":{"@id":"https:\/\/www.visit-ulcinj.com\/blog\/2010\/07\/02\/ulcinj-sdp-trazi-mjesto-sefa-parlamenta\/#primaryimage"},"datePublished":"2010-07-02T17:13:59+00:00","dateModified":"2010-07-02T17:13:59+00:00","author":{"@id":"https:\/\/www.visit-ulcinj.com\/blog\/#\/schema\/person\/dcab619c614d3038751c63bc2aadc06d"},"description":"Ulcinj - Socijaldemokratska partija Ulcinja podigla je ulog u pregovorima o formiranju vlasti u najju\u017enijoj crnogorskoj op\u0161tini. Oni su koaliciji \u201eZa","breadcrumb":{"@id":"https:\/\/www.visit-ulcinj.com\/blog\/2010\/07\/02\/ulcinj-sdp-trazi-mjesto-sefa-parlamenta\/#breadcrumb"},"inLanguage":"en-US","potentialAction":[{"@type":"ReadAction","target":["https:\/\/www.visit-ulcinj.com\/blog\/2010\/07\/02\/ulcinj-sdp-trazi-mjesto-sefa-parlamenta\/"]}]},{"@type":"BreadcrumbList","@id":"https:\/\/www.visit-ulcinj.com\/blog\/2010\/07\/02\/ulcinj-sdp-trazi-mjesto-sefa-parlamenta\/#breadcrumb","itemListElement":[{"@type":"ListItem","position":1,"name":"Ulcinj: SDP tra\u017ei mjesto \u0161efa parlamenta"}]},{"@type":"Person","@id":"https:\/\/www.visit-ulcinj.com\/blog\/#\/schema\/person\/dcab619c614d3038751c63bc2aadc06d","name":"ulqini","sameAs":["http:\/\/www.visit-ulcinj.com"],"url":"https:\/\/www.visit-ulcinj.com\/blog\/author\/admin\/"}]}},"jetpack_featured_media_url":"","jetpack_sharing_enabled":true,"jetpack_shortlink":"https:\/\/wp.me\/pe6lTn-98N","_links":{"self":[{"href":"https:\/\/www.visit-ulcinj.com\/blog\/wp-json\/wp\/v2\/posts\/35141"}],"collection":[{"href":"https:\/\/www.visit-ulcinj.com\/blog\/wp-json\/wp\/v2\/posts"}],"about":[{"href":"https:\/\/www.visit-ulcinj.com\/blog\/wp-json\/wp\/v2\/types\/post"}],"author":[{"embeddable":true,"href":"https:\/\/www.visit-ulcinj.com\/blog\/wp-json\/wp\/v2\/users\/1"}],"replies":[{"embeddable":true,"href":"https:\/\/www.visit-ulcinj.com\/blog\/wp-json\/wp\/v2\/comments?post=35141"}],"version-history":[{"count":0,"href":"https:\/\/www.visit-ulcinj.com\/blog\/wp-json\/wp\/v2\/posts\/35141\/revisions"}],"wp:attachment":[{"href":"https:\/\/www.visit-ulcinj.com\/blog\/wp-json\/wp\/v2\/media?parent=35141"}],"wp:term":[{"taxonomy":"category","embeddable":true,"href":"https:\/\/www.visit-ulcinj.com\/blog\/wp-json\/wp\/v2\/categories?post=35141"},{"taxonomy":"post_tag","embeddable":true,"href":"https:\/\/www.visit-ulcinj.com\/blog\/wp-json\/wp\/v2\/tags?post=35141"}],"curies":[{"name":"wp","href":"https:\/\/api.w.org\/{rel}","templated":true}]}}