{"id":35163,"date":"2010-07-04T18:30:56","date_gmt":"2010-07-04T16:30:56","guid":{"rendered":"http:\/\/www.visit-ulcinj.com\/blog\/?p=35163"},"modified":"2010-07-04T18:47:53","modified_gmt":"2010-07-04T16:47:53","slug":"rozana-radi-ben-operacion-plastik","status":"publish","type":"post","link":"https:\/\/www.visit-ulcinj.com\/blog\/2010\/07\/04\/rozana-radi-ben-operacion-plastik\/","title":{"rendered":"Rozana Radi ben operacion plastik"},"content":{"rendered":"<p><a href=\"http:\/\/www.visit-ulcinj.com\/blog\/wp-content\/uploads\/2010\/07\/Rozana-Radi.3.jpg\"><img loading=\"lazy\" class=\"alignleft size-full wp-image-35166\" title=\"Rozana Radi.3\" src=\"http:\/\/www.visit-ulcinj.com\/blog\/wp-content\/uploads\/2010\/07\/Rozana-Radi.3.jpg\" alt=\"Rozana Radi.3\" width=\"376\" height=\"604\" \/><\/a>Rozana Radi sjell p\u00ebr t\u00eb gjith\u00eb lexuesit nj\u00eb lajm dhe disa foto po aq ekskluzive. Gjat\u00eb gjith\u00eb karrier\u00ebs s\u00eb saj ka luajtur rolin e vajz\u00ebs moskok\u00eb\u00e7ar\u00ebse, andaj dhe suksesin e ka pasur me \u2018kile\u2019. Prej koh\u00ebsh n\u00eb qarqet e gazetar\u00ebve roz\u00eb, qarkullonte lajmi se Rozana Radi, ka b\u00ebr\u00eb gjoksin operacion, por pak prej tyre mor\u00ebn guximin ta publikonin me t\u00eb madhe k\u00ebt\u00eb lajm. Megjithat\u00eb, di\u00e7ka u p\u00ebrfol faqeve t\u00eb revistave a gazetave. Kur e pa Rozi, q\u00eb ky lajm po merrte form\u00eb, vendosi q\u00eb gjith\u00eb t\u00eb v\u00ebrtet\u00ebn n\u00eb lidhje me k\u00ebt\u00eb operacion ta zbulonte. Nd\u00ebrsa kontaktuam dje me Rozin, ajo na pohoi se gjith\u00e7ka ishte th\u00ebn\u00eb, ishte m\u00ebse e v\u00ebrtet\u00eb\u2026 Operacioni i gjoksit, na thot\u00eb Rozi \u2018\u00ebsht\u00eb di\u00e7ka q\u00eb nuk mund t\u00eb fshihet, si pasoj\u00eb ishte m\u00eb mir\u00eb q\u00eb un\u00eb t\u00eb tregoja vet\u00eb gjith\u00eb t\u00eb v\u00ebrtet\u00ebn sesa t\u00eb lexoja lloj-lloj hamend\u00ebsimesh\u2026\u2019 K\u00ebshtu pohon Rozi, e cila shpjegon se ideja p\u00ebr k\u00ebt\u00eb operacion plastik, i ka lindur rreth 5 vite m\u00eb par\u00eb, por p\u00ebr shkak t\u00eb frik\u00ebs, e ka shtyr\u00eb gjithmon\u00eb e m\u00eb shum\u00eb, deri sa mb\u00ebrriti aty ku \u201cnuk mbante m\u00eb uj\u00eb pilafi\u201d. Operacioni ka qen\u00eb shum\u00eb i kushtuesh\u00ebm, dhe \u00ebsht\u00eb kryer n\u00eb nj\u00eb klinik\u00eb jasht\u00eb Shqip\u00ebris\u00eb, ku kan\u00eb kryer gjithashtu nd\u00ebrhyrje kirurgjikale edhe VIP-a t\u00eb tjer\u00eb n\u00eb bot\u00eb. Ajo tregon nd\u00ebrkaq se tani \u00ebsht\u00eb e bindur q\u00eb do t\u00eb t\u00ebrheq\u00eb edhe m\u00eb shum\u00eb v\u00ebm\u00ebndjen e meshkujve. Kjo \u00ebsht\u00eb vet\u00ebm nj\u00eb pjes\u00eb e rr\u00ebfimit t\u00eb Rozan\u00ebs, pjes\u00ebn tjet\u00ebr dhe setin e plot\u00eb t\u00eb fotove t\u00eb nxehta do ta gjeni n\u00eb nj\u00eb revist\u00eb t\u00eb p\u00ebrmuajshme. Nd\u00ebrkoh\u00eb ne do t\u2019i rikthehemi s\u00ebrish Rozan\u00ebs, por k\u00ebt\u00eb her\u00eb nuk do t\u00eb flasim p\u00ebr gjoksin e saj, por p\u00ebr k\u00ebng\u00ebt e reja dhe projektin teatror p\u00ebr t\u00eb cilin \u00ebsht\u00eb duke b\u00ebr\u00eb prova n\u00eb Tetarin Komb\u00ebtar. K\u00ebng\u00ebtarja dhe aktorja Rozana Radi, ka vendosur q\u00eb k\u00ebt\u00eb ver\u00eb, krahas pushimeve t\u2019u p\u00ebrkushtohet maksimalisht, t\u00eb dy profesioneve t\u00eb saj. Pas kaq muajsh munges\u00eb ajo do t\u2019i rikthehet t\u00eb m\u00ebrkur\u00eb sken\u00ebs s\u00eb Teatrit Komb\u00ebtar, k\u00ebt\u00eb her\u00eb n\u00eb rolin e Ofelis\u00eb, tek tragjedia \u201cHamleti\u201d. Ky angazhim i ri n\u00eb teat\u00ebr \u00ebsht\u00eb duke i marr\u00eb jo pak koh\u00eb Rozit, por megjithat\u00eb ajo nuk ka nd\u00ebrmend q\u00eb ta l\u00ebr\u00eb pasionin e saj, muzik\u00ebn, p\u00ebr asnj\u00eb arsye. Aktualisht \u00ebsht\u00eb duke punuar p\u00ebr 2 k\u00ebng\u00eb t\u00eb reja n\u00eb studion e kompozitorit t\u00eb njohur Adrian Hila, p\u00ebr nj\u00ebr\u00ebn prej t\u00eb cilave k\u00ebng\u00ebtarja na tregon se do t\u00eb realizoj\u00eb edhe nj\u00eb klip shum\u00eb t\u00eb nxeht\u00eb\u2026<\/p>\n<p><strong>Bluetooth<br \/>\n<br \/>\n<\/strong><strong><!--YouTube Error: bad URL entered--><br \/>\n<\/strong><\/p>\n","protected":false},"excerpt":{"rendered":"<p>Rozana Radi sjell p\u00ebr t\u00eb gjith\u00eb lexuesit nj\u00eb lajm dhe disa foto po aq ekskluzive. Gjat\u00eb gjith\u00eb karrier\u00ebs s\u00eb saj ka luajtur rolin e vajz\u00ebs moskok\u00eb\u00e7ar\u00ebse, andaj dhe suksesin e ka pasur me \u2018kile\u2019. Prej koh\u00ebsh n\u00eb qarqet e gazetar\u00ebve roz\u00eb, qarkullonte lajmi se Rozana Radi, ka b\u00ebr\u00eb gjoksin operacion, por pak prej tyre mor\u00ebn [&hellip;]<\/p>\n","protected":false},"author":1,"featured_media":0,"comment_status":"open","ping_status":"closed","sticky":false,"template":"","format":"standard","meta":{"spay_email":"","jetpack_publicize_message":"","jetpack_is_tweetstorm":false,"jetpack_publicize_feature_enabled":true},"categories":[1],"tags":[4964],"jetpack_publicize_connections":[],"yoast_head":"<!-- This site is optimized with the Yoast SEO plugin v19.1 - https:\/\/yoast.com\/wordpress\/plugins\/seo\/ -->\n<title>Rozana Radi ben operacion plastik - Lajme nga Ulqini<\/title>\n<meta name=\"description\" content=\"Rozana Radi sjell p\u00ebr t\u00eb gjith\u00eb lexuesit nj\u00eb lajm dhe disa foto po aq ekskluzive. Gjat\u00eb gjith\u00eb karrier\u00ebs s\u00eb saj ka luajtur rolin e vajz\u00ebs moskok\u00eb\u00e7ar\u00ebse,\" \/>\n<meta name=\"robots\" content=\"index, follow, max-snippet:-1, max-image-preview:large, max-video-preview:-1\" \/>\n<link rel=\"canonical\" href=\"https:\/\/www.visit-ulcinj.com\/blog\/2010\/07\/04\/rozana-radi-ben-operacion-plastik\/\" \/>\n<meta property=\"og:locale\" content=\"en_US\" \/>\n<meta property=\"og:type\" content=\"article\" \/>\n<meta property=\"og:title\" content=\"Rozana Radi ben operacion plastik - Lajme nga Ulqini\" \/>\n<meta property=\"og:description\" content=\"Rozana Radi sjell p\u00ebr t\u00eb gjith\u00eb lexuesit nj\u00eb lajm dhe disa foto po aq ekskluzive. Gjat\u00eb gjith\u00eb karrier\u00ebs s\u00eb saj ka luajtur rolin e vajz\u00ebs moskok\u00eb\u00e7ar\u00ebse,\" \/>\n<meta property=\"og:url\" content=\"https:\/\/www.visit-ulcinj.com\/blog\/2010\/07\/04\/rozana-radi-ben-operacion-plastik\/\" \/>\n<meta property=\"og:site_name\" content=\"Lajme nga Ulqini\" \/>\n<meta property=\"article:published_time\" content=\"2010-07-04T16:30:56+00:00\" \/>\n<meta property=\"article:modified_time\" content=\"2010-07-04T16:47:53+00:00\" \/>\n<meta property=\"og:image\" content=\"https:\/\/www.visit-ulcinj.com\/blog\/wp-content\/uploads\/2010\/07\/Rozana-Radi.1-150x150.jpg\" \/>\n<meta name=\"twitter:label1\" content=\"Written by\" \/>\n\t<meta name=\"twitter:data1\" content=\"ulqini\" \/>\n\t<meta name=\"twitter:label2\" content=\"Est. reading time\" \/>\n\t<meta name=\"twitter:data2\" content=\"2 minutes\" \/>\n<script type=\"application\/ld+json\" class=\"yoast-schema-graph\">{\"@context\":\"https:\/\/schema.org\",\"@graph\":[{\"@type\":\"WebSite\",\"@id\":\"https:\/\/www.visit-ulcinj.com\/blog\/#website\",\"url\":\"https:\/\/www.visit-ulcinj.com\/blog\/\",\"name\":\"Lajme nga Ulqini\",\"description\":\"Lajme,Vijesti,Ulqini,Ulqin,Crna Gora,Mali i Zi\",\"potentialAction\":[{\"@type\":\"SearchAction\",\"target\":{\"@type\":\"EntryPoint\",\"urlTemplate\":\"https:\/\/www.visit-ulcinj.com\/blog\/?s={search_term_string}\"},\"query-input\":\"required name=search_term_string\"}],\"inLanguage\":\"en-US\"},{\"@type\":\"ImageObject\",\"inLanguage\":\"en-US\",\"@id\":\"https:\/\/www.visit-ulcinj.com\/blog\/2010\/07\/04\/rozana-radi-ben-operacion-plastik\/#primaryimage\",\"url\":\"http:\/\/www.visit-ulcinj.com\/blog\/wp-content\/uploads\/2010\/07\/Rozana-Radi.3.jpg\",\"contentUrl\":\"http:\/\/www.visit-ulcinj.com\/blog\/wp-content\/uploads\/2010\/07\/Rozana-Radi.3.jpg\"},{\"@type\":\"WebPage\",\"@id\":\"https:\/\/www.visit-ulcinj.com\/blog\/2010\/07\/04\/rozana-radi-ben-operacion-plastik\/#webpage\",\"url\":\"https:\/\/www.visit-ulcinj.com\/blog\/2010\/07\/04\/rozana-radi-ben-operacion-plastik\/\",\"name\":\"Rozana Radi ben operacion plastik - Lajme nga Ulqini\",\"isPartOf\":{\"@id\":\"https:\/\/www.visit-ulcinj.com\/blog\/#website\"},\"primaryImageOfPage\":{\"@id\":\"https:\/\/www.visit-ulcinj.com\/blog\/2010\/07\/04\/rozana-radi-ben-operacion-plastik\/#primaryimage\"},\"datePublished\":\"2010-07-04T16:30:56+00:00\",\"dateModified\":\"2010-07-04T16:47:53+00:00\",\"author\":{\"@id\":\"https:\/\/www.visit-ulcinj.com\/blog\/#\/schema\/person\/dcab619c614d3038751c63bc2aadc06d\"},\"description\":\"Rozana Radi sjell p\u00ebr t\u00eb gjith\u00eb lexuesit nj\u00eb lajm dhe disa foto po aq ekskluzive. Gjat\u00eb gjith\u00eb karrier\u00ebs s\u00eb saj ka luajtur rolin e vajz\u00ebs moskok\u00eb\u00e7ar\u00ebse,\",\"breadcrumb\":{\"@id\":\"https:\/\/www.visit-ulcinj.com\/blog\/2010\/07\/04\/rozana-radi-ben-operacion-plastik\/#breadcrumb\"},\"inLanguage\":\"en-US\",\"potentialAction\":[{\"@type\":\"ReadAction\",\"target\":[\"https:\/\/www.visit-ulcinj.com\/blog\/2010\/07\/04\/rozana-radi-ben-operacion-plastik\/\"]}]},{\"@type\":\"BreadcrumbList\",\"@id\":\"https:\/\/www.visit-ulcinj.com\/blog\/2010\/07\/04\/rozana-radi-ben-operacion-plastik\/#breadcrumb\",\"itemListElement\":[{\"@type\":\"ListItem\",\"position\":1,\"name\":\"Rozana Radi ben operacion plastik\"}]},{\"@type\":\"Person\",\"@id\":\"https:\/\/www.visit-ulcinj.com\/blog\/#\/schema\/person\/dcab619c614d3038751c63bc2aadc06d\",\"name\":\"ulqini\",\"sameAs\":[\"http:\/\/www.visit-ulcinj.com\"],\"url\":\"https:\/\/www.visit-ulcinj.com\/blog\/author\/admin\/\"}]}<\/script>\n<!-- \/ Yoast SEO plugin. -->","yoast_head_json":{"title":"Rozana Radi ben operacion plastik - Lajme nga Ulqini","description":"Rozana Radi sjell p\u00ebr t\u00eb gjith\u00eb lexuesit nj\u00eb lajm dhe disa foto po aq ekskluzive. Gjat\u00eb gjith\u00eb karrier\u00ebs s\u00eb saj ka luajtur rolin e vajz\u00ebs moskok\u00eb\u00e7ar\u00ebse,","robots":{"index":"index","follow":"follow","max-snippet":"max-snippet:-1","max-image-preview":"max-image-preview:large","max-video-preview":"max-video-preview:-1"},"canonical":"https:\/\/www.visit-ulcinj.com\/blog\/2010\/07\/04\/rozana-radi-ben-operacion-plastik\/","og_locale":"en_US","og_type":"article","og_title":"Rozana Radi ben operacion plastik - Lajme nga Ulqini","og_description":"Rozana Radi sjell p\u00ebr t\u00eb gjith\u00eb lexuesit nj\u00eb lajm dhe disa foto po aq ekskluzive. Gjat\u00eb gjith\u00eb karrier\u00ebs s\u00eb saj ka luajtur rolin e vajz\u00ebs moskok\u00eb\u00e7ar\u00ebse,","og_url":"https:\/\/www.visit-ulcinj.com\/blog\/2010\/07\/04\/rozana-radi-ben-operacion-plastik\/","og_site_name":"Lajme nga Ulqini","article_published_time":"2010-07-04T16:30:56+00:00","article_modified_time":"2010-07-04T16:47:53+00:00","og_image":[{"url":"https:\/\/www.visit-ulcinj.com\/blog\/wp-content\/uploads\/2010\/07\/Rozana-Radi.1-150x150.jpg"}],"twitter_misc":{"Written by":"ulqini","Est. reading time":"2 minutes"},"schema":{"@context":"https:\/\/schema.org","@graph":[{"@type":"WebSite","@id":"https:\/\/www.visit-ulcinj.com\/blog\/#website","url":"https:\/\/www.visit-ulcinj.com\/blog\/","name":"Lajme nga Ulqini","description":"Lajme,Vijesti,Ulqini,Ulqin,Crna Gora,Mali i Zi","potentialAction":[{"@type":"SearchAction","target":{"@type":"EntryPoint","urlTemplate":"https:\/\/www.visit-ulcinj.com\/blog\/?s={search_term_string}"},"query-input":"required name=search_term_string"}],"inLanguage":"en-US"},{"@type":"ImageObject","inLanguage":"en-US","@id":"https:\/\/www.visit-ulcinj.com\/blog\/2010\/07\/04\/rozana-radi-ben-operacion-plastik\/#primaryimage","url":"http:\/\/www.visit-ulcinj.com\/blog\/wp-content\/uploads\/2010\/07\/Rozana-Radi.3.jpg","contentUrl":"http:\/\/www.visit-ulcinj.com\/blog\/wp-content\/uploads\/2010\/07\/Rozana-Radi.3.jpg"},{"@type":"WebPage","@id":"https:\/\/www.visit-ulcinj.com\/blog\/2010\/07\/04\/rozana-radi-ben-operacion-plastik\/#webpage","url":"https:\/\/www.visit-ulcinj.com\/blog\/2010\/07\/04\/rozana-radi-ben-operacion-plastik\/","name":"Rozana Radi ben operacion plastik - Lajme nga Ulqini","isPartOf":{"@id":"https:\/\/www.visit-ulcinj.com\/blog\/#website"},"primaryImageOfPage":{"@id":"https:\/\/www.visit-ulcinj.com\/blog\/2010\/07\/04\/rozana-radi-ben-operacion-plastik\/#primaryimage"},"datePublished":"2010-07-04T16:30:56+00:00","dateModified":"2010-07-04T16:47:53+00:00","author":{"@id":"https:\/\/www.visit-ulcinj.com\/blog\/#\/schema\/person\/dcab619c614d3038751c63bc2aadc06d"},"description":"Rozana Radi sjell p\u00ebr t\u00eb gjith\u00eb lexuesit nj\u00eb lajm dhe disa foto po aq ekskluzive. Gjat\u00eb gjith\u00eb karrier\u00ebs s\u00eb saj ka luajtur rolin e vajz\u00ebs moskok\u00eb\u00e7ar\u00ebse,","breadcrumb":{"@id":"https:\/\/www.visit-ulcinj.com\/blog\/2010\/07\/04\/rozana-radi-ben-operacion-plastik\/#breadcrumb"},"inLanguage":"en-US","potentialAction":[{"@type":"ReadAction","target":["https:\/\/www.visit-ulcinj.com\/blog\/2010\/07\/04\/rozana-radi-ben-operacion-plastik\/"]}]},{"@type":"BreadcrumbList","@id":"https:\/\/www.visit-ulcinj.com\/blog\/2010\/07\/04\/rozana-radi-ben-operacion-plastik\/#breadcrumb","itemListElement":[{"@type":"ListItem","position":1,"name":"Rozana Radi ben operacion plastik"}]},{"@type":"Person","@id":"https:\/\/www.visit-ulcinj.com\/blog\/#\/schema\/person\/dcab619c614d3038751c63bc2aadc06d","name":"ulqini","sameAs":["http:\/\/www.visit-ulcinj.com"],"url":"https:\/\/www.visit-ulcinj.com\/blog\/author\/admin\/"}]}},"jetpack_featured_media_url":"","jetpack_sharing_enabled":true,"jetpack_shortlink":"https:\/\/wp.me\/pe6lTn-999","_links":{"self":[{"href":"https:\/\/www.visit-ulcinj.com\/blog\/wp-json\/wp\/v2\/posts\/35163"}],"collection":[{"href":"https:\/\/www.visit-ulcinj.com\/blog\/wp-json\/wp\/v2\/posts"}],"about":[{"href":"https:\/\/www.visit-ulcinj.com\/blog\/wp-json\/wp\/v2\/types\/post"}],"author":[{"embeddable":true,"href":"https:\/\/www.visit-ulcinj.com\/blog\/wp-json\/wp\/v2\/users\/1"}],"replies":[{"embeddable":true,"href":"https:\/\/www.visit-ulcinj.com\/blog\/wp-json\/wp\/v2\/comments?post=35163"}],"version-history":[{"count":0,"href":"https:\/\/www.visit-ulcinj.com\/blog\/wp-json\/wp\/v2\/posts\/35163\/revisions"}],"wp:attachment":[{"href":"https:\/\/www.visit-ulcinj.com\/blog\/wp-json\/wp\/v2\/media?parent=35163"}],"wp:term":[{"taxonomy":"category","embeddable":true,"href":"https:\/\/www.visit-ulcinj.com\/blog\/wp-json\/wp\/v2\/categories?post=35163"},{"taxonomy":"post_tag","embeddable":true,"href":"https:\/\/www.visit-ulcinj.com\/blog\/wp-json\/wp\/v2\/tags?post=35163"}],"curies":[{"name":"wp","href":"https:\/\/api.w.org\/{rel}","templated":true}]}}