{"id":35179,"date":"2010-07-04T19:23:53","date_gmt":"2010-07-04T17:23:53","guid":{"rendered":"http:\/\/www.visit-ulcinj.com\/blog\/?p=35179"},"modified":"2010-07-04T19:23:53","modified_gmt":"2010-07-04T17:23:53","slug":"ciljeta-kapet-me-kopje","status":"publish","type":"post","link":"https:\/\/www.visit-ulcinj.com\/blog\/2010\/07\/04\/ciljeta-kapet-me-kopje\/","title":{"rendered":"\u00c7iljeta kapet me kopje"},"content":{"rendered":"<p><a href=\"http:\/\/www.visit-ulcinj.com\/blog\/wp-content\/uploads\/2010\/07\/Ciljeta-Xhilaga.jpg\"><img loading=\"lazy\" class=\"alignleft size-full wp-image-35178\" title=\"Ciljeta Xhilaga\" src=\"http:\/\/www.visit-ulcinj.com\/blog\/wp-content\/uploads\/2010\/07\/Ciljeta-Xhilaga.jpg\" alt=\"Ciljeta Xhilaga\" width=\"490\" height=\"620\" \/><\/a>Koh\u00eb m\u00eb par\u00eb kur mori pjes\u00eb n\u00eb festivalin \u201cK\u00ebnga Magjike\u201d me k\u00ebng\u00ebn \u201cDuty free\u201d, mbase as q\u00eb mund ta merrte me mend se ajo k\u00ebng\u00eb do t\u00eb rezultonte me motive t\u00eb vjedhura nga \u201cCandy man\u201d e Christina Aguiliera. Megjithat\u00eb si gjithmon\u00eb \u00c7iljeta \u00ebsht\u00eb e qet\u00eb para k\u00ebtyre surprizave pasi n\u00eb fund t\u00eb fundit nuk \u00ebsht\u00eb ndonj\u00eb m\u00ebkat i k\u00ebng\u00ebtarit kur k\u00ebnga rezulton e kopjuar. Por historia p\u00ebrs\u00ebritet, dhe k\u00ebsaj here me reklam\u00ebn ku ajo u b\u00eb protagoniste duke krijuar k\u00ebsaj here nj\u00eb tjet\u00ebr kontakt me publikun, me an\u00eb t\u00eb spoteve dhe billbordeve. Reklama ku \u00c7iljeta shfaqet me nj\u00eb pamje shum\u00eb seksi, n\u00eb rroba banjo, \u00ebsht\u00eb totaliht e kopjuar. Madje t\u00eb vjen \u00e7udi sesi ajo \u00ebsht\u00eb kopjuar deri n\u00eb detaje, \u00e7do l\u00ebvizje q\u00eb b\u00ebn modelja gjermane, b\u00ebhet pik\u00eb p\u00ebr pik\u00eb edhe nga \u00c7iljeta deri tek zgjidhja e rripave t\u00eb mbathjeve duke krijuar nj\u00eb situat\u00eb tejet erotike. Gjithsesi nga komentet e ndryshme n\u00eb internet fansat duken paksa t\u00eb m\u00ebrzitur, pasi iu duket absurde se si nuk \u00ebsht\u00eb e mundur q\u00eb t\u00eb krijohet nj\u00eb spot me ide origjinale, por duhet kopjuar nga fillimi deri n\u00eb fund.<\/p>\n<p><strong>Panorama Plus<br \/>\n<!--YouTube Error: bad URL entered--><\/strong><\/p>\n","protected":false},"excerpt":{"rendered":"<p>Koh\u00eb m\u00eb par\u00eb kur mori pjes\u00eb n\u00eb festivalin \u201cK\u00ebnga Magjike\u201d me k\u00ebng\u00ebn \u201cDuty free\u201d, mbase as q\u00eb mund ta merrte me mend se ajo k\u00ebng\u00eb do t\u00eb rezultonte me motive t\u00eb vjedhura nga \u201cCandy man\u201d e Christina Aguiliera. Megjithat\u00eb si gjithmon\u00eb \u00c7iljeta \u00ebsht\u00eb e qet\u00eb para k\u00ebtyre surprizave pasi n\u00eb fund t\u00eb fundit nuk \u00ebsht\u00eb [&hellip;]<\/p>\n","protected":false},"author":1,"featured_media":0,"comment_status":"open","ping_status":"closed","sticky":false,"template":"","format":"standard","meta":{"spay_email":"","jetpack_publicize_message":"","jetpack_is_tweetstorm":false,"jetpack_publicize_feature_enabled":true},"categories":[1],"tags":[5456],"jetpack_publicize_connections":[],"yoast_head":"<!-- This site is optimized with the Yoast SEO plugin v19.1 - https:\/\/yoast.com\/wordpress\/plugins\/seo\/ -->\n<title>\u00c7iljeta kapet me kopje - Lajme nga Ulqini<\/title>\n<meta name=\"description\" content=\"Koh\u00eb m\u00eb par\u00eb kur mori pjes\u00eb n\u00eb festivalin \u201cK\u00ebnga Magjike\u201d me k\u00ebng\u00ebn \u201cDuty free\u201d, mbase as q\u00eb mund ta merrte me mend se ajo k\u00ebng\u00eb do t\u00eb rezultonte me\" \/>\n<meta name=\"robots\" content=\"index, follow, max-snippet:-1, max-image-preview:large, max-video-preview:-1\" \/>\n<link rel=\"canonical\" href=\"https:\/\/www.visit-ulcinj.com\/blog\/2010\/07\/04\/ciljeta-kapet-me-kopje\/\" \/>\n<meta property=\"og:locale\" content=\"en_US\" \/>\n<meta property=\"og:type\" content=\"article\" \/>\n<meta property=\"og:title\" content=\"\u00c7iljeta kapet me kopje - Lajme nga Ulqini\" \/>\n<meta property=\"og:description\" content=\"Koh\u00eb m\u00eb par\u00eb kur mori pjes\u00eb n\u00eb festivalin \u201cK\u00ebnga Magjike\u201d me k\u00ebng\u00ebn \u201cDuty free\u201d, mbase as q\u00eb mund ta merrte me mend se ajo k\u00ebng\u00eb do t\u00eb rezultonte me\" \/>\n<meta property=\"og:url\" content=\"https:\/\/www.visit-ulcinj.com\/blog\/2010\/07\/04\/ciljeta-kapet-me-kopje\/\" \/>\n<meta property=\"og:site_name\" content=\"Lajme nga Ulqini\" \/>\n<meta property=\"article:published_time\" content=\"2010-07-04T17:23:53+00:00\" \/>\n<meta property=\"og:image\" content=\"http:\/\/www.visit-ulcinj.com\/blog\/wp-content\/uploads\/2010\/07\/Ciljeta-Xhilaga.jpg\" \/>\n<meta name=\"twitter:label1\" content=\"Written by\" \/>\n\t<meta name=\"twitter:data1\" content=\"ulqini\" \/>\n\t<meta name=\"twitter:label2\" content=\"Est. reading time\" \/>\n\t<meta name=\"twitter:data2\" content=\"1 minute\" \/>\n<script type=\"application\/ld+json\" class=\"yoast-schema-graph\">{\"@context\":\"https:\/\/schema.org\",\"@graph\":[{\"@type\":\"WebSite\",\"@id\":\"https:\/\/www.visit-ulcinj.com\/blog\/#website\",\"url\":\"https:\/\/www.visit-ulcinj.com\/blog\/\",\"name\":\"Lajme nga Ulqini\",\"description\":\"Lajme,Vijesti,Ulqini,Ulqin,Crna Gora,Mali i Zi\",\"potentialAction\":[{\"@type\":\"SearchAction\",\"target\":{\"@type\":\"EntryPoint\",\"urlTemplate\":\"https:\/\/www.visit-ulcinj.com\/blog\/?s={search_term_string}\"},\"query-input\":\"required name=search_term_string\"}],\"inLanguage\":\"en-US\"},{\"@type\":\"ImageObject\",\"inLanguage\":\"en-US\",\"@id\":\"https:\/\/www.visit-ulcinj.com\/blog\/2010\/07\/04\/ciljeta-kapet-me-kopje\/#primaryimage\",\"url\":\"https:\/\/www.visit-ulcinj.com\/blog\/wp-content\/uploads\/2010\/07\/ciljeta-Xhilaga.jpg\",\"contentUrl\":\"https:\/\/www.visit-ulcinj.com\/blog\/wp-content\/uploads\/2010\/07\/ciljeta-Xhilaga.jpg\",\"width\":\"491\",\"height\":\"367\"},{\"@type\":\"WebPage\",\"@id\":\"https:\/\/www.visit-ulcinj.com\/blog\/2010\/07\/04\/ciljeta-kapet-me-kopje\/#webpage\",\"url\":\"https:\/\/www.visit-ulcinj.com\/blog\/2010\/07\/04\/ciljeta-kapet-me-kopje\/\",\"name\":\"\u00c7iljeta kapet me kopje - Lajme nga Ulqini\",\"isPartOf\":{\"@id\":\"https:\/\/www.visit-ulcinj.com\/blog\/#website\"},\"primaryImageOfPage\":{\"@id\":\"https:\/\/www.visit-ulcinj.com\/blog\/2010\/07\/04\/ciljeta-kapet-me-kopje\/#primaryimage\"},\"datePublished\":\"2010-07-04T17:23:53+00:00\",\"dateModified\":\"2010-07-04T17:23:53+00:00\",\"author\":{\"@id\":\"https:\/\/www.visit-ulcinj.com\/blog\/#\/schema\/person\/dcab619c614d3038751c63bc2aadc06d\"},\"description\":\"Koh\u00eb m\u00eb par\u00eb kur mori pjes\u00eb n\u00eb festivalin \u201cK\u00ebnga Magjike\u201d me k\u00ebng\u00ebn \u201cDuty free\u201d, mbase as q\u00eb mund ta merrte me mend se ajo k\u00ebng\u00eb do t\u00eb rezultonte me\",\"breadcrumb\":{\"@id\":\"https:\/\/www.visit-ulcinj.com\/blog\/2010\/07\/04\/ciljeta-kapet-me-kopje\/#breadcrumb\"},\"inLanguage\":\"en-US\",\"potentialAction\":[{\"@type\":\"ReadAction\",\"target\":[\"https:\/\/www.visit-ulcinj.com\/blog\/2010\/07\/04\/ciljeta-kapet-me-kopje\/\"]}]},{\"@type\":\"BreadcrumbList\",\"@id\":\"https:\/\/www.visit-ulcinj.com\/blog\/2010\/07\/04\/ciljeta-kapet-me-kopje\/#breadcrumb\",\"itemListElement\":[{\"@type\":\"ListItem\",\"position\":1,\"name\":\"\u00c7iljeta kapet me kopje\"}]},{\"@type\":\"Person\",\"@id\":\"https:\/\/www.visit-ulcinj.com\/blog\/#\/schema\/person\/dcab619c614d3038751c63bc2aadc06d\",\"name\":\"ulqini\",\"sameAs\":[\"http:\/\/www.visit-ulcinj.com\"],\"url\":\"https:\/\/www.visit-ulcinj.com\/blog\/author\/admin\/\"}]}<\/script>\n<!-- \/ Yoast SEO plugin. -->","yoast_head_json":{"title":"\u00c7iljeta kapet me kopje - Lajme nga Ulqini","description":"Koh\u00eb m\u00eb par\u00eb kur mori pjes\u00eb n\u00eb festivalin \u201cK\u00ebnga Magjike\u201d me k\u00ebng\u00ebn \u201cDuty free\u201d, mbase as q\u00eb mund ta merrte me mend se ajo k\u00ebng\u00eb do t\u00eb rezultonte me","robots":{"index":"index","follow":"follow","max-snippet":"max-snippet:-1","max-image-preview":"max-image-preview:large","max-video-preview":"max-video-preview:-1"},"canonical":"https:\/\/www.visit-ulcinj.com\/blog\/2010\/07\/04\/ciljeta-kapet-me-kopje\/","og_locale":"en_US","og_type":"article","og_title":"\u00c7iljeta kapet me kopje - Lajme nga Ulqini","og_description":"Koh\u00eb m\u00eb par\u00eb kur mori pjes\u00eb n\u00eb festivalin \u201cK\u00ebnga Magjike\u201d me k\u00ebng\u00ebn \u201cDuty free\u201d, mbase as q\u00eb mund ta merrte me mend se ajo k\u00ebng\u00eb do t\u00eb rezultonte me","og_url":"https:\/\/www.visit-ulcinj.com\/blog\/2010\/07\/04\/ciljeta-kapet-me-kopje\/","og_site_name":"Lajme nga Ulqini","article_published_time":"2010-07-04T17:23:53+00:00","og_image":[{"url":"http:\/\/www.visit-ulcinj.com\/blog\/wp-content\/uploads\/2010\/07\/Ciljeta-Xhilaga.jpg"}],"twitter_misc":{"Written by":"ulqini","Est. reading time":"1 minute"},"schema":{"@context":"https:\/\/schema.org","@graph":[{"@type":"WebSite","@id":"https:\/\/www.visit-ulcinj.com\/blog\/#website","url":"https:\/\/www.visit-ulcinj.com\/blog\/","name":"Lajme nga Ulqini","description":"Lajme,Vijesti,Ulqini,Ulqin,Crna Gora,Mali i Zi","potentialAction":[{"@type":"SearchAction","target":{"@type":"EntryPoint","urlTemplate":"https:\/\/www.visit-ulcinj.com\/blog\/?s={search_term_string}"},"query-input":"required name=search_term_string"}],"inLanguage":"en-US"},{"@type":"ImageObject","inLanguage":"en-US","@id":"https:\/\/www.visit-ulcinj.com\/blog\/2010\/07\/04\/ciljeta-kapet-me-kopje\/#primaryimage","url":"https:\/\/www.visit-ulcinj.com\/blog\/wp-content\/uploads\/2010\/07\/ciljeta-Xhilaga.jpg","contentUrl":"https:\/\/www.visit-ulcinj.com\/blog\/wp-content\/uploads\/2010\/07\/ciljeta-Xhilaga.jpg","width":"491","height":"367"},{"@type":"WebPage","@id":"https:\/\/www.visit-ulcinj.com\/blog\/2010\/07\/04\/ciljeta-kapet-me-kopje\/#webpage","url":"https:\/\/www.visit-ulcinj.com\/blog\/2010\/07\/04\/ciljeta-kapet-me-kopje\/","name":"\u00c7iljeta kapet me kopje - Lajme nga Ulqini","isPartOf":{"@id":"https:\/\/www.visit-ulcinj.com\/blog\/#website"},"primaryImageOfPage":{"@id":"https:\/\/www.visit-ulcinj.com\/blog\/2010\/07\/04\/ciljeta-kapet-me-kopje\/#primaryimage"},"datePublished":"2010-07-04T17:23:53+00:00","dateModified":"2010-07-04T17:23:53+00:00","author":{"@id":"https:\/\/www.visit-ulcinj.com\/blog\/#\/schema\/person\/dcab619c614d3038751c63bc2aadc06d"},"description":"Koh\u00eb m\u00eb par\u00eb kur mori pjes\u00eb n\u00eb festivalin \u201cK\u00ebnga Magjike\u201d me k\u00ebng\u00ebn \u201cDuty free\u201d, mbase as q\u00eb mund ta merrte me mend se ajo k\u00ebng\u00eb do t\u00eb rezultonte me","breadcrumb":{"@id":"https:\/\/www.visit-ulcinj.com\/blog\/2010\/07\/04\/ciljeta-kapet-me-kopje\/#breadcrumb"},"inLanguage":"en-US","potentialAction":[{"@type":"ReadAction","target":["https:\/\/www.visit-ulcinj.com\/blog\/2010\/07\/04\/ciljeta-kapet-me-kopje\/"]}]},{"@type":"BreadcrumbList","@id":"https:\/\/www.visit-ulcinj.com\/blog\/2010\/07\/04\/ciljeta-kapet-me-kopje\/#breadcrumb","itemListElement":[{"@type":"ListItem","position":1,"name":"\u00c7iljeta kapet me kopje"}]},{"@type":"Person","@id":"https:\/\/www.visit-ulcinj.com\/blog\/#\/schema\/person\/dcab619c614d3038751c63bc2aadc06d","name":"ulqini","sameAs":["http:\/\/www.visit-ulcinj.com"],"url":"https:\/\/www.visit-ulcinj.com\/blog\/author\/admin\/"}]}},"jetpack_featured_media_url":"","jetpack_sharing_enabled":true,"jetpack_shortlink":"https:\/\/wp.me\/pe6lTn-99p","_links":{"self":[{"href":"https:\/\/www.visit-ulcinj.com\/blog\/wp-json\/wp\/v2\/posts\/35179"}],"collection":[{"href":"https:\/\/www.visit-ulcinj.com\/blog\/wp-json\/wp\/v2\/posts"}],"about":[{"href":"https:\/\/www.visit-ulcinj.com\/blog\/wp-json\/wp\/v2\/types\/post"}],"author":[{"embeddable":true,"href":"https:\/\/www.visit-ulcinj.com\/blog\/wp-json\/wp\/v2\/users\/1"}],"replies":[{"embeddable":true,"href":"https:\/\/www.visit-ulcinj.com\/blog\/wp-json\/wp\/v2\/comments?post=35179"}],"version-history":[{"count":0,"href":"https:\/\/www.visit-ulcinj.com\/blog\/wp-json\/wp\/v2\/posts\/35179\/revisions"}],"wp:attachment":[{"href":"https:\/\/www.visit-ulcinj.com\/blog\/wp-json\/wp\/v2\/media?parent=35179"}],"wp:term":[{"taxonomy":"category","embeddable":true,"href":"https:\/\/www.visit-ulcinj.com\/blog\/wp-json\/wp\/v2\/categories?post=35179"},{"taxonomy":"post_tag","embeddable":true,"href":"https:\/\/www.visit-ulcinj.com\/blog\/wp-json\/wp\/v2\/tags?post=35179"}],"curies":[{"name":"wp","href":"https:\/\/api.w.org\/{rel}","templated":true}]}}