{"id":35190,"date":"2010-07-05T18:49:02","date_gmt":"2010-07-05T16:49:02","guid":{"rendered":"http:\/\/www.visit-ulcinj.com\/blog\/?p=35190"},"modified":"2010-07-05T18:49:02","modified_gmt":"2010-07-05T16:49:02","slug":"thaci-se-shpejti-shkembimi-i-ambasadoreve-me-malin-e-zi","status":"publish","type":"post","link":"https:\/\/www.visit-ulcinj.com\/blog\/2010\/07\/05\/thaci-se-shpejti-shkembimi-i-ambasadoreve-me-malin-e-zi\/","title":{"rendered":"Tha\u00e7i: S\u00eb shpejti shk\u00ebmbimi i ambasador\u00ebve me Malin e Zi"},"content":{"rendered":"<p><a href=\"http:\/\/www.visit-ulcinj.com\/blog\/wp-content\/uploads\/2010\/07\/Hashim-Tha\u00e7i.jpg\"><img loading=\"lazy\" class=\"alignleft size-full wp-image-35191\" title=\"Hashim Tha\u00e7i\" src=\"http:\/\/www.visit-ulcinj.com\/blog\/wp-content\/uploads\/2010\/07\/Hashim-Tha\u00e7i.jpg\" alt=\"Hashim Tha\u00e7i\" width=\"490\" height=\"565\" \/><\/a>PODGORICE \u2013 \u201cMali i Zi dhe Kosova do t\u00eb shk\u00ebmbejn\u00eb s\u00eb shpejti ambasador\u00ebt, dhe nd\u00ebrmjet dy vendeve nuk ka asnj\u00eb kontest\u201d, deklaroi kryeministri i Kosov\u00ebs Hashim Tha\u00e7i.<br \/>\n&#8220;Procesi i shk\u00ebmbimit t\u00eb ambasador\u00ebve do t\u00eb nis\u00eb dhe besoj q\u00eb kjo t\u00eb b\u00ebhet s\u00eb shpejti&#8221;, ka deklaraur Tha\u00e7i p\u00ebr mediat malazeze. Ai ka th\u00ebn\u00eb se vendosja e marr\u00ebdh\u00ebnieve diplomatike nd\u00ebrmjet Malit t\u00eb Zi dhe Kosov\u00ebs \u00ebsht\u00eb nj\u00eb lajm i mir\u00eb, jo vet\u00ebm p\u00ebr dy vendet, por edhe p\u00ebr t\u00ebr\u00eb rajonin. &#8220;P\u00ebr perspektiv\u00ebn ton\u00eb t\u00eb p\u00ebrbashk\u00ebt t\u00eb integrimit n\u00eb strukturat evroatlantike&#8221;. &#8220;Do t\u00eb d\u00ebshiroja t\u00eb shpreh respektin tim m\u00eb t\u00eb madh p\u00ebr Qeverin\u00eb malazeze p\u00ebr q\u00ebndrimin e saj pozitiv drejt zhvillimit t\u00eb Kosov\u00ebs&#8221;, ka th\u00ebn\u00eb Tha\u00e7i.<br \/>\nDuke komentuar deklarat\u00ebn e Presidentit malazez Filip Vujanovic se nuk do t\u00eb n\u00ebnshkruaj\u00eb letrat kredenciale, derisa pakica malazeze t\u00eb mos njihet n\u00eb Kosov\u00eb, Tha\u00e7i ka th\u00ebn\u00eb se shteti i pavarur dhe sovran i Kosov\u00ebs \u00ebsht\u00eb nd\u00ebrtuar mbi parimet qytetare dhe multietnike. &#8220;Kushtetuta i siguron shansin \u00e7do qytetari t\u00eb Kosov\u00ebs, pavar\u00ebsisht dallimeve t\u00eb tij etnike apo fetare, q\u00eb ta konsideroj\u00eb shtetin e Kosov\u00ebs sht\u00ebpi t\u00eb veten&#8221;, \u00ebsht\u00eb shprehur Tha\u00e7i.<\/p>\n<p><strong>(d.b\/BalkanWeb)<br \/>\n<a href=\"http:\/\/www.visit-ulcinj.com\/blog\/wp-content\/uploads\/2010\/07\/topi-vujanovic-sejdiu.jpg\"><img loading=\"lazy\" class=\"alignleft size-full wp-image-35192\" title=\"topi-vujanovic-sejdiu\" src=\"http:\/\/www.visit-ulcinj.com\/blog\/wp-content\/uploads\/2010\/07\/topi-vujanovic-sejdiu.jpg\" alt=\"topi-vujanovic-sejdiu\" width=\"490\" height=\"400\" \/><\/a><\/strong><\/p>\n","protected":false},"excerpt":{"rendered":"<p>PODGORICE \u2013 \u201cMali i Zi dhe Kosova do t\u00eb shk\u00ebmbejn\u00eb s\u00eb shpejti ambasador\u00ebt, dhe nd\u00ebrmjet dy vendeve nuk ka asnj\u00eb kontest\u201d, deklaroi kryeministri i Kosov\u00ebs Hashim Tha\u00e7i. &#8220;Procesi i shk\u00ebmbimit t\u00eb ambasador\u00ebve do t\u00eb nis\u00eb dhe besoj q\u00eb kjo t\u00eb b\u00ebhet s\u00eb shpejti&#8221;, ka deklaraur Tha\u00e7i p\u00ebr mediat malazeze. Ai ka th\u00ebn\u00eb se vendosja e [&hellip;]<\/p>\n","protected":false},"author":1,"featured_media":0,"comment_status":"open","ping_status":"closed","sticky":false,"template":"","format":"standard","meta":{"spay_email":"","jetpack_publicize_message":"","jetpack_is_tweetstorm":false,"jetpack_publicize_feature_enabled":true},"categories":[14],"tags":[61],"jetpack_publicize_connections":[],"yoast_head":"<!-- This site is optimized with the Yoast SEO plugin v19.1 - https:\/\/yoast.com\/wordpress\/plugins\/seo\/ -->\n<title>Tha\u00e7i: S\u00eb shpejti shk\u00ebmbimi i ambasador\u00ebve me Malin e Zi - Lajme nga Ulqini<\/title>\n<meta name=\"description\" content=\"PODGORICE \u2013 \u201cMali i Zi dhe Kosova do t\u00eb shk\u00ebmbejn\u00eb s\u00eb shpejti ambasador\u00ebt, dhe nd\u00ebrmjet dy vendeve nuk ka asnj\u00eb kontest\u201d, deklaroi kryeministri i Kosov\u00ebs\" \/>\n<meta name=\"robots\" content=\"index, follow, max-snippet:-1, max-image-preview:large, max-video-preview:-1\" \/>\n<link rel=\"canonical\" href=\"https:\/\/www.visit-ulcinj.com\/blog\/2010\/07\/05\/thaci-se-shpejti-shkembimi-i-ambasadoreve-me-malin-e-zi\/\" \/>\n<meta property=\"og:locale\" content=\"en_US\" \/>\n<meta property=\"og:type\" content=\"article\" \/>\n<meta property=\"og:title\" content=\"Tha\u00e7i: S\u00eb shpejti shk\u00ebmbimi i ambasador\u00ebve me Malin e Zi - Lajme nga Ulqini\" \/>\n<meta property=\"og:description\" content=\"PODGORICE \u2013 \u201cMali i Zi dhe Kosova do t\u00eb shk\u00ebmbejn\u00eb s\u00eb shpejti ambasador\u00ebt, dhe nd\u00ebrmjet dy vendeve nuk ka asnj\u00eb kontest\u201d, deklaroi kryeministri i Kosov\u00ebs\" \/>\n<meta property=\"og:url\" content=\"https:\/\/www.visit-ulcinj.com\/blog\/2010\/07\/05\/thaci-se-shpejti-shkembimi-i-ambasadoreve-me-malin-e-zi\/\" \/>\n<meta property=\"og:site_name\" content=\"Lajme nga Ulqini\" \/>\n<meta property=\"article:published_time\" content=\"2010-07-05T16:49:02+00:00\" \/>\n<meta property=\"og:image\" content=\"http:\/\/www.visit-ulcinj.com\/blog\/wp-content\/uploads\/2010\/07\/topi-vujanovic-sejdiu.jpg\" \/>\n<meta name=\"twitter:label1\" content=\"Written by\" \/>\n\t<meta name=\"twitter:data1\" content=\"ulqini\" \/>\n\t<meta name=\"twitter:label2\" content=\"Est. reading time\" \/>\n\t<meta name=\"twitter:data2\" content=\"1 minute\" \/>\n<script type=\"application\/ld+json\" class=\"yoast-schema-graph\">{\"@context\":\"https:\/\/schema.org\",\"@graph\":[{\"@type\":\"WebSite\",\"@id\":\"https:\/\/www.visit-ulcinj.com\/blog\/#website\",\"url\":\"https:\/\/www.visit-ulcinj.com\/blog\/\",\"name\":\"Lajme nga Ulqini\",\"description\":\"Lajme,Vijesti,Ulqini,Ulqin,Crna Gora,Mali i Zi\",\"potentialAction\":[{\"@type\":\"SearchAction\",\"target\":{\"@type\":\"EntryPoint\",\"urlTemplate\":\"https:\/\/www.visit-ulcinj.com\/blog\/?s={search_term_string}\"},\"query-input\":\"required name=search_term_string\"}],\"inLanguage\":\"en-US\"},{\"@type\":\"ImageObject\",\"inLanguage\":\"en-US\",\"@id\":\"https:\/\/www.visit-ulcinj.com\/blog\/2010\/07\/05\/thaci-se-shpejti-shkembimi-i-ambasadoreve-me-malin-e-zi\/#primaryimage\",\"url\":\"https:\/\/www.visit-ulcinj.com\/blog\/wp-content\/uploads\/2010\/07\/topi-vujanovic-sejdiu.jpg\",\"contentUrl\":\"https:\/\/www.visit-ulcinj.com\/blog\/wp-content\/uploads\/2010\/07\/topi-vujanovic-sejdiu.jpg\",\"width\":\"600\",\"height\":\"400\"},{\"@type\":\"WebPage\",\"@id\":\"https:\/\/www.visit-ulcinj.com\/blog\/2010\/07\/05\/thaci-se-shpejti-shkembimi-i-ambasadoreve-me-malin-e-zi\/#webpage\",\"url\":\"https:\/\/www.visit-ulcinj.com\/blog\/2010\/07\/05\/thaci-se-shpejti-shkembimi-i-ambasadoreve-me-malin-e-zi\/\",\"name\":\"Tha\u00e7i: S\u00eb shpejti shk\u00ebmbimi i ambasador\u00ebve me Malin e Zi - Lajme nga Ulqini\",\"isPartOf\":{\"@id\":\"https:\/\/www.visit-ulcinj.com\/blog\/#website\"},\"primaryImageOfPage\":{\"@id\":\"https:\/\/www.visit-ulcinj.com\/blog\/2010\/07\/05\/thaci-se-shpejti-shkembimi-i-ambasadoreve-me-malin-e-zi\/#primaryimage\"},\"datePublished\":\"2010-07-05T16:49:02+00:00\",\"dateModified\":\"2010-07-05T16:49:02+00:00\",\"author\":{\"@id\":\"https:\/\/www.visit-ulcinj.com\/blog\/#\/schema\/person\/dcab619c614d3038751c63bc2aadc06d\"},\"description\":\"PODGORICE \u2013 \u201cMali i Zi dhe Kosova do t\u00eb shk\u00ebmbejn\u00eb s\u00eb shpejti ambasador\u00ebt, dhe nd\u00ebrmjet dy vendeve nuk ka asnj\u00eb kontest\u201d, deklaroi kryeministri i Kosov\u00ebs\",\"breadcrumb\":{\"@id\":\"https:\/\/www.visit-ulcinj.com\/blog\/2010\/07\/05\/thaci-se-shpejti-shkembimi-i-ambasadoreve-me-malin-e-zi\/#breadcrumb\"},\"inLanguage\":\"en-US\",\"potentialAction\":[{\"@type\":\"ReadAction\",\"target\":[\"https:\/\/www.visit-ulcinj.com\/blog\/2010\/07\/05\/thaci-se-shpejti-shkembimi-i-ambasadoreve-me-malin-e-zi\/\"]}]},{\"@type\":\"BreadcrumbList\",\"@id\":\"https:\/\/www.visit-ulcinj.com\/blog\/2010\/07\/05\/thaci-se-shpejti-shkembimi-i-ambasadoreve-me-malin-e-zi\/#breadcrumb\",\"itemListElement\":[{\"@type\":\"ListItem\",\"position\":1,\"name\":\"Tha\u00e7i: S\u00eb shpejti shk\u00ebmbimi i ambasador\u00ebve me Malin e Zi\"}]},{\"@type\":\"Person\",\"@id\":\"https:\/\/www.visit-ulcinj.com\/blog\/#\/schema\/person\/dcab619c614d3038751c63bc2aadc06d\",\"name\":\"ulqini\",\"sameAs\":[\"http:\/\/www.visit-ulcinj.com\"],\"url\":\"https:\/\/www.visit-ulcinj.com\/blog\/author\/admin\/\"}]}<\/script>\n<!-- \/ Yoast SEO plugin. -->","yoast_head_json":{"title":"Tha\u00e7i: S\u00eb shpejti shk\u00ebmbimi i ambasador\u00ebve me Malin e Zi - Lajme nga Ulqini","description":"PODGORICE \u2013 \u201cMali i Zi dhe Kosova do t\u00eb shk\u00ebmbejn\u00eb s\u00eb shpejti ambasador\u00ebt, dhe nd\u00ebrmjet dy vendeve nuk ka asnj\u00eb kontest\u201d, deklaroi kryeministri i Kosov\u00ebs","robots":{"index":"index","follow":"follow","max-snippet":"max-snippet:-1","max-image-preview":"max-image-preview:large","max-video-preview":"max-video-preview:-1"},"canonical":"https:\/\/www.visit-ulcinj.com\/blog\/2010\/07\/05\/thaci-se-shpejti-shkembimi-i-ambasadoreve-me-malin-e-zi\/","og_locale":"en_US","og_type":"article","og_title":"Tha\u00e7i: S\u00eb shpejti shk\u00ebmbimi i ambasador\u00ebve me Malin e Zi - Lajme nga Ulqini","og_description":"PODGORICE \u2013 \u201cMali i Zi dhe Kosova do t\u00eb shk\u00ebmbejn\u00eb s\u00eb shpejti ambasador\u00ebt, dhe nd\u00ebrmjet dy vendeve nuk ka asnj\u00eb kontest\u201d, deklaroi kryeministri i Kosov\u00ebs","og_url":"https:\/\/www.visit-ulcinj.com\/blog\/2010\/07\/05\/thaci-se-shpejti-shkembimi-i-ambasadoreve-me-malin-e-zi\/","og_site_name":"Lajme nga Ulqini","article_published_time":"2010-07-05T16:49:02+00:00","og_image":[{"url":"http:\/\/www.visit-ulcinj.com\/blog\/wp-content\/uploads\/2010\/07\/topi-vujanovic-sejdiu.jpg"}],"twitter_misc":{"Written by":"ulqini","Est. reading time":"1 minute"},"schema":{"@context":"https:\/\/schema.org","@graph":[{"@type":"WebSite","@id":"https:\/\/www.visit-ulcinj.com\/blog\/#website","url":"https:\/\/www.visit-ulcinj.com\/blog\/","name":"Lajme nga Ulqini","description":"Lajme,Vijesti,Ulqini,Ulqin,Crna Gora,Mali i Zi","potentialAction":[{"@type":"SearchAction","target":{"@type":"EntryPoint","urlTemplate":"https:\/\/www.visit-ulcinj.com\/blog\/?s={search_term_string}"},"query-input":"required name=search_term_string"}],"inLanguage":"en-US"},{"@type":"ImageObject","inLanguage":"en-US","@id":"https:\/\/www.visit-ulcinj.com\/blog\/2010\/07\/05\/thaci-se-shpejti-shkembimi-i-ambasadoreve-me-malin-e-zi\/#primaryimage","url":"https:\/\/www.visit-ulcinj.com\/blog\/wp-content\/uploads\/2010\/07\/topi-vujanovic-sejdiu.jpg","contentUrl":"https:\/\/www.visit-ulcinj.com\/blog\/wp-content\/uploads\/2010\/07\/topi-vujanovic-sejdiu.jpg","width":"600","height":"400"},{"@type":"WebPage","@id":"https:\/\/www.visit-ulcinj.com\/blog\/2010\/07\/05\/thaci-se-shpejti-shkembimi-i-ambasadoreve-me-malin-e-zi\/#webpage","url":"https:\/\/www.visit-ulcinj.com\/blog\/2010\/07\/05\/thaci-se-shpejti-shkembimi-i-ambasadoreve-me-malin-e-zi\/","name":"Tha\u00e7i: S\u00eb shpejti shk\u00ebmbimi i ambasador\u00ebve me Malin e Zi - Lajme nga Ulqini","isPartOf":{"@id":"https:\/\/www.visit-ulcinj.com\/blog\/#website"},"primaryImageOfPage":{"@id":"https:\/\/www.visit-ulcinj.com\/blog\/2010\/07\/05\/thaci-se-shpejti-shkembimi-i-ambasadoreve-me-malin-e-zi\/#primaryimage"},"datePublished":"2010-07-05T16:49:02+00:00","dateModified":"2010-07-05T16:49:02+00:00","author":{"@id":"https:\/\/www.visit-ulcinj.com\/blog\/#\/schema\/person\/dcab619c614d3038751c63bc2aadc06d"},"description":"PODGORICE \u2013 \u201cMali i Zi dhe Kosova do t\u00eb shk\u00ebmbejn\u00eb s\u00eb shpejti ambasador\u00ebt, dhe nd\u00ebrmjet dy vendeve nuk ka asnj\u00eb kontest\u201d, deklaroi kryeministri i Kosov\u00ebs","breadcrumb":{"@id":"https:\/\/www.visit-ulcinj.com\/blog\/2010\/07\/05\/thaci-se-shpejti-shkembimi-i-ambasadoreve-me-malin-e-zi\/#breadcrumb"},"inLanguage":"en-US","potentialAction":[{"@type":"ReadAction","target":["https:\/\/www.visit-ulcinj.com\/blog\/2010\/07\/05\/thaci-se-shpejti-shkembimi-i-ambasadoreve-me-malin-e-zi\/"]}]},{"@type":"BreadcrumbList","@id":"https:\/\/www.visit-ulcinj.com\/blog\/2010\/07\/05\/thaci-se-shpejti-shkembimi-i-ambasadoreve-me-malin-e-zi\/#breadcrumb","itemListElement":[{"@type":"ListItem","position":1,"name":"Tha\u00e7i: S\u00eb shpejti shk\u00ebmbimi i ambasador\u00ebve me Malin e Zi"}]},{"@type":"Person","@id":"https:\/\/www.visit-ulcinj.com\/blog\/#\/schema\/person\/dcab619c614d3038751c63bc2aadc06d","name":"ulqini","sameAs":["http:\/\/www.visit-ulcinj.com"],"url":"https:\/\/www.visit-ulcinj.com\/blog\/author\/admin\/"}]}},"jetpack_featured_media_url":"","jetpack_sharing_enabled":true,"jetpack_shortlink":"https:\/\/wp.me\/pe6lTn-99A","_links":{"self":[{"href":"https:\/\/www.visit-ulcinj.com\/blog\/wp-json\/wp\/v2\/posts\/35190"}],"collection":[{"href":"https:\/\/www.visit-ulcinj.com\/blog\/wp-json\/wp\/v2\/posts"}],"about":[{"href":"https:\/\/www.visit-ulcinj.com\/blog\/wp-json\/wp\/v2\/types\/post"}],"author":[{"embeddable":true,"href":"https:\/\/www.visit-ulcinj.com\/blog\/wp-json\/wp\/v2\/users\/1"}],"replies":[{"embeddable":true,"href":"https:\/\/www.visit-ulcinj.com\/blog\/wp-json\/wp\/v2\/comments?post=35190"}],"version-history":[{"count":0,"href":"https:\/\/www.visit-ulcinj.com\/blog\/wp-json\/wp\/v2\/posts\/35190\/revisions"}],"wp:attachment":[{"href":"https:\/\/www.visit-ulcinj.com\/blog\/wp-json\/wp\/v2\/media?parent=35190"}],"wp:term":[{"taxonomy":"category","embeddable":true,"href":"https:\/\/www.visit-ulcinj.com\/blog\/wp-json\/wp\/v2\/categories?post=35190"},{"taxonomy":"post_tag","embeddable":true,"href":"https:\/\/www.visit-ulcinj.com\/blog\/wp-json\/wp\/v2\/tags?post=35190"}],"curies":[{"name":"wp","href":"https:\/\/api.w.org\/{rel}","templated":true}]}}