{"id":35199,"date":"2010-07-06T16:40:25","date_gmt":"2010-07-06T14:40:25","guid":{"rendered":"http:\/\/www.visit-ulcinj.com\/blog\/?p=35199"},"modified":"2010-07-06T16:40:25","modified_gmt":"2010-07-06T14:40:25","slug":"hajdinaga-shtetasit-e-kosoves-mund-te-hyjne-ne-mal-te-zi-edhe-pa-pasaporte","status":"publish","type":"post","link":"https:\/\/www.visit-ulcinj.com\/blog\/2010\/07\/06\/hajdinaga-shtetasit-e-kosoves-mund-te-hyjne-ne-mal-te-zi-edhe-pa-pasaporte\/","title":{"rendered":"Hajdinaga: Shtetasit e Kosov\u00ebs mund t\u00eb hyjn\u00eb n\u00eb Mal t\u00eb Zi edhe pa pasaport\u00eb"},"content":{"rendered":"<p><img loading=\"lazy\" class=\"alignleft\" title=\"Gezim Hajdinaga_Ulqin\" src=\"http:\/\/www.visit-ulcinj.com\/blog\/wp-content\/uploads\/2010\/06\/gzim-hajdinaga.jpg\" alt=\"\" width=\"490\" height=\"380\" \/>Shtetasit e Kosov\u00ebs mund t\u00eb hyjn\u00eb n\u00eb Mal t\u00eb Zi edhe pa pasaport\u00eb. Mjafton let\u00ebrnjoftimi, q\u00eb t\u00eb mund t\u00eb kap\u00ebrcejn\u00eb kufirin n\u00eb vendkalimet legale midis dy vendeve. Mir\u00ebpo, udh\u00ebtar\u00ebve q\u00eb posedojn\u00eb let\u00ebrnjoftime apo dokumente udh\u00ebtimi t\u00eb UNMIK-ut nuk do t&#8217;u lejohet hyrja n\u00eb Mal t\u00eb Zi p\u00ebrmes pikave doganore. Kufiri me Malin e Zi mund t\u00eb kalohet vet\u00ebm me dokumente t\u00eb Republik\u00ebs s\u00eb Kosov\u00ebs. Let\u00ebrnjoftimet dhe pasaportat e koh\u00ebs s\u00eb UNMIK-ut jan\u00eb shpallur t\u00eb pavlefshme dhe nuk mund t\u00eb kalohet me to. Kryetari i Komun\u00ebs se Ulqinit, G\u00ebzim Hajdinaga, ka porositur kosovar\u00ebt q\u00eb t\u00eb ken\u00eb dokumente t\u00eb Kosov\u00ebs, kur vendosin p\u00ebr t\u00eb kaluar pushimet n\u00eb Mal t\u00eb Zi. Ai ka shpjeguar se kjo \u00ebsht\u00eb nj\u00eb marr\u00ebveshje e Malit t\u00eb Zi me Qeverin\u00eb e Kosov\u00ebs. &#8220;Qeveria e Kosov\u00ebs ka k\u00ebrkuar nga Mali i Zi q\u00eb t\u00eb mos lejohen ata qytetar\u00eb q\u00eb kan\u00eb dokumente t\u00eb UNMIK-ut&#8221;, ka th\u00ebn\u00eb Hajdinaga.<br \/>\n<!--YouTube Error: bad URL entered--><\/p>\n","protected":false},"excerpt":{"rendered":"<p>Shtetasit e Kosov\u00ebs mund t\u00eb hyjn\u00eb n\u00eb Mal t\u00eb Zi edhe pa pasaport\u00eb. Mjafton let\u00ebrnjoftimi, q\u00eb t\u00eb mund t\u00eb kap\u00ebrcejn\u00eb kufirin n\u00eb vendkalimet legale midis dy vendeve. Mir\u00ebpo, udh\u00ebtar\u00ebve q\u00eb posedojn\u00eb let\u00ebrnjoftime apo dokumente udh\u00ebtimi t\u00eb UNMIK-ut nuk do t&#8217;u lejohet hyrja n\u00eb Mal t\u00eb Zi p\u00ebrmes pikave doganore. Kufiri me Malin e Zi mund [&hellip;]<\/p>\n","protected":false},"author":1,"featured_media":0,"comment_status":"open","ping_status":"closed","sticky":false,"template":"","format":"standard","meta":{"spay_email":"","jetpack_publicize_message":"","jetpack_is_tweetstorm":false,"jetpack_publicize_feature_enabled":true},"categories":[14],"tags":[49,2611,14825,200,18],"jetpack_publicize_connections":[],"yoast_head":"<!-- This site is optimized with the Yoast SEO plugin v19.1 - https:\/\/yoast.com\/wordpress\/plugins\/seo\/ -->\n<title>Hajdinaga: Shtetasit e Kosov\u00ebs mund t\u00eb hyjn\u00eb n\u00eb Mal t\u00eb Zi edhe pa pasaport\u00eb - Lajme nga Ulqini<\/title>\n<meta name=\"description\" content=\"Shtetasit e Kosov\u00ebs mund t\u00eb hyjn\u00eb n\u00eb Mal t\u00eb Zi edhe pa pasaport\u00eb. Mjafton let\u00ebrnjoftimi, q\u00eb t\u00eb mund t\u00eb kap\u00ebrcejn\u00eb kufirin n\u00eb vendkalimet legale midis dy\" \/>\n<meta name=\"robots\" content=\"index, follow, max-snippet:-1, max-image-preview:large, max-video-preview:-1\" \/>\n<link rel=\"canonical\" href=\"https:\/\/www.visit-ulcinj.com\/blog\/2010\/07\/06\/hajdinaga-shtetasit-e-kosoves-mund-te-hyjne-ne-mal-te-zi-edhe-pa-pasaporte\/\" \/>\n<meta property=\"og:locale\" content=\"en_US\" \/>\n<meta property=\"og:type\" content=\"article\" \/>\n<meta property=\"og:title\" content=\"Hajdinaga: Shtetasit e Kosov\u00ebs mund t\u00eb hyjn\u00eb n\u00eb Mal t\u00eb Zi edhe pa pasaport\u00eb - Lajme nga Ulqini\" \/>\n<meta property=\"og:description\" content=\"Shtetasit e Kosov\u00ebs mund t\u00eb hyjn\u00eb n\u00eb Mal t\u00eb Zi edhe pa pasaport\u00eb. Mjafton let\u00ebrnjoftimi, q\u00eb t\u00eb mund t\u00eb kap\u00ebrcejn\u00eb kufirin n\u00eb vendkalimet legale midis dy\" \/>\n<meta property=\"og:url\" content=\"https:\/\/www.visit-ulcinj.com\/blog\/2010\/07\/06\/hajdinaga-shtetasit-e-kosoves-mund-te-hyjne-ne-mal-te-zi-edhe-pa-pasaporte\/\" \/>\n<meta property=\"og:site_name\" content=\"Lajme nga Ulqini\" \/>\n<meta property=\"article:published_time\" content=\"2010-07-06T14:40:25+00:00\" \/>\n<meta property=\"og:image\" content=\"http:\/\/www.visit-ulcinj.com\/blog\/wp-content\/uploads\/2010\/06\/gzim-hajdinaga.jpg\" \/>\n<meta name=\"twitter:label1\" content=\"Written by\" \/>\n\t<meta name=\"twitter:data1\" content=\"ulqini\" \/>\n\t<meta name=\"twitter:label2\" content=\"Est. reading time\" \/>\n\t<meta name=\"twitter:data2\" content=\"1 minute\" \/>\n<script type=\"application\/ld+json\" class=\"yoast-schema-graph\">{\"@context\":\"https:\/\/schema.org\",\"@graph\":[{\"@type\":\"WebSite\",\"@id\":\"https:\/\/www.visit-ulcinj.com\/blog\/#website\",\"url\":\"https:\/\/www.visit-ulcinj.com\/blog\/\",\"name\":\"Lajme nga Ulqini\",\"description\":\"Lajme,Vijesti,Ulqini,Ulqin,Crna Gora,Mali i Zi\",\"potentialAction\":[{\"@type\":\"SearchAction\",\"target\":{\"@type\":\"EntryPoint\",\"urlTemplate\":\"https:\/\/www.visit-ulcinj.com\/blog\/?s={search_term_string}\"},\"query-input\":\"required name=search_term_string\"}],\"inLanguage\":\"en-US\"},{\"@type\":\"ImageObject\",\"inLanguage\":\"en-US\",\"@id\":\"https:\/\/www.visit-ulcinj.com\/blog\/2010\/07\/06\/hajdinaga-shtetasit-e-kosoves-mund-te-hyjne-ne-mal-te-zi-edhe-pa-pasaporte\/#primaryimage\",\"url\":\"https:\/\/www.visit-ulcinj.com\/blog\/wp-content\/uploads\/2010\/06\/gzim-hajdinaga.jpg\",\"contentUrl\":\"https:\/\/www.visit-ulcinj.com\/blog\/wp-content\/uploads\/2010\/06\/gzim-hajdinaga.jpg\",\"width\":\"800\",\"height\":\"533\"},{\"@type\":\"WebPage\",\"@id\":\"https:\/\/www.visit-ulcinj.com\/blog\/2010\/07\/06\/hajdinaga-shtetasit-e-kosoves-mund-te-hyjne-ne-mal-te-zi-edhe-pa-pasaporte\/#webpage\",\"url\":\"https:\/\/www.visit-ulcinj.com\/blog\/2010\/07\/06\/hajdinaga-shtetasit-e-kosoves-mund-te-hyjne-ne-mal-te-zi-edhe-pa-pasaporte\/\",\"name\":\"Hajdinaga: Shtetasit e Kosov\u00ebs mund t\u00eb hyjn\u00eb n\u00eb Mal t\u00eb Zi edhe pa pasaport\u00eb - Lajme nga Ulqini\",\"isPartOf\":{\"@id\":\"https:\/\/www.visit-ulcinj.com\/blog\/#website\"},\"primaryImageOfPage\":{\"@id\":\"https:\/\/www.visit-ulcinj.com\/blog\/2010\/07\/06\/hajdinaga-shtetasit-e-kosoves-mund-te-hyjne-ne-mal-te-zi-edhe-pa-pasaporte\/#primaryimage\"},\"datePublished\":\"2010-07-06T14:40:25+00:00\",\"dateModified\":\"2010-07-06T14:40:25+00:00\",\"author\":{\"@id\":\"https:\/\/www.visit-ulcinj.com\/blog\/#\/schema\/person\/dcab619c614d3038751c63bc2aadc06d\"},\"description\":\"Shtetasit e Kosov\u00ebs mund t\u00eb hyjn\u00eb n\u00eb Mal t\u00eb Zi edhe pa pasaport\u00eb. Mjafton let\u00ebrnjoftimi, q\u00eb t\u00eb mund t\u00eb kap\u00ebrcejn\u00eb kufirin n\u00eb vendkalimet legale midis dy\",\"breadcrumb\":{\"@id\":\"https:\/\/www.visit-ulcinj.com\/blog\/2010\/07\/06\/hajdinaga-shtetasit-e-kosoves-mund-te-hyjne-ne-mal-te-zi-edhe-pa-pasaporte\/#breadcrumb\"},\"inLanguage\":\"en-US\",\"potentialAction\":[{\"@type\":\"ReadAction\",\"target\":[\"https:\/\/www.visit-ulcinj.com\/blog\/2010\/07\/06\/hajdinaga-shtetasit-e-kosoves-mund-te-hyjne-ne-mal-te-zi-edhe-pa-pasaporte\/\"]}]},{\"@type\":\"BreadcrumbList\",\"@id\":\"https:\/\/www.visit-ulcinj.com\/blog\/2010\/07\/06\/hajdinaga-shtetasit-e-kosoves-mund-te-hyjne-ne-mal-te-zi-edhe-pa-pasaporte\/#breadcrumb\",\"itemListElement\":[{\"@type\":\"ListItem\",\"position\":1,\"name\":\"Hajdinaga: Shtetasit e Kosov\u00ebs mund t\u00eb hyjn\u00eb n\u00eb Mal t\u00eb Zi edhe pa pasaport\u00eb\"}]},{\"@type\":\"Person\",\"@id\":\"https:\/\/www.visit-ulcinj.com\/blog\/#\/schema\/person\/dcab619c614d3038751c63bc2aadc06d\",\"name\":\"ulqini\",\"sameAs\":[\"http:\/\/www.visit-ulcinj.com\"],\"url\":\"https:\/\/www.visit-ulcinj.com\/blog\/author\/admin\/\"}]}<\/script>\n<!-- \/ Yoast SEO plugin. -->","yoast_head_json":{"title":"Hajdinaga: Shtetasit e Kosov\u00ebs mund t\u00eb hyjn\u00eb n\u00eb Mal t\u00eb Zi edhe pa pasaport\u00eb - Lajme nga Ulqini","description":"Shtetasit e Kosov\u00ebs mund t\u00eb hyjn\u00eb n\u00eb Mal t\u00eb Zi edhe pa pasaport\u00eb. Mjafton let\u00ebrnjoftimi, q\u00eb t\u00eb mund t\u00eb kap\u00ebrcejn\u00eb kufirin n\u00eb vendkalimet legale midis dy","robots":{"index":"index","follow":"follow","max-snippet":"max-snippet:-1","max-image-preview":"max-image-preview:large","max-video-preview":"max-video-preview:-1"},"canonical":"https:\/\/www.visit-ulcinj.com\/blog\/2010\/07\/06\/hajdinaga-shtetasit-e-kosoves-mund-te-hyjne-ne-mal-te-zi-edhe-pa-pasaporte\/","og_locale":"en_US","og_type":"article","og_title":"Hajdinaga: Shtetasit e Kosov\u00ebs mund t\u00eb hyjn\u00eb n\u00eb Mal t\u00eb Zi edhe pa pasaport\u00eb - Lajme nga Ulqini","og_description":"Shtetasit e Kosov\u00ebs mund t\u00eb hyjn\u00eb n\u00eb Mal t\u00eb Zi edhe pa pasaport\u00eb. Mjafton let\u00ebrnjoftimi, q\u00eb t\u00eb mund t\u00eb kap\u00ebrcejn\u00eb kufirin n\u00eb vendkalimet legale midis dy","og_url":"https:\/\/www.visit-ulcinj.com\/blog\/2010\/07\/06\/hajdinaga-shtetasit-e-kosoves-mund-te-hyjne-ne-mal-te-zi-edhe-pa-pasaporte\/","og_site_name":"Lajme nga Ulqini","article_published_time":"2010-07-06T14:40:25+00:00","og_image":[{"url":"http:\/\/www.visit-ulcinj.com\/blog\/wp-content\/uploads\/2010\/06\/gzim-hajdinaga.jpg"}],"twitter_misc":{"Written by":"ulqini","Est. reading time":"1 minute"},"schema":{"@context":"https:\/\/schema.org","@graph":[{"@type":"WebSite","@id":"https:\/\/www.visit-ulcinj.com\/blog\/#website","url":"https:\/\/www.visit-ulcinj.com\/blog\/","name":"Lajme nga Ulqini","description":"Lajme,Vijesti,Ulqini,Ulqin,Crna Gora,Mali i Zi","potentialAction":[{"@type":"SearchAction","target":{"@type":"EntryPoint","urlTemplate":"https:\/\/www.visit-ulcinj.com\/blog\/?s={search_term_string}"},"query-input":"required name=search_term_string"}],"inLanguage":"en-US"},{"@type":"ImageObject","inLanguage":"en-US","@id":"https:\/\/www.visit-ulcinj.com\/blog\/2010\/07\/06\/hajdinaga-shtetasit-e-kosoves-mund-te-hyjne-ne-mal-te-zi-edhe-pa-pasaporte\/#primaryimage","url":"https:\/\/www.visit-ulcinj.com\/blog\/wp-content\/uploads\/2010\/06\/gzim-hajdinaga.jpg","contentUrl":"https:\/\/www.visit-ulcinj.com\/blog\/wp-content\/uploads\/2010\/06\/gzim-hajdinaga.jpg","width":"800","height":"533"},{"@type":"WebPage","@id":"https:\/\/www.visit-ulcinj.com\/blog\/2010\/07\/06\/hajdinaga-shtetasit-e-kosoves-mund-te-hyjne-ne-mal-te-zi-edhe-pa-pasaporte\/#webpage","url":"https:\/\/www.visit-ulcinj.com\/blog\/2010\/07\/06\/hajdinaga-shtetasit-e-kosoves-mund-te-hyjne-ne-mal-te-zi-edhe-pa-pasaporte\/","name":"Hajdinaga: Shtetasit e Kosov\u00ebs mund t\u00eb hyjn\u00eb n\u00eb Mal t\u00eb Zi edhe pa pasaport\u00eb - Lajme nga Ulqini","isPartOf":{"@id":"https:\/\/www.visit-ulcinj.com\/blog\/#website"},"primaryImageOfPage":{"@id":"https:\/\/www.visit-ulcinj.com\/blog\/2010\/07\/06\/hajdinaga-shtetasit-e-kosoves-mund-te-hyjne-ne-mal-te-zi-edhe-pa-pasaporte\/#primaryimage"},"datePublished":"2010-07-06T14:40:25+00:00","dateModified":"2010-07-06T14:40:25+00:00","author":{"@id":"https:\/\/www.visit-ulcinj.com\/blog\/#\/schema\/person\/dcab619c614d3038751c63bc2aadc06d"},"description":"Shtetasit e Kosov\u00ebs mund t\u00eb hyjn\u00eb n\u00eb Mal t\u00eb Zi edhe pa pasaport\u00eb. Mjafton let\u00ebrnjoftimi, q\u00eb t\u00eb mund t\u00eb kap\u00ebrcejn\u00eb kufirin n\u00eb vendkalimet legale midis dy","breadcrumb":{"@id":"https:\/\/www.visit-ulcinj.com\/blog\/2010\/07\/06\/hajdinaga-shtetasit-e-kosoves-mund-te-hyjne-ne-mal-te-zi-edhe-pa-pasaporte\/#breadcrumb"},"inLanguage":"en-US","potentialAction":[{"@type":"ReadAction","target":["https:\/\/www.visit-ulcinj.com\/blog\/2010\/07\/06\/hajdinaga-shtetasit-e-kosoves-mund-te-hyjne-ne-mal-te-zi-edhe-pa-pasaporte\/"]}]},{"@type":"BreadcrumbList","@id":"https:\/\/www.visit-ulcinj.com\/blog\/2010\/07\/06\/hajdinaga-shtetasit-e-kosoves-mund-te-hyjne-ne-mal-te-zi-edhe-pa-pasaporte\/#breadcrumb","itemListElement":[{"@type":"ListItem","position":1,"name":"Hajdinaga: Shtetasit e Kosov\u00ebs mund t\u00eb hyjn\u00eb n\u00eb Mal t\u00eb Zi edhe pa pasaport\u00eb"}]},{"@type":"Person","@id":"https:\/\/www.visit-ulcinj.com\/blog\/#\/schema\/person\/dcab619c614d3038751c63bc2aadc06d","name":"ulqini","sameAs":["http:\/\/www.visit-ulcinj.com"],"url":"https:\/\/www.visit-ulcinj.com\/blog\/author\/admin\/"}]}},"jetpack_featured_media_url":"","jetpack_sharing_enabled":true,"jetpack_shortlink":"https:\/\/wp.me\/pe6lTn-99J","_links":{"self":[{"href":"https:\/\/www.visit-ulcinj.com\/blog\/wp-json\/wp\/v2\/posts\/35199"}],"collection":[{"href":"https:\/\/www.visit-ulcinj.com\/blog\/wp-json\/wp\/v2\/posts"}],"about":[{"href":"https:\/\/www.visit-ulcinj.com\/blog\/wp-json\/wp\/v2\/types\/post"}],"author":[{"embeddable":true,"href":"https:\/\/www.visit-ulcinj.com\/blog\/wp-json\/wp\/v2\/users\/1"}],"replies":[{"embeddable":true,"href":"https:\/\/www.visit-ulcinj.com\/blog\/wp-json\/wp\/v2\/comments?post=35199"}],"version-history":[{"count":0,"href":"https:\/\/www.visit-ulcinj.com\/blog\/wp-json\/wp\/v2\/posts\/35199\/revisions"}],"wp:attachment":[{"href":"https:\/\/www.visit-ulcinj.com\/blog\/wp-json\/wp\/v2\/media?parent=35199"}],"wp:term":[{"taxonomy":"category","embeddable":true,"href":"https:\/\/www.visit-ulcinj.com\/blog\/wp-json\/wp\/v2\/categories?post=35199"},{"taxonomy":"post_tag","embeddable":true,"href":"https:\/\/www.visit-ulcinj.com\/blog\/wp-json\/wp\/v2\/tags?post=35199"}],"curies":[{"name":"wp","href":"https:\/\/api.w.org\/{rel}","templated":true}]}}