{"id":352,"date":"2008-01-31T00:02:00","date_gmt":"2008-01-31T05:02:00","guid":{"rendered":"http:\/\/www.visit-ulcinj.com\/blog\/2008\/01\/31\/rrenohen-objektet-pa-leje-ne-kruc-te-ulqinit\/"},"modified":"2008-02-12T20:21:07","modified_gmt":"2008-02-13T01:21:07","slug":"rrenohen-objektet-pa-leje-ne-kruc-te-ulqinit","status":"publish","type":"post","link":"https:\/\/www.visit-ulcinj.com\/blog\/2008\/01\/31\/rrenohen-objektet-pa-leje-ne-kruc-te-ulqinit\/","title":{"rendered":"Rr\u00ebnohen objektet pa leje n\u00eb Kru\u00e7 t\u00eb Ulqinit"},"content":{"rendered":"<p><img loading=\"lazy\" src=\"http:\/\/8e.img.v4.skyrock.com\/8e7\/ulqini\/pics\/806958471.jpg\" align=\"left\" height=\"163\" width=\"247\" \/>Q\u00eb nga data 1 janar n\u00eb mbar\u00eb territorin e Komun\u00ebs s\u00eb Ulqinit, ka filluar aksioni gjith\u00ebp\u00ebrfshir\u00ebs kund\u00ebr nd\u00ebrtimeve t\u00eb jasht\u00ebligjshme.<br \/>\nNd\u00ebrkaq i pari i Ulqinit G\u00ebzim Hajdinaga ka paralajm\u00ebruar qytetar\u00ebt t\u00eb ndalojn\u00eb punimet sepse s\u00eb shpejti do ta ken\u00eb planin detal urbanistik q\u00eb do t&#8217;iu mund\u00ebsoj nd\u00ebrtime ligjore.<br \/>\nMenj\u00ebher\u00eb pas k\u00ebtij vendimi n\u00eb teren kan\u00eb dal\u00eb<!--more--> inspeksionet e nd\u00ebrtimtaris\u00eb republikane nga Podgorica t\u00eb cil\u00ebt kan\u00eb evidentuar shkeljet e vendimit ne shtat\u00eb lokacione shpijash n\u00eb Kru\u00e7 t\u00eb Ulqinit, nd\u00ebrkoh\u00eb q\u00eb edhe n\u00eb ueb-faqen e komun\u00ebs s\u00eb Ulqinit jan\u00eb publikuar emrat e pronar\u00ebve t\u00eb objekteve q\u00eb nuk e kan\u00eb zbatuar k\u00ebt\u00eb vendim.<br \/>\nInspekcionet e nd\u00ebrtimtaris\u00eb n\u00eb shoq\u00ebrim t\u00eb policis\u00eb, ndihm\u00ebs , dhe organeve tjera p\u00ebrkat\u00ebse kan\u00eb filluar t\u00eb markuren me rr\u00ebnimin e objekteve \u201ct\u00eb egra\u201d Kru\u00e7 t\u00eb Ulqinit.<br \/>\nDisa gra nga lagj\u00ebja e Kru\u00e7it deklaruan &#8220;kjo gj\u00eb nuk \u00ebsht\u00eb e drejt\u00eb q\u00eb rr\u00ebnohet e sht\u00ebpija ime, se ka dekada q\u00eb presim planet urbanistike dhe nuk i kemi, un\u00eb kam k\u00ebrkuar leje nga komuna por kot&#8221;.<\/p>\n","protected":false},"excerpt":{"rendered":"<p><img loading=\"lazy\" src=\"http:\/\/8e.img.v4.skyrock.com\/8e7\/ulqini\/pics\/806958471.jpg\" height=\"140\" width=\"140\" \/><\/p>\n","protected":false},"author":1,"featured_media":0,"comment_status":"open","ping_status":"closed","sticky":false,"template":"","format":"standard","meta":{"spay_email":"","jetpack_publicize_message":"","jetpack_is_tweetstorm":false,"jetpack_publicize_feature_enabled":true},"categories":[1],"tags":[],"jetpack_publicize_connections":[],"yoast_head":"<!-- This site is optimized with the Yoast SEO plugin v19.1 - https:\/\/yoast.com\/wordpress\/plugins\/seo\/ -->\n<title>Rr\u00ebnohen objektet pa leje n\u00eb Kru\u00e7 t\u00eb Ulqinit - Lajme nga Ulqini<\/title>\n<meta name=\"robots\" content=\"index, follow, max-snippet:-1, max-image-preview:large, max-video-preview:-1\" \/>\n<link rel=\"canonical\" href=\"https:\/\/www.visit-ulcinj.com\/blog\/2008\/01\/31\/rrenohen-objektet-pa-leje-ne-kruc-te-ulqinit\/\" \/>\n<meta property=\"og:locale\" content=\"en_US\" \/>\n<meta property=\"og:type\" content=\"article\" \/>\n<meta property=\"og:title\" content=\"Rr\u00ebnohen objektet pa leje n\u00eb Kru\u00e7 t\u00eb Ulqinit - Lajme nga Ulqini\" \/>\n<meta property=\"og:url\" content=\"https:\/\/www.visit-ulcinj.com\/blog\/2008\/01\/31\/rrenohen-objektet-pa-leje-ne-kruc-te-ulqinit\/\" \/>\n<meta property=\"og:site_name\" content=\"Lajme nga Ulqini\" \/>\n<meta property=\"article:published_time\" content=\"2008-01-31T05:02:00+00:00\" \/>\n<meta property=\"article:modified_time\" content=\"2008-02-13T01:21:07+00:00\" \/>\n<meta property=\"og:image\" content=\"http:\/\/8e.img.v4.skyrock.com\/8e7\/ulqini\/pics\/806958471.jpg\" \/>\n<meta name=\"twitter:label1\" content=\"Written by\" \/>\n\t<meta name=\"twitter:data1\" content=\"ulqini\" \/>\n\t<meta name=\"twitter:label2\" content=\"Est. reading time\" \/>\n\t<meta name=\"twitter:data2\" content=\"1 minute\" \/>\n<script type=\"application\/ld+json\" class=\"yoast-schema-graph\">{\"@context\":\"https:\/\/schema.org\",\"@graph\":[{\"@type\":\"WebSite\",\"@id\":\"https:\/\/www.visit-ulcinj.com\/blog\/#website\",\"url\":\"https:\/\/www.visit-ulcinj.com\/blog\/\",\"name\":\"Lajme nga Ulqini\",\"description\":\"Lajme,Vijesti,Ulqini,Ulqin,Crna Gora,Mali i Zi\",\"potentialAction\":[{\"@type\":\"SearchAction\",\"target\":{\"@type\":\"EntryPoint\",\"urlTemplate\":\"https:\/\/www.visit-ulcinj.com\/blog\/?s={search_term_string}\"},\"query-input\":\"required name=search_term_string\"}],\"inLanguage\":\"en-US\"},{\"@type\":\"ImageObject\",\"inLanguage\":\"en-US\",\"@id\":\"https:\/\/www.visit-ulcinj.com\/blog\/2008\/01\/31\/rrenohen-objektet-pa-leje-ne-kruc-te-ulqinit\/#primaryimage\",\"url\":\"http:\/\/8e.img.v4.skyrock.com\/8e7\/ulqini\/pics\/806958471.jpg\",\"contentUrl\":\"http:\/\/8e.img.v4.skyrock.com\/8e7\/ulqini\/pics\/806958471.jpg\"},{\"@type\":\"WebPage\",\"@id\":\"https:\/\/www.visit-ulcinj.com\/blog\/2008\/01\/31\/rrenohen-objektet-pa-leje-ne-kruc-te-ulqinit\/#webpage\",\"url\":\"https:\/\/www.visit-ulcinj.com\/blog\/2008\/01\/31\/rrenohen-objektet-pa-leje-ne-kruc-te-ulqinit\/\",\"name\":\"Rr\u00ebnohen objektet pa leje n\u00eb Kru\u00e7 t\u00eb Ulqinit - Lajme nga Ulqini\",\"isPartOf\":{\"@id\":\"https:\/\/www.visit-ulcinj.com\/blog\/#website\"},\"primaryImageOfPage\":{\"@id\":\"https:\/\/www.visit-ulcinj.com\/blog\/2008\/01\/31\/rrenohen-objektet-pa-leje-ne-kruc-te-ulqinit\/#primaryimage\"},\"datePublished\":\"2008-01-31T05:02:00+00:00\",\"dateModified\":\"2008-02-13T01:21:07+00:00\",\"author\":{\"@id\":\"https:\/\/www.visit-ulcinj.com\/blog\/#\/schema\/person\/dcab619c614d3038751c63bc2aadc06d\"},\"breadcrumb\":{\"@id\":\"https:\/\/www.visit-ulcinj.com\/blog\/2008\/01\/31\/rrenohen-objektet-pa-leje-ne-kruc-te-ulqinit\/#breadcrumb\"},\"inLanguage\":\"en-US\",\"potentialAction\":[{\"@type\":\"ReadAction\",\"target\":[\"https:\/\/www.visit-ulcinj.com\/blog\/2008\/01\/31\/rrenohen-objektet-pa-leje-ne-kruc-te-ulqinit\/\"]}]},{\"@type\":\"BreadcrumbList\",\"@id\":\"https:\/\/www.visit-ulcinj.com\/blog\/2008\/01\/31\/rrenohen-objektet-pa-leje-ne-kruc-te-ulqinit\/#breadcrumb\",\"itemListElement\":[{\"@type\":\"ListItem\",\"position\":1,\"name\":\"Rr\u00ebnohen objektet pa leje n\u00eb Kru\u00e7 t\u00eb Ulqinit\"}]},{\"@type\":\"Person\",\"@id\":\"https:\/\/www.visit-ulcinj.com\/blog\/#\/schema\/person\/dcab619c614d3038751c63bc2aadc06d\",\"name\":\"ulqini\",\"sameAs\":[\"http:\/\/www.visit-ulcinj.com\"],\"url\":\"https:\/\/www.visit-ulcinj.com\/blog\/author\/admin\/\"}]}<\/script>\n<!-- \/ Yoast SEO plugin. -->","yoast_head_json":{"title":"Rr\u00ebnohen objektet pa leje n\u00eb Kru\u00e7 t\u00eb Ulqinit - Lajme nga Ulqini","robots":{"index":"index","follow":"follow","max-snippet":"max-snippet:-1","max-image-preview":"max-image-preview:large","max-video-preview":"max-video-preview:-1"},"canonical":"https:\/\/www.visit-ulcinj.com\/blog\/2008\/01\/31\/rrenohen-objektet-pa-leje-ne-kruc-te-ulqinit\/","og_locale":"en_US","og_type":"article","og_title":"Rr\u00ebnohen objektet pa leje n\u00eb Kru\u00e7 t\u00eb Ulqinit - Lajme nga Ulqini","og_url":"https:\/\/www.visit-ulcinj.com\/blog\/2008\/01\/31\/rrenohen-objektet-pa-leje-ne-kruc-te-ulqinit\/","og_site_name":"Lajme nga Ulqini","article_published_time":"2008-01-31T05:02:00+00:00","article_modified_time":"2008-02-13T01:21:07+00:00","og_image":[{"url":"http:\/\/8e.img.v4.skyrock.com\/8e7\/ulqini\/pics\/806958471.jpg"}],"twitter_misc":{"Written by":"ulqini","Est. reading time":"1 minute"},"schema":{"@context":"https:\/\/schema.org","@graph":[{"@type":"WebSite","@id":"https:\/\/www.visit-ulcinj.com\/blog\/#website","url":"https:\/\/www.visit-ulcinj.com\/blog\/","name":"Lajme nga Ulqini","description":"Lajme,Vijesti,Ulqini,Ulqin,Crna Gora,Mali i Zi","potentialAction":[{"@type":"SearchAction","target":{"@type":"EntryPoint","urlTemplate":"https:\/\/www.visit-ulcinj.com\/blog\/?s={search_term_string}"},"query-input":"required name=search_term_string"}],"inLanguage":"en-US"},{"@type":"ImageObject","inLanguage":"en-US","@id":"https:\/\/www.visit-ulcinj.com\/blog\/2008\/01\/31\/rrenohen-objektet-pa-leje-ne-kruc-te-ulqinit\/#primaryimage","url":"http:\/\/8e.img.v4.skyrock.com\/8e7\/ulqini\/pics\/806958471.jpg","contentUrl":"http:\/\/8e.img.v4.skyrock.com\/8e7\/ulqini\/pics\/806958471.jpg"},{"@type":"WebPage","@id":"https:\/\/www.visit-ulcinj.com\/blog\/2008\/01\/31\/rrenohen-objektet-pa-leje-ne-kruc-te-ulqinit\/#webpage","url":"https:\/\/www.visit-ulcinj.com\/blog\/2008\/01\/31\/rrenohen-objektet-pa-leje-ne-kruc-te-ulqinit\/","name":"Rr\u00ebnohen objektet pa leje n\u00eb Kru\u00e7 t\u00eb Ulqinit - Lajme nga Ulqini","isPartOf":{"@id":"https:\/\/www.visit-ulcinj.com\/blog\/#website"},"primaryImageOfPage":{"@id":"https:\/\/www.visit-ulcinj.com\/blog\/2008\/01\/31\/rrenohen-objektet-pa-leje-ne-kruc-te-ulqinit\/#primaryimage"},"datePublished":"2008-01-31T05:02:00+00:00","dateModified":"2008-02-13T01:21:07+00:00","author":{"@id":"https:\/\/www.visit-ulcinj.com\/blog\/#\/schema\/person\/dcab619c614d3038751c63bc2aadc06d"},"breadcrumb":{"@id":"https:\/\/www.visit-ulcinj.com\/blog\/2008\/01\/31\/rrenohen-objektet-pa-leje-ne-kruc-te-ulqinit\/#breadcrumb"},"inLanguage":"en-US","potentialAction":[{"@type":"ReadAction","target":["https:\/\/www.visit-ulcinj.com\/blog\/2008\/01\/31\/rrenohen-objektet-pa-leje-ne-kruc-te-ulqinit\/"]}]},{"@type":"BreadcrumbList","@id":"https:\/\/www.visit-ulcinj.com\/blog\/2008\/01\/31\/rrenohen-objektet-pa-leje-ne-kruc-te-ulqinit\/#breadcrumb","itemListElement":[{"@type":"ListItem","position":1,"name":"Rr\u00ebnohen objektet pa leje n\u00eb Kru\u00e7 t\u00eb Ulqinit"}]},{"@type":"Person","@id":"https:\/\/www.visit-ulcinj.com\/blog\/#\/schema\/person\/dcab619c614d3038751c63bc2aadc06d","name":"ulqini","sameAs":["http:\/\/www.visit-ulcinj.com"],"url":"https:\/\/www.visit-ulcinj.com\/blog\/author\/admin\/"}]}},"jetpack_featured_media_url":"","jetpack_sharing_enabled":true,"jetpack_shortlink":"https:\/\/wp.me\/pe6lTn-5G","_links":{"self":[{"href":"https:\/\/www.visit-ulcinj.com\/blog\/wp-json\/wp\/v2\/posts\/352"}],"collection":[{"href":"https:\/\/www.visit-ulcinj.com\/blog\/wp-json\/wp\/v2\/posts"}],"about":[{"href":"https:\/\/www.visit-ulcinj.com\/blog\/wp-json\/wp\/v2\/types\/post"}],"author":[{"embeddable":true,"href":"https:\/\/www.visit-ulcinj.com\/blog\/wp-json\/wp\/v2\/users\/1"}],"replies":[{"embeddable":true,"href":"https:\/\/www.visit-ulcinj.com\/blog\/wp-json\/wp\/v2\/comments?post=352"}],"version-history":[{"count":0,"href":"https:\/\/www.visit-ulcinj.com\/blog\/wp-json\/wp\/v2\/posts\/352\/revisions"}],"wp:attachment":[{"href":"https:\/\/www.visit-ulcinj.com\/blog\/wp-json\/wp\/v2\/media?parent=352"}],"wp:term":[{"taxonomy":"category","embeddable":true,"href":"https:\/\/www.visit-ulcinj.com\/blog\/wp-json\/wp\/v2\/categories?post=352"},{"taxonomy":"post_tag","embeddable":true,"href":"https:\/\/www.visit-ulcinj.com\/blog\/wp-json\/wp\/v2\/tags?post=352"}],"curies":[{"name":"wp","href":"https:\/\/api.w.org\/{rel}","templated":true}]}}