{"id":35202,"date":"2010-07-06T17:03:40","date_gmt":"2010-07-06T15:03:40","guid":{"rendered":"http:\/\/www.visit-ulcinj.com\/blog\/?p=35202"},"modified":"2010-07-07T22:01:33","modified_gmt":"2010-07-07T20:01:33","slug":"promovimi-i-ofertes-turistike-te-malit-te-zi-ne-tiran","status":"publish","type":"post","link":"https:\/\/www.visit-ulcinj.com\/blog\/2010\/07\/06\/promovimi-i-ofertes-turistike-te-malit-te-zi-ne-tiran\/","title":{"rendered":"Promovimi i ofert\u00ebs turistike t\u00eb Malit t\u00eb Zi n\u00eb Tiran"},"content":{"rendered":"<p><a href=\"http:\/\/www.visit-ulcinj.com\/blog\/wp-content\/uploads\/2010\/07\/Promovimi-i-ofert\u00ebs-turistike-t\u00eb-Malit-t\u00eb-Zi-n\u00eb-Tiran.jpg\"><img loading=\"lazy\" class=\"alignleft size-full wp-image-35203\" title=\"Promovimi i ofert\u00ebs turistike t\u00eb Malit t\u00eb Zi n\u00eb Tiran\" src=\"http:\/\/www.visit-ulcinj.com\/blog\/wp-content\/uploads\/2010\/07\/Promovimi-i-ofert\u00ebs-turistike-t\u00eb-Malit-t\u00eb-Zi-n\u00eb-Tiran.jpg\" alt=\"Promovimi i ofert\u00ebs turistike t\u00eb Malit t\u00eb Zi n\u00eb Tiran\" width=\"490\" height=\"312\" \/><\/a>Sot n\u00eb qend\u00ebr t\u00eb Tiran\u00ebs, n\u00eb organizim t\u00eb Organizat\u00ebs Nacionale Turistike dhe Komun\u00ebs s\u00eb Ulqinit, u b\u00eb promovimi i ofert\u00ebs turistike t\u00eb Malit t\u00eb Zi, me theks t\u00eb ve\u00e7ant\u00eb i bregdetit t\u00eb Ulqinit.<br \/>\nMe k\u00ebt\u00eb rast u hodh n\u00eb qarkullim nj\u00eb num\u00ebr i madh i materialeve propaganduese nd\u00ebrkoh\u00eb q\u00eb kryetari Komun\u00ebs s\u00eb Ulqinit dhe z. Ali Rexha, drejtor i Organizat\u00ebs turistike pat\u00ebn nj\u00eb s\u00ebr\u00eb takimesh me zyrtar\u00eb t\u00eb atjesh\u00ebm si dhe u prononcuan p\u00ebr nj\u00eb num\u00ebr t\u00eb madh t\u00eb medijave t\u00eb shkruara dhe elektronike.<br \/>\nGjithnj\u00eb kur jemi tek prezantimi i ofert\u00ebs turistike t\u00eb shtojm\u00eb se ne dit\u00ebt n\u00eb vijim n\u00eb Ulqin do t\u00eb mb\u00ebrrijn\u00eb disa ekipe televizive t\u00eb cil\u00ebt do t\u00eb p\u00ebrgatisin kronika dhe raporte nga terreni.<\/p>\n<p><strong>Municipality of Ulcinj \/ Ulqin<br \/>\nArsllan Hajdinaga<br \/>\n<!--YouTube Error: bad URL entered--><\/strong><\/p>\n","protected":false},"excerpt":{"rendered":"<p>Sot n\u00eb qend\u00ebr t\u00eb Tiran\u00ebs, n\u00eb organizim t\u00eb Organizat\u00ebs Nacionale Turistike dhe Komun\u00ebs s\u00eb Ulqinit, u b\u00eb promovimi i ofert\u00ebs turistike t\u00eb Malit t\u00eb Zi, me theks t\u00eb ve\u00e7ant\u00eb i bregdetit t\u00eb Ulqinit. Me k\u00ebt\u00eb rast u hodh n\u00eb qarkullim nj\u00eb num\u00ebr i madh i materialeve propaganduese nd\u00ebrkoh\u00eb q\u00eb kryetari Komun\u00ebs s\u00eb Ulqinit dhe z. [&hellip;]<\/p>\n","protected":false},"author":1,"featured_media":0,"comment_status":"open","ping_status":"closed","sticky":false,"template":"","format":"standard","meta":{"spay_email":"","jetpack_publicize_message":"","jetpack_is_tweetstorm":false,"jetpack_publicize_feature_enabled":true},"categories":[10],"tags":[95,200,18],"jetpack_publicize_connections":[],"yoast_head":"<!-- This site is optimized with the Yoast SEO plugin v19.1 - https:\/\/yoast.com\/wordpress\/plugins\/seo\/ -->\n<title>Promovimi i ofert\u00ebs turistike t\u00eb Malit t\u00eb Zi n\u00eb Tiran - Lajme nga Ulqini<\/title>\n<meta name=\"description\" content=\"Sot n\u00eb qend\u00ebr t\u00eb Tiran\u00ebs, n\u00eb organizim t\u00eb Organizat\u00ebs Nacionale Turistike dhe Komun\u00ebs s\u00eb Ulqinit, u b\u00eb promovimi i ofert\u00ebs turistike t\u00eb Malit t\u00eb Zi, me\" \/>\n<meta name=\"robots\" content=\"index, follow, max-snippet:-1, max-image-preview:large, max-video-preview:-1\" \/>\n<link rel=\"canonical\" href=\"https:\/\/www.visit-ulcinj.com\/blog\/2010\/07\/06\/promovimi-i-ofertes-turistike-te-malit-te-zi-ne-tiran\/\" \/>\n<meta property=\"og:locale\" content=\"en_US\" \/>\n<meta property=\"og:type\" content=\"article\" \/>\n<meta property=\"og:title\" content=\"Promovimi i ofert\u00ebs turistike t\u00eb Malit t\u00eb Zi n\u00eb Tiran - Lajme nga Ulqini\" \/>\n<meta property=\"og:description\" content=\"Sot n\u00eb qend\u00ebr t\u00eb Tiran\u00ebs, n\u00eb organizim t\u00eb Organizat\u00ebs Nacionale Turistike dhe Komun\u00ebs s\u00eb Ulqinit, u b\u00eb promovimi i ofert\u00ebs turistike t\u00eb Malit t\u00eb Zi, me\" \/>\n<meta property=\"og:url\" content=\"https:\/\/www.visit-ulcinj.com\/blog\/2010\/07\/06\/promovimi-i-ofertes-turistike-te-malit-te-zi-ne-tiran\/\" \/>\n<meta property=\"og:site_name\" content=\"Lajme nga Ulqini\" \/>\n<meta property=\"article:published_time\" content=\"2010-07-06T15:03:40+00:00\" \/>\n<meta property=\"article:modified_time\" content=\"2010-07-07T20:01:33+00:00\" \/>\n<meta name=\"twitter:label1\" content=\"Written by\" \/>\n\t<meta name=\"twitter:data1\" content=\"ulqini\" \/>\n\t<meta name=\"twitter:label2\" content=\"Est. reading time\" \/>\n\t<meta name=\"twitter:data2\" content=\"1 minute\" \/>\n<script type=\"application\/ld+json\" class=\"yoast-schema-graph\">{\"@context\":\"https:\/\/schema.org\",\"@graph\":[{\"@type\":\"WebSite\",\"@id\":\"https:\/\/www.visit-ulcinj.com\/blog\/#website\",\"url\":\"https:\/\/www.visit-ulcinj.com\/blog\/\",\"name\":\"Lajme nga Ulqini\",\"description\":\"Lajme,Vijesti,Ulqini,Ulqin,Crna Gora,Mali i Zi\",\"potentialAction\":[{\"@type\":\"SearchAction\",\"target\":{\"@type\":\"EntryPoint\",\"urlTemplate\":\"https:\/\/www.visit-ulcinj.com\/blog\/?s={search_term_string}\"},\"query-input\":\"required name=search_term_string\"}],\"inLanguage\":\"en-US\"},{\"@type\":\"WebPage\",\"@id\":\"https:\/\/www.visit-ulcinj.com\/blog\/2010\/07\/06\/promovimi-i-ofertes-turistike-te-malit-te-zi-ne-tiran\/#webpage\",\"url\":\"https:\/\/www.visit-ulcinj.com\/blog\/2010\/07\/06\/promovimi-i-ofertes-turistike-te-malit-te-zi-ne-tiran\/\",\"name\":\"Promovimi i ofert\u00ebs turistike t\u00eb Malit t\u00eb Zi n\u00eb Tiran - Lajme nga Ulqini\",\"isPartOf\":{\"@id\":\"https:\/\/www.visit-ulcinj.com\/blog\/#website\"},\"datePublished\":\"2010-07-06T15:03:40+00:00\",\"dateModified\":\"2010-07-07T20:01:33+00:00\",\"author\":{\"@id\":\"https:\/\/www.visit-ulcinj.com\/blog\/#\/schema\/person\/dcab619c614d3038751c63bc2aadc06d\"},\"description\":\"Sot n\u00eb qend\u00ebr t\u00eb Tiran\u00ebs, n\u00eb organizim t\u00eb Organizat\u00ebs Nacionale Turistike dhe Komun\u00ebs s\u00eb Ulqinit, u b\u00eb promovimi i ofert\u00ebs turistike t\u00eb Malit t\u00eb Zi, me\",\"breadcrumb\":{\"@id\":\"https:\/\/www.visit-ulcinj.com\/blog\/2010\/07\/06\/promovimi-i-ofertes-turistike-te-malit-te-zi-ne-tiran\/#breadcrumb\"},\"inLanguage\":\"en-US\",\"potentialAction\":[{\"@type\":\"ReadAction\",\"target\":[\"https:\/\/www.visit-ulcinj.com\/blog\/2010\/07\/06\/promovimi-i-ofertes-turistike-te-malit-te-zi-ne-tiran\/\"]}]},{\"@type\":\"BreadcrumbList\",\"@id\":\"https:\/\/www.visit-ulcinj.com\/blog\/2010\/07\/06\/promovimi-i-ofertes-turistike-te-malit-te-zi-ne-tiran\/#breadcrumb\",\"itemListElement\":[{\"@type\":\"ListItem\",\"position\":1,\"name\":\"Promovimi i ofert\u00ebs turistike t\u00eb Malit t\u00eb Zi n\u00eb Tiran\"}]},{\"@type\":\"Person\",\"@id\":\"https:\/\/www.visit-ulcinj.com\/blog\/#\/schema\/person\/dcab619c614d3038751c63bc2aadc06d\",\"name\":\"ulqini\",\"sameAs\":[\"http:\/\/www.visit-ulcinj.com\"],\"url\":\"https:\/\/www.visit-ulcinj.com\/blog\/author\/admin\/\"}]}<\/script>\n<!-- \/ Yoast SEO plugin. -->","yoast_head_json":{"title":"Promovimi i ofert\u00ebs turistike t\u00eb Malit t\u00eb Zi n\u00eb Tiran - Lajme nga Ulqini","description":"Sot n\u00eb qend\u00ebr t\u00eb Tiran\u00ebs, n\u00eb organizim t\u00eb Organizat\u00ebs Nacionale Turistike dhe Komun\u00ebs s\u00eb Ulqinit, u b\u00eb promovimi i ofert\u00ebs turistike t\u00eb Malit t\u00eb Zi, me","robots":{"index":"index","follow":"follow","max-snippet":"max-snippet:-1","max-image-preview":"max-image-preview:large","max-video-preview":"max-video-preview:-1"},"canonical":"https:\/\/www.visit-ulcinj.com\/blog\/2010\/07\/06\/promovimi-i-ofertes-turistike-te-malit-te-zi-ne-tiran\/","og_locale":"en_US","og_type":"article","og_title":"Promovimi i ofert\u00ebs turistike t\u00eb Malit t\u00eb Zi n\u00eb Tiran - Lajme nga Ulqini","og_description":"Sot n\u00eb qend\u00ebr t\u00eb Tiran\u00ebs, n\u00eb organizim t\u00eb Organizat\u00ebs Nacionale Turistike dhe Komun\u00ebs s\u00eb Ulqinit, u b\u00eb promovimi i ofert\u00ebs turistike t\u00eb Malit t\u00eb Zi, me","og_url":"https:\/\/www.visit-ulcinj.com\/blog\/2010\/07\/06\/promovimi-i-ofertes-turistike-te-malit-te-zi-ne-tiran\/","og_site_name":"Lajme nga Ulqini","article_published_time":"2010-07-06T15:03:40+00:00","article_modified_time":"2010-07-07T20:01:33+00:00","twitter_misc":{"Written by":"ulqini","Est. reading time":"1 minute"},"schema":{"@context":"https:\/\/schema.org","@graph":[{"@type":"WebSite","@id":"https:\/\/www.visit-ulcinj.com\/blog\/#website","url":"https:\/\/www.visit-ulcinj.com\/blog\/","name":"Lajme nga Ulqini","description":"Lajme,Vijesti,Ulqini,Ulqin,Crna Gora,Mali i Zi","potentialAction":[{"@type":"SearchAction","target":{"@type":"EntryPoint","urlTemplate":"https:\/\/www.visit-ulcinj.com\/blog\/?s={search_term_string}"},"query-input":"required name=search_term_string"}],"inLanguage":"en-US"},{"@type":"WebPage","@id":"https:\/\/www.visit-ulcinj.com\/blog\/2010\/07\/06\/promovimi-i-ofertes-turistike-te-malit-te-zi-ne-tiran\/#webpage","url":"https:\/\/www.visit-ulcinj.com\/blog\/2010\/07\/06\/promovimi-i-ofertes-turistike-te-malit-te-zi-ne-tiran\/","name":"Promovimi i ofert\u00ebs turistike t\u00eb Malit t\u00eb Zi n\u00eb Tiran - Lajme nga Ulqini","isPartOf":{"@id":"https:\/\/www.visit-ulcinj.com\/blog\/#website"},"datePublished":"2010-07-06T15:03:40+00:00","dateModified":"2010-07-07T20:01:33+00:00","author":{"@id":"https:\/\/www.visit-ulcinj.com\/blog\/#\/schema\/person\/dcab619c614d3038751c63bc2aadc06d"},"description":"Sot n\u00eb qend\u00ebr t\u00eb Tiran\u00ebs, n\u00eb organizim t\u00eb Organizat\u00ebs Nacionale Turistike dhe Komun\u00ebs s\u00eb Ulqinit, u b\u00eb promovimi i ofert\u00ebs turistike t\u00eb Malit t\u00eb Zi, me","breadcrumb":{"@id":"https:\/\/www.visit-ulcinj.com\/blog\/2010\/07\/06\/promovimi-i-ofertes-turistike-te-malit-te-zi-ne-tiran\/#breadcrumb"},"inLanguage":"en-US","potentialAction":[{"@type":"ReadAction","target":["https:\/\/www.visit-ulcinj.com\/blog\/2010\/07\/06\/promovimi-i-ofertes-turistike-te-malit-te-zi-ne-tiran\/"]}]},{"@type":"BreadcrumbList","@id":"https:\/\/www.visit-ulcinj.com\/blog\/2010\/07\/06\/promovimi-i-ofertes-turistike-te-malit-te-zi-ne-tiran\/#breadcrumb","itemListElement":[{"@type":"ListItem","position":1,"name":"Promovimi i ofert\u00ebs turistike t\u00eb Malit t\u00eb Zi n\u00eb Tiran"}]},{"@type":"Person","@id":"https:\/\/www.visit-ulcinj.com\/blog\/#\/schema\/person\/dcab619c614d3038751c63bc2aadc06d","name":"ulqini","sameAs":["http:\/\/www.visit-ulcinj.com"],"url":"https:\/\/www.visit-ulcinj.com\/blog\/author\/admin\/"}]}},"jetpack_featured_media_url":"","jetpack_sharing_enabled":true,"jetpack_shortlink":"https:\/\/wp.me\/pe6lTn-99M","_links":{"self":[{"href":"https:\/\/www.visit-ulcinj.com\/blog\/wp-json\/wp\/v2\/posts\/35202"}],"collection":[{"href":"https:\/\/www.visit-ulcinj.com\/blog\/wp-json\/wp\/v2\/posts"}],"about":[{"href":"https:\/\/www.visit-ulcinj.com\/blog\/wp-json\/wp\/v2\/types\/post"}],"author":[{"embeddable":true,"href":"https:\/\/www.visit-ulcinj.com\/blog\/wp-json\/wp\/v2\/users\/1"}],"replies":[{"embeddable":true,"href":"https:\/\/www.visit-ulcinj.com\/blog\/wp-json\/wp\/v2\/comments?post=35202"}],"version-history":[{"count":0,"href":"https:\/\/www.visit-ulcinj.com\/blog\/wp-json\/wp\/v2\/posts\/35202\/revisions"}],"wp:attachment":[{"href":"https:\/\/www.visit-ulcinj.com\/blog\/wp-json\/wp\/v2\/media?parent=35202"}],"wp:term":[{"taxonomy":"category","embeddable":true,"href":"https:\/\/www.visit-ulcinj.com\/blog\/wp-json\/wp\/v2\/categories?post=35202"},{"taxonomy":"post_tag","embeddable":true,"href":"https:\/\/www.visit-ulcinj.com\/blog\/wp-json\/wp\/v2\/tags?post=35202"}],"curies":[{"name":"wp","href":"https:\/\/api.w.org\/{rel}","templated":true}]}}