{"id":35206,"date":"2010-07-06T17:30:23","date_gmt":"2010-07-06T15:30:23","guid":{"rendered":"http:\/\/www.visit-ulcinj.com\/blog\/?p=35206"},"modified":"2010-07-07T22:03:00","modified_gmt":"2010-07-07T20:03:00","slug":"ulqini-i-ka-shpresat-te-kosovaret","status":"publish","type":"post","link":"https:\/\/www.visit-ulcinj.com\/blog\/2010\/07\/06\/ulqini-i-ka-shpresat-te-kosovaret\/","title":{"rendered":"Ulqini i ka shpresat, te kosovar\u00ebt"},"content":{"rendered":"<p><a href=\"http:\/\/www.visit-ulcinj.com\/blog\/wp-content\/uploads\/2010\/07\/Ulqini-i-ka-shpresat-te-kosovar\u00ebt.jpg\"><img loading=\"lazy\" class=\"alignleft size-full wp-image-35207\" title=\"Ulqini i ka shpresat, te kosovar\u00ebt\" src=\"http:\/\/www.visit-ulcinj.com\/blog\/wp-content\/uploads\/2010\/07\/Ulqini-i-ka-shpresat-te-kosovar\u00ebt.jpg\" alt=\"Ulqini i ka shpresat, te kosovar\u00ebt\" width=\"490\" height=\"334\" \/><\/a>Hoteli \u201cMediteran\u201d, i cili ndodhet pak metra larg Plazhit t\u00eb Vog\u00ebl n\u00eb Ulqin, dukej pothuajse i boshatisur.<br \/>\nAty nuk kishte pushues sikurse her\u00ebve t\u00eb tjera, ndon\u00ebse ishte java e fundit e qershorit dhe sezoni kishte gati nj\u00eb muaj q\u00eb kishte filluar. Shqet\u00ebsimi dukej n\u00eb fytyrat e t\u00eb gjith\u00ebve, q\u00eb nga drejtori i hotelit, e deri te pun\u00ebtor\u00ebt e thjesht\u00eb.<br \/>\nSa p\u00ebr t\u00eb kujtuar koh\u00ebn e vjet\u00ebr, kur Ulqini qysh n\u00eb maj mbushej me turist\u00eb, nj\u00eb pun\u00ebtor i k\u00ebtij hoteli thoshte se nuk beson se kosovar\u00ebt do t\u2019ia kthejn\u00eb shpin\u00ebn k\u00ebtij bregdeti. Sipas tij, plazhet e Ulqinit p\u00ebr kosovar\u00ebt jan\u00eb sikur sht\u00ebpia e dyt\u00eb.<br \/>\n\u201cKosovar\u00ebt i njohin n\u00eb thelb k\u00ebto plazhe dhe hotele. Ata kudo q\u00eb shkojn\u00eb, prap\u00eb nuk mund ta nd\u00ebrrojn\u00eb me Ulqinin\u201d, thoshte ky pun\u00ebtor.<br \/>\nKy optimiz\u00ebm v\u00ebrehej edhe te kryetari i Komun\u00ebs s\u00eb Ulqinit, G\u00ebzim Hajdinaga. Ai dit\u00ebn e mart\u00eb t\u00eb jav\u00ebs se fundit t\u00eb qershorit, s\u00eb bashku me disa biznese kosovare, po th\u00ebrrisnin fuqish\u00ebm kosovar\u00ebt p\u00ebr t\u2019ia m\u00ebsyr\u00eb Ulqinit. Natyrisht, kjo thirrje nuk iu b\u00ebhej nj\u00eb grupi t\u00eb vog\u00ebl njer\u00ebzish. Prapa saj q\u00ebndrojn\u00eb me mij\u00ebra kosovar\u00eb q\u00eb dikur kan\u00eb qen\u00eb pushues t\u00eb rregullt atje.<br \/>\n\u201c50 p\u00ebr qind t\u00eb pushuesve i kemi nga Kosova. Ne shpresojm\u00eb q\u00eb kosovar\u00ebt do ta zgjedhin Ulqinin edhe sivjet\u201d, pohoi Gezim Hajdinaga, kryetar i Komun\u00ebs s\u00eb Ulqinit, duke shtuar se edhe sivjet shpresat e Ulqinit jan\u00eb te kosovar\u00ebt.<br \/>\nNumri nj\u00eb i Ulqinit nuk mendon se autostrada shqiptare mund ta d\u00ebmtoj\u00eb turizmin n\u00eb at\u00eb an\u00eb. P\u00ebrkundrazi, ai thot\u00eb se \u00ebsht\u00eb nj\u00eb plus i madh p\u00ebr Ulqinin, pasi qytetar\u00ebt e Kosov\u00ebs po e shfryt\u00ebzojn\u00eb autostrad\u00ebn p\u00ebr t\u00eb shkuar atje.<br \/>\nNdryshe n\u00eb Mal t\u00eb Zi \u00ebsht\u00eb duke ndodhur edhe privatizimi i hoteleve. Hajdinaga thot\u00eb se shum\u00eb shpejt n\u00eb t\u00eb gjitha hotelet atje, do t\u00eb ket\u00eb investime nga privat\u00ebt, me \u00e7ka pritet edhe t\u00eb ket\u00eb infrastruktur\u00eb me cil\u00ebsore, q\u00eb sipas pronar\u00ebve t\u00eb hoteleve, \u00ebsht\u00eb nj\u00eb pik\u00eb e dob\u00ebt e turizmit n\u00eb Ulqin.<br \/>\n\u201cEnde ka hotele n\u00eb Ulqin n\u00eb pron\u00ebsi t\u00eb shtetit, q\u00eb nuk jan\u00eb me standarde t\u00eb larta\u201d, tha Hajdinaga.<br \/>\nMegjith\u00ebk\u00ebt\u00eb, Ali Rexha, drejtor i Turizmit n\u00eb Komun\u00ebn e Ulqinit, pohoi se krahasuar me sezonin e kaluar, n\u00eb Ulqin jan\u00eb rregulluar shum\u00eb gj\u00ebra.<br \/>\n\u201c\u00cbsht\u00eb b\u00ebr\u00eb pun\u00eb p\u00ebr past\u00ebrtin\u00eb q\u00eb \u00ebsht\u00eb n\u00eb nivel. Pjesa kryesore e qytetit \u00ebsht\u00eb rehabilituar\u201d, pohoi Rexha.<br \/>\nAktualisht hotelet n\u00eb Ulqin disponojn\u00eb me 120 mij\u00eb shtret\u00ebr. Nd\u00ebrkaq, plazhet e Ulqinit, sipas Rexh\u00ebs, jan\u00eb t\u00eb standardeve evropiane. Shumica prej tyre jan\u00eb t\u00eb pajisura me flamuj t\u00eb kat\u00ebrt, q\u00eb do t\u00eb thot\u00eb posedojn\u00eb standarde t\u00eb larta.<\/p>\n<p><strong>\u201cGjithashtu, plazhet e Ulqinit ofrojn\u00eb shum\u00eb, p\u00ebr pak t\u00eb holla\u201d, tha ai.<\/strong><br \/>\n<a href=\"http:\/\/www.visit-ulcinj.com\/blog\/wp-content\/uploads\/2010\/07\/Ali-Rexha_Isat-Dragovoja.jpg\"><img loading=\"lazy\" class=\"alignleft size-full wp-image-35208\" title=\"Ali Rexha_Isat Dragovoja\" src=\"http:\/\/www.visit-ulcinj.com\/blog\/wp-content\/uploads\/2010\/07\/Ali-Rexha_Isat-Dragovoja.jpg\" alt=\"Ali Rexha_Isat Dragovoja\" width=\"490\" height=\"360\" \/><\/a><br \/>\nMegjithat\u00eb, edhe pse nuk kishin t\u00eb dh\u00ebna konkrete, pasi sezoni ishte n\u00eb fillim, komunar\u00ebt dhe pronar\u00ebt e hoteleve, e pranonin se ka pasur nj\u00eb start t\u00eb zbeht\u00eb t\u00eb sezonit. Deri n\u00eb fillim t\u00eb muajit qershor, plazhin e shijonin vet\u00ebm ulqinak\u00ebt. Di\u00e7ka m\u00eb mir\u00eb ishte jav\u00ebn e fundit t\u00eb qershorit, p\u00ebrkat\u00ebsisht jav\u00ebn e par\u00eb t\u00eb korrikut, kur numri i turist\u00ebve edhe filloi t\u00eb rritej.<br \/>\n\u201cSivjet nuk \u00ebsht\u00eb fluksi i nj\u00ebjt\u00eb i turist\u00ebve, sikurse viteve t\u00eb tjera. Por, besoj se Ulqini do t\u00eb vazhdoj\u00eb t\u00eb jet\u00eb edhe p\u00ebr nj\u00eb koh\u00eb i p\u00eblqyer p\u00ebr kosovar\u00ebt\u201d, tha Rexha.<br \/>\nNd\u00ebrkaq, ofertat dhe \u00e7mimet e hoteleve dhe ushqimi n\u00eb p\u00ebrgjith\u00ebsi nuk kan\u00eb ndryshuar shum\u00eb, krahasuar me vitin e kaluar. Pronar\u00ebt e hoteleve thon\u00eb se me \u00e7mime jan\u00eb konkurrent\u00eb t\u00eb denj\u00eb me krejt vendet e rajonit.<br \/>\nIsak Dragovoja, drejtues i organizat\u00ebs \u201cRiviera e Ulqinit\u201d, q\u00eb bart n\u00eb vete tri hotele, thot\u00eb se ofertat dhe \u00e7mimet nuk kan\u00eb l\u00ebvizur. P\u00ebrkund\u00ebr kriz\u00ebs, sipas tij, me pun\u00eb \u00ebsht\u00eb arritur q\u00eb t\u00eb jen\u00eb konkurrent\u00eb n\u00eb rajon me \u00e7mime dhe kualitet.<br \/>\n\u201c\u00c7mimet sillen prej 24-31 euro gjat\u00eb muajit korrik p\u00ebr gjysm\u00eb pansioni, nd\u00ebrsa p\u00ebr muajin gusht \u00e7mimet sillen 27-36 euro\u201d, thot\u00eb Dragovoja.<br \/>\nNj\u00ebri nga hotelet e k\u00ebsaj riviere, Hoteli \u201cOlympic\u201d, ka 1000 shtret\u00ebr, nd\u00ebrsa \u201cAda Bojana\u201d posedon 600 shtret\u00ebr.<br \/>\n<strong><br \/>\n\u201c\u00c7mimet tona jan\u00eb m\u00eb t\u00eb mira n\u00eb rajon sa i p\u00ebrket turizmit\u201d, thot\u00eb ai.<\/strong><\/p>\n<p>Edhe p\u00ebr t\u00eb, nd\u00ebrtimi i autostrad\u00ebs V\u00ebrmic\u00eb &#8211; Merdar, nuk ka ndikuar p\u00ebr t\u00eb keq. Madje, thot\u00eb se qytetar\u00ebt e Kosov\u00ebs po e shfryt\u00ebzojn\u00eb autostrad\u00ebn shqiptare p\u00ebr t\u00eb shkuar n\u00eb Ulqin.<br \/>\n<strong><br \/>\nOfertat p\u00ebr Mal t\u00eb Zi<\/strong><\/p>\n<p>Agjencia Komb\u00ebtare e Malit t\u00eb Zi ka njoftuar se ofertat turistike t\u00eb k\u00ebtij vendi p\u00ebrmbajn\u00eb dy paket-aranzhmane, n\u00eb sektorin privat dhe at\u00eb hotelier, i cili do t\u00eb menaxhohet nga agjencit\u00eb e organizat\u00ebs s\u00eb turizmit t\u00eb Malit t\u00eb Zi. Sipas k\u00ebsaj agjencie, vitin e kaluar, bregdetin e Malit t\u00eb Zi e kan\u00eb vizituar mbi 50 mij\u00eb turist\u00eb nga Kosova. K\u00ebt\u00eb vit, Agjencia pret nj\u00eb num\u00ebr edhe m\u00eb t\u00eb madh t\u00eb turist\u00ebve, duke e shfryt\u00ebzuar edhe autostrad\u00ebn e Shqip\u00ebris\u00eb. Paketa turistike n\u00eb sektorin privat jasht\u00eb sezonit do t\u00eb jet\u00eb 42 euro, p\u00ebr 7 dit\u00eb, nd\u00ebrsa gjat\u00eb sezonit nga 1 korriku deri m\u00eb 31 gusht, \u00e7mimi do t\u00eb jet\u00eb m\u00eb i lart\u00eb nga 70 deri n\u00eb 77 euro. Nd\u00ebrsa, akomodimi n\u00eb hotele jasht\u00eb sezonit do t\u00eb jet\u00eb me nj\u00eb \u00e7mim prej 72 deri n\u00eb 154 euro, nd\u00ebrsa gjat\u00eb sezonit nga 155 deri n\u00eb 280 euro, ofert\u00eb kjo, e cila p\u00ebrfshin hotelet e kategoris\u00eb 2 deri n\u00eb 4 yje.<br \/>\n<strong><br \/>\nDokumentet e Kosov\u00ebs, t\u00eb domosdoshme<\/strong><\/p>\n<p>Kufiri me Malin e Zi mund t\u00eb kalohet vet\u00ebm me dokumente t\u00eb Republik\u00ebs s\u00eb Kosov\u00ebs. Let\u00ebrnjoftimet dhe pasaportat e koh\u00ebs se UNMIK-ut jan\u00eb shpallur t\u00eb pavlefshme dhe nuk mund t\u00eb kalohet me to. Kryetari i Komun\u00ebs s\u00eb Ulqinit, G\u00ebzim Hajdinaga, ka porositur kosovar\u00ebt q\u00eb t\u00eb ken\u00eb dokumente t\u00eb Kosov\u00ebs, kur vendosin p\u00ebr t\u00eb kaluar pushimet n\u00eb Mal t\u00eb Zi. Ai ka shpjeguar se kjo \u00ebsht\u00eb nj\u00eb marr\u00ebveshje e Malit t\u00eb Zi me Qeverin\u00eb e Kosov\u00ebs.<br \/>\n\u201cQeveria e Kosov\u00ebs ka k\u00ebrkuar nga Mali i Zi q\u00eb t\u00eb mos lejohen ata qytetar\u00eb q\u00eb kan\u00eb dokumente t\u00eb UNMIK-ut\u201d, ka th\u00ebn\u00eb Hajdinaga.<\/p>\n<p><strong>Lajmetsot<br \/>\n<\/strong>[flv width=&#8221;490&#8243;  height=&#8221;390&#8243;]http:\/\/cdn9.fliqz.com\/bca2a1bd98324f429cf68c31ef3b2269.flv[\/flv]<\/p>\n","protected":false},"excerpt":{"rendered":"<p>Hoteli \u201cMediteran\u201d, i cili ndodhet pak metra larg Plazhit t\u00eb Vog\u00ebl n\u00eb Ulqin, dukej pothuajse i boshatisur. Aty nuk kishte pushues sikurse her\u00ebve t\u00eb tjera, ndon\u00ebse ishte java e fundit e qershorit dhe sezoni kishte gati nj\u00eb muaj q\u00eb kishte filluar. Shqet\u00ebsimi dukej n\u00eb fytyrat e t\u00eb gjith\u00ebve, q\u00eb nga drejtori i hotelit, e deri [&hellip;]<\/p>\n","protected":false},"author":1,"featured_media":0,"comment_status":"open","ping_status":"closed","sticky":false,"template":"","format":"standard","meta":{"spay_email":"","jetpack_publicize_message":"","jetpack_is_tweetstorm":false,"jetpack_publicize_feature_enabled":true},"categories":[12],"tags":[22016,11317],"jetpack_publicize_connections":[],"yoast_head":"<!-- This site is optimized with the Yoast SEO plugin v19.1 - https:\/\/yoast.com\/wordpress\/plugins\/seo\/ -->\n<title>Ulqini i ka shpresat, te kosovar\u00ebt - Lajme nga Ulqini<\/title>\n<meta name=\"description\" content=\"Hoteli \u201cMediteran\u201d, i cili ndodhet pak metra larg Plazhit t\u00eb Vog\u00ebl n\u00eb Ulqin, dukej pothuajse i boshatisur. Aty nuk kishte pushues sikurse her\u00ebve t\u00eb tjera,\" \/>\n<meta name=\"robots\" content=\"index, follow, max-snippet:-1, max-image-preview:large, max-video-preview:-1\" \/>\n<link rel=\"canonical\" href=\"https:\/\/www.visit-ulcinj.com\/blog\/2010\/07\/06\/ulqini-i-ka-shpresat-te-kosovaret\/\" \/>\n<meta property=\"og:locale\" content=\"en_US\" \/>\n<meta property=\"og:type\" content=\"article\" \/>\n<meta property=\"og:title\" content=\"Ulqini i ka shpresat, te kosovar\u00ebt - Lajme nga Ulqini\" \/>\n<meta property=\"og:description\" content=\"Hoteli \u201cMediteran\u201d, i cili ndodhet pak metra larg Plazhit t\u00eb Vog\u00ebl n\u00eb Ulqin, dukej pothuajse i boshatisur. Aty nuk kishte pushues sikurse her\u00ebve t\u00eb tjera,\" \/>\n<meta property=\"og:url\" content=\"https:\/\/www.visit-ulcinj.com\/blog\/2010\/07\/06\/ulqini-i-ka-shpresat-te-kosovaret\/\" \/>\n<meta property=\"og:site_name\" content=\"Lajme nga Ulqini\" \/>\n<meta property=\"article:published_time\" content=\"2010-07-06T15:30:23+00:00\" \/>\n<meta property=\"article:modified_time\" content=\"2010-07-07T20:03:00+00:00\" \/>\n<meta property=\"og:image\" content=\"http:\/\/www.visit-ulcinj.com\/blog\/wp-content\/uploads\/2010\/07\/Ali-Rexha_Isat-Dragovoja.jpg\" \/>\n<meta name=\"twitter:label1\" content=\"Written by\" \/>\n\t<meta name=\"twitter:data1\" content=\"ulqini\" \/>\n\t<meta name=\"twitter:label2\" content=\"Est. reading time\" \/>\n\t<meta name=\"twitter:data2\" content=\"5 minutes\" \/>\n<script type=\"application\/ld+json\" class=\"yoast-schema-graph\">{\"@context\":\"https:\/\/schema.org\",\"@graph\":[{\"@type\":\"WebSite\",\"@id\":\"https:\/\/www.visit-ulcinj.com\/blog\/#website\",\"url\":\"https:\/\/www.visit-ulcinj.com\/blog\/\",\"name\":\"Lajme nga Ulqini\",\"description\":\"Lajme,Vijesti,Ulqini,Ulqin,Crna Gora,Mali i Zi\",\"potentialAction\":[{\"@type\":\"SearchAction\",\"target\":{\"@type\":\"EntryPoint\",\"urlTemplate\":\"https:\/\/www.visit-ulcinj.com\/blog\/?s={search_term_string}\"},\"query-input\":\"required name=search_term_string\"}],\"inLanguage\":\"en-US\"},{\"@type\":\"ImageObject\",\"inLanguage\":\"en-US\",\"@id\":\"https:\/\/www.visit-ulcinj.com\/blog\/2010\/07\/06\/ulqini-i-ka-shpresat-te-kosovaret\/#primaryimage\",\"url\":\"https:\/\/www.visit-ulcinj.com\/blog\/wp-content\/uploads\/2010\/07\/Ali-Rexha_Isat-Dragovoja.jpg\",\"contentUrl\":\"https:\/\/www.visit-ulcinj.com\/blog\/wp-content\/uploads\/2010\/07\/Ali-Rexha_Isat-Dragovoja.jpg\",\"width\":\"592\",\"height\":\"511\"},{\"@type\":\"WebPage\",\"@id\":\"https:\/\/www.visit-ulcinj.com\/blog\/2010\/07\/06\/ulqini-i-ka-shpresat-te-kosovaret\/#webpage\",\"url\":\"https:\/\/www.visit-ulcinj.com\/blog\/2010\/07\/06\/ulqini-i-ka-shpresat-te-kosovaret\/\",\"name\":\"Ulqini i ka shpresat, te kosovar\u00ebt - Lajme nga Ulqini\",\"isPartOf\":{\"@id\":\"https:\/\/www.visit-ulcinj.com\/blog\/#website\"},\"primaryImageOfPage\":{\"@id\":\"https:\/\/www.visit-ulcinj.com\/blog\/2010\/07\/06\/ulqini-i-ka-shpresat-te-kosovaret\/#primaryimage\"},\"datePublished\":\"2010-07-06T15:30:23+00:00\",\"dateModified\":\"2010-07-07T20:03:00+00:00\",\"author\":{\"@id\":\"https:\/\/www.visit-ulcinj.com\/blog\/#\/schema\/person\/dcab619c614d3038751c63bc2aadc06d\"},\"description\":\"Hoteli \u201cMediteran\u201d, i cili ndodhet pak metra larg Plazhit t\u00eb Vog\u00ebl n\u00eb Ulqin, dukej pothuajse i boshatisur. Aty nuk kishte pushues sikurse her\u00ebve t\u00eb tjera,\",\"breadcrumb\":{\"@id\":\"https:\/\/www.visit-ulcinj.com\/blog\/2010\/07\/06\/ulqini-i-ka-shpresat-te-kosovaret\/#breadcrumb\"},\"inLanguage\":\"en-US\",\"potentialAction\":[{\"@type\":\"ReadAction\",\"target\":[\"https:\/\/www.visit-ulcinj.com\/blog\/2010\/07\/06\/ulqini-i-ka-shpresat-te-kosovaret\/\"]}]},{\"@type\":\"BreadcrumbList\",\"@id\":\"https:\/\/www.visit-ulcinj.com\/blog\/2010\/07\/06\/ulqini-i-ka-shpresat-te-kosovaret\/#breadcrumb\",\"itemListElement\":[{\"@type\":\"ListItem\",\"position\":1,\"name\":\"Ulqini i ka shpresat, te kosovar\u00ebt\"}]},{\"@type\":\"Person\",\"@id\":\"https:\/\/www.visit-ulcinj.com\/blog\/#\/schema\/person\/dcab619c614d3038751c63bc2aadc06d\",\"name\":\"ulqini\",\"sameAs\":[\"http:\/\/www.visit-ulcinj.com\"],\"url\":\"https:\/\/www.visit-ulcinj.com\/blog\/author\/admin\/\"}]}<\/script>\n<!-- \/ Yoast SEO plugin. -->","yoast_head_json":{"title":"Ulqini i ka shpresat, te kosovar\u00ebt - Lajme nga Ulqini","description":"Hoteli \u201cMediteran\u201d, i cili ndodhet pak metra larg Plazhit t\u00eb Vog\u00ebl n\u00eb Ulqin, dukej pothuajse i boshatisur. Aty nuk kishte pushues sikurse her\u00ebve t\u00eb tjera,","robots":{"index":"index","follow":"follow","max-snippet":"max-snippet:-1","max-image-preview":"max-image-preview:large","max-video-preview":"max-video-preview:-1"},"canonical":"https:\/\/www.visit-ulcinj.com\/blog\/2010\/07\/06\/ulqini-i-ka-shpresat-te-kosovaret\/","og_locale":"en_US","og_type":"article","og_title":"Ulqini i ka shpresat, te kosovar\u00ebt - Lajme nga Ulqini","og_description":"Hoteli \u201cMediteran\u201d, i cili ndodhet pak metra larg Plazhit t\u00eb Vog\u00ebl n\u00eb Ulqin, dukej pothuajse i boshatisur. Aty nuk kishte pushues sikurse her\u00ebve t\u00eb tjera,","og_url":"https:\/\/www.visit-ulcinj.com\/blog\/2010\/07\/06\/ulqini-i-ka-shpresat-te-kosovaret\/","og_site_name":"Lajme nga Ulqini","article_published_time":"2010-07-06T15:30:23+00:00","article_modified_time":"2010-07-07T20:03:00+00:00","og_image":[{"url":"http:\/\/www.visit-ulcinj.com\/blog\/wp-content\/uploads\/2010\/07\/Ali-Rexha_Isat-Dragovoja.jpg"}],"twitter_misc":{"Written by":"ulqini","Est. reading time":"5 minutes"},"schema":{"@context":"https:\/\/schema.org","@graph":[{"@type":"WebSite","@id":"https:\/\/www.visit-ulcinj.com\/blog\/#website","url":"https:\/\/www.visit-ulcinj.com\/blog\/","name":"Lajme nga Ulqini","description":"Lajme,Vijesti,Ulqini,Ulqin,Crna Gora,Mali i Zi","potentialAction":[{"@type":"SearchAction","target":{"@type":"EntryPoint","urlTemplate":"https:\/\/www.visit-ulcinj.com\/blog\/?s={search_term_string}"},"query-input":"required name=search_term_string"}],"inLanguage":"en-US"},{"@type":"ImageObject","inLanguage":"en-US","@id":"https:\/\/www.visit-ulcinj.com\/blog\/2010\/07\/06\/ulqini-i-ka-shpresat-te-kosovaret\/#primaryimage","url":"https:\/\/www.visit-ulcinj.com\/blog\/wp-content\/uploads\/2010\/07\/Ali-Rexha_Isat-Dragovoja.jpg","contentUrl":"https:\/\/www.visit-ulcinj.com\/blog\/wp-content\/uploads\/2010\/07\/Ali-Rexha_Isat-Dragovoja.jpg","width":"592","height":"511"},{"@type":"WebPage","@id":"https:\/\/www.visit-ulcinj.com\/blog\/2010\/07\/06\/ulqini-i-ka-shpresat-te-kosovaret\/#webpage","url":"https:\/\/www.visit-ulcinj.com\/blog\/2010\/07\/06\/ulqini-i-ka-shpresat-te-kosovaret\/","name":"Ulqini i ka shpresat, te kosovar\u00ebt - Lajme nga Ulqini","isPartOf":{"@id":"https:\/\/www.visit-ulcinj.com\/blog\/#website"},"primaryImageOfPage":{"@id":"https:\/\/www.visit-ulcinj.com\/blog\/2010\/07\/06\/ulqini-i-ka-shpresat-te-kosovaret\/#primaryimage"},"datePublished":"2010-07-06T15:30:23+00:00","dateModified":"2010-07-07T20:03:00+00:00","author":{"@id":"https:\/\/www.visit-ulcinj.com\/blog\/#\/schema\/person\/dcab619c614d3038751c63bc2aadc06d"},"description":"Hoteli \u201cMediteran\u201d, i cili ndodhet pak metra larg Plazhit t\u00eb Vog\u00ebl n\u00eb Ulqin, dukej pothuajse i boshatisur. Aty nuk kishte pushues sikurse her\u00ebve t\u00eb tjera,","breadcrumb":{"@id":"https:\/\/www.visit-ulcinj.com\/blog\/2010\/07\/06\/ulqini-i-ka-shpresat-te-kosovaret\/#breadcrumb"},"inLanguage":"en-US","potentialAction":[{"@type":"ReadAction","target":["https:\/\/www.visit-ulcinj.com\/blog\/2010\/07\/06\/ulqini-i-ka-shpresat-te-kosovaret\/"]}]},{"@type":"BreadcrumbList","@id":"https:\/\/www.visit-ulcinj.com\/blog\/2010\/07\/06\/ulqini-i-ka-shpresat-te-kosovaret\/#breadcrumb","itemListElement":[{"@type":"ListItem","position":1,"name":"Ulqini i ka shpresat, te kosovar\u00ebt"}]},{"@type":"Person","@id":"https:\/\/www.visit-ulcinj.com\/blog\/#\/schema\/person\/dcab619c614d3038751c63bc2aadc06d","name":"ulqini","sameAs":["http:\/\/www.visit-ulcinj.com"],"url":"https:\/\/www.visit-ulcinj.com\/blog\/author\/admin\/"}]}},"jetpack_featured_media_url":"","jetpack_sharing_enabled":true,"jetpack_shortlink":"https:\/\/wp.me\/pe6lTn-99Q","_links":{"self":[{"href":"https:\/\/www.visit-ulcinj.com\/blog\/wp-json\/wp\/v2\/posts\/35206"}],"collection":[{"href":"https:\/\/www.visit-ulcinj.com\/blog\/wp-json\/wp\/v2\/posts"}],"about":[{"href":"https:\/\/www.visit-ulcinj.com\/blog\/wp-json\/wp\/v2\/types\/post"}],"author":[{"embeddable":true,"href":"https:\/\/www.visit-ulcinj.com\/blog\/wp-json\/wp\/v2\/users\/1"}],"replies":[{"embeddable":true,"href":"https:\/\/www.visit-ulcinj.com\/blog\/wp-json\/wp\/v2\/comments?post=35206"}],"version-history":[{"count":0,"href":"https:\/\/www.visit-ulcinj.com\/blog\/wp-json\/wp\/v2\/posts\/35206\/revisions"}],"wp:attachment":[{"href":"https:\/\/www.visit-ulcinj.com\/blog\/wp-json\/wp\/v2\/media?parent=35206"}],"wp:term":[{"taxonomy":"category","embeddable":true,"href":"https:\/\/www.visit-ulcinj.com\/blog\/wp-json\/wp\/v2\/categories?post=35206"},{"taxonomy":"post_tag","embeddable":true,"href":"https:\/\/www.visit-ulcinj.com\/blog\/wp-json\/wp\/v2\/tags?post=35206"}],"curies":[{"name":"wp","href":"https:\/\/api.w.org\/{rel}","templated":true}]}}