{"id":35211,"date":"2010-07-06T17:57:46","date_gmt":"2010-07-06T15:57:46","guid":{"rendered":"http:\/\/www.visit-ulcinj.com\/blog\/?p=35211"},"modified":"2010-07-06T17:57:46","modified_gmt":"2010-07-06T15:57:46","slug":"promocija-nacionalne-turisticke-organizacije-crne-gore-u-tirani","status":"publish","type":"post","link":"https:\/\/www.visit-ulcinj.com\/blog\/2010\/07\/06\/promocija-nacionalne-turisticke-organizacije-crne-gore-u-tirani\/","title":{"rendered":"Promocija Nacionalne turisti?ke organizacije Crne Gore u Tirani"},"content":{"rendered":"<p><a href=\"http:\/\/www.visit-ulcinj.com\/blog\/wp-content\/uploads\/2010\/07\/Promocija-Nacionalne-turisti?ke-organizacije-Crne-Gore-u-Tirani.jpg\"><img loading=\"lazy\" class=\"alignleft size-full wp-image-35212\" title=\"Promocija Nacionalne turisti?ke organizacije Crne Gore u Tirani\" src=\"http:\/\/www.visit-ulcinj.com\/blog\/wp-content\/uploads\/2010\/07\/Promocija-Nacionalne-turisti?ke-organizacije-Crne-Gore-u-Tirani.jpg\" alt=\"Promocija Nacionalne turisti?ke organizacije Crne Gore u Tirani\" width=\"490\" height=\"312\" \/><\/a>Nacionalna turisti?ka organizacija Crne Gore i Lokalnom turisti?kom organizacijom Ulcinja, u saradnji sa Ambasadom Crne Gore u Albaniji su danas, 06 jula, u okviru regionalne kampanje \u201eZove more \u2013 Crna Gora\u201c, predstavili turisti?ku ponudu za ovu sezonu na tr\u017ei\u0161tu Albanije. Promocija se odr\u017eala u Tirani, u glavnoj \u0161etali\u0161noj zoni, u periodu od 12 do 14 h.<\/p>\n<p>Gra?ani su bili u prilici da se upoznaju sa paket aran\u017emanima iz navedene kampanje namijenjene Regionu, koji obuhvataju sedmodnevnu ponudu izdavaoca privatnog smje\u0161taja od 70 do 77 EUR , kao i ponudu malih hotela po cijeni od 155 do 280 EUR. Istaknuto je da ovi aran\u017emani nose sa sobom i niz povoljnosti u vidu posebnih popusta na usluge u restoranima, muzejima i sl.<\/p>\n<p>Dana\u0161nju promociju su propratili i brojni mediji kojima su izjave dali ambasador Crne Gore u Albaniji, \u017deljko Perovi?, predsjednik op\u0161tine Ulcinj, Gzim Hajdinaga, menad\u017eer NTO Ljiljana ?uki? i direktor TO Ulcinj, Ali Rexha.<br \/>\n<a href=\"http:\/\/www.visit-ulcinj.com\/blog\/wp-content\/uploads\/2010\/07\/HTP-Ulcinjska-Rivijera.png\"><img loading=\"lazy\" class=\"alignleft size-full wp-image-35126\" title=\"HTP Ulcinjska Rivijera,pedaline,dje?ja igrali\u0161ta ,dje?ja pla\u017ea,Internet point, kamper parking,Parking automobila sa hladovinom, Pla\u017ea je pje\u0161?ana,Plava zastava,razni zabavni i sportski sadr\u017eaji,restoran, supermarket,tu\u0161evi , zasebne kabine, apartmani, aperitiv bar, Auto Camp - ADA BOJANA- Ulcinj - Crna Gora, Auto Camp - ada bojana - Ulcinj - Montenegro, Auto kamp, Auto kamp - ada bojana - Ulcinj - Crna Gora, Auto kamp - ada bojana - Ulcinj - Montenegro, Camp ada bojana, - Ulcinj - Montenegro, Crna Gora, Eco - auto camp, hoteli, hrvatska, Human table soccer, i animacija, Jedrenje, kamp, Kamp ?rna gora, Kampi, Ko\u0161arka, letovanje, maistral, Mali nogomet, Mini golf, Najam ?amaca, Najam bicikli, Odbojka, Odbojka na pijesku, odmor, Ostali vodeni sportovi, pivnica, Pla\u017ea, ponude Ulcinja 2010, Rekreacija, riblji restoran, ronjenje, Rukomet, sandoline , sanitarije, sanitarije za invalide, Skijanje na moru, snack bar, sobe, Speedminton, Sport, Stolni tenis, Surfanje, Tenis, Turisti?ki aran\u017emani, ulcinj, ville, hoteli,Vo\u017enja bananom , Vo\u017enja padobranom na moru, Zabava,jahanje konja,sunce.more,morski talasi,hladovina,nudisti,nudisticki kamp,bojana lux,mir,ljepota,priroda,muzika,nocni zivot,hotel Olympic ,hotel Bellevue,\" src=\"http:\/\/www.visit-ulcinj.com\/blog\/wp-content\/uploads\/2010\/07\/HTP-Ulcinjska-Rivijera.png\" alt=\"HTP Ulcinjska Rivijera\" width=\"490\" height=\"100\" \/><\/a><\/p>\n<p><a href=\"http:\/\/www.ulcinjska-rivijera.com\/me\/index.php?akcija=7&amp;opsirN=52\" target=\"_blank\"><\/a><br \/>\nObra?aju?i se medijima ambasador Perovi? je istakao, prije svega, dobru saradnju izme?u dvije dr\u017eave, \u0161to pokazuje i veliko interesovanje medija i gra?ana za ovaj doga?aj a samim tim i za turisti?ku ponudu Crne Gore, koja zaista ima \u0161ta da pru\u017ei turistima iz Albanije.<\/p>\n<p>O tradicionalnoj dobroj posjeti grada Ulcinja od strane turista iz ove zemlje govorio je predsjednik op\u0161tine Gzim Hajdinaga. On je podsjetio da se Ulcinj svake godine sve vi\u0161e razvija i oboga?uje svoju ponudu, te da svakako postoji razlog da se ponovo do?e u Ulcinj, ne samo u sezoni ve? i tokom godine.<\/p>\n<p>Novinari su, postavljaju?i brojna pitanja pokazali najve?e interesovanje za cijene usluga tokom ovogodi\u0161nje sezone, zatim za ponudu Ulcinja, grani?ne prelaze, turisti?ke manifestacije i pla\u017ee.<\/p>\n<p>Menad\u017eer u NTO-u, Ljiljana ?uki? upoznala je medije sa na?inom rezervacije smje\u0161taja, web portalom koji pru\u017ea detaljne informicije kao i turisti?kom ponudom sjevera Crne Gore.<\/p>\n<p>Ovogodi\u0161nja kampanja NTO CG i CTU se promovi\u0161e i na najzna?ajnijim albanskim medijima putem TV spota.<\/p>\n<p>Promociju Crne Gore u Tirani su propratili slede?i mediji: gazeta \u00bbEkonomija\u00ab, \u00bbStandard\u00ab, \u00bbGazeta Shicp:\u00ab, \u00bbAlbania\u00ab, \u00bbGazeta 55\u00ab, \u00bbRadio Tirana\u00ab,radio \u00bbInformacion\u00ab, \u00bbTV Scan\u00ab, \u00bbTV Alsat\u00ab, \u00bbTv Koha\u00ab,\u00abTop Channel\u00ab, \u00bbATSH\u00ab agencija i td.<\/p>\n<p>Prema zvani?nim statisti?kim podacima u 2009. god. Crnu Goru je posjetilo bliozu 40 000 turista iz Albanije, koji su tom prilikom ostvarili preko 191 826 no?enja.<\/p>\n<p><strong> <strong>Izvor:<\/strong><\/strong><strong> <a href=\"http:\/\/www.mt.gov.me\/\">Ministarstvo  turizma<\/a><br \/>\n<a href=\"http:\/\/www.gov.me\/naslovna\/vijesti-iz-ministarstava\/98097\/Saopstenje-Zove-more-Crna-Gora-kampanja-u-Albaniji.html\" target=\"_blank\">Vlada.me<\/a><\/strong><br \/>\n<strong>[flv width=&#8221;490&#8243;  height=&#8221;390&#8243;]http:\/\/videooglasi.net\/video-file-280.m4v[\/flv]<\/strong><\/p>\n","protected":false},"excerpt":{"rendered":"<p>Nacionalna turisti?ka organizacija Crne Gore i Lokalnom turisti?kom organizacijom Ulcinja, u saradnji sa Ambasadom Crne Gore u Albaniji su danas, 06 jula, u okviru regionalne kampanje \u201eZove more \u2013 Crna Gora\u201c, predstavili turisti?ku ponudu za ovu sezonu na tr\u017ei\u0161tu Albanije. Promocija se odr\u017eala u Tirani, u glavnoj \u0161etali\u0161noj zoni, u periodu od 12 do 14 [&hellip;]<\/p>\n","protected":false},"author":1,"featured_media":0,"comment_status":"open","ping_status":"closed","sticky":false,"template":"","format":"standard","meta":{"spay_email":"","jetpack_publicize_message":"","jetpack_is_tweetstorm":false,"jetpack_publicize_feature_enabled":true},"categories":[15],"tags":[21,19,14826],"jetpack_publicize_connections":[],"yoast_head":"<!-- This site is optimized with the Yoast SEO plugin v19.1 - https:\/\/yoast.com\/wordpress\/plugins\/seo\/ -->\n<title>Promocija Nacionalne turisti?ke organizacije Crne Gore u Tirani - Lajme nga Ulqini<\/title>\n<meta name=\"description\" content=\"Nacionalna turisti?ka organizacija Crne Gore i Lokalnom turisti?kom organizacijom Ulcinja, u saradnji sa Ambasadom Crne Gore u Albaniji su danas, 06 jula,\" \/>\n<meta name=\"robots\" content=\"index, follow, max-snippet:-1, max-image-preview:large, max-video-preview:-1\" \/>\n<link rel=\"canonical\" href=\"https:\/\/www.visit-ulcinj.com\/blog\/2010\/07\/06\/promocija-nacionalne-turisticke-organizacije-crne-gore-u-tirani\/\" \/>\n<meta property=\"og:locale\" content=\"en_US\" \/>\n<meta property=\"og:type\" content=\"article\" \/>\n<meta property=\"og:title\" content=\"Promocija Nacionalne turisti?ke organizacije Crne Gore u Tirani - Lajme nga Ulqini\" \/>\n<meta property=\"og:description\" content=\"Nacionalna turisti?ka organizacija Crne Gore i Lokalnom turisti?kom organizacijom Ulcinja, u saradnji sa Ambasadom Crne Gore u Albaniji su danas, 06 jula,\" \/>\n<meta property=\"og:url\" content=\"https:\/\/www.visit-ulcinj.com\/blog\/2010\/07\/06\/promocija-nacionalne-turisticke-organizacije-crne-gore-u-tirani\/\" \/>\n<meta property=\"og:site_name\" content=\"Lajme nga Ulqini\" \/>\n<meta property=\"article:published_time\" content=\"2010-07-06T15:57:46+00:00\" \/>\n<meta property=\"og:image\" content=\"http:\/\/www.visit-ulcinj.com\/blog\/wp-content\/uploads\/2010\/07\/Promocija-Nacionalne-turisti?ke-organizacije-Crne-Gore-u-Tirani.jpg\" \/>\n<meta name=\"twitter:label1\" content=\"Written by\" \/>\n\t<meta name=\"twitter:data1\" content=\"ulqini\" \/>\n\t<meta name=\"twitter:label2\" content=\"Est. reading time\" \/>\n\t<meta name=\"twitter:data2\" content=\"2 minutes\" \/>\n<script type=\"application\/ld+json\" class=\"yoast-schema-graph\">{\"@context\":\"https:\/\/schema.org\",\"@graph\":[{\"@type\":\"WebSite\",\"@id\":\"https:\/\/www.visit-ulcinj.com\/blog\/#website\",\"url\":\"https:\/\/www.visit-ulcinj.com\/blog\/\",\"name\":\"Lajme nga Ulqini\",\"description\":\"Lajme,Vijesti,Ulqini,Ulqin,Crna Gora,Mali i Zi\",\"potentialAction\":[{\"@type\":\"SearchAction\",\"target\":{\"@type\":\"EntryPoint\",\"urlTemplate\":\"https:\/\/www.visit-ulcinj.com\/blog\/?s={search_term_string}\"},\"query-input\":\"required name=search_term_string\"}],\"inLanguage\":\"en-US\"},{\"@type\":\"ImageObject\",\"inLanguage\":\"en-US\",\"@id\":\"https:\/\/www.visit-ulcinj.com\/blog\/2010\/07\/06\/promocija-nacionalne-turisticke-organizacije-crne-gore-u-tirani\/#primaryimage\",\"url\":\"http:\/\/www.visit-ulcinj.com\/blog\/wp-content\/uploads\/2010\/07\/Promocija-Nacionalne-turisti?ke-organizacije-Crne-Gore-u-Tirani.jpg\",\"contentUrl\":\"http:\/\/www.visit-ulcinj.com\/blog\/wp-content\/uploads\/2010\/07\/Promocija-Nacionalne-turisti?ke-organizacije-Crne-Gore-u-Tirani.jpg\"},{\"@type\":\"WebPage\",\"@id\":\"https:\/\/www.visit-ulcinj.com\/blog\/2010\/07\/06\/promocija-nacionalne-turisticke-organizacije-crne-gore-u-tirani\/#webpage\",\"url\":\"https:\/\/www.visit-ulcinj.com\/blog\/2010\/07\/06\/promocija-nacionalne-turisticke-organizacije-crne-gore-u-tirani\/\",\"name\":\"Promocija Nacionalne turisti?ke organizacije Crne Gore u Tirani - Lajme nga Ulqini\",\"isPartOf\":{\"@id\":\"https:\/\/www.visit-ulcinj.com\/blog\/#website\"},\"primaryImageOfPage\":{\"@id\":\"https:\/\/www.visit-ulcinj.com\/blog\/2010\/07\/06\/promocija-nacionalne-turisticke-organizacije-crne-gore-u-tirani\/#primaryimage\"},\"datePublished\":\"2010-07-06T15:57:46+00:00\",\"dateModified\":\"2010-07-06T15:57:46+00:00\",\"author\":{\"@id\":\"https:\/\/www.visit-ulcinj.com\/blog\/#\/schema\/person\/dcab619c614d3038751c63bc2aadc06d\"},\"description\":\"Nacionalna turisti?ka organizacija Crne Gore i Lokalnom turisti?kom organizacijom Ulcinja, u saradnji sa Ambasadom Crne Gore u Albaniji su danas, 06 jula,\",\"breadcrumb\":{\"@id\":\"https:\/\/www.visit-ulcinj.com\/blog\/2010\/07\/06\/promocija-nacionalne-turisticke-organizacije-crne-gore-u-tirani\/#breadcrumb\"},\"inLanguage\":\"en-US\",\"potentialAction\":[{\"@type\":\"ReadAction\",\"target\":[\"https:\/\/www.visit-ulcinj.com\/blog\/2010\/07\/06\/promocija-nacionalne-turisticke-organizacije-crne-gore-u-tirani\/\"]}]},{\"@type\":\"BreadcrumbList\",\"@id\":\"https:\/\/www.visit-ulcinj.com\/blog\/2010\/07\/06\/promocija-nacionalne-turisticke-organizacije-crne-gore-u-tirani\/#breadcrumb\",\"itemListElement\":[{\"@type\":\"ListItem\",\"position\":1,\"name\":\"Promocija Nacionalne turisti?ke organizacije Crne Gore u Tirani\"}]},{\"@type\":\"Person\",\"@id\":\"https:\/\/www.visit-ulcinj.com\/blog\/#\/schema\/person\/dcab619c614d3038751c63bc2aadc06d\",\"name\":\"ulqini\",\"sameAs\":[\"http:\/\/www.visit-ulcinj.com\"],\"url\":\"https:\/\/www.visit-ulcinj.com\/blog\/author\/admin\/\"}]}<\/script>\n<!-- \/ Yoast SEO plugin. -->","yoast_head_json":{"title":"Promocija Nacionalne turisti?ke organizacije Crne Gore u Tirani - Lajme nga Ulqini","description":"Nacionalna turisti?ka organizacija Crne Gore i Lokalnom turisti?kom organizacijom Ulcinja, u saradnji sa Ambasadom Crne Gore u Albaniji su danas, 06 jula,","robots":{"index":"index","follow":"follow","max-snippet":"max-snippet:-1","max-image-preview":"max-image-preview:large","max-video-preview":"max-video-preview:-1"},"canonical":"https:\/\/www.visit-ulcinj.com\/blog\/2010\/07\/06\/promocija-nacionalne-turisticke-organizacije-crne-gore-u-tirani\/","og_locale":"en_US","og_type":"article","og_title":"Promocija Nacionalne turisti?ke organizacije Crne Gore u Tirani - Lajme nga Ulqini","og_description":"Nacionalna turisti?ka organizacija Crne Gore i Lokalnom turisti?kom organizacijom Ulcinja, u saradnji sa Ambasadom Crne Gore u Albaniji su danas, 06 jula,","og_url":"https:\/\/www.visit-ulcinj.com\/blog\/2010\/07\/06\/promocija-nacionalne-turisticke-organizacije-crne-gore-u-tirani\/","og_site_name":"Lajme nga Ulqini","article_published_time":"2010-07-06T15:57:46+00:00","og_image":[{"url":"http:\/\/www.visit-ulcinj.com\/blog\/wp-content\/uploads\/2010\/07\/Promocija-Nacionalne-turisti?ke-organizacije-Crne-Gore-u-Tirani.jpg"}],"twitter_misc":{"Written by":"ulqini","Est. reading time":"2 minutes"},"schema":{"@context":"https:\/\/schema.org","@graph":[{"@type":"WebSite","@id":"https:\/\/www.visit-ulcinj.com\/blog\/#website","url":"https:\/\/www.visit-ulcinj.com\/blog\/","name":"Lajme nga Ulqini","description":"Lajme,Vijesti,Ulqini,Ulqin,Crna Gora,Mali i Zi","potentialAction":[{"@type":"SearchAction","target":{"@type":"EntryPoint","urlTemplate":"https:\/\/www.visit-ulcinj.com\/blog\/?s={search_term_string}"},"query-input":"required name=search_term_string"}],"inLanguage":"en-US"},{"@type":"ImageObject","inLanguage":"en-US","@id":"https:\/\/www.visit-ulcinj.com\/blog\/2010\/07\/06\/promocija-nacionalne-turisticke-organizacije-crne-gore-u-tirani\/#primaryimage","url":"http:\/\/www.visit-ulcinj.com\/blog\/wp-content\/uploads\/2010\/07\/Promocija-Nacionalne-turisti?ke-organizacije-Crne-Gore-u-Tirani.jpg","contentUrl":"http:\/\/www.visit-ulcinj.com\/blog\/wp-content\/uploads\/2010\/07\/Promocija-Nacionalne-turisti?ke-organizacije-Crne-Gore-u-Tirani.jpg"},{"@type":"WebPage","@id":"https:\/\/www.visit-ulcinj.com\/blog\/2010\/07\/06\/promocija-nacionalne-turisticke-organizacije-crne-gore-u-tirani\/#webpage","url":"https:\/\/www.visit-ulcinj.com\/blog\/2010\/07\/06\/promocija-nacionalne-turisticke-organizacije-crne-gore-u-tirani\/","name":"Promocija Nacionalne turisti?ke organizacije Crne Gore u Tirani - Lajme nga Ulqini","isPartOf":{"@id":"https:\/\/www.visit-ulcinj.com\/blog\/#website"},"primaryImageOfPage":{"@id":"https:\/\/www.visit-ulcinj.com\/blog\/2010\/07\/06\/promocija-nacionalne-turisticke-organizacije-crne-gore-u-tirani\/#primaryimage"},"datePublished":"2010-07-06T15:57:46+00:00","dateModified":"2010-07-06T15:57:46+00:00","author":{"@id":"https:\/\/www.visit-ulcinj.com\/blog\/#\/schema\/person\/dcab619c614d3038751c63bc2aadc06d"},"description":"Nacionalna turisti?ka organizacija Crne Gore i Lokalnom turisti?kom organizacijom Ulcinja, u saradnji sa Ambasadom Crne Gore u Albaniji su danas, 06 jula,","breadcrumb":{"@id":"https:\/\/www.visit-ulcinj.com\/blog\/2010\/07\/06\/promocija-nacionalne-turisticke-organizacije-crne-gore-u-tirani\/#breadcrumb"},"inLanguage":"en-US","potentialAction":[{"@type":"ReadAction","target":["https:\/\/www.visit-ulcinj.com\/blog\/2010\/07\/06\/promocija-nacionalne-turisticke-organizacije-crne-gore-u-tirani\/"]}]},{"@type":"BreadcrumbList","@id":"https:\/\/www.visit-ulcinj.com\/blog\/2010\/07\/06\/promocija-nacionalne-turisticke-organizacije-crne-gore-u-tirani\/#breadcrumb","itemListElement":[{"@type":"ListItem","position":1,"name":"Promocija Nacionalne turisti?ke organizacije Crne Gore u Tirani"}]},{"@type":"Person","@id":"https:\/\/www.visit-ulcinj.com\/blog\/#\/schema\/person\/dcab619c614d3038751c63bc2aadc06d","name":"ulqini","sameAs":["http:\/\/www.visit-ulcinj.com"],"url":"https:\/\/www.visit-ulcinj.com\/blog\/author\/admin\/"}]}},"jetpack_featured_media_url":"","jetpack_sharing_enabled":true,"jetpack_shortlink":"https:\/\/wp.me\/pe6lTn-99V","_links":{"self":[{"href":"https:\/\/www.visit-ulcinj.com\/blog\/wp-json\/wp\/v2\/posts\/35211"}],"collection":[{"href":"https:\/\/www.visit-ulcinj.com\/blog\/wp-json\/wp\/v2\/posts"}],"about":[{"href":"https:\/\/www.visit-ulcinj.com\/blog\/wp-json\/wp\/v2\/types\/post"}],"author":[{"embeddable":true,"href":"https:\/\/www.visit-ulcinj.com\/blog\/wp-json\/wp\/v2\/users\/1"}],"replies":[{"embeddable":true,"href":"https:\/\/www.visit-ulcinj.com\/blog\/wp-json\/wp\/v2\/comments?post=35211"}],"version-history":[{"count":0,"href":"https:\/\/www.visit-ulcinj.com\/blog\/wp-json\/wp\/v2\/posts\/35211\/revisions"}],"wp:attachment":[{"href":"https:\/\/www.visit-ulcinj.com\/blog\/wp-json\/wp\/v2\/media?parent=35211"}],"wp:term":[{"taxonomy":"category","embeddable":true,"href":"https:\/\/www.visit-ulcinj.com\/blog\/wp-json\/wp\/v2\/categories?post=35211"},{"taxonomy":"post_tag","embeddable":true,"href":"https:\/\/www.visit-ulcinj.com\/blog\/wp-json\/wp\/v2\/tags?post=35211"}],"curies":[{"name":"wp","href":"https:\/\/api.w.org\/{rel}","templated":true}]}}