{"id":35215,"date":"2010-07-06T18:35:18","date_gmt":"2010-07-06T16:35:18","guid":{"rendered":"http:\/\/www.visit-ulcinj.com\/blog\/?p=35215"},"modified":"2010-07-06T18:35:18","modified_gmt":"2010-07-06T16:35:18","slug":"dzelal-hodzic-kako-vratiti-sjaj-ulcinju","status":"publish","type":"post","link":"https:\/\/www.visit-ulcinj.com\/blog\/2010\/07\/06\/dzelal-hodzic-kako-vratiti-sjaj-ulcinju\/","title":{"rendered":"D\u017eelal Hod\u017ei?: Kako vratiti sjaj Ulcinju"},"content":{"rendered":"<p><strong><a href=\"http:\/\/www.visit-ulcinj.com\/blog\/wp-content\/uploads\/2010\/07\/dzelal-hodzic_ulcinj.jpg\"><img loading=\"lazy\" class=\"alignleft size-full wp-image-35216\" title=\"dzelal-hodzic_ulcinj\" src=\"http:\/\/www.visit-ulcinj.com\/blog\/wp-content\/uploads\/2010\/07\/dzelal-hodzic_ulcinj.jpg\" alt=\"dzelal-hodzic_ulcinj\" width=\"340\" height=\"600\" srcset=\"https:\/\/www.visit-ulcinj.com\/blog\/wp-content\/uploads\/2010\/07\/dzelal-hodzic_ulcinj.jpg 340w, https:\/\/www.visit-ulcinj.com\/blog\/wp-content\/uploads\/2010\/07\/dzelal-hodzic_ulcinj-170x300.jpg 170w\" sizes=\"(max-width: 340px) 100vw, 340px\" \/><\/a>STAV<\/strong><br \/>\nDugo o?ekivani izbori u Ulcinju do?o\u0161e i pro?o\u0161e, rezultati se znaju i komentari\u0161u. Volja naroda-volja boga, ka\u017ee narodna poslovica. Ne pobje?uje najbolji, ve? onaj koji ima nadpolovi?nu ve?inu, ka\u017eu propisi. U Ulcinju za sada nema pobjednika, a da li ?e ga uskoro biti &#8211; vidje?emo. U kombinaciji narodne poslovice i postoje?ih propisa treba tra\u017eiti dobitnika ne samo politi?kih partija ve? i gra?ana Ulcinja za izlazak iz sada\u0161njeg u?malog i podijeljenog Ulcinja i, nadamo se, postepeni ulazak u Evropu tj. evropski Ulcinj.<br \/>\nA evropski Ulcinj zna?i i po\u0161tovanje i implementaciju evropskih standarda, pona\u0161anja i uva\u017eavanja, poruka i preporuka, vladavinu prava, socijalnu pravdu, bolji \u017eivot, jaku ekonomiju i ja?u ekologiju i vlast koja ?e biti u slu\u017ebi gra?ana &#8211; sluga, a ne vladar i gospodar. Da bi do toga do\u0161lo treba?e mnogo rada, odricanja, znanja sloge i zajedni\u0161tva.<br \/>\nTo se u Ulcinju mo\u017ee posti?i i dosti?i kroz pe\u017eorativni slogan \u0160IKO + STRUS = EVROPSKI ULCINJ, u kojoj rije? \u0161iko ima dvostruko zna?enje, a strus je skra?enica.<br \/>\n\u0160iko je balkanska rije?-izraz, na albanskom jeziku \u201cvidi-gledaj\u201d, bosanski izraz a\u0161ikovati tj. zagledivati se (izme?u momka i djevojke). U Ulcinju danas ima \u0161ta da se vidi i gleda: veliki prirodno-turisti?ki potencijali, bogato kulturno-istorijsko naslje?e, uslovi za organsku poljoprivredu, etni?ka i vjerska sloga, su\u017eivot i tolerancija, vrijedan, radan i miroljubiv narod. A ima se vidjeti i ono \u0161to ne valja: neuspjele privatizacije, a \u201cuspje\u0161ne\u201d likvidacije preduze?a, slaba\u0161na ekonomija, velika stopa nezaposlenosti, odsustvo pravih strate\u0161kih partnera, lo\u0161a infrastruktura, izra\u017eeni ambijentalno-ekolo\u0161ki problemi i devastacija prostora, nedefinisani pravci razvoja, netransparentna kadrovska politika, propadanje i skrnavljenje kulturnog bogatstva, polarizacija politi?kih partija-pozicije i opozicije, itd. Itd. Da se razumijemo i budemo objektivni &#8211; postoje?a vlast NIJE stvorila ove probleme, oni su naslije?eni, a neki poti?u iz vremena monizma.<br \/>\nAli sada\u0161nja \u2013 sjutra\u0161nja vlast treba da preuzme svetu, istorijsku ulogu i du\u017enost da ove i druge probleme po?ne rje\u0161avati za dvije, tri, pet, deset godina. E, tu treba tra\u017eiti pomo? u drugom zna?enju rije?i \u0160IKO skra?enica od rije?i \u0160IROKA KOALICIJA &#8211; naj\u0161ira mogu?a politika &#8211; pozicija i opozicija, biznis sektor, civilni sektor, stru?ne i lai?ke javnosti, intelektualaca i pregalaca, i ostalih institucija i gra?ana ?ime ?emo svi postati pozicija gradu, sebi i budu?im generacijama. U pomo? pozivamo STRUS &#8211; stru?ni timski rad Ulcinj spasava i vodi ga ka Evropi. A u STRUS uklju?iti politi?are, biznismene, eksperte svih profila, a po potrebi potra\u017eiti i pomo? sa strane.<br \/>\nSTRUS bi nas istovremeno oslobodio i budu?eg stresa kojem su Ulcinjani bili izlo\u017eeni u proteklom periodu nekoliko puta. Stres zbog zemljotresa kada smo se pribojavali da ?emo ostati bez ku?a i smje\u0161taja, ali sre?om cijela onda\u0161nja Jugoslavija pritekla je u pomo?, pa za mnoge, izuzev na\u017ealost \u017ertava, ispade dobrotres. Nastupi i stres zbog raspada zajedni?ke dr\u017eave, ratovi u susjedstvu, blokade i strah da ?emo ostati gladni bez hljeba, struca, egzistencije. Nastupi opet stres u Ulcinju kao posljedica lo\u0161ih privatizacija i otpu\u0161tanja radnika sa posla koji prakti?no ostado\u0161e bez egzistencije, bez hljeba, struca, na ulici. A da je najsla?i i najlak\u0161i hljeb u politici, pokaza\u0161e ulcinjski politi?ari koji formira\u0161e ?ak 11 patija i udru\u017eenja ne bi li se domogli na laki na?in do privilegija-hljeba-politi?kog struca.<br \/>\nZbog toga je vrijeme da prevazi?emo politi?ke podjele, pru\u017eimo ruku jedni drugima i kroz \u0160IKO i STRUS osiguramo bolju budu?nost. Nijedna politi?ka partija ili u\u017ea koalicija ne mo\u017ee Ulcinju donijeti sre?u i blagostanje i put u Evropu, ve? samo \u0161iroka koalicija i stru?njaci svih profila u partnerstvu i timskom radu.<br \/>\nUlcinj koji se nekad upore?ivao sa Dubrovnikom spao je na niske grane i vi\u0161e li?i na palanku-selendru, ne\u0161to izme?u sela i grada, tj. vi\u0161e od sela a manje od grada. Kroz izbor najboljih bez obzira kojoj naciji, vjeri ili partiji pripadali vrati?emo svom gradu mediteranski duh i primorski sjaj, evropski \u0161mek i gospostvenu ugla?enost koji su trasirali na\u0161i preci: pomorci i kapetani, trgovci i maslinari, istori?ari i ljekari, vjerski velikodostojnici, ?estiti dr\u017eavni slu\u017ebenici i namje\u0161tenici, profesori i nastavnici, knji\u017eevnici i umjetnici, politi?ari i analiti?ari sa ovog podru?ja prepoznati i van granica na\u0161e zemlje.<br \/>\nNa kraju poslu\u017eimo se rije?ima jednog poznatog pisca: Probudi se ne\u0161to se de\u0161ava, Nemoj re?i da to nisi znao, I tvoja se &#8211; na\u0161a\/Ulcinjska\/sudbina rje\u0161ava, Mo\u017eda ?e ti jednom biti \u017eao. Dragi Ulcinjani, gra?ani Ulcinja, Ulcinj smo mi &#8211; takvi kakvi smo.<br \/>\n<strong><br \/>\nD\u017eelal HOD\u017dI?, dr vet. med. &amp; ecc, ekolo\u0161ki aktivista iz Ulcinja<br \/>\n<a href=\"http:\/\/www.vijesti.me\/index.php?id_pre=342768&amp;godina=2010\" target=\"_blank\">Vijesti<br \/>\n<\/a><!--YouTube Error: bad URL entered--><a href=\"http:\/\/www.vijesti.me\/index.php?id_pre=342768&amp;godina=2010\" target=\"_blank\"><\/a><\/strong><\/p>\n","protected":false},"excerpt":{"rendered":"<p>STAV Dugo o?ekivani izbori u Ulcinju do?o\u0161e i pro?o\u0161e, rezultati se znaju i komentari\u0161u. Volja naroda-volja boga, ka\u017ee narodna poslovica. Ne pobje?uje najbolji, ve? onaj koji ima nadpolovi?nu ve?inu, ka\u017eu propisi. U Ulcinju za sada nema pobjednika, a da li ?e ga uskoro biti &#8211; vidje?emo. U kombinaciji narodne poslovice i postoje?ih propisa treba tra\u017eiti [&hellip;]<\/p>\n","protected":false},"author":1,"featured_media":0,"comment_status":"open","ping_status":"closed","sticky":false,"template":"","format":"standard","meta":{"spay_email":"","jetpack_publicize_message":"","jetpack_is_tweetstorm":false,"jetpack_publicize_feature_enabled":true},"categories":[8337],"tags":[135,19],"jetpack_publicize_connections":[],"yoast_head":"<!-- This site is optimized with the Yoast SEO plugin v19.1 - https:\/\/yoast.com\/wordpress\/plugins\/seo\/ -->\n<title>D\u017eelal Hod\u017ei?: Kako vratiti sjaj Ulcinju - Lajme nga Ulqini<\/title>\n<meta name=\"description\" content=\"STAV Dugo o?ekivani izbori u Ulcinju do?o\u0161e i pro?o\u0161e, rezultati se znaju i komentari\u0161u. Volja naroda-volja boga, ka\u017ee narodna poslovica. Ne pobje?uje\" \/>\n<meta name=\"robots\" content=\"index, follow, max-snippet:-1, max-image-preview:large, max-video-preview:-1\" \/>\n<link rel=\"canonical\" href=\"https:\/\/www.visit-ulcinj.com\/blog\/2010\/07\/06\/dzelal-hodzic-kako-vratiti-sjaj-ulcinju\/\" \/>\n<meta property=\"og:locale\" content=\"en_US\" \/>\n<meta property=\"og:type\" content=\"article\" \/>\n<meta property=\"og:title\" content=\"D\u017eelal Hod\u017ei?: Kako vratiti sjaj Ulcinju - Lajme nga Ulqini\" \/>\n<meta property=\"og:description\" content=\"STAV Dugo o?ekivani izbori u Ulcinju do?o\u0161e i pro?o\u0161e, rezultati se znaju i komentari\u0161u. Volja naroda-volja boga, ka\u017ee narodna poslovica. Ne pobje?uje\" \/>\n<meta property=\"og:url\" content=\"https:\/\/www.visit-ulcinj.com\/blog\/2010\/07\/06\/dzelal-hodzic-kako-vratiti-sjaj-ulcinju\/\" \/>\n<meta property=\"og:site_name\" content=\"Lajme nga Ulqini\" \/>\n<meta property=\"article:published_time\" content=\"2010-07-06T16:35:18+00:00\" \/>\n<meta property=\"og:image\" content=\"http:\/\/www.visit-ulcinj.com\/blog\/wp-content\/uploads\/2010\/07\/dzelal-hodzic_ulcinj.jpg\" \/>\n<meta name=\"twitter:label1\" content=\"Written by\" \/>\n\t<meta name=\"twitter:data1\" content=\"ulqini\" \/>\n\t<meta name=\"twitter:label2\" content=\"Est. reading time\" \/>\n\t<meta name=\"twitter:data2\" content=\"4 minutes\" \/>\n<script type=\"application\/ld+json\" class=\"yoast-schema-graph\">{\"@context\":\"https:\/\/schema.org\",\"@graph\":[{\"@type\":\"WebSite\",\"@id\":\"https:\/\/www.visit-ulcinj.com\/blog\/#website\",\"url\":\"https:\/\/www.visit-ulcinj.com\/blog\/\",\"name\":\"Lajme nga Ulqini\",\"description\":\"Lajme,Vijesti,Ulqini,Ulqin,Crna Gora,Mali i Zi\",\"potentialAction\":[{\"@type\":\"SearchAction\",\"target\":{\"@type\":\"EntryPoint\",\"urlTemplate\":\"https:\/\/www.visit-ulcinj.com\/blog\/?s={search_term_string}\"},\"query-input\":\"required name=search_term_string\"}],\"inLanguage\":\"en-US\"},{\"@type\":\"ImageObject\",\"inLanguage\":\"en-US\",\"@id\":\"https:\/\/www.visit-ulcinj.com\/blog\/2010\/07\/06\/dzelal-hodzic-kako-vratiti-sjaj-ulcinju\/#primaryimage\",\"url\":\"https:\/\/www.visit-ulcinj.com\/blog\/wp-content\/uploads\/2010\/07\/dzelal-hodzic_ulcinj.jpg\",\"contentUrl\":\"https:\/\/www.visit-ulcinj.com\/blog\/wp-content\/uploads\/2010\/07\/dzelal-hodzic_ulcinj.jpg\",\"width\":\"340\",\"height\":\"600\"},{\"@type\":\"WebPage\",\"@id\":\"https:\/\/www.visit-ulcinj.com\/blog\/2010\/07\/06\/dzelal-hodzic-kako-vratiti-sjaj-ulcinju\/#webpage\",\"url\":\"https:\/\/www.visit-ulcinj.com\/blog\/2010\/07\/06\/dzelal-hodzic-kako-vratiti-sjaj-ulcinju\/\",\"name\":\"D\u017eelal Hod\u017ei?: Kako vratiti sjaj Ulcinju - Lajme nga Ulqini\",\"isPartOf\":{\"@id\":\"https:\/\/www.visit-ulcinj.com\/blog\/#website\"},\"primaryImageOfPage\":{\"@id\":\"https:\/\/www.visit-ulcinj.com\/blog\/2010\/07\/06\/dzelal-hodzic-kako-vratiti-sjaj-ulcinju\/#primaryimage\"},\"datePublished\":\"2010-07-06T16:35:18+00:00\",\"dateModified\":\"2010-07-06T16:35:18+00:00\",\"author\":{\"@id\":\"https:\/\/www.visit-ulcinj.com\/blog\/#\/schema\/person\/dcab619c614d3038751c63bc2aadc06d\"},\"description\":\"STAV Dugo o?ekivani izbori u Ulcinju do?o\u0161e i pro?o\u0161e, rezultati se znaju i komentari\u0161u. Volja naroda-volja boga, ka\u017ee narodna poslovica. Ne pobje?uje\",\"breadcrumb\":{\"@id\":\"https:\/\/www.visit-ulcinj.com\/blog\/2010\/07\/06\/dzelal-hodzic-kako-vratiti-sjaj-ulcinju\/#breadcrumb\"},\"inLanguage\":\"en-US\",\"potentialAction\":[{\"@type\":\"ReadAction\",\"target\":[\"https:\/\/www.visit-ulcinj.com\/blog\/2010\/07\/06\/dzelal-hodzic-kako-vratiti-sjaj-ulcinju\/\"]}]},{\"@type\":\"BreadcrumbList\",\"@id\":\"https:\/\/www.visit-ulcinj.com\/blog\/2010\/07\/06\/dzelal-hodzic-kako-vratiti-sjaj-ulcinju\/#breadcrumb\",\"itemListElement\":[{\"@type\":\"ListItem\",\"position\":1,\"name\":\"D\u017eelal Hod\u017ei?: Kako vratiti sjaj Ulcinju\"}]},{\"@type\":\"Person\",\"@id\":\"https:\/\/www.visit-ulcinj.com\/blog\/#\/schema\/person\/dcab619c614d3038751c63bc2aadc06d\",\"name\":\"ulqini\",\"sameAs\":[\"http:\/\/www.visit-ulcinj.com\"],\"url\":\"https:\/\/www.visit-ulcinj.com\/blog\/author\/admin\/\"}]}<\/script>\n<!-- \/ Yoast SEO plugin. -->","yoast_head_json":{"title":"D\u017eelal Hod\u017ei?: Kako vratiti sjaj Ulcinju - Lajme nga Ulqini","description":"STAV Dugo o?ekivani izbori u Ulcinju do?o\u0161e i pro?o\u0161e, rezultati se znaju i komentari\u0161u. Volja naroda-volja boga, ka\u017ee narodna poslovica. Ne pobje?uje","robots":{"index":"index","follow":"follow","max-snippet":"max-snippet:-1","max-image-preview":"max-image-preview:large","max-video-preview":"max-video-preview:-1"},"canonical":"https:\/\/www.visit-ulcinj.com\/blog\/2010\/07\/06\/dzelal-hodzic-kako-vratiti-sjaj-ulcinju\/","og_locale":"en_US","og_type":"article","og_title":"D\u017eelal Hod\u017ei?: Kako vratiti sjaj Ulcinju - Lajme nga Ulqini","og_description":"STAV Dugo o?ekivani izbori u Ulcinju do?o\u0161e i pro?o\u0161e, rezultati se znaju i komentari\u0161u. Volja naroda-volja boga, ka\u017ee narodna poslovica. Ne pobje?uje","og_url":"https:\/\/www.visit-ulcinj.com\/blog\/2010\/07\/06\/dzelal-hodzic-kako-vratiti-sjaj-ulcinju\/","og_site_name":"Lajme nga Ulqini","article_published_time":"2010-07-06T16:35:18+00:00","og_image":[{"url":"http:\/\/www.visit-ulcinj.com\/blog\/wp-content\/uploads\/2010\/07\/dzelal-hodzic_ulcinj.jpg"}],"twitter_misc":{"Written by":"ulqini","Est. reading time":"4 minutes"},"schema":{"@context":"https:\/\/schema.org","@graph":[{"@type":"WebSite","@id":"https:\/\/www.visit-ulcinj.com\/blog\/#website","url":"https:\/\/www.visit-ulcinj.com\/blog\/","name":"Lajme nga Ulqini","description":"Lajme,Vijesti,Ulqini,Ulqin,Crna Gora,Mali i Zi","potentialAction":[{"@type":"SearchAction","target":{"@type":"EntryPoint","urlTemplate":"https:\/\/www.visit-ulcinj.com\/blog\/?s={search_term_string}"},"query-input":"required name=search_term_string"}],"inLanguage":"en-US"},{"@type":"ImageObject","inLanguage":"en-US","@id":"https:\/\/www.visit-ulcinj.com\/blog\/2010\/07\/06\/dzelal-hodzic-kako-vratiti-sjaj-ulcinju\/#primaryimage","url":"https:\/\/www.visit-ulcinj.com\/blog\/wp-content\/uploads\/2010\/07\/dzelal-hodzic_ulcinj.jpg","contentUrl":"https:\/\/www.visit-ulcinj.com\/blog\/wp-content\/uploads\/2010\/07\/dzelal-hodzic_ulcinj.jpg","width":"340","height":"600"},{"@type":"WebPage","@id":"https:\/\/www.visit-ulcinj.com\/blog\/2010\/07\/06\/dzelal-hodzic-kako-vratiti-sjaj-ulcinju\/#webpage","url":"https:\/\/www.visit-ulcinj.com\/blog\/2010\/07\/06\/dzelal-hodzic-kako-vratiti-sjaj-ulcinju\/","name":"D\u017eelal Hod\u017ei?: Kako vratiti sjaj Ulcinju - Lajme nga Ulqini","isPartOf":{"@id":"https:\/\/www.visit-ulcinj.com\/blog\/#website"},"primaryImageOfPage":{"@id":"https:\/\/www.visit-ulcinj.com\/blog\/2010\/07\/06\/dzelal-hodzic-kako-vratiti-sjaj-ulcinju\/#primaryimage"},"datePublished":"2010-07-06T16:35:18+00:00","dateModified":"2010-07-06T16:35:18+00:00","author":{"@id":"https:\/\/www.visit-ulcinj.com\/blog\/#\/schema\/person\/dcab619c614d3038751c63bc2aadc06d"},"description":"STAV Dugo o?ekivani izbori u Ulcinju do?o\u0161e i pro?o\u0161e, rezultati se znaju i komentari\u0161u. Volja naroda-volja boga, ka\u017ee narodna poslovica. Ne pobje?uje","breadcrumb":{"@id":"https:\/\/www.visit-ulcinj.com\/blog\/2010\/07\/06\/dzelal-hodzic-kako-vratiti-sjaj-ulcinju\/#breadcrumb"},"inLanguage":"en-US","potentialAction":[{"@type":"ReadAction","target":["https:\/\/www.visit-ulcinj.com\/blog\/2010\/07\/06\/dzelal-hodzic-kako-vratiti-sjaj-ulcinju\/"]}]},{"@type":"BreadcrumbList","@id":"https:\/\/www.visit-ulcinj.com\/blog\/2010\/07\/06\/dzelal-hodzic-kako-vratiti-sjaj-ulcinju\/#breadcrumb","itemListElement":[{"@type":"ListItem","position":1,"name":"D\u017eelal Hod\u017ei?: Kako vratiti sjaj Ulcinju"}]},{"@type":"Person","@id":"https:\/\/www.visit-ulcinj.com\/blog\/#\/schema\/person\/dcab619c614d3038751c63bc2aadc06d","name":"ulqini","sameAs":["http:\/\/www.visit-ulcinj.com"],"url":"https:\/\/www.visit-ulcinj.com\/blog\/author\/admin\/"}]}},"jetpack_featured_media_url":"","jetpack_sharing_enabled":true,"jetpack_shortlink":"https:\/\/wp.me\/pe6lTn-99Z","_links":{"self":[{"href":"https:\/\/www.visit-ulcinj.com\/blog\/wp-json\/wp\/v2\/posts\/35215"}],"collection":[{"href":"https:\/\/www.visit-ulcinj.com\/blog\/wp-json\/wp\/v2\/posts"}],"about":[{"href":"https:\/\/www.visit-ulcinj.com\/blog\/wp-json\/wp\/v2\/types\/post"}],"author":[{"embeddable":true,"href":"https:\/\/www.visit-ulcinj.com\/blog\/wp-json\/wp\/v2\/users\/1"}],"replies":[{"embeddable":true,"href":"https:\/\/www.visit-ulcinj.com\/blog\/wp-json\/wp\/v2\/comments?post=35215"}],"version-history":[{"count":0,"href":"https:\/\/www.visit-ulcinj.com\/blog\/wp-json\/wp\/v2\/posts\/35215\/revisions"}],"wp:attachment":[{"href":"https:\/\/www.visit-ulcinj.com\/blog\/wp-json\/wp\/v2\/media?parent=35215"}],"wp:term":[{"taxonomy":"category","embeddable":true,"href":"https:\/\/www.visit-ulcinj.com\/blog\/wp-json\/wp\/v2\/categories?post=35215"},{"taxonomy":"post_tag","embeddable":true,"href":"https:\/\/www.visit-ulcinj.com\/blog\/wp-json\/wp\/v2\/tags?post=35215"}],"curies":[{"name":"wp","href":"https:\/\/api.w.org\/{rel}","templated":true}]}}