{"id":35237,"date":"2010-07-07T20:07:51","date_gmt":"2010-07-07T18:07:51","guid":{"rendered":"http:\/\/www.visit-ulcinj.com\/blog\/?p=35237"},"modified":"2010-07-07T20:15:26","modified_gmt":"2010-07-07T18:15:26","slug":"dps-ne-da-predsjednika","status":"publish","type":"post","link":"https:\/\/www.visit-ulcinj.com\/blog\/2010\/07\/07\/dps-ne-da-predsjednika\/","title":{"rendered":"DPS ne da predsjednika"},"content":{"rendered":"<p><a href=\"http:\/\/www.visit-ulcinj.com\/blog\/wp-content\/uploads\/2010\/07\/Vlast-Ulcinja_DUA_DPS_SDP_PDP-2.jpg\"><img loading=\"lazy\" class=\"alignleft size-full wp-image-35142\" title=\"Vlast Ulcinja_DUA_DPS_SDP_PDP (2)\" src=\"http:\/\/www.visit-ulcinj.com\/blog\/wp-content\/uploads\/2010\/07\/Vlast-Ulcinja_DUA_DPS_SDP_PDP-2.jpg\" alt=\"Vlast Ulcinja_DUA_DPS_SDP_PDP (2)\" width=\"490\" height=\"353\" srcset=\"https:\/\/www.visit-ulcinj.com\/blog\/wp-content\/uploads\/2010\/07\/Vlast-Ulcinja_DUA_DPS_SDP_PDP-2.jpg 490w, https:\/\/www.visit-ulcinj.com\/blog\/wp-content\/uploads\/2010\/07\/Vlast-Ulcinja_DUA_DPS_SDP_PDP-2-300x216.jpg 300w\" sizes=\"(max-width: 490px) 100vw, 490px\" \/><\/a>Ulcinj &#8211; Koalicija DPS-DUA, te SDP i Partija demokratskog prosperiteta(PDP) vjerovatno ?e ve?eras nastaviti pregovore o formiranju vlasti u Ulcinju u kojima je kamen spoticanja zahtjev socijaldemokrata za mjesto predsjednika Skup\u0161tine op\u0161tine, koji je neprihvatljiv za najja?u partiju.<br \/>\nDPS je ranije negativno odgovorio na pisani zahtjev SDP-a koji se, pored potpredsjednika Op\u0161tine, sekretara za urbanizam, glavnog menad\u017eera i direktora Komunalnog, odnosio i na prvog ?ovjeka gradske Skup\u0161tine.<br \/>\n\u201eDPS ne?e odustati od mjesta predsjednika SO. Ostali zahtjevi SDP za nas nijesu sporni, tim prije \u0161to je u prvim direktnim pregovorima SDP odustao od zahtjeva za direktora komunalnog preduze?a\u201c, kazao je \u201eVijestima\u201c \u0161ef ulcinjskog DPS Ljui? \u0160krelja.<\/p>\n<p>Sli?ni tonovi sti\u017eu i iz ulcinjske filijale SDP koja je, kako je kazao njen \u0161ef Selim Rasulbegovi?, u intenzivnim konsultacijama sa Predsjedni\u0161tvom partije: \u201eNi mi ne odustajemo od zahtjeva da dobijemo ?elnu funkciju zakonodavne vlasti koja bi garantovala kvalitetan rad koalicije.<br \/>\nDUA, DPS, SDP i PDP, koje su na nedavnim lokalnim izborima osvojile ukupno 18 od 33 mandata, i do sada su dr\u017eale vlast u Ulcinju.<br \/>\nIako opozicija, predvo?ena oja?alom Forcom, SDP-u nudi mnogo vi\u0161e, mogu?nost formiranja te koalicije, po andrijevi?kom scenariju, je skoro isklju?ena.<\/p>\n<p><strong>S.A.<br \/>\n<a href=\"http:\/\/www.vijesti.me\/\" target=\"_blank\">Vijesti<\/a><\/strong><\/p>\n","protected":false},"excerpt":{"rendered":"<p>Ulcinj &#8211; Koalicija DPS-DUA, te SDP i Partija demokratskog prosperiteta(PDP) vjerovatno ?e ve?eras nastaviti pregovore o formiranju vlasti u Ulcinju u kojima je kamen spoticanja zahtjev socijaldemokrata za mjesto predsjednika Skup\u0161tine op\u0161tine, koji je neprihvatljiv za najja?u partiju. DPS je ranije negativno odgovorio na pisani zahtjev SDP-a koji se, pored potpredsjednika Op\u0161tine, sekretara za urbanizam, [&hellip;]<\/p>\n","protected":false},"author":1,"featured_media":0,"comment_status":"open","ping_status":"closed","sticky":false,"template":"","format":"standard","meta":{"spay_email":"","jetpack_publicize_message":"","jetpack_is_tweetstorm":false,"jetpack_publicize_feature_enabled":true},"categories":[8337],"tags":[530,87,14829,3594,14821,14830,19],"jetpack_publicize_connections":[],"yoast_head":"<!-- This site is optimized with the Yoast SEO plugin v19.1 - https:\/\/yoast.com\/wordpress\/plugins\/seo\/ -->\n<title>DPS ne da predsjednika - Lajme nga Ulqini<\/title>\n<meta name=\"description\" content=\"Ulcinj - Koalicija DPS-DUA, te SDP i Partija demokratskog prosperiteta(PDP) vjerovatno ?e ve?eras nastaviti pregovore o formiranju vlasti u Ulcinju u\" \/>\n<meta name=\"robots\" content=\"index, follow, max-snippet:-1, max-image-preview:large, max-video-preview:-1\" \/>\n<link rel=\"canonical\" href=\"https:\/\/www.visit-ulcinj.com\/blog\/2010\/07\/07\/dps-ne-da-predsjednika\/\" \/>\n<meta property=\"og:locale\" content=\"en_US\" \/>\n<meta property=\"og:type\" content=\"article\" \/>\n<meta property=\"og:title\" content=\"DPS ne da predsjednika - Lajme nga Ulqini\" \/>\n<meta property=\"og:description\" content=\"Ulcinj - Koalicija DPS-DUA, te SDP i Partija demokratskog prosperiteta(PDP) vjerovatno ?e ve?eras nastaviti pregovore o formiranju vlasti u Ulcinju u\" \/>\n<meta property=\"og:url\" content=\"https:\/\/www.visit-ulcinj.com\/blog\/2010\/07\/07\/dps-ne-da-predsjednika\/\" \/>\n<meta property=\"og:site_name\" content=\"Lajme nga Ulqini\" \/>\n<meta property=\"article:published_time\" content=\"2010-07-07T18:07:51+00:00\" \/>\n<meta property=\"article:modified_time\" content=\"2010-07-07T18:15:26+00:00\" \/>\n<meta property=\"og:image\" content=\"http:\/\/www.visit-ulcinj.com\/blog\/wp-content\/uploads\/2010\/07\/Vlast-Ulcinja_DUA_DPS_SDP_PDP-2.jpg\" \/>\n<meta name=\"twitter:label1\" content=\"Written by\" \/>\n\t<meta name=\"twitter:data1\" content=\"ulqini\" \/>\n\t<meta name=\"twitter:label2\" content=\"Est. reading time\" \/>\n\t<meta name=\"twitter:data2\" content=\"1 minute\" \/>\n<script type=\"application\/ld+json\" class=\"yoast-schema-graph\">{\"@context\":\"https:\/\/schema.org\",\"@graph\":[{\"@type\":\"WebSite\",\"@id\":\"https:\/\/www.visit-ulcinj.com\/blog\/#website\",\"url\":\"https:\/\/www.visit-ulcinj.com\/blog\/\",\"name\":\"Lajme nga Ulqini\",\"description\":\"Lajme,Vijesti,Ulqini,Ulqin,Crna Gora,Mali i Zi\",\"potentialAction\":[{\"@type\":\"SearchAction\",\"target\":{\"@type\":\"EntryPoint\",\"urlTemplate\":\"https:\/\/www.visit-ulcinj.com\/blog\/?s={search_term_string}\"},\"query-input\":\"required name=search_term_string\"}],\"inLanguage\":\"en-US\"},{\"@type\":\"ImageObject\",\"inLanguage\":\"en-US\",\"@id\":\"https:\/\/www.visit-ulcinj.com\/blog\/2010\/07\/07\/dps-ne-da-predsjednika\/#primaryimage\",\"url\":\"https:\/\/www.visit-ulcinj.com\/blog\/wp-content\/uploads\/2010\/07\/Vlast-Ulcinja_DUA_DPS_SDP_PDP-2.jpg\",\"contentUrl\":\"https:\/\/www.visit-ulcinj.com\/blog\/wp-content\/uploads\/2010\/07\/Vlast-Ulcinja_DUA_DPS_SDP_PDP-2.jpg\",\"width\":\"490\",\"height\":\"353\"},{\"@type\":\"WebPage\",\"@id\":\"https:\/\/www.visit-ulcinj.com\/blog\/2010\/07\/07\/dps-ne-da-predsjednika\/#webpage\",\"url\":\"https:\/\/www.visit-ulcinj.com\/blog\/2010\/07\/07\/dps-ne-da-predsjednika\/\",\"name\":\"DPS ne da predsjednika - Lajme nga Ulqini\",\"isPartOf\":{\"@id\":\"https:\/\/www.visit-ulcinj.com\/blog\/#website\"},\"primaryImageOfPage\":{\"@id\":\"https:\/\/www.visit-ulcinj.com\/blog\/2010\/07\/07\/dps-ne-da-predsjednika\/#primaryimage\"},\"datePublished\":\"2010-07-07T18:07:51+00:00\",\"dateModified\":\"2010-07-07T18:15:26+00:00\",\"author\":{\"@id\":\"https:\/\/www.visit-ulcinj.com\/blog\/#\/schema\/person\/dcab619c614d3038751c63bc2aadc06d\"},\"description\":\"Ulcinj - Koalicija DPS-DUA, te SDP i Partija demokratskog prosperiteta(PDP) vjerovatno ?e ve?eras nastaviti pregovore o formiranju vlasti u Ulcinju u\",\"breadcrumb\":{\"@id\":\"https:\/\/www.visit-ulcinj.com\/blog\/2010\/07\/07\/dps-ne-da-predsjednika\/#breadcrumb\"},\"inLanguage\":\"en-US\",\"potentialAction\":[{\"@type\":\"ReadAction\",\"target\":[\"https:\/\/www.visit-ulcinj.com\/blog\/2010\/07\/07\/dps-ne-da-predsjednika\/\"]}]},{\"@type\":\"BreadcrumbList\",\"@id\":\"https:\/\/www.visit-ulcinj.com\/blog\/2010\/07\/07\/dps-ne-da-predsjednika\/#breadcrumb\",\"itemListElement\":[{\"@type\":\"ListItem\",\"position\":1,\"name\":\"DPS ne da predsjednika\"}]},{\"@type\":\"Person\",\"@id\":\"https:\/\/www.visit-ulcinj.com\/blog\/#\/schema\/person\/dcab619c614d3038751c63bc2aadc06d\",\"name\":\"ulqini\",\"sameAs\":[\"http:\/\/www.visit-ulcinj.com\"],\"url\":\"https:\/\/www.visit-ulcinj.com\/blog\/author\/admin\/\"}]}<\/script>\n<!-- \/ Yoast SEO plugin. -->","yoast_head_json":{"title":"DPS ne da predsjednika - Lajme nga Ulqini","description":"Ulcinj - Koalicija DPS-DUA, te SDP i Partija demokratskog prosperiteta(PDP) vjerovatno ?e ve?eras nastaviti pregovore o formiranju vlasti u Ulcinju u","robots":{"index":"index","follow":"follow","max-snippet":"max-snippet:-1","max-image-preview":"max-image-preview:large","max-video-preview":"max-video-preview:-1"},"canonical":"https:\/\/www.visit-ulcinj.com\/blog\/2010\/07\/07\/dps-ne-da-predsjednika\/","og_locale":"en_US","og_type":"article","og_title":"DPS ne da predsjednika - Lajme nga Ulqini","og_description":"Ulcinj - Koalicija DPS-DUA, te SDP i Partija demokratskog prosperiteta(PDP) vjerovatno ?e ve?eras nastaviti pregovore o formiranju vlasti u Ulcinju u","og_url":"https:\/\/www.visit-ulcinj.com\/blog\/2010\/07\/07\/dps-ne-da-predsjednika\/","og_site_name":"Lajme nga Ulqini","article_published_time":"2010-07-07T18:07:51+00:00","article_modified_time":"2010-07-07T18:15:26+00:00","og_image":[{"url":"http:\/\/www.visit-ulcinj.com\/blog\/wp-content\/uploads\/2010\/07\/Vlast-Ulcinja_DUA_DPS_SDP_PDP-2.jpg"}],"twitter_misc":{"Written by":"ulqini","Est. reading time":"1 minute"},"schema":{"@context":"https:\/\/schema.org","@graph":[{"@type":"WebSite","@id":"https:\/\/www.visit-ulcinj.com\/blog\/#website","url":"https:\/\/www.visit-ulcinj.com\/blog\/","name":"Lajme nga Ulqini","description":"Lajme,Vijesti,Ulqini,Ulqin,Crna Gora,Mali i Zi","potentialAction":[{"@type":"SearchAction","target":{"@type":"EntryPoint","urlTemplate":"https:\/\/www.visit-ulcinj.com\/blog\/?s={search_term_string}"},"query-input":"required name=search_term_string"}],"inLanguage":"en-US"},{"@type":"ImageObject","inLanguage":"en-US","@id":"https:\/\/www.visit-ulcinj.com\/blog\/2010\/07\/07\/dps-ne-da-predsjednika\/#primaryimage","url":"https:\/\/www.visit-ulcinj.com\/blog\/wp-content\/uploads\/2010\/07\/Vlast-Ulcinja_DUA_DPS_SDP_PDP-2.jpg","contentUrl":"https:\/\/www.visit-ulcinj.com\/blog\/wp-content\/uploads\/2010\/07\/Vlast-Ulcinja_DUA_DPS_SDP_PDP-2.jpg","width":"490","height":"353"},{"@type":"WebPage","@id":"https:\/\/www.visit-ulcinj.com\/blog\/2010\/07\/07\/dps-ne-da-predsjednika\/#webpage","url":"https:\/\/www.visit-ulcinj.com\/blog\/2010\/07\/07\/dps-ne-da-predsjednika\/","name":"DPS ne da predsjednika - Lajme nga Ulqini","isPartOf":{"@id":"https:\/\/www.visit-ulcinj.com\/blog\/#website"},"primaryImageOfPage":{"@id":"https:\/\/www.visit-ulcinj.com\/blog\/2010\/07\/07\/dps-ne-da-predsjednika\/#primaryimage"},"datePublished":"2010-07-07T18:07:51+00:00","dateModified":"2010-07-07T18:15:26+00:00","author":{"@id":"https:\/\/www.visit-ulcinj.com\/blog\/#\/schema\/person\/dcab619c614d3038751c63bc2aadc06d"},"description":"Ulcinj - Koalicija DPS-DUA, te SDP i Partija demokratskog prosperiteta(PDP) vjerovatno ?e ve?eras nastaviti pregovore o formiranju vlasti u Ulcinju u","breadcrumb":{"@id":"https:\/\/www.visit-ulcinj.com\/blog\/2010\/07\/07\/dps-ne-da-predsjednika\/#breadcrumb"},"inLanguage":"en-US","potentialAction":[{"@type":"ReadAction","target":["https:\/\/www.visit-ulcinj.com\/blog\/2010\/07\/07\/dps-ne-da-predsjednika\/"]}]},{"@type":"BreadcrumbList","@id":"https:\/\/www.visit-ulcinj.com\/blog\/2010\/07\/07\/dps-ne-da-predsjednika\/#breadcrumb","itemListElement":[{"@type":"ListItem","position":1,"name":"DPS ne da predsjednika"}]},{"@type":"Person","@id":"https:\/\/www.visit-ulcinj.com\/blog\/#\/schema\/person\/dcab619c614d3038751c63bc2aadc06d","name":"ulqini","sameAs":["http:\/\/www.visit-ulcinj.com"],"url":"https:\/\/www.visit-ulcinj.com\/blog\/author\/admin\/"}]}},"jetpack_featured_media_url":"","jetpack_sharing_enabled":true,"jetpack_shortlink":"https:\/\/wp.me\/pe6lTn-9al","_links":{"self":[{"href":"https:\/\/www.visit-ulcinj.com\/blog\/wp-json\/wp\/v2\/posts\/35237"}],"collection":[{"href":"https:\/\/www.visit-ulcinj.com\/blog\/wp-json\/wp\/v2\/posts"}],"about":[{"href":"https:\/\/www.visit-ulcinj.com\/blog\/wp-json\/wp\/v2\/types\/post"}],"author":[{"embeddable":true,"href":"https:\/\/www.visit-ulcinj.com\/blog\/wp-json\/wp\/v2\/users\/1"}],"replies":[{"embeddable":true,"href":"https:\/\/www.visit-ulcinj.com\/blog\/wp-json\/wp\/v2\/comments?post=35237"}],"version-history":[{"count":0,"href":"https:\/\/www.visit-ulcinj.com\/blog\/wp-json\/wp\/v2\/posts\/35237\/revisions"}],"wp:attachment":[{"href":"https:\/\/www.visit-ulcinj.com\/blog\/wp-json\/wp\/v2\/media?parent=35237"}],"wp:term":[{"taxonomy":"category","embeddable":true,"href":"https:\/\/www.visit-ulcinj.com\/blog\/wp-json\/wp\/v2\/categories?post=35237"},{"taxonomy":"post_tag","embeddable":true,"href":"https:\/\/www.visit-ulcinj.com\/blog\/wp-json\/wp\/v2\/tags?post=35237"}],"curies":[{"name":"wp","href":"https:\/\/api.w.org\/{rel}","templated":true}]}}