{"id":35259,"date":"2010-07-07T21:41:23","date_gmt":"2010-07-07T19:41:23","guid":{"rendered":"http:\/\/www.visit-ulcinj.com\/blog\/?p=35259"},"modified":"2010-07-08T10:35:15","modified_gmt":"2010-07-08T08:35:15","slug":"dileret-mashtrojne-turistet-duke-i-vendosur-ne-objekte-ilegale","status":"publish","type":"post","link":"https:\/\/www.visit-ulcinj.com\/blog\/2010\/07\/07\/dileret-mashtrojne-turistet-duke-i-vendosur-ne-objekte-ilegale\/","title":{"rendered":"Ulqin: Ofrojn\u00eb vendosje n\u00eb objekte legale"},"content":{"rendered":"<p><strong><a href=\"http:\/\/www.visit-ulcinj.com\/blog\/wp-content\/uploads\/2010\/07\/Ulqin_Ofrojn\u00eb-vendosje-n\u00eb-objekte-legale.jpg\"><img loading=\"lazy\" class=\"alignleft size-full wp-image-35260\" title=\"Ulqin_Ofrojn\u00eb vendosje n\u00eb objekte legale\" src=\"http:\/\/www.visit-ulcinj.com\/blog\/wp-content\/uploads\/2010\/07\/Ulqin_Ofrojn\u00eb-vendosje-n\u00eb-objekte-legale.jpg\" alt=\"Ulqin_Ofrojn\u00eb vendosje n\u00eb objekte legale\" width=\"490\" height=\"370\" \/><\/a><\/strong>Ulqin, 7 korrik &#8211; Turist\u00ebt q\u00eb arrijn\u00eb n\u00eb Ulqin p\u00ebr t\u00eb pushuar edhe sivjet po ballafaqohen me dukurin\u00eb e ofrimin individual t\u00eb vendosjes dhe akomodimit, gj\u00eb q\u00eb e karakterizon t\u00ebr\u00eb bregdetin malazias, por n\u00eb Ulqin i kalon caqet e nj\u00eb mir\u00ebpritjeje t\u00eb turist\u00ebve, mbase p\u00ebr shkak se k\u00ebtu oferta b\u00ebjn\u00eb edhe diler\u00ebt mashtrues.<br \/>\nNumrin e diler\u00ebve t\u00eb till\u00eb sivjet e kan\u00eb shtuar edhe disa diler\u00eb, t\u00eb cil\u00ebt ag e terr ndjekin \u00e7do makin\u00eb q\u00eb vjen nga Shkodra apo Tivari, e t\u00eb mos flasim p\u00ebr invadimin e tyre n\u00eb Stacionin e Autobus\u00ebve. K\u00ebta diler\u00eb nuk jan\u00eb ulqinak\u00eb, por e kan\u00eb gjetur nj\u00eb m\u00ebnyr\u00eb t\u00eb p\u00ebrfitimit p\u00ebr t\u2019i mashtruar turist\u00ebt, duke i vendosur n\u00ebp\u00ebr vila t\u00eb nd\u00ebrtuesve ilegal nga Novi Pazari, Rozhaja e Berana.<br \/>\n\u201cK\u00ebtu e kan\u00eb fajin inspeksioni komunal dhe policia q\u00eb nuk nd\u00ebrmarrin masa ndaj k\u00ebtyre njer\u00ebzve, t\u00eb cil\u00ebt komprometojn\u00eb mikpritjen e Ulqinit dhe shqet\u00ebsojn\u00eb mysafir\u00ebt tan\u00eb. Shumica e tyre jan\u00eb ardhacak\u00eb nga vendet e rajonit, t\u00eb cil\u00ebt tentojn\u00eb, por edhe arrijn\u00eb t\u00eb mashtrojn\u00eb turist\u00ebt, duke i vendosur n\u00ebp\u00ebr vilat e nd\u00ebrtuesve ilegal nga Novi Pazari, Rozhaja e Berana, ku detyrimisht shfaqen pak\u00ebnaq\u00ebsi t\u00eb ndryshme\u201d, shprehet ulqinaku Idriz Bajrami p\u00ebr KosovaLive.<a href=\"http:\/\/www.visit-ulcinj.com\/blog\/wp-content\/uploads\/2010\/07\/Velika-plaza-ulcinj_montenegro.jpg\"><img loading=\"lazy\" class=\"alignleft size-full wp-image-35261\" title=\"Velika plaza ulcinj_montenegro\" src=\"http:\/\/www.visit-ulcinj.com\/blog\/wp-content\/uploads\/2010\/07\/Velika-plaza-ulcinj_montenegro.jpg\" alt=\"Velika plaza ulcinj_montenegro\" width=\"490\" height=\"380\" \/><\/a><br \/>\nArsim Behluli, i cili tash dy dekada e gjysm\u00eb jeton n\u00eb Austri, thot\u00eb se vazhdimisht vjen n\u00eb Ulqin, meq\u00eb plazhet jan\u00eb t\u00eb pastra, \u00e7mimet e p\u00ebrballueshme, ka siguri dhe jet\u00eb t\u00eb pasur nate p\u00ebr t\u00eb gjitha grupmoshat. Ai thot\u00eb se me familje n\u00eb or\u00ebt e mbr\u00ebmjes shkojn\u00eb t\u00eb d\u00ebgjojn\u00eb her\u00eb k\u00ebng\u00ebtaren Gjyste Vulaj, her\u00eb Med\u00ebn apo Merita Halilin.<br \/>\n\u201cPor, k\u00ebta diler\u00ebt jan\u00eb b\u00ebr\u00eb m\u00eb t\u00eb bezdissh\u00ebm sesa mushkonjat. Njeri prej tyre, madje, m\u00eb ofroi edhe mua q\u00eb t\u00eb angazhohem n\u00eb k\u00ebt\u00eb pun\u00eb \u201csepse mund t\u00eb fitohet mir\u00eb\u201d. M\u00ebsova se ai dhe sigurisht edhe shum\u00eb si ai nuk jan\u00eb nga Ulqini dhe veprojn\u00eb t\u00eb papenguar nga organet p\u00ebrkat\u00ebse n\u00eb d\u00ebm t\u00eb turizmit t\u00eb k\u00ebtush\u00ebm\u201d, thot\u00eb Arsimi.<br \/>\nPa dyshim se kjo gjendje \u00ebsht\u00eb pasoj\u00eb edhe e faktit se Organizata Komunale Turistike n\u00eb Ulqin nuk ka arritur t\u00eb hap\u00eb sportelet e veta n\u00ebp\u00ebr pikat kryesore t\u00eb lagjeve turistike, si n\u00eb Pinjesh, Shtoj, Gjerana dhe K\u00ebrru\u00e7 p\u00ebr t\u00eb pasur n\u00ebn kontroll t\u00eb plot\u00eb t\u00eb gjitha rrjedhat e sezonit turistik, i cili ka startuar mir\u00eb.<br \/>\nStartin e mir\u00eb t\u00eb sezonit turistik e konfirmon edhe Isat Dragovoja, shef i shitjes n\u00eb nd\u00ebrmarrjen turistike hoteliere \u201cRiviera e Ulqinit\u201d, i cili thot\u00eb se vizita i ka tejkaluar parashikimet dhe \u00ebsht\u00eb m\u00eb e mir\u00eb se sa vitin e kaluar.<\/p>\n<p><strong>KOHA NET<\/strong><\/p>\n<p><strong><!--YouTube Error: bad URL entered--><br \/>\n<\/strong><\/p>\n","protected":false},"excerpt":{"rendered":"<p>Ulqin, 7 korrik &#8211; Turist\u00ebt q\u00eb arrijn\u00eb n\u00eb Ulqin p\u00ebr t\u00eb pushuar edhe sivjet po ballafaqohen me dukurin\u00eb e ofrimin individual t\u00eb vendosjes dhe akomodimit, gj\u00eb q\u00eb e karakterizon t\u00ebr\u00eb bregdetin malazias, por n\u00eb Ulqin i kalon caqet e nj\u00eb mir\u00ebpritjeje t\u00eb turist\u00ebve, mbase p\u00ebr shkak se k\u00ebtu oferta b\u00ebjn\u00eb edhe diler\u00ebt mashtrues. Numrin e [&hellip;]<\/p>\n","protected":false},"author":1,"featured_media":0,"comment_status":"open","ping_status":"closed","sticky":false,"template":"","format":"standard","meta":{"spay_email":"","jetpack_publicize_message":"","jetpack_is_tweetstorm":false,"jetpack_publicize_feature_enabled":true},"categories":[1],"tags":[14832,2462,11734,18],"jetpack_publicize_connections":[],"yoast_head":"<!-- This site is optimized with the Yoast SEO plugin v19.1 - https:\/\/yoast.com\/wordpress\/plugins\/seo\/ -->\n<title>Ulqin: Ofrojn\u00eb vendosje n\u00eb objekte legale - Lajme nga Ulqini<\/title>\n<meta name=\"description\" content=\"Ulqin, 7 korrik - Turist\u00ebt q\u00eb arrijn\u00eb n\u00eb Ulqin p\u00ebr t\u00eb pushuar edhe sivjet po ballafaqohen me dukurin\u00eb e ofrimin individual t\u00eb vendosjes dhe akomodimit,\" \/>\n<meta name=\"robots\" content=\"index, follow, max-snippet:-1, max-image-preview:large, max-video-preview:-1\" \/>\n<link rel=\"canonical\" href=\"https:\/\/www.visit-ulcinj.com\/blog\/2010\/07\/07\/dileret-mashtrojne-turistet-duke-i-vendosur-ne-objekte-ilegale\/\" \/>\n<meta property=\"og:locale\" content=\"en_US\" \/>\n<meta property=\"og:type\" content=\"article\" \/>\n<meta property=\"og:title\" content=\"Ulqin: Ofrojn\u00eb vendosje n\u00eb objekte legale - Lajme nga Ulqini\" \/>\n<meta property=\"og:description\" content=\"Ulqin, 7 korrik - Turist\u00ebt q\u00eb arrijn\u00eb n\u00eb Ulqin p\u00ebr t\u00eb pushuar edhe sivjet po ballafaqohen me dukurin\u00eb e ofrimin individual t\u00eb vendosjes dhe akomodimit,\" \/>\n<meta property=\"og:url\" content=\"https:\/\/www.visit-ulcinj.com\/blog\/2010\/07\/07\/dileret-mashtrojne-turistet-duke-i-vendosur-ne-objekte-ilegale\/\" \/>\n<meta property=\"og:site_name\" content=\"Lajme nga Ulqini\" \/>\n<meta property=\"article:published_time\" content=\"2010-07-07T19:41:23+00:00\" \/>\n<meta property=\"article:modified_time\" content=\"2010-07-08T08:35:15+00:00\" \/>\n<meta property=\"og:image\" content=\"http:\/\/www.visit-ulcinj.com\/blog\/wp-content\/uploads\/2010\/07\/Velika-plaza-ulcinj_montenegro.jpg\" \/>\n<meta name=\"twitter:label1\" content=\"Written by\" \/>\n\t<meta name=\"twitter:data1\" content=\"ulqini\" \/>\n\t<meta name=\"twitter:label2\" content=\"Est. reading time\" \/>\n\t<meta name=\"twitter:data2\" content=\"2 minutes\" \/>\n<script type=\"application\/ld+json\" class=\"yoast-schema-graph\">{\"@context\":\"https:\/\/schema.org\",\"@graph\":[{\"@type\":\"WebSite\",\"@id\":\"https:\/\/www.visit-ulcinj.com\/blog\/#website\",\"url\":\"https:\/\/www.visit-ulcinj.com\/blog\/\",\"name\":\"Lajme nga Ulqini\",\"description\":\"Lajme,Vijesti,Ulqini,Ulqin,Crna Gora,Mali i Zi\",\"potentialAction\":[{\"@type\":\"SearchAction\",\"target\":{\"@type\":\"EntryPoint\",\"urlTemplate\":\"https:\/\/www.visit-ulcinj.com\/blog\/?s={search_term_string}\"},\"query-input\":\"required name=search_term_string\"}],\"inLanguage\":\"en-US\"},{\"@type\":\"ImageObject\",\"inLanguage\":\"en-US\",\"@id\":\"https:\/\/www.visit-ulcinj.com\/blog\/2010\/07\/07\/dileret-mashtrojne-turistet-duke-i-vendosur-ne-objekte-ilegale\/#primaryimage\",\"url\":\"https:\/\/www.visit-ulcinj.com\/blog\/wp-content\/uploads\/2010\/07\/Velika-plaza-ulcinj_montenegro.jpg\",\"contentUrl\":\"https:\/\/www.visit-ulcinj.com\/blog\/wp-content\/uploads\/2010\/07\/Velika-plaza-ulcinj_montenegro.jpg\",\"width\":\"1420\",\"height\":\"621\"},{\"@type\":\"WebPage\",\"@id\":\"https:\/\/www.visit-ulcinj.com\/blog\/2010\/07\/07\/dileret-mashtrojne-turistet-duke-i-vendosur-ne-objekte-ilegale\/#webpage\",\"url\":\"https:\/\/www.visit-ulcinj.com\/blog\/2010\/07\/07\/dileret-mashtrojne-turistet-duke-i-vendosur-ne-objekte-ilegale\/\",\"name\":\"Ulqin: Ofrojn\u00eb vendosje n\u00eb objekte legale - Lajme nga Ulqini\",\"isPartOf\":{\"@id\":\"https:\/\/www.visit-ulcinj.com\/blog\/#website\"},\"primaryImageOfPage\":{\"@id\":\"https:\/\/www.visit-ulcinj.com\/blog\/2010\/07\/07\/dileret-mashtrojne-turistet-duke-i-vendosur-ne-objekte-ilegale\/#primaryimage\"},\"datePublished\":\"2010-07-07T19:41:23+00:00\",\"dateModified\":\"2010-07-08T08:35:15+00:00\",\"author\":{\"@id\":\"https:\/\/www.visit-ulcinj.com\/blog\/#\/schema\/person\/dcab619c614d3038751c63bc2aadc06d\"},\"description\":\"Ulqin, 7 korrik - Turist\u00ebt q\u00eb arrijn\u00eb n\u00eb Ulqin p\u00ebr t\u00eb pushuar edhe sivjet po ballafaqohen me dukurin\u00eb e ofrimin individual t\u00eb vendosjes dhe akomodimit,\",\"breadcrumb\":{\"@id\":\"https:\/\/www.visit-ulcinj.com\/blog\/2010\/07\/07\/dileret-mashtrojne-turistet-duke-i-vendosur-ne-objekte-ilegale\/#breadcrumb\"},\"inLanguage\":\"en-US\",\"potentialAction\":[{\"@type\":\"ReadAction\",\"target\":[\"https:\/\/www.visit-ulcinj.com\/blog\/2010\/07\/07\/dileret-mashtrojne-turistet-duke-i-vendosur-ne-objekte-ilegale\/\"]}]},{\"@type\":\"BreadcrumbList\",\"@id\":\"https:\/\/www.visit-ulcinj.com\/blog\/2010\/07\/07\/dileret-mashtrojne-turistet-duke-i-vendosur-ne-objekte-ilegale\/#breadcrumb\",\"itemListElement\":[{\"@type\":\"ListItem\",\"position\":1,\"name\":\"Ulqin: Ofrojn\u00eb vendosje n\u00eb objekte legale\"}]},{\"@type\":\"Person\",\"@id\":\"https:\/\/www.visit-ulcinj.com\/blog\/#\/schema\/person\/dcab619c614d3038751c63bc2aadc06d\",\"name\":\"ulqini\",\"sameAs\":[\"http:\/\/www.visit-ulcinj.com\"],\"url\":\"https:\/\/www.visit-ulcinj.com\/blog\/author\/admin\/\"}]}<\/script>\n<!-- \/ Yoast SEO plugin. -->","yoast_head_json":{"title":"Ulqin: Ofrojn\u00eb vendosje n\u00eb objekte legale - Lajme nga Ulqini","description":"Ulqin, 7 korrik - Turist\u00ebt q\u00eb arrijn\u00eb n\u00eb Ulqin p\u00ebr t\u00eb pushuar edhe sivjet po ballafaqohen me dukurin\u00eb e ofrimin individual t\u00eb vendosjes dhe akomodimit,","robots":{"index":"index","follow":"follow","max-snippet":"max-snippet:-1","max-image-preview":"max-image-preview:large","max-video-preview":"max-video-preview:-1"},"canonical":"https:\/\/www.visit-ulcinj.com\/blog\/2010\/07\/07\/dileret-mashtrojne-turistet-duke-i-vendosur-ne-objekte-ilegale\/","og_locale":"en_US","og_type":"article","og_title":"Ulqin: Ofrojn\u00eb vendosje n\u00eb objekte legale - Lajme nga Ulqini","og_description":"Ulqin, 7 korrik - Turist\u00ebt q\u00eb arrijn\u00eb n\u00eb Ulqin p\u00ebr t\u00eb pushuar edhe sivjet po ballafaqohen me dukurin\u00eb e ofrimin individual t\u00eb vendosjes dhe akomodimit,","og_url":"https:\/\/www.visit-ulcinj.com\/blog\/2010\/07\/07\/dileret-mashtrojne-turistet-duke-i-vendosur-ne-objekte-ilegale\/","og_site_name":"Lajme nga Ulqini","article_published_time":"2010-07-07T19:41:23+00:00","article_modified_time":"2010-07-08T08:35:15+00:00","og_image":[{"url":"http:\/\/www.visit-ulcinj.com\/blog\/wp-content\/uploads\/2010\/07\/Velika-plaza-ulcinj_montenegro.jpg"}],"twitter_misc":{"Written by":"ulqini","Est. reading time":"2 minutes"},"schema":{"@context":"https:\/\/schema.org","@graph":[{"@type":"WebSite","@id":"https:\/\/www.visit-ulcinj.com\/blog\/#website","url":"https:\/\/www.visit-ulcinj.com\/blog\/","name":"Lajme nga Ulqini","description":"Lajme,Vijesti,Ulqini,Ulqin,Crna Gora,Mali i Zi","potentialAction":[{"@type":"SearchAction","target":{"@type":"EntryPoint","urlTemplate":"https:\/\/www.visit-ulcinj.com\/blog\/?s={search_term_string}"},"query-input":"required name=search_term_string"}],"inLanguage":"en-US"},{"@type":"ImageObject","inLanguage":"en-US","@id":"https:\/\/www.visit-ulcinj.com\/blog\/2010\/07\/07\/dileret-mashtrojne-turistet-duke-i-vendosur-ne-objekte-ilegale\/#primaryimage","url":"https:\/\/www.visit-ulcinj.com\/blog\/wp-content\/uploads\/2010\/07\/Velika-plaza-ulcinj_montenegro.jpg","contentUrl":"https:\/\/www.visit-ulcinj.com\/blog\/wp-content\/uploads\/2010\/07\/Velika-plaza-ulcinj_montenegro.jpg","width":"1420","height":"621"},{"@type":"WebPage","@id":"https:\/\/www.visit-ulcinj.com\/blog\/2010\/07\/07\/dileret-mashtrojne-turistet-duke-i-vendosur-ne-objekte-ilegale\/#webpage","url":"https:\/\/www.visit-ulcinj.com\/blog\/2010\/07\/07\/dileret-mashtrojne-turistet-duke-i-vendosur-ne-objekte-ilegale\/","name":"Ulqin: Ofrojn\u00eb vendosje n\u00eb objekte legale - Lajme nga Ulqini","isPartOf":{"@id":"https:\/\/www.visit-ulcinj.com\/blog\/#website"},"primaryImageOfPage":{"@id":"https:\/\/www.visit-ulcinj.com\/blog\/2010\/07\/07\/dileret-mashtrojne-turistet-duke-i-vendosur-ne-objekte-ilegale\/#primaryimage"},"datePublished":"2010-07-07T19:41:23+00:00","dateModified":"2010-07-08T08:35:15+00:00","author":{"@id":"https:\/\/www.visit-ulcinj.com\/blog\/#\/schema\/person\/dcab619c614d3038751c63bc2aadc06d"},"description":"Ulqin, 7 korrik - Turist\u00ebt q\u00eb arrijn\u00eb n\u00eb Ulqin p\u00ebr t\u00eb pushuar edhe sivjet po ballafaqohen me dukurin\u00eb e ofrimin individual t\u00eb vendosjes dhe akomodimit,","breadcrumb":{"@id":"https:\/\/www.visit-ulcinj.com\/blog\/2010\/07\/07\/dileret-mashtrojne-turistet-duke-i-vendosur-ne-objekte-ilegale\/#breadcrumb"},"inLanguage":"en-US","potentialAction":[{"@type":"ReadAction","target":["https:\/\/www.visit-ulcinj.com\/blog\/2010\/07\/07\/dileret-mashtrojne-turistet-duke-i-vendosur-ne-objekte-ilegale\/"]}]},{"@type":"BreadcrumbList","@id":"https:\/\/www.visit-ulcinj.com\/blog\/2010\/07\/07\/dileret-mashtrojne-turistet-duke-i-vendosur-ne-objekte-ilegale\/#breadcrumb","itemListElement":[{"@type":"ListItem","position":1,"name":"Ulqin: Ofrojn\u00eb vendosje n\u00eb objekte legale"}]},{"@type":"Person","@id":"https:\/\/www.visit-ulcinj.com\/blog\/#\/schema\/person\/dcab619c614d3038751c63bc2aadc06d","name":"ulqini","sameAs":["http:\/\/www.visit-ulcinj.com"],"url":"https:\/\/www.visit-ulcinj.com\/blog\/author\/admin\/"}]}},"jetpack_featured_media_url":"","jetpack_sharing_enabled":true,"jetpack_shortlink":"https:\/\/wp.me\/pe6lTn-9aH","_links":{"self":[{"href":"https:\/\/www.visit-ulcinj.com\/blog\/wp-json\/wp\/v2\/posts\/35259"}],"collection":[{"href":"https:\/\/www.visit-ulcinj.com\/blog\/wp-json\/wp\/v2\/posts"}],"about":[{"href":"https:\/\/www.visit-ulcinj.com\/blog\/wp-json\/wp\/v2\/types\/post"}],"author":[{"embeddable":true,"href":"https:\/\/www.visit-ulcinj.com\/blog\/wp-json\/wp\/v2\/users\/1"}],"replies":[{"embeddable":true,"href":"https:\/\/www.visit-ulcinj.com\/blog\/wp-json\/wp\/v2\/comments?post=35259"}],"version-history":[{"count":0,"href":"https:\/\/www.visit-ulcinj.com\/blog\/wp-json\/wp\/v2\/posts\/35259\/revisions"}],"wp:attachment":[{"href":"https:\/\/www.visit-ulcinj.com\/blog\/wp-json\/wp\/v2\/media?parent=35259"}],"wp:term":[{"taxonomy":"category","embeddable":true,"href":"https:\/\/www.visit-ulcinj.com\/blog\/wp-json\/wp\/v2\/categories?post=35259"},{"taxonomy":"post_tag","embeddable":true,"href":"https:\/\/www.visit-ulcinj.com\/blog\/wp-json\/wp\/v2\/tags?post=35259"}],"curies":[{"name":"wp","href":"https:\/\/api.w.org\/{rel}","templated":true}]}}