{"id":35363,"date":"2010-07-10T12:51:20","date_gmt":"2010-07-10T10:51:20","guid":{"rendered":"http:\/\/www.visit-ulcinj.com\/blog\/?p=35363"},"modified":"2010-07-10T12:51:20","modified_gmt":"2010-07-10T10:51:20","slug":"ulqini-vleresohet-me-tre-yje","status":"publish","type":"post","link":"https:\/\/www.visit-ulcinj.com\/blog\/2010\/07\/10\/ulqini-vleresohet-me-tre-yje\/","title":{"rendered":"Ulqini vler\u00ebsohet me tre yje"},"content":{"rendered":"<p><img loading=\"lazy\" class=\"alignleft\" title=\"Ulqini me tre yje\" src=\"http:\/\/www.visit-ulcinj.com\/blog\/wp-content\/uploads\/2008\/09\/mire-se-vini-ne-ulqin.jpg\" alt=\"\" width=\"490\" height=\"362\" \/>Plazh, sh\u00ebrbime hotelerie t\u00eb nivelit nga 2-4 yje e muzik\u00eb \u201ctallava\u201d. Kjo \u00ebsht\u00eb n\u00eb p\u00ebrgjith\u00ebsi oferta turistike e Ulqinit edhe p\u00ebr k\u00ebt\u00eb vit. Risi ka pak, si n\u00eb sh\u00ebrbime, po ashtu edhe n\u00eb \u00e7mime, por pushuesit nga Kosova priten t\u00eb jen\u00eb edhe k\u00ebt\u00eb ver\u00eb pjesa m\u00eb e madhe e klient\u00ebve t\u00eb k\u00ebsaj oferte. T\u00eb pakt\u00ebn k\u00ebshtu shpresojn\u00eb ulqinak\u00ebt.<br \/>\nUlqini i k\u00ebtij viti do t\u00eb dukej shum\u00eb i ngjash\u00ebm me Ulqinin e viti 2009, apo edhe at\u00eb t\u00eb viteve m\u00eb her\u00ebt, sikur t\u00eb mos e kishte nj\u00eb befasi t\u00eb pak\u00ebndshme. N\u00eb Kala, q\u00eb \u00ebsht\u00eb edhe simboli i qytetit kan\u00eb filluar edhe nd\u00ebrtime t\u00eb egra, me blloka t\u00eb kuq.<br \/>\nMegjith\u00ebse nuk ka di\u00e7ka t\u00eb ve\u00e7ant\u00eb, Ulqini edhe sivjet ka mjaft vende p\u00ebr ata q\u00eb don\u00eb t\u00eb pushojn\u00eb n\u00eb t\u00eb, kurse efekti i autostrad\u00ebs s\u00eb Shqip\u00ebris\u00eb, tash ve\u00e7 ka filluar t\u00eb jap\u00eb rezultate pozitive edhe p\u00ebr Ulqinin, pasi q\u00eb rruga n\u00ebp\u00ebr t\u00eb, p\u00ebr n\u00eb Mal t\u00eb Zi, kalohet duksh\u00ebm m\u00eb shpejt. Ulqinak\u00ebt presin q\u00eb autostrada e Kosov\u00ebs do t\u00eb rris\u00eb edhe m\u00eb vler\u00ebn k\u00ebtij vendi.<br \/>\nT\u00eb vizituarit e Malit t\u00eb Zi mund t\u00eb kalohet vet\u00ebm me dokumente t\u00eb Republik\u00ebs s\u00eb Kosov\u00ebs, kurse let\u00ebrnjoftimet dhe pasaportat e koh\u00ebs s\u00eb UNMIK-ut jan\u00eb shpallur t\u00eb pavlefshme dhe nuk mund t\u00eb kalohet me to. P\u00ebr k\u00ebt\u00eb, Qeveria e Kosov\u00ebs ka k\u00ebrkuar q\u00eb Mali i Zi q\u00eb t\u00eb mos lejohen ata qytetar\u00eb q\u00eb kan\u00eb dokumente t\u00eb UNMIK-ut t\u00eb kalojn\u00eb tutje.<\/p>\n<p><strong>Plazhet me flamur t\u00eb kalt\u00ebr<\/strong><\/p>\n<p><img loading=\"lazy\" class=\"alignleft\" title=\"isat dragovoja\" src=\"http:\/\/www.visit-ulcinj.com\/blog\/wp-content\/uploads\/2010\/07\/Isat-Dragovoja_ulqin.jpg\" alt=\"\" width=\"343\" height=\"437\" \/>Isak Dragovoja, menaxher i shitjes n\u00eb organizat\u00ebn publike \u201cRiviera e Ulqinit\u201d, q\u00eb \u00ebsht\u00eb edhe organizata m\u00eb e madhe turistike n\u00eb Ulqin, e q\u00eb bart n\u00eb vete tri hotele, thot\u00eb se nd\u00ebrmarrja e tyre ofron mbi 1000 shtret\u00ebr. Kurse, krejt Ulqini, sektori privat dhe ai publik, llogaritet t\u00eb ken\u00eb n\u00eb dispozicion mbi 120 mij\u00eb shtret\u00ebr.<br \/>\n\u201cRiviera e Ulqinit\u201d posedon edhe fshatin turistik Ada n\u00eb Bun\u00eb me rreth 600 shtret\u00ebr. Megjith\u00ebk\u00ebt\u00eb, Dragovoja pranoi q\u00eb hotelet e tyre jan\u00eb me dy yje, dhe persin q\u00eb s\u00eb shpejti ta rrisin standardin. Kurse, p\u00ebr ofruesit privat t\u00eb shfrimeve hotelierike, cil\u00ebsia e sh\u00ebrbimeve shkon prej 2-4 yje.<br \/>\nIsak Dragovoja shpjegon se pasi q\u00eb jan\u00eb nd\u00ebrmarrje publike, e kan\u00eb pasur t\u00eb v\u00ebshtir\u00eb t\u00eb jen\u00eb konkurrent\u00eb me \u00e7mime me ofruesit privat t\u00eb sh\u00ebrbimeve t\u00eb turizmit, mir\u00ebpo me pun\u00eb kan\u00eb arritur t\u00eb jen\u00eb konkurrent\u00eb n\u00eb rajon me \u00e7mime dhe me kualitet. \u201cE kemi kriz\u00ebn ekonomike globale dhe \u00e7mimet nuk i kemi ndryshuar p\u00ebr 3 vite me radh\u00eb. \u00c7mimet sillen prej 24-31 euro gjat\u00eb muajit korrik p\u00ebr gjysm\u00eb pansioni, nd\u00ebrsa p\u00ebr muajin gusht \u00e7mimet sillen 27-36 euro. M\u00ebngjesi dhe darka jan\u00eb tavolin\u00eb suedeze\u201d, shprehet ai.<br \/>\nDragovoja si menaxher i shitjes shpjegon q\u00eb ata punojn\u00eb shum\u00eb p\u00ebr ta pasur tregun e Kosov\u00ebs, ku jan\u00eb angazhuar 15 agjenci turistike. Ai thot\u00eb se synojn\u00eb q\u00eb t\u00eb ken\u00eb s\u00eb paku 50% t\u00eb pushuesve nga Kosova, gj\u00eb t\u00eb cil\u00ebn n\u00ebp\u00ebr disa konferenca p\u00ebr shtyp e than\u00eb edhe kryetari i Ulqinit, G\u00ebzim Hajdinaga, si dhe Ali Rexha, drejtor i turizmit n\u00eb Komun\u00ebn e Ulqinit.<br \/>\nP\u00ebr dallim nga hotelet, sh\u00ebrbimi n\u00eb plazh \u00ebsht\u00eb m\u00eb n\u00eb nivel. Derisa Ulqini njihet p\u00ebr dy plazhet, at\u00eb t\u00eb voglin dhe t\u00eb madhin, pushuesit nga Kosova dukej se kan\u00eb zgjedhur t\u00eb parin. Por, plazhe q\u00eb menaxhohen nga kompani private, n\u00eb plazhin e madh, tashm\u00eb kan\u00eb fituar edhe \u201cflamurin e kalt\u00ebr\u201d, si standard nd\u00ebrkomb\u00ebtar t\u00eb cil\u00ebsis\u00eb.<\/p>\n<p><strong>Oferta p\u00ebr nj\u00eb jav\u00eb<\/strong><\/p>\n<p>Agjencis\u00eb Komb\u00ebtare e Malit t\u00eb Zi, ka njoftuar se ofertat turistike t\u00eb k\u00ebtij vendi p\u00ebrmbajn\u00eb dy paket-aranzhmane, n\u00eb sektorin privat dhe at\u00eb hotelier, i cili do t\u00eb menaxhohet nga agjencit\u00eb e organizat\u00ebs s\u00eb turizmit t\u00eb Malit t\u00eb Zi. Sipas k\u00ebsaj agjencie, vitin e kaluar, bregdetin e Malit t\u00eb Zi, e kan\u00eb vizituar mbi 50 mij\u00eb turist\u00eb nga Kosova. K\u00ebt\u00eb vit Agjencia pret nj\u00eb num\u00ebr edhe m\u00eb t\u00eb madh t\u00eb turist\u00ebve, duke e shfryt\u00ebzuar edhe autostrad\u00ebn e Shqip\u00ebris\u00eb.<br \/>\nPaketa turistike n\u00eb sektorin privat jasht\u00eb sezonit do t\u00eb jet\u00eb 42 euro, p\u00ebr 7 dit\u00eb, nd\u00ebrsa gjat\u00eb sezonit nga 1 korriku deri m\u00eb 31 gusht, \u00e7mimi do t\u00eb jet\u00eb m\u00eb i lart\u00eb nga 70 deri n\u00eb 77 euro. Nd\u00ebrsa, akomodimi n\u00eb hotele jasht\u00eb sezonit do t\u00eb jet\u00eb me nj\u00eb \u00e7mim prej 72 deri n\u00eb 154 euro, nd\u00ebrsa gjat\u00eb sezonit nga 155 deri n\u00eb 280 euro, ofert\u00eb kjo e cila p\u00ebrfshin hotelet e kategoris\u00eb 2 deri n\u00eb 4 yje.<br \/>\n<a href=\"http:\/\/www.visit-ulcinj.com\/blog\/wp-content\/uploads\/2010\/07\/HTP-Ulcinjska-Rivijera.png\"><img loading=\"lazy\" title=\"HTP Ulcinjska Rivijera,pedaline,dje?ja igrali\u0161ta ,dje?ja pla\u017ea,Internet point, kamper parking,Parking automobila sa hladovinom, Pla\u017ea je pje\u0161?ana,Plava zastava,razni zabavni i sportski sadr\u017eaji,restoran, supermarket,tu\u0161evi , zasebne kabine, apartmani, aperitiv bar, Auto Camp - ADA BOJANA- Ulcinj - Crna Gora, Auto Camp - ada bojana - Ulcinj - Montenegro, Auto kamp, Auto kamp - ada bojana - Ulcinj - Crna Gora, Auto kamp - ada bojana - Ulcinj - Montenegro, Camp ada bojana, - Ulcinj - Montenegro, Crna Gora, Eco - auto camp, hoteli, hrvatska, Human table soccer, i animacija, Jedrenje, kamp, Kamp ?rna gora, Kampi, Ko\u0161arka, letovanje, maistral, Mali nogomet, Mini golf, Najam ?amaca, Najam bicikli, Odbojka, Odbojka na pijesku, odmor, Ostali vodeni sportovi, pivnica, Pla\u017ea, ponude Ulcinja 2010, Rekreacija, riblji restoran, ronjenje, Rukomet, sandoline , sanitarije, sanitarije za invalide, Skijanje na moru, snack bar, sobe, Speedminton, Sport, Stolni tenis, Surfanje, Tenis, Turisti?ki aran\u017emani, ulcinj, ville, hoteli,Vo\u017enja bananom , Vo\u017enja padobranom na moru, Zabava,jahanje konja,sunce.more,morski talasi,hladovina,nudisti,nudisticki kamp,bojana lux,mir,ljepota,priroda,muzika,nocni zivot,hotel Olympic ,hotel Bellevue,Ada Bojana, apartman, apartmani, Beach, bungalovi, crna, fkk ada bojana, GORA, holiday, hotel, hoteli, jahanje konja, jezero, kitsurfing, kompleks, kongresna, Leto, letovanje, ljetovanje, Montenegro, naselje, obala, odmor, ostrva, ostrvo, Pla\u017ea, pla\u017ee, planina, putovanje, ronjenje, sala, sme\u0161taj, Sporti \/ Sport, Sunce, surfing, travel, turisti?ko, turizam, ulcinj, Ulcinjska rivijera, Wellness, Zabava,Summer Holiday Ulcinj \u2013 Montenegro, Aranzhmanet ne bregdetin e Ulqinit,dhoma me qera ulqin, dhoma per pushime ulqin, dhoma te lira ulqin, Pushime ne det te ulqinit, Pushime ne plazh,pushime te lira ulqin, Pushime Verore ulqin,Aanbiedingen en, Last minute, Montenegro, ulcinj, vakantie, Vakanties, vakantiewarenhuis,.ferien-miete, Am Ferien in Montenegro, Ferienwohnung Ferienhaus, Ferienwohnung montenegro, Ferienwohnung ulcinj, Gruppenreisen Billig, Ihr Spezialist fuer den Urlaub in Montenegro, Last Minute Reisen nach Montenegro, mieten Ferienhaus, Montenegro Ferienhaus privat, Montenegro Urlaub, Sie suchen ein in Montenegro Ferienhaus, Urlaub Ferienwohnung MONTENEGRO, Urlaub in Ulqin \/ Ulcinj \u2013 Montenegro, Vermietung Ferienwohnungen, Wundersch\u00f6nes Ferienhaus mieten,chambres, comparateur, culture, gites, guide, hotel, info, locations, magazine, maison, nature, sports, tourisme, vacances, vacances \u00e0 Ulcinj Montenegro, voyage, week-end,Accommodation Czarnog\u00f3ra w Ulciniu na Wielkiej Pla?y, AKOMODACJA NOCLEG Ulcinj, Apartamenty, ?azienki, Budva. Wczasy Czarnog\u00f3ra autokarem oraz, Bukurija e Ulqinit, Ch?odziarki, Copacabana, Czarnog\u00f3ra, Czarnog\u00f3ra Wynajem na wakacje, Czarnogora last minute, Lato 2010 \u2013 Czarnog\u00f3ra Ulcinj, Letni wypoczynek w Czarnog\u00f3rze, , Parking dla samochod\u00f3w, Piaszczysta pla?a, Pokoje, Pokoje prywatne, Safari, Taras Pokoje dost?pne na ?yczenie i zastrze?e?, Tropicana, ulcinj, Ulcinj Riwiera, Ulcinj na Wielkiej Pla?y, Ulcinj panorama miasta, Ulcinj Riwiera przewodnik, Ulcinj w Czarnog\u00f3rze, w ka?dym pokoju kuchnia, Wakacje, Wakacje Czarnog\u00f3ra, wakacje Ulcinj, Wielka plaza,Appartements in ulcinj, Fahradfahren, ferienhaus, Ferienh\u00e4user, ferienwohnungen in ulcinj, Last Minute Ulcinj Angebote, Last Minute Ulcinj Urlaub, schwimmen, surfen, tauchen, tennis, Ulcinj Ferienh\u00e4user, Wasserski, Bestill billig overnatting i Ulcinj, ferie i Ulcinj Montenegro, informasjon ulcinj, Montenegro, Overnatting, Ulcinj Apartments, Ulcinj ferie, Ada Bojana, all inclusive montenegro, Billiga Boende Holiday ulcinj montenegro, biluthyrning, Boende Holiday, Boende ulcinj montenegro, Accommodatie vakantiehuis in Ulcinj, Advertenties van accommodatie eigenaren., Grond Verkoop Montenegro Ulcinj, Huis te koop ulcinj, Montenegro, Recensies van overnachtingen Ulcinj, Vakantie MONTENEGRO, Vakantie Reis, Vakantie weersverwachting Ulcinj (Montenegro), Vakantiehuis, Vakantiehuizen, Vakantiewoning Appartement, Vakantiewoning te huur montenegro \u2026, Vakantiewoning te huur ulcinj, Vakantiewoningen MONTENEGRO, Verhuur-Vakantie ulcinj, video\u2019s van Ulcinj in Montenegro, Appartement de vacances, Bienvenue Ulcinj \u2013 Mont\u00e9n\u00e9gro, chambres \u00e0 louer \u00e0 ulcinj, h\u00e9bergement priv\u00e9, h\u00e9bergements de vacances, h\u00e9bergements vacances, location de bigorre., location de vacance, location maison avec piscine, location saisonni\u00e8res, Location vacance, locations de vacance, Locations de Vacances, Locations de Vacances \u00e0 Ulcinj, locations entre particulier, Locations vacance, logement pour 7 \u20ac, logements de vacances, logements vacance, louer villa, Luxury Summer Rentals, Maison de vacances, Montenegro Airlines, ulcinj, Ulcinj Mont\u00e9n\u00e9gro, vacances \u00e0 Mont\u00e9n\u00e9gro \u2013 location \u00e0 Ulcinj, voyage au Mont\u00e9n\u00e9gro, Voyage Ulcinj,Ada Bojana, apartmani, aran\u017enmani, B&amp;H, banjski-turizam, beograd, bih, Bosna i Hercegovina, Budva, cene, Copacabana, Crna Gora, eko-turizam, garsonjere, A sz\u00e1ll\u00e1s fajt\u00e1ja az ulcinj, Ada Bojana egy egyed\u00fcl\u00e1ll\u00f3 kis szige, Ada Bojana naturista \u00fcd\u00fcl?telep, Az Adriai-tenger kal\u00f3zai, az Adriai-tenger partj\u00e1n, \u00dcdv\u00f6z\u00f6lj\u00fck, \u00f6b\u00f6lt?l valdanos, egyik legszebb r\u00e9sz\u00e9n helyezkedik ulcinj, F?oldal, Mag\u00e1nh\u00e1z Utaz\u00e1s, Montenegr\u00f3 utaz\u00e1s, Montenegr\u00f3ban az Ulcinj-i Rivi\u00e9r\u00e1n, nyaral\u00e1s, Sz\u00e1ll\u00e1s ulcinj Montenegr\u00f3, sz\u00e1ll\u00e1shely, Sz\u00e1ll\u00e1sok Montenegr\u00f3ban az Ulcinj, sz\u00e1zadokban kolchiszi g\u00f6r\u00f6g\u00f6k alap\u00edtott\u00e1k, tenger, Tov\u00e1bbi aj\u00e1nlataink az ulcinj, ulcinj, ulcinj belv\u00e1ros\u00e1ban, Ulcinj T\u00e9rk\u00e9p,?ern\u00e1 Hora, Mal\u00e1 pl\u00e1\u017e Ulcinj, noc, p\u00edse?n\u00e1 pl\u00e1\u017e ulcinj, pokoj, Priv\u00e1t, rezervace ubytov\u00e1n\u00ed, Ubytov\u00e1n\u00ed ulcinj, Velk\u00e1 pl\u00e1\u017e ulcinj,Alloggio a Ulcinj Montenegro,alberghi a Ulcinj Montenegro , Albergo a Ulcinj Montenegro, Alloggi a Ulcinj Montenegro, Alloggio a Ulcinj Montenegro , Vacanze in Ulcinj Montenegro ,All Holiday in Montenegro Ulcinj, Attractions, holiday in Ulcinj \u2013 Apartments in Ulcinj Montenegro, Holiday Rentals in Montenegro Ulcinj, Holiday Romms , Hostel Ulcinj is located in private, More about Ulcinj, Tourists on Holidays in Ulcinj, Ulcinj Apartments Montenegro All rooms and apartments are luxuriously equipped,ferien-miete, Am Ferien in Montenegro, Ferienwohnung Ferienhaus, Ferienwohnung montenegro, Ferienwohnung ulcinj, Gruppenreisen Billig, Ihr Spezialist fuer den Urlaub in Montenegro, Last Minute Reisen nach Montenegro, mieten Ferienhaus, Montenegro Ferienhaus privat, Montenegro Urlaub, Sie suchen ein in Montenegro Ferienhaus, , Urlaub Ferienwohnung MONTENEGRO, Urlaub in Ulcinj \u2013 Montenegro, Vermietung Ferienwohnungen, Wundersch\u00f6nes Ferienhaus mieten,h\u00e9bergement priv\u00e9, Locations de Vacances, Locations de Vacances \u00e0 Ulcinj, \" src=\"http:\/\/www.visit-ulcinj.com\/blog\/wp-content\/uploads\/2010\/07\/HTP-Ulcinjska-Rivijera.png\" alt=\"HTP Ulcinjska Rivijera\" width=\"490\" height=\"100\" \/><\/a><\/p>\n<p><a href=\"http:\/\/www.ulcinjska-rivijera.com\/me\/index.php?akcija=7&amp;opsirN=52\" target=\"_blank\"><\/a><br \/>\n<strong>Panair, ve\u00e7 disa or\u00eb!<br \/>\n<\/strong><br \/>\n<a href=\"http:\/\/www.visit-ulcinj.com\/blog\/wp-content\/uploads\/2010\/07\/Panairin-e-Bizneseve-Kosovare-n\u00eb-Ulqin.jpg\"><img loading=\"lazy\" class=\"alignleft size-medium wp-image-35365\" title=\"Panairin e Bizneseve Kosovare n\u00eb Ulqin\" src=\"http:\/\/www.visit-ulcinj.com\/blog\/wp-content\/uploads\/2010\/07\/Panairin-e-Bizneseve-Kosovare-n\u00eb-Ulqin-300x212.jpg\" alt=\"Panairin e Bizneseve Kosovare n\u00eb Ulqin\" width=\"300\" height=\"212\" \/><\/a>Megjith\u00ebse t\u00eb gjith\u00eb n\u00eb Ulqin e pranojn\u00eb se mbi gjysma e veprimtarive t\u00eb tyre turistike varen nga turist\u00ebt nga Kosova, p\u00ebr bizneset e Kosov\u00ebs ata nuk kan\u00eb b\u00ebr\u00eb shum\u00eb. Sipas pronar\u00ebve t\u00eb bizneseve q\u00eb ekspozuan produktet e tyre n\u00eb \u201cPanairin e Bizneseve Kosovare n\u00eb Ulqin\u201d, t\u00eb organizuar nga Aleanca Kosovare e Biznesit, n\u00eb Ulqin \u00ebsht\u00eb krijuar monopol i bizneseve t\u00eb atyshme dhe v\u00ebshtir\u00eb dep\u00ebrtojn\u00eb bizneset nga Kosova. Megjithat\u00eb, p\u00ebr kryetarin e Ulqinit, G\u00ebzim Hajdinaga kjo nuk q\u00ebndron.<br \/>\nPor, bizneset e Kosov\u00ebs q\u00eb mor\u00ebn pjes\u00eb n\u00eb panairin e lartp\u00ebrmendur, pat\u00ebn v\u00ebrejtje p\u00ebr gjith\u00e7ka rreth tij. \u201cKemi k\u00ebrkuar q\u00eb prodhimet tona t\u00eb ekspozohen n\u00eb qend\u00ebr t\u00eb qytetit, e ata na prun\u00eb k\u00ebtu af\u00ebr plazhit, q\u00eb t\u00eb kemi m\u00eb shum\u00eb hap\u00ebsir\u00eb, e mbet\u00ebm me k\u00ebto pak metra dhe krejt n\u00eb rrug\u00eb. Kam b\u00ebr\u00eb shpenzime, e me sa po e shoh nuk ia paska vlejtur\u201d, tha jozyrtarisht nj\u00ebri nd\u00ebr biznesmen\u00ebt pjes\u00ebmarr\u00ebs n\u00eb panair.<br \/>\nE \u00e7udit\u00ebrisht, Panairi edhe pse ishte prezantuar si disaditor, ai p\u00ebrfundoi pas pak or\u00ebsh, pa asnj\u00eb shpjegim.<\/p>\n<p><strong>Degradime n\u00eb Kala<br \/>\n<\/strong><br \/>\n<a href=\"http:\/\/www.visit-ulcinj.com\/blog\/wp-content\/uploads\/2010\/07\/Degradime-n\u00eb-Kala-te-ulqinit.jpg\"><img loading=\"lazy\" class=\"alignleft size-thumbnail wp-image-35366\" title=\"Degradime n\u00eb Kala te ulqinit\" src=\"http:\/\/www.visit-ulcinj.com\/blog\/wp-content\/uploads\/2010\/07\/Degradime-n\u00eb-Kala-te-ulqinit-150x150.jpg\" alt=\"Degradime n\u00eb Kala te ulqinit\" width=\"200\" height=\"140\" \/><\/a>N\u00eb kalan\u00eb e Ulqinit, q\u00eb \u00ebsht\u00eb edhe simboli i qytetit, tash kan\u00eb filluar edhe nd\u00ebrtime t\u00eb egra, me blloka t\u00eb kuq. Nj\u00eb objekt i till\u00eb tashm\u00eb gjendet i pap\u00ebrfunduar ende, vet\u00ebm pak metra nga ish-restaurant \u201cMarko Pollo\u201d. Banor\u00ebt e atysh\u00ebm thon\u00eb q\u00eb at\u00eb ka filluar ta nd\u00ebrtoj\u00eb nj\u00eb biznesmen me prejardhje nga Rusia, por nd\u00ebrtimet ia nd\u00ebrpreu UNESCO.<br \/>\nSikur t\u00eb mos mjaftonte kjo, kulla e Balshajve, q\u00eb \u00ebsht\u00eb nj\u00eb objekt shum\u00eb i ve\u00e7ant\u00eb brenda kalas\u00eb, tash m\u00eb nuk e ka mbishkrimin shqip. At\u00eb mund ta lexojn\u00eb vet\u00ebm ata q\u00eb e din\u00eb gjuh\u00ebn serbe.<\/p>\n<p><strong>Shqipmedia<br \/>\n\n\t\t<style type=\"text\/css\">\n\t\t\t#gallery-1 {\n\t\t\t\tmargin: auto;\n\t\t\t}\n\t\t\t#gallery-1 .gallery-item {\n\t\t\t\tfloat: left;\n\t\t\t\tmargin-top: 10px;\n\t\t\t\ttext-align: center;\n\t\t\t\twidth: 33%;\n\t\t\t}\n\t\t\t#gallery-1 img {\n\t\t\t\tborder: 2px solid #cfcfcf;\n\t\t\t}\n\t\t\t#gallery-1 .gallery-caption {\n\t\t\t\tmargin-left: 0;\n\t\t\t}\n\t\t\t\/* see gallery_shortcode() in wp-includes\/media.php *\/\n\t\t<\/style>\n\t\t<div id='gallery-1' class='gallery galleryid-35363 gallery-columns-3 gallery-size-thumbnail'><dl class='gallery-item'>\n\t\t\t<dt class='gallery-icon '>\n\t\t\t\t<a href='https:\/\/www.visit-ulcinj.com\/blog\/wp-content\/uploads\/2010\/07\/Panairin-e-Bizneseve-Kosovare-n\u00c3\u00ab-Ulqin.jpg'><img width=\"1\" height=\"1\" src=\"https:\/\/www.visit-ulcinj.com\/blog\/wp-content\/uploads\/2010\/07\/Panairin-e-Bizneseve-Kosovare-n\u00c3\u00ab-Ulqin.jpg\" class=\"attachment-thumbnail size-thumbnail\" alt=\"\" loading=\"lazy\" \/><\/a>\n\t\t\t<\/dt><\/dl><dl class='gallery-item'>\n\t\t\t<dt class='gallery-icon '>\n\t\t\t\t<a href='https:\/\/www.visit-ulcinj.com\/blog\/wp-content\/uploads\/2010\/07\/Degradime-n\u00c3\u00ab-Kala-te-ulqinit.jpg'><img width=\"1\" height=\"1\" src=\"https:\/\/www.visit-ulcinj.com\/blog\/wp-content\/uploads\/2010\/07\/Degradime-n\u00c3\u00ab-Kala-te-ulqinit.jpg\" class=\"attachment-thumbnail size-thumbnail\" alt=\"\" loading=\"lazy\" \/><\/a>\n\t\t\t<\/dt><\/dl><dl class='gallery-item'>\n\t\t\t<dt class='gallery-icon landscape'>\n\t\t\t\t<a href='https:\/\/www.visit-ulcinj.com\/blog\/wp-content\/uploads\/2010\/07\/Plazhi-kopakabana-ulqin.jpg'><img width=\"150\" height=\"150\" src=\"https:\/\/www.visit-ulcinj.com\/blog\/wp-content\/uploads\/2010\/07\/Plazhi-kopakabana-ulqin-150x150.jpg\" class=\"attachment-thumbnail size-thumbnail\" alt=\"\" loading=\"lazy\" \/><\/a>\n\t\t\t<\/dt><\/dl><br style=\"clear: both\" \/><dl class='gallery-item'>\n\t\t\t<dt class='gallery-icon landscape'>\n\t\t\t\t<a href='https:\/\/www.visit-ulcinj.com\/blog\/wp-content\/uploads\/2010\/07\/Plazhi-MSM-ulqin.jpg'><img width=\"150\" height=\"150\" src=\"https:\/\/www.visit-ulcinj.com\/blog\/wp-content\/uploads\/2010\/07\/Plazhi-MSM-ulqin-150x150.jpg\" class=\"attachment-thumbnail size-thumbnail\" alt=\"\" loading=\"lazy\" \/><\/a>\n\t\t\t<\/dt><\/dl><dl class='gallery-item'>\n\t\t\t<dt class='gallery-icon landscape'>\n\t\t\t\t<a href='https:\/\/www.visit-ulcinj.com\/blog\/wp-content\/uploads\/2010\/07\/Plazhi-i-vogel-Ulqin.JPG'><img width=\"150\" height=\"150\" src=\"https:\/\/www.visit-ulcinj.com\/blog\/wp-content\/uploads\/2010\/07\/Plazhi-i-vogel-Ulqin-150x150.jpg\" class=\"attachment-thumbnail size-thumbnail\" alt=\"\" loading=\"lazy\" \/><\/a>\n\t\t\t<\/dt><\/dl><dl class='gallery-item'>\n\t\t\t<dt class='gallery-icon landscape'>\n\t\t\t\t<a href='https:\/\/www.visit-ulcinj.com\/blog\/wp-content\/uploads\/2010\/07\/Plazhi-i-vogel-Ulqin.1.jpg'><img width=\"150\" height=\"150\" src=\"https:\/\/www.visit-ulcinj.com\/blog\/wp-content\/uploads\/2010\/07\/Plazhi-i-vogel-Ulqin.1-150x150.jpg\" class=\"attachment-thumbnail size-thumbnail\" alt=\"\" loading=\"lazy\" \/><\/a>\n\t\t\t<\/dt><\/dl><br style=\"clear: both\" \/>\n\t\t<\/div>\n<br \/>\n<!--YouTube Error: bad URL entered--><br \/>\n<\/strong><\/p>\n","protected":false},"excerpt":{"rendered":"<p>Plazh, sh\u00ebrbime hotelerie t\u00eb nivelit nga 2-4 yje e muzik\u00eb \u201ctallava\u201d. Kjo \u00ebsht\u00eb n\u00eb p\u00ebrgjith\u00ebsi oferta turistike e Ulqinit edhe p\u00ebr k\u00ebt\u00eb vit. Risi ka pak, si n\u00eb sh\u00ebrbime, po ashtu edhe n\u00eb \u00e7mime, por pushuesit nga Kosova priten t\u00eb jen\u00eb edhe k\u00ebt\u00eb ver\u00eb pjesa m\u00eb e madhe e klient\u00ebve t\u00eb k\u00ebsaj oferte. T\u00eb pakt\u00ebn [&hellip;]<\/p>\n","protected":false},"author":1,"featured_media":0,"comment_status":"open","ping_status":"closed","sticky":false,"template":"","format":"standard","meta":{"spay_email":"","jetpack_publicize_message":"","jetpack_is_tweetstorm":false,"jetpack_publicize_feature_enabled":true},"categories":[1],"tags":[14867,3901,310,22016,200,18,14866],"jetpack_publicize_connections":[],"yoast_head":"<!-- This site is optimized with the Yoast SEO plugin v19.1 - https:\/\/yoast.com\/wordpress\/plugins\/seo\/ -->\n<title>Ulqini vler\u00ebsohet me tre yje - Lajme nga Ulqini<\/title>\n<meta name=\"description\" content=\"Plazh, sh\u00ebrbime hotelerie t\u00eb nivelit nga 2-4 yje e muzik\u00eb \u201ctallava\u201d. Kjo \u00ebsht\u00eb n\u00eb p\u00ebrgjith\u00ebsi oferta turistike e Ulqinit edhe p\u00ebr k\u00ebt\u00eb vit. Risi ka pak,\" \/>\n<meta name=\"robots\" content=\"index, follow, max-snippet:-1, max-image-preview:large, max-video-preview:-1\" \/>\n<link rel=\"canonical\" href=\"https:\/\/www.visit-ulcinj.com\/blog\/2010\/07\/10\/ulqini-vleresohet-me-tre-yje\/\" \/>\n<meta property=\"og:locale\" content=\"en_US\" \/>\n<meta property=\"og:type\" content=\"article\" \/>\n<meta property=\"og:title\" content=\"Ulqini vler\u00ebsohet me tre yje - Lajme nga Ulqini\" \/>\n<meta property=\"og:description\" content=\"Plazh, sh\u00ebrbime hotelerie t\u00eb nivelit nga 2-4 yje e muzik\u00eb \u201ctallava\u201d. Kjo \u00ebsht\u00eb n\u00eb p\u00ebrgjith\u00ebsi oferta turistike e Ulqinit edhe p\u00ebr k\u00ebt\u00eb vit. Risi ka pak,\" \/>\n<meta property=\"og:url\" content=\"https:\/\/www.visit-ulcinj.com\/blog\/2010\/07\/10\/ulqini-vleresohet-me-tre-yje\/\" \/>\n<meta property=\"og:site_name\" content=\"Lajme nga Ulqini\" \/>\n<meta property=\"article:published_time\" content=\"2010-07-10T10:51:20+00:00\" \/>\n<meta property=\"og:image\" content=\"https:\/\/www.visit-ulcinj.com\/blog\/wp-content\/uploads\/2010\/07\/Panairin-e-Bizneseve-Kosovare-n\u00c3\u00ab-Ulqin.jpg\" \/>\n<meta name=\"twitter:label1\" content=\"Written by\" \/>\n\t<meta name=\"twitter:data1\" content=\"ulqini\" \/>\n\t<meta name=\"twitter:label2\" content=\"Est. reading time\" \/>\n\t<meta name=\"twitter:data2\" content=\"5 minutes\" \/>\n<script type=\"application\/ld+json\" class=\"yoast-schema-graph\">{\"@context\":\"https:\/\/schema.org\",\"@graph\":[{\"@type\":\"WebSite\",\"@id\":\"https:\/\/www.visit-ulcinj.com\/blog\/#website\",\"url\":\"https:\/\/www.visit-ulcinj.com\/blog\/\",\"name\":\"Lajme nga Ulqini\",\"description\":\"Lajme,Vijesti,Ulqini,Ulqin,Crna Gora,Mali i Zi\",\"potentialAction\":[{\"@type\":\"SearchAction\",\"target\":{\"@type\":\"EntryPoint\",\"urlTemplate\":\"https:\/\/www.visit-ulcinj.com\/blog\/?s={search_term_string}\"},\"query-input\":\"required name=search_term_string\"}],\"inLanguage\":\"en-US\"},{\"@type\":\"ImageObject\",\"inLanguage\":\"en-US\",\"@id\":\"https:\/\/www.visit-ulcinj.com\/blog\/2010\/07\/10\/ulqini-vleresohet-me-tre-yje\/#primaryimage\",\"url\":\"http:\/\/www.visit-ulcinj.com\/blog\/wp-content\/uploads\/2008\/09\/mire-se-vini-ne-ulqin.jpg\",\"contentUrl\":\"http:\/\/www.visit-ulcinj.com\/blog\/wp-content\/uploads\/2008\/09\/mire-se-vini-ne-ulqin.jpg\"},{\"@type\":\"WebPage\",\"@id\":\"https:\/\/www.visit-ulcinj.com\/blog\/2010\/07\/10\/ulqini-vleresohet-me-tre-yje\/#webpage\",\"url\":\"https:\/\/www.visit-ulcinj.com\/blog\/2010\/07\/10\/ulqini-vleresohet-me-tre-yje\/\",\"name\":\"Ulqini vler\u00ebsohet me tre yje - Lajme nga Ulqini\",\"isPartOf\":{\"@id\":\"https:\/\/www.visit-ulcinj.com\/blog\/#website\"},\"primaryImageOfPage\":{\"@id\":\"https:\/\/www.visit-ulcinj.com\/blog\/2010\/07\/10\/ulqini-vleresohet-me-tre-yje\/#primaryimage\"},\"datePublished\":\"2010-07-10T10:51:20+00:00\",\"dateModified\":\"2010-07-10T10:51:20+00:00\",\"author\":{\"@id\":\"https:\/\/www.visit-ulcinj.com\/blog\/#\/schema\/person\/dcab619c614d3038751c63bc2aadc06d\"},\"description\":\"Plazh, sh\u00ebrbime hotelerie t\u00eb nivelit nga 2-4 yje e muzik\u00eb \u201ctallava\u201d. Kjo \u00ebsht\u00eb n\u00eb p\u00ebrgjith\u00ebsi oferta turistike e Ulqinit edhe p\u00ebr k\u00ebt\u00eb vit. Risi ka pak,\",\"breadcrumb\":{\"@id\":\"https:\/\/www.visit-ulcinj.com\/blog\/2010\/07\/10\/ulqini-vleresohet-me-tre-yje\/#breadcrumb\"},\"inLanguage\":\"en-US\",\"potentialAction\":[{\"@type\":\"ReadAction\",\"target\":[\"https:\/\/www.visit-ulcinj.com\/blog\/2010\/07\/10\/ulqini-vleresohet-me-tre-yje\/\"]}]},{\"@type\":\"BreadcrumbList\",\"@id\":\"https:\/\/www.visit-ulcinj.com\/blog\/2010\/07\/10\/ulqini-vleresohet-me-tre-yje\/#breadcrumb\",\"itemListElement\":[{\"@type\":\"ListItem\",\"position\":1,\"name\":\"Ulqini vler\u00ebsohet me tre yje\"}]},{\"@type\":\"Person\",\"@id\":\"https:\/\/www.visit-ulcinj.com\/blog\/#\/schema\/person\/dcab619c614d3038751c63bc2aadc06d\",\"name\":\"ulqini\",\"sameAs\":[\"http:\/\/www.visit-ulcinj.com\"],\"url\":\"https:\/\/www.visit-ulcinj.com\/blog\/author\/admin\/\"}]}<\/script>\n<!-- \/ Yoast SEO plugin. -->","yoast_head_json":{"title":"Ulqini vler\u00ebsohet me tre yje - Lajme nga Ulqini","description":"Plazh, sh\u00ebrbime hotelerie t\u00eb nivelit nga 2-4 yje e muzik\u00eb \u201ctallava\u201d. Kjo \u00ebsht\u00eb n\u00eb p\u00ebrgjith\u00ebsi oferta turistike e Ulqinit edhe p\u00ebr k\u00ebt\u00eb vit. Risi ka pak,","robots":{"index":"index","follow":"follow","max-snippet":"max-snippet:-1","max-image-preview":"max-image-preview:large","max-video-preview":"max-video-preview:-1"},"canonical":"https:\/\/www.visit-ulcinj.com\/blog\/2010\/07\/10\/ulqini-vleresohet-me-tre-yje\/","og_locale":"en_US","og_type":"article","og_title":"Ulqini vler\u00ebsohet me tre yje - Lajme nga Ulqini","og_description":"Plazh, sh\u00ebrbime hotelerie t\u00eb nivelit nga 2-4 yje e muzik\u00eb \u201ctallava\u201d. Kjo \u00ebsht\u00eb n\u00eb p\u00ebrgjith\u00ebsi oferta turistike e Ulqinit edhe p\u00ebr k\u00ebt\u00eb vit. Risi ka pak,","og_url":"https:\/\/www.visit-ulcinj.com\/blog\/2010\/07\/10\/ulqini-vleresohet-me-tre-yje\/","og_site_name":"Lajme nga Ulqini","article_published_time":"2010-07-10T10:51:20+00:00","og_image":[{"url":"https:\/\/www.visit-ulcinj.com\/blog\/wp-content\/uploads\/2010\/07\/Panairin-e-Bizneseve-Kosovare-n\u00c3\u00ab-Ulqin.jpg"}],"twitter_misc":{"Written by":"ulqini","Est. reading time":"5 minutes"},"schema":{"@context":"https:\/\/schema.org","@graph":[{"@type":"WebSite","@id":"https:\/\/www.visit-ulcinj.com\/blog\/#website","url":"https:\/\/www.visit-ulcinj.com\/blog\/","name":"Lajme nga Ulqini","description":"Lajme,Vijesti,Ulqini,Ulqin,Crna Gora,Mali i Zi","potentialAction":[{"@type":"SearchAction","target":{"@type":"EntryPoint","urlTemplate":"https:\/\/www.visit-ulcinj.com\/blog\/?s={search_term_string}"},"query-input":"required name=search_term_string"}],"inLanguage":"en-US"},{"@type":"ImageObject","inLanguage":"en-US","@id":"https:\/\/www.visit-ulcinj.com\/blog\/2010\/07\/10\/ulqini-vleresohet-me-tre-yje\/#primaryimage","url":"http:\/\/www.visit-ulcinj.com\/blog\/wp-content\/uploads\/2008\/09\/mire-se-vini-ne-ulqin.jpg","contentUrl":"http:\/\/www.visit-ulcinj.com\/blog\/wp-content\/uploads\/2008\/09\/mire-se-vini-ne-ulqin.jpg"},{"@type":"WebPage","@id":"https:\/\/www.visit-ulcinj.com\/blog\/2010\/07\/10\/ulqini-vleresohet-me-tre-yje\/#webpage","url":"https:\/\/www.visit-ulcinj.com\/blog\/2010\/07\/10\/ulqini-vleresohet-me-tre-yje\/","name":"Ulqini vler\u00ebsohet me tre yje - Lajme nga Ulqini","isPartOf":{"@id":"https:\/\/www.visit-ulcinj.com\/blog\/#website"},"primaryImageOfPage":{"@id":"https:\/\/www.visit-ulcinj.com\/blog\/2010\/07\/10\/ulqini-vleresohet-me-tre-yje\/#primaryimage"},"datePublished":"2010-07-10T10:51:20+00:00","dateModified":"2010-07-10T10:51:20+00:00","author":{"@id":"https:\/\/www.visit-ulcinj.com\/blog\/#\/schema\/person\/dcab619c614d3038751c63bc2aadc06d"},"description":"Plazh, sh\u00ebrbime hotelerie t\u00eb nivelit nga 2-4 yje e muzik\u00eb \u201ctallava\u201d. Kjo \u00ebsht\u00eb n\u00eb p\u00ebrgjith\u00ebsi oferta turistike e Ulqinit edhe p\u00ebr k\u00ebt\u00eb vit. Risi ka pak,","breadcrumb":{"@id":"https:\/\/www.visit-ulcinj.com\/blog\/2010\/07\/10\/ulqini-vleresohet-me-tre-yje\/#breadcrumb"},"inLanguage":"en-US","potentialAction":[{"@type":"ReadAction","target":["https:\/\/www.visit-ulcinj.com\/blog\/2010\/07\/10\/ulqini-vleresohet-me-tre-yje\/"]}]},{"@type":"BreadcrumbList","@id":"https:\/\/www.visit-ulcinj.com\/blog\/2010\/07\/10\/ulqini-vleresohet-me-tre-yje\/#breadcrumb","itemListElement":[{"@type":"ListItem","position":1,"name":"Ulqini vler\u00ebsohet me tre yje"}]},{"@type":"Person","@id":"https:\/\/www.visit-ulcinj.com\/blog\/#\/schema\/person\/dcab619c614d3038751c63bc2aadc06d","name":"ulqini","sameAs":["http:\/\/www.visit-ulcinj.com"],"url":"https:\/\/www.visit-ulcinj.com\/blog\/author\/admin\/"}]}},"jetpack_featured_media_url":"","jetpack_sharing_enabled":true,"jetpack_shortlink":"https:\/\/wp.me\/pe6lTn-9cn","_links":{"self":[{"href":"https:\/\/www.visit-ulcinj.com\/blog\/wp-json\/wp\/v2\/posts\/35363"}],"collection":[{"href":"https:\/\/www.visit-ulcinj.com\/blog\/wp-json\/wp\/v2\/posts"}],"about":[{"href":"https:\/\/www.visit-ulcinj.com\/blog\/wp-json\/wp\/v2\/types\/post"}],"author":[{"embeddable":true,"href":"https:\/\/www.visit-ulcinj.com\/blog\/wp-json\/wp\/v2\/users\/1"}],"replies":[{"embeddable":true,"href":"https:\/\/www.visit-ulcinj.com\/blog\/wp-json\/wp\/v2\/comments?post=35363"}],"version-history":[{"count":0,"href":"https:\/\/www.visit-ulcinj.com\/blog\/wp-json\/wp\/v2\/posts\/35363\/revisions"}],"wp:attachment":[{"href":"https:\/\/www.visit-ulcinj.com\/blog\/wp-json\/wp\/v2\/media?parent=35363"}],"wp:term":[{"taxonomy":"category","embeddable":true,"href":"https:\/\/www.visit-ulcinj.com\/blog\/wp-json\/wp\/v2\/categories?post=35363"},{"taxonomy":"post_tag","embeddable":true,"href":"https:\/\/www.visit-ulcinj.com\/blog\/wp-json\/wp\/v2\/tags?post=35363"}],"curies":[{"name":"wp","href":"https:\/\/api.w.org\/{rel}","templated":true}]}}