{"id":35372,"date":"2010-07-10T17:55:02","date_gmt":"2010-07-10T15:55:02","guid":{"rendered":"http:\/\/www.visit-ulcinj.com\/blog\/?p=35372"},"modified":"2010-07-10T18:01:03","modified_gmt":"2010-07-10T16:01:03","slug":"interviste-me-kengtarin-nga-ulqini-dritan-maraj","status":"publish","type":"post","link":"https:\/\/www.visit-ulcinj.com\/blog\/2010\/07\/10\/interviste-me-kengtarin-nga-ulqini-dritan-maraj\/","title":{"rendered":"Intervist\u00eb me k\u00ebngtarin nga Ulqini Dritan Maraj"},"content":{"rendered":"<p><a href=\"http:\/\/www.visit-ulcinj.com\/blog\/wp-content\/uploads\/2010\/07\/Dritan-Maraj.jpg\"><img loading=\"lazy\" class=\"alignleft size-full wp-image-35373\" title=\"Dritan Maraj\" src=\"http:\/\/www.visit-ulcinj.com\/blog\/wp-content\/uploads\/2010\/07\/Dritan-Maraj.jpg\" alt=\"Dritan Maraj\" width=\"490\" height=\"390\" \/><\/a>Shum vjet m\u00eb par\u00eb sken\u00ebs muzikore n\u00eb Ulqin iu \u00ebsht\u00eb shtuar edhe nj\u00eb z\u00eb i ri, serioz dhe me ambicie shum\u00eb t\u00eb madhe p\u00ebr ardhmen,ai quhet Dritan Maraj.<br \/>\nAi pas vetes ka tashm\u00eb nj\u00eb karrier\u00eb t\u00eb begat\u00eb me pjes\u00ebmarrje n\u00eb aktivitete t\u00eb ndryshme jo vet\u00ebm t\u00eb karakterit lokal, por edhe komb\u00ebtar dhe nd\u00ebrkomb\u00ebtar, saq\u00eb me k\u00ebng\u00ebt pjes\u00ebmarr\u00ebse n\u00eb festivale t\u00eb ndryshme mund t\u00eb nxjerr\u00eb nj\u00eb album t\u00eb tij.<br \/>\nE ve\u00e7anta e Dritanit q\u00ebndron n\u00eb faktin se p\u00ebrve\u00e7 se i bjen kitar\u00ebs dhe k\u00ebndon, ai posedon edhe njohuri t\u00eb konsiderueshme teorike n\u00eb k\u00ebto fusha, di\u00e7ka jo shum\u00eb e zakont\u00eb p\u00ebr mosh\u00ebn e tij. Ai dallohej p\u00ebr z\u00ebrin karakteristik, sidomos n\u00eb interpretimin e tingujve t\u00eb lart\u00eb.<br \/>\nAi ushtron edhe vall\u00ebzimin te koreografi Musa Hoxha.<br \/>\nSe kemi t\u00eb b\u00ebjm\u00eb me nj\u00eb f\u00ebmij\u00eb t\u00eb kujdessh\u00ebm dhe koleksionist t\u00eb apasionuar d\u00ebshmon m\u00eb s\u00eb miri fakti se dhoma e tij \u00ebsht\u00eb shnd\u00ebrruar n\u00eb nj\u00eb arkiv t\u00eb v\u00ebrtet\u00eb, t\u00eb p\u00ebrb\u00ebr\u00eb nga fotografi, kaseta, CD, DVD, \u00e7mime t\u00eb ndryshme, etj., ku \u00ebsht\u00eb fiksuar \u00e7do pjes\u00ebmarrje dhe prezantim i tij n\u00eb aktivitete dhe festivale t\u00eb ndryshme.<\/p>\n<p><strong>Lajme nga Ulqini:Sa vje\u00e7ar Dritan Maraj ja filloj muzikes dhe si filluat te merreni me muzik?<\/strong><\/p>\n<p><strong>Dritan Maraj:<\/strong> Me muzike fillova te mirrem ne moshen gjashte vjecare. Qe nga mosha parashkollore fillova te ndjek shkollen e muzikes dhe ne ate moshe mora pjese ne hapjen e Qendres per kulture ku kendova kengen \u201cLulebore\u201d .<br \/>\n<strong><br \/>\nLajme nga Ulqini: Pse e fillove n\u00eb k\u00ebt\u00eb koh\u00eb muzik\u00ebn ishte d\u00ebshir\u00eb jotja apo nxitje nga babai?<\/strong><\/p>\n<p><strong>Dritan Maraj:<\/strong> Ishte deshira vet deshira ime .<br \/>\n<strong><br \/>\nLajme nga Ulqini: Cili asht Albumi yt i par\u00eb dhe sa je i k\u00ebnaqur me ecurin\u00eb e albumit deri ne diten e sotme?<\/strong><\/p>\n<p><strong>Dritan Maraj:<\/strong> Nuk kam album megjithese kam kenge te mjaftueshme per nje album.<\/p>\n<p><strong>Lajme nga Ulqini: \u00c7do fillim i karrier\u00ebs has n\u00eb v\u00ebshtir\u00ebsi. Po e kalon edhe ti n\u00ebp\u00ebr k\u00ebt\u00eb periudh\u00eb?<\/strong><\/p>\n<p><strong>Dritan Maraj: <\/strong>Jo, per fat te mire une nuk po kaloj ne kete periudhe edhe se e dija se do kishte ca probleme i perballova te gjtiha.<\/p>\n<p><strong>Lajme nga Ulqini: Ne Ulqin si u vleresua muzika e juaj?<\/strong><\/p>\n<p><strong>Dritan Maraj:<\/strong> Kenget dhe interpretimet e mija ne Ulqin u vleresuan shume mire ku me kengen \u201cFemijet e botes\u201d mora cmimin e pare per interprtim dhe me kengen \u201cSimfonia e shpirtit\u201d isha dhe fitues i festivalit, por jo vetem ne Ulqin por dhe ne vendet tjera me vleresuan shume mire.<\/p>\n<p><strong>Lajme nga Ulqini: N\u00eb publik njihesh si Dritan Maraj per ulqinak apo?<\/strong><\/p>\n<p><strong>Dritan Maraj :<\/strong> Po sigurisht qe ndihem ne publik per ulqinak dhe pa kete publik nuk do kisha mberritur ne kete situate qe gjindem tani.<\/p>\n<p><strong><br \/>\nLajme nga Ulqini: Cilat kan\u00eb qen\u00eb gj\u00ebrat q\u00eb ua ka th\u00ebn\u00eb babai q\u00eb ti t\u00eb kesh nj\u00eb karrier\u00eb t\u00eb sukseshme?<\/strong><\/p>\n<p><strong>Dritan Maraj:<\/strong> Nuk duhet te jeshe shume i zeshem per tu degjuar dhe kurr mos u terhiq.<\/p>\n<p><strong>Lajme nga Ulqini: \u00c7fare jane planet tuaja?<\/strong><\/p>\n<p><strong>Dritan Maraj:<\/strong> Do shohim ne te ardhmen.<br \/>\n<strong><br \/>\nLajme nga Ulqini: Cili \u00ebsht\u00eb q\u00ebllimi yt q\u00eb ia ke parashtruar vetes p\u00ebr t\u00eb arritur me muzik\u00eb?<\/strong><\/p>\n<p><strong>Dritan Maraj: <\/strong>Muziken e dua shume dhe e ka vetem hobi.<br \/>\n<strong><br \/>\nLajme nga Ulqini: Gjate kohes se keng\u00ebtarit t\u00eb karier\u00ebs suaj,a keni marr pjes n\u00eb ndonj\u00eb festival, dhe a keni mare \u00e7mime ?<\/strong><br \/>\n<strong><br \/>\nDritan Maraj:<\/strong> Po sic e thashe dhe me pare me kengen \u201cFemijet e botes\u201d mora cmimin e pare per interpretim, ndersa me kengen \u201cSimfonija e shpirtit\u201d mora vendin e pare per kompozim. Githashtu mora pjese ne festivalin mbarekombetare te kenges per femije ne Shkoder ku nje vit mora cmimin e trete per interpretim ndersa heren e fundit ku u paraqita me kengen \u201cDitari\u201d mora cmimin special per interpretim \u201cInva Mula\u201d dhe vendin e dyte per komponim.<br \/>\n<strong><br \/>\nLajme nga Ulqini: T\u00eb duket se n\u00eb momentin q\u00eb b\u00ebhesh fytyr\u00eb publike disa gj\u00ebra t\u00eb censurohen apo?<\/strong><\/p>\n<p><strong>Dritan Maraj:<\/strong> Jo nuk ka nevoje.<\/p>\n<p><strong>Lajme nga Ulqini :E p\u00eblqen jet\u00ebn ?<\/strong><br \/>\n<strong><br \/>\nDritan Maraj: <\/strong>E pelqej.<\/p>\n<p><strong>Lajme nga Ulqini: \u00c7far\u00eb je duke punuar aktualisht?<\/strong><\/p>\n<p><strong>Dritan Maraj:<\/strong> Aktualisht jam duke marre nje pauze sezonale.<\/p>\n<p><strong>Lajme nga Ulqini: A keni mendje madh\u00ebsi kur k\u00ebndoni?<\/strong><\/p>\n<p><strong>Dritan Maraj:<\/strong> Jo kendoj thjeshte per publikun tim.<\/p>\n<p><strong>Lajme nga Ulqini: Lexuesit kan\u00eb d\u00ebshir\u00eb t\u00eb din\u00eb edhe p\u00ebr jet\u00ebn private. Cila \u00ebsht\u00eb ajo?<\/strong><\/p>\n<p><strong>Dritan Maraj:<\/strong> Sigurisht , isha nxenes i shkolles se ulet te muzikes ketu ne Ulqin dhe keshtu qe e ndoqa pothuajse per cdo dite si instrumentin e kitares ashtu dhe solfexhon por kete vit e mbarova ate . Gjithashtu kam dhe hobi tjeter si sportin. Me pelqen futbolli. Por edhe gjuhet i konsideroje si shume te rendesishme ne jete ku jam dhe njohes shume i mire i gjuhese gjermane dhe fitues i cmimit te pare ne gara shkollore dhe kombetare. Thjeshte mundohem qe ta planifikoj ne nje menyre te mire.<br \/>\n<strong><br \/>\nLajme nga Ulqini: Ne te ardhmen, \u00e7&#8217;fare projekte keni n\u00eb muzik\u00ebn e juaj?<\/strong><br \/>\n<strong><br \/>\nDritan Maraj: <\/strong>Tani per tani vetem kendoj per qefin tim, ndersa me vone do shohim.<br \/>\n<strong><br \/>\nLajme nga Ulqini : Kur duhet ta presim nj\u00eb video spot nga ju ?<\/strong><\/p>\n<p><strong>Dritan Maraj:<\/strong> Besoj qe ne te ardhmen.<\/p>\n<p>Ju faleminderit per kete bisede dhe kenaqsia ime , per kohen qe vendoset ne dispozicion per Lajmet nga Ulqini?<\/p>\n<p><strong>Lajme nga Ulqini<\/strong><br \/>\n\n\t\t<style type=\"text\/css\">\n\t\t\t#gallery-1 {\n\t\t\t\tmargin: auto;\n\t\t\t}\n\t\t\t#gallery-1 .gallery-item {\n\t\t\t\tfloat: left;\n\t\t\t\tmargin-top: 10px;\n\t\t\t\ttext-align: center;\n\t\t\t\twidth: 33%;\n\t\t\t}\n\t\t\t#gallery-1 img {\n\t\t\t\tborder: 2px solid #cfcfcf;\n\t\t\t}\n\t\t\t#gallery-1 .gallery-caption {\n\t\t\t\tmargin-left: 0;\n\t\t\t}\n\t\t\t\/* see gallery_shortcode() in wp-includes\/media.php *\/\n\t\t<\/style>\n\t\t<div id='gallery-1' class='gallery galleryid-35372 gallery-columns-3 gallery-size-thumbnail'><dl class='gallery-item'>\n\t\t\t<dt class='gallery-icon landscape'>\n\t\t\t\t<a href='https:\/\/www.visit-ulcinj.com\/blog\/wp-content\/uploads\/2010\/07\/Dritan-Maraj.jpg'><img width=\"150\" height=\"150\" src=\"https:\/\/www.visit-ulcinj.com\/blog\/wp-content\/uploads\/2010\/07\/Dritan-Maraj-150x150.jpg\" class=\"attachment-thumbnail size-thumbnail\" alt=\"\" loading=\"lazy\" \/><\/a>\n\t\t\t<\/dt><\/dl><dl class='gallery-item'>\n\t\t\t<dt class='gallery-icon landscape'>\n\t\t\t\t<a href='https:\/\/www.visit-ulcinj.com\/blog\/wp-content\/uploads\/2010\/07\/Dritan-Maraj.1.jpg'><img width=\"150\" height=\"150\" src=\"https:\/\/www.visit-ulcinj.com\/blog\/wp-content\/uploads\/2010\/07\/Dritan-Maraj.1-150x150.jpg\" class=\"attachment-thumbnail size-thumbnail\" alt=\"\" loading=\"lazy\" \/><\/a>\n\t\t\t<\/dt><\/dl><dl class='gallery-item'>\n\t\t\t<dt class='gallery-icon landscape'>\n\t\t\t\t<a href='https:\/\/www.visit-ulcinj.com\/blog\/wp-content\/uploads\/2010\/07\/Dritan-Maraj.2.jpg'><img width=\"150\" height=\"150\" src=\"https:\/\/www.visit-ulcinj.com\/blog\/wp-content\/uploads\/2010\/07\/Dritan-Maraj.2-150x150.jpg\" class=\"attachment-thumbnail size-thumbnail\" alt=\"\" loading=\"lazy\" \/><\/a>\n\t\t\t<\/dt><\/dl><br style=\"clear: both\" \/><dl class='gallery-item'>\n\t\t\t<dt class='gallery-icon landscape'>\n\t\t\t\t<a href='https:\/\/www.visit-ulcinj.com\/blog\/wp-content\/uploads\/2010\/07\/Dritan-Maraj.3.jpg'><img width=\"150\" height=\"150\" src=\"https:\/\/www.visit-ulcinj.com\/blog\/wp-content\/uploads\/2010\/07\/Dritan-Maraj.3-150x150.jpg\" class=\"attachment-thumbnail size-thumbnail\" alt=\"\" loading=\"lazy\" \/><\/a>\n\t\t\t<\/dt><\/dl><dl class='gallery-item'>\n\t\t\t<dt class='gallery-icon portrait'>\n\t\t\t\t<a href='https:\/\/www.visit-ulcinj.com\/blog\/wp-content\/uploads\/2010\/07\/Dritan-Maraj.4.jpg'><img width=\"150\" height=\"150\" src=\"https:\/\/www.visit-ulcinj.com\/blog\/wp-content\/uploads\/2010\/07\/Dritan-Maraj.4-150x150.jpg\" class=\"attachment-thumbnail size-thumbnail\" alt=\"\" loading=\"lazy\" \/><\/a>\n\t\t\t<\/dt><\/dl><dl class='gallery-item'>\n\t\t\t<dt class='gallery-icon landscape'>\n\t\t\t\t<a href='https:\/\/www.visit-ulcinj.com\/blog\/wp-content\/uploads\/2010\/07\/Dritan-Maraj.5.jpg'><img width=\"150\" height=\"150\" src=\"https:\/\/www.visit-ulcinj.com\/blog\/wp-content\/uploads\/2010\/07\/Dritan-Maraj.5-150x150.jpg\" class=\"attachment-thumbnail size-thumbnail\" alt=\"\" loading=\"lazy\" \/><\/a>\n\t\t\t<\/dt><\/dl><br style=\"clear: both\" \/>\n\t\t<\/div>\n<br \/>\n<!--YouTube Error: bad URL entered--><\/p>\n","protected":false},"excerpt":{"rendered":"<p>Shum vjet m\u00eb par\u00eb sken\u00ebs muzikore n\u00eb Ulqin iu \u00ebsht\u00eb shtuar edhe nj\u00eb z\u00eb i ri, serioz dhe me ambicie shum\u00eb t\u00eb madhe p\u00ebr ardhmen,ai quhet Dritan Maraj. Ai pas vetes ka tashm\u00eb nj\u00eb karrier\u00eb t\u00eb begat\u00eb me pjes\u00ebmarrje n\u00eb aktivitete t\u00eb ndryshme jo vet\u00ebm t\u00eb karakterit lokal, por edhe komb\u00ebtar dhe nd\u00ebrkomb\u00ebtar, saq\u00eb me [&hellip;]<\/p>\n","protected":false},"author":1,"featured_media":0,"comment_status":"open","ping_status":"closed","sticky":false,"template":"","format":"standard","meta":{"spay_email":"","jetpack_publicize_message":"","jetpack_is_tweetstorm":false,"jetpack_publicize_feature_enabled":true},"categories":[1],"tags":[14868,13006,14869,19,200,18],"jetpack_publicize_connections":[],"yoast_head":"<!-- This site is optimized with the Yoast SEO plugin v19.1 - https:\/\/yoast.com\/wordpress\/plugins\/seo\/ -->\n<title>Intervist\u00eb me k\u00ebngtarin nga Ulqini Dritan Maraj - Lajme nga Ulqini<\/title>\n<meta name=\"description\" content=\"Shum vjet m\u00eb par\u00eb sken\u00ebs muzikore n\u00eb Ulqin iu \u00ebsht\u00eb shtuar edhe nj\u00eb z\u00eb i ri, serioz dhe me ambicie shum\u00eb t\u00eb madhe p\u00ebr ardhmen,ai quhet Dritan Maraj. Ai\" \/>\n<meta name=\"robots\" content=\"index, follow, max-snippet:-1, max-image-preview:large, max-video-preview:-1\" \/>\n<link rel=\"canonical\" href=\"https:\/\/www.visit-ulcinj.com\/blog\/2010\/07\/10\/interviste-me-kengtarin-nga-ulqini-dritan-maraj\/\" \/>\n<meta property=\"og:locale\" content=\"en_US\" \/>\n<meta property=\"og:type\" content=\"article\" \/>\n<meta property=\"og:title\" content=\"Intervist\u00eb me k\u00ebngtarin nga Ulqini Dritan Maraj - Lajme nga Ulqini\" \/>\n<meta property=\"og:description\" content=\"Shum vjet m\u00eb par\u00eb sken\u00ebs muzikore n\u00eb Ulqin iu \u00ebsht\u00eb shtuar edhe nj\u00eb z\u00eb i ri, serioz dhe me ambicie shum\u00eb t\u00eb madhe p\u00ebr ardhmen,ai quhet Dritan Maraj. Ai\" \/>\n<meta property=\"og:url\" content=\"https:\/\/www.visit-ulcinj.com\/blog\/2010\/07\/10\/interviste-me-kengtarin-nga-ulqini-dritan-maraj\/\" \/>\n<meta property=\"og:site_name\" content=\"Lajme nga Ulqini\" \/>\n<meta property=\"article:published_time\" content=\"2010-07-10T15:55:02+00:00\" \/>\n<meta property=\"article:modified_time\" content=\"2010-07-10T16:01:03+00:00\" \/>\n<meta property=\"og:image\" content=\"https:\/\/www.visit-ulcinj.com\/blog\/wp-content\/uploads\/2010\/07\/Dritan-Maraj-150x150.jpg\" \/>\n<meta name=\"twitter:label1\" content=\"Written by\" \/>\n\t<meta name=\"twitter:data1\" content=\"ulqini\" \/>\n\t<meta name=\"twitter:label2\" content=\"Est. reading time\" \/>\n\t<meta name=\"twitter:data2\" content=\"5 minutes\" \/>\n<script type=\"application\/ld+json\" class=\"yoast-schema-graph\">{\"@context\":\"https:\/\/schema.org\",\"@graph\":[{\"@type\":\"WebSite\",\"@id\":\"https:\/\/www.visit-ulcinj.com\/blog\/#website\",\"url\":\"https:\/\/www.visit-ulcinj.com\/blog\/\",\"name\":\"Lajme nga Ulqini\",\"description\":\"Lajme,Vijesti,Ulqini,Ulqin,Crna Gora,Mali i Zi\",\"potentialAction\":[{\"@type\":\"SearchAction\",\"target\":{\"@type\":\"EntryPoint\",\"urlTemplate\":\"https:\/\/www.visit-ulcinj.com\/blog\/?s={search_term_string}\"},\"query-input\":\"required name=search_term_string\"}],\"inLanguage\":\"en-US\"},{\"@type\":\"ImageObject\",\"inLanguage\":\"en-US\",\"@id\":\"https:\/\/www.visit-ulcinj.com\/blog\/2010\/07\/10\/interviste-me-kengtarin-nga-ulqini-dritan-maraj\/#primaryimage\",\"url\":\"https:\/\/www.visit-ulcinj.com\/blog\/wp-content\/uploads\/2010\/07\/Dritan-Maraj.jpg\",\"contentUrl\":\"https:\/\/www.visit-ulcinj.com\/blog\/wp-content\/uploads\/2010\/07\/Dritan-Maraj.jpg\",\"width\":\"604\",\"height\":\"457\"},{\"@type\":\"WebPage\",\"@id\":\"https:\/\/www.visit-ulcinj.com\/blog\/2010\/07\/10\/interviste-me-kengtarin-nga-ulqini-dritan-maraj\/#webpage\",\"url\":\"https:\/\/www.visit-ulcinj.com\/blog\/2010\/07\/10\/interviste-me-kengtarin-nga-ulqini-dritan-maraj\/\",\"name\":\"Intervist\u00eb me k\u00ebngtarin nga Ulqini Dritan Maraj - Lajme nga Ulqini\",\"isPartOf\":{\"@id\":\"https:\/\/www.visit-ulcinj.com\/blog\/#website\"},\"primaryImageOfPage\":{\"@id\":\"https:\/\/www.visit-ulcinj.com\/blog\/2010\/07\/10\/interviste-me-kengtarin-nga-ulqini-dritan-maraj\/#primaryimage\"},\"datePublished\":\"2010-07-10T15:55:02+00:00\",\"dateModified\":\"2010-07-10T16:01:03+00:00\",\"author\":{\"@id\":\"https:\/\/www.visit-ulcinj.com\/blog\/#\/schema\/person\/dcab619c614d3038751c63bc2aadc06d\"},\"description\":\"Shum vjet m\u00eb par\u00eb sken\u00ebs muzikore n\u00eb Ulqin iu \u00ebsht\u00eb shtuar edhe nj\u00eb z\u00eb i ri, serioz dhe me ambicie shum\u00eb t\u00eb madhe p\u00ebr ardhmen,ai quhet Dritan Maraj. Ai\",\"breadcrumb\":{\"@id\":\"https:\/\/www.visit-ulcinj.com\/blog\/2010\/07\/10\/interviste-me-kengtarin-nga-ulqini-dritan-maraj\/#breadcrumb\"},\"inLanguage\":\"en-US\",\"potentialAction\":[{\"@type\":\"ReadAction\",\"target\":[\"https:\/\/www.visit-ulcinj.com\/blog\/2010\/07\/10\/interviste-me-kengtarin-nga-ulqini-dritan-maraj\/\"]}]},{\"@type\":\"BreadcrumbList\",\"@id\":\"https:\/\/www.visit-ulcinj.com\/blog\/2010\/07\/10\/interviste-me-kengtarin-nga-ulqini-dritan-maraj\/#breadcrumb\",\"itemListElement\":[{\"@type\":\"ListItem\",\"position\":1,\"name\":\"Intervist\u00eb me k\u00ebngtarin nga Ulqini Dritan Maraj\"}]},{\"@type\":\"Person\",\"@id\":\"https:\/\/www.visit-ulcinj.com\/blog\/#\/schema\/person\/dcab619c614d3038751c63bc2aadc06d\",\"name\":\"ulqini\",\"sameAs\":[\"http:\/\/www.visit-ulcinj.com\"],\"url\":\"https:\/\/www.visit-ulcinj.com\/blog\/author\/admin\/\"}]}<\/script>\n<!-- \/ Yoast SEO plugin. -->","yoast_head_json":{"title":"Intervist\u00eb me k\u00ebngtarin nga Ulqini Dritan Maraj - Lajme nga Ulqini","description":"Shum vjet m\u00eb par\u00eb sken\u00ebs muzikore n\u00eb Ulqin iu \u00ebsht\u00eb shtuar edhe nj\u00eb z\u00eb i ri, serioz dhe me ambicie shum\u00eb t\u00eb madhe p\u00ebr ardhmen,ai quhet Dritan Maraj. Ai","robots":{"index":"index","follow":"follow","max-snippet":"max-snippet:-1","max-image-preview":"max-image-preview:large","max-video-preview":"max-video-preview:-1"},"canonical":"https:\/\/www.visit-ulcinj.com\/blog\/2010\/07\/10\/interviste-me-kengtarin-nga-ulqini-dritan-maraj\/","og_locale":"en_US","og_type":"article","og_title":"Intervist\u00eb me k\u00ebngtarin nga Ulqini Dritan Maraj - Lajme nga Ulqini","og_description":"Shum vjet m\u00eb par\u00eb sken\u00ebs muzikore n\u00eb Ulqin iu \u00ebsht\u00eb shtuar edhe nj\u00eb z\u00eb i ri, serioz dhe me ambicie shum\u00eb t\u00eb madhe p\u00ebr ardhmen,ai quhet Dritan Maraj. Ai","og_url":"https:\/\/www.visit-ulcinj.com\/blog\/2010\/07\/10\/interviste-me-kengtarin-nga-ulqini-dritan-maraj\/","og_site_name":"Lajme nga Ulqini","article_published_time":"2010-07-10T15:55:02+00:00","article_modified_time":"2010-07-10T16:01:03+00:00","og_image":[{"url":"https:\/\/www.visit-ulcinj.com\/blog\/wp-content\/uploads\/2010\/07\/Dritan-Maraj-150x150.jpg"}],"twitter_misc":{"Written by":"ulqini","Est. reading time":"5 minutes"},"schema":{"@context":"https:\/\/schema.org","@graph":[{"@type":"WebSite","@id":"https:\/\/www.visit-ulcinj.com\/blog\/#website","url":"https:\/\/www.visit-ulcinj.com\/blog\/","name":"Lajme nga Ulqini","description":"Lajme,Vijesti,Ulqini,Ulqin,Crna Gora,Mali i Zi","potentialAction":[{"@type":"SearchAction","target":{"@type":"EntryPoint","urlTemplate":"https:\/\/www.visit-ulcinj.com\/blog\/?s={search_term_string}"},"query-input":"required name=search_term_string"}],"inLanguage":"en-US"},{"@type":"ImageObject","inLanguage":"en-US","@id":"https:\/\/www.visit-ulcinj.com\/blog\/2010\/07\/10\/interviste-me-kengtarin-nga-ulqini-dritan-maraj\/#primaryimage","url":"https:\/\/www.visit-ulcinj.com\/blog\/wp-content\/uploads\/2010\/07\/Dritan-Maraj.jpg","contentUrl":"https:\/\/www.visit-ulcinj.com\/blog\/wp-content\/uploads\/2010\/07\/Dritan-Maraj.jpg","width":"604","height":"457"},{"@type":"WebPage","@id":"https:\/\/www.visit-ulcinj.com\/blog\/2010\/07\/10\/interviste-me-kengtarin-nga-ulqini-dritan-maraj\/#webpage","url":"https:\/\/www.visit-ulcinj.com\/blog\/2010\/07\/10\/interviste-me-kengtarin-nga-ulqini-dritan-maraj\/","name":"Intervist\u00eb me k\u00ebngtarin nga Ulqini Dritan Maraj - Lajme nga Ulqini","isPartOf":{"@id":"https:\/\/www.visit-ulcinj.com\/blog\/#website"},"primaryImageOfPage":{"@id":"https:\/\/www.visit-ulcinj.com\/blog\/2010\/07\/10\/interviste-me-kengtarin-nga-ulqini-dritan-maraj\/#primaryimage"},"datePublished":"2010-07-10T15:55:02+00:00","dateModified":"2010-07-10T16:01:03+00:00","author":{"@id":"https:\/\/www.visit-ulcinj.com\/blog\/#\/schema\/person\/dcab619c614d3038751c63bc2aadc06d"},"description":"Shum vjet m\u00eb par\u00eb sken\u00ebs muzikore n\u00eb Ulqin iu \u00ebsht\u00eb shtuar edhe nj\u00eb z\u00eb i ri, serioz dhe me ambicie shum\u00eb t\u00eb madhe p\u00ebr ardhmen,ai quhet Dritan Maraj. Ai","breadcrumb":{"@id":"https:\/\/www.visit-ulcinj.com\/blog\/2010\/07\/10\/interviste-me-kengtarin-nga-ulqini-dritan-maraj\/#breadcrumb"},"inLanguage":"en-US","potentialAction":[{"@type":"ReadAction","target":["https:\/\/www.visit-ulcinj.com\/blog\/2010\/07\/10\/interviste-me-kengtarin-nga-ulqini-dritan-maraj\/"]}]},{"@type":"BreadcrumbList","@id":"https:\/\/www.visit-ulcinj.com\/blog\/2010\/07\/10\/interviste-me-kengtarin-nga-ulqini-dritan-maraj\/#breadcrumb","itemListElement":[{"@type":"ListItem","position":1,"name":"Intervist\u00eb me k\u00ebngtarin nga Ulqini Dritan Maraj"}]},{"@type":"Person","@id":"https:\/\/www.visit-ulcinj.com\/blog\/#\/schema\/person\/dcab619c614d3038751c63bc2aadc06d","name":"ulqini","sameAs":["http:\/\/www.visit-ulcinj.com"],"url":"https:\/\/www.visit-ulcinj.com\/blog\/author\/admin\/"}]}},"jetpack_featured_media_url":"","jetpack_sharing_enabled":true,"jetpack_shortlink":"https:\/\/wp.me\/pe6lTn-9cw","_links":{"self":[{"href":"https:\/\/www.visit-ulcinj.com\/blog\/wp-json\/wp\/v2\/posts\/35372"}],"collection":[{"href":"https:\/\/www.visit-ulcinj.com\/blog\/wp-json\/wp\/v2\/posts"}],"about":[{"href":"https:\/\/www.visit-ulcinj.com\/blog\/wp-json\/wp\/v2\/types\/post"}],"author":[{"embeddable":true,"href":"https:\/\/www.visit-ulcinj.com\/blog\/wp-json\/wp\/v2\/users\/1"}],"replies":[{"embeddable":true,"href":"https:\/\/www.visit-ulcinj.com\/blog\/wp-json\/wp\/v2\/comments?post=35372"}],"version-history":[{"count":0,"href":"https:\/\/www.visit-ulcinj.com\/blog\/wp-json\/wp\/v2\/posts\/35372\/revisions"}],"wp:attachment":[{"href":"https:\/\/www.visit-ulcinj.com\/blog\/wp-json\/wp\/v2\/media?parent=35372"}],"wp:term":[{"taxonomy":"category","embeddable":true,"href":"https:\/\/www.visit-ulcinj.com\/blog\/wp-json\/wp\/v2\/categories?post=35372"},{"taxonomy":"post_tag","embeddable":true,"href":"https:\/\/www.visit-ulcinj.com\/blog\/wp-json\/wp\/v2\/tags?post=35372"}],"curies":[{"name":"wp","href":"https:\/\/api.w.org\/{rel}","templated":true}]}}