{"id":35396,"date":"2010-07-11T08:25:26","date_gmt":"2010-07-11T06:25:26","guid":{"rendered":"http:\/\/www.visit-ulcinj.com\/blog\/?p=35396"},"modified":"2010-07-11T08:25:26","modified_gmt":"2010-07-11T06:25:26","slug":"klubi-i-karatese-ulqini-seminari-vera-2010","status":"publish","type":"post","link":"https:\/\/www.visit-ulcinj.com\/blog\/2010\/07\/11\/klubi-i-karatese-ulqini-seminari-vera-2010\/","title":{"rendered":"Klubi i karates\u00eb Ulqini Seminari &#8211; Vera 2010"},"content":{"rendered":"<p><strong><a href=\"http:\/\/www.visit-ulcinj.com\/blog\/wp-content\/uploads\/2010\/07\/Klubi-i-karates\u00eb-Ulqini-Seminari-Vera-2010.3_picnik.jpg\"><img loading=\"lazy\" class=\"alignleft size-full wp-image-35399\" title=\"Klubi i karates\u00eb Ulqini Seminari - Vera 2010.3_picnik\" src=\"http:\/\/www.visit-ulcinj.com\/blog\/wp-content\/uploads\/2010\/07\/Klubi-i-karates\u00eb-Ulqini-Seminari-Vera-2010.3_picnik.jpg\" alt=\"Klubi i karates\u00eb Ulqini Seminari - Vera 2010.3_picnik\" width=\"490\" height=\"390\" \/><\/a>P\u00ebrfundoi pjesa e par\u00eb e seminarit t\u00eb XV t\u00eb Klubit t\u00eb karates\u00eb \u201cUlqini\u201d \u2013 \u201cVera 2010\u201d<\/p>\n<p>SEMINARI \u201cVERA 2010\u201d <\/strong><\/p>\n<p>Klubi i karates\u00eb \u201cUlqini\u201d edhe k\u00ebsaj vere gjat\u00eb muajit qershor organizoi seminarin \u201cVera 2010\u201d p\u00ebr an\u00ebtar\u00ebt e klubit. Tashm\u00eb ky seminar u b\u00eb tradicional, pasi q\u00eb k\u00ebt\u00eb vit sh\u00ebnoi 15 vjetorin e mbajtjes s\u00eb tij. Seminari \u00ebsht\u00eb i ndar\u00eb n\u00eb dy pjes\u00eb, pjesa e par\u00eb p\u00ebrfundoi me sukses, kurse pjesa e dyt\u00eb do t\u00eb mbahet n\u00eb muajin gusht.<br \/>\nN\u00eb k\u00ebt\u00eb seminar mor\u00ebn pjes\u00eb mbi tet\u00ebdhjet\u00eb an\u00ebtar\u00eb t\u00eb klubit t\u00eb grupmoshave t\u00eb ndryshme. Seminarin e udh\u00ebhoq\u00ebn mjeshtri, m\u00ebsuesi i mir\u00ebnjohur i karates\u00eb Gjergj Daboviqi, trajner\u00ebt Naim Duraku, Kujtim Sukaliqi dhe kryetrajneri i klubit Ruzhdi Rama. Karateist\u00ebt kan\u00eb qen\u00eb t\u00eb ndar\u00eb n\u00eb grupe sipas gjeneratave dhe brezave dhe \u00e7do trajner ka st\u00ebrvitur nj\u00eb grup.<br \/>\nMe k\u00ebt\u00eb nuk p\u00ebrfundojn\u00eb st\u00ebrvitjet, sepse s\u00eb shpejti do t\u00eb fillojm\u00eb me p\u00ebrgatitje p\u00ebr gara me garues tan\u00eb, t\u00eb cilat do t\u00eb mbahen n\u00eb plazh dhe n\u00eb sall\u00eb t\u00eb klubit. K\u00ebto p\u00ebrgatitje do t\u00eb jen\u00eb t\u00eb ndara n\u00eb disa pjes\u00eb: taktik\u00eb, teknik\u00eb, kata, kondicion, forc\u00eb dhe psiho-trajning. Gjat\u00eb k\u00ebtyre st\u00ebrvitjeve klubit ton\u00eb do t\u2019i bashkangjiten edhe disa klube t\u00eb tjer\u00eb q\u00eb do t\u00eb jen\u00eb n\u00eb Ulqin p\u00ebr pushime e p\u00ebrgatitje, e t\u00eb cil\u00ebt kan\u00eb shprehur d\u00ebshir\u00ebn t\u00eb st\u00ebrvitemi s\u00eb bashku.<br \/>\nSezoni i dyt\u00eb i garave do t\u00eb filloj\u00eb n\u00eb shtator, kur na presin shum\u00eb gara t\u00eb nivelit t\u00eb lart\u00eb, n\u00eb t\u00eb cilat planifikojm\u00eb t\u00eb marrim pjes\u00eb. Nj\u00ebra prej tyre \u00ebsht\u00eb \u201cIstanbull Open 2010\u201d, ku marrin pjes\u00eb garuesit m\u00eb t\u00eb mir\u00eb t\u00eb bot\u00ebs. Ftesa u b\u00eb klubit ton\u00eb drejtp\u00ebrdrejt nga organizatori i gar\u00ebs dhe Federata e Karates\u00eb t\u00eb Turqis\u00eb. Shpresojm\u00eb q\u00eb do t\u00eb marrim pjes\u00eb, natyrisht n\u00ebse do t\u00eb kemi p\u00ebrkrahje financiare.<br \/>\nUdh\u00ebheq\u00ebsia e KK \u201cUlqini\u201d fal\u00ebnderon pronarin e plazhit \u201cTropicana\u201d Sul Bajramin, i cili na ndihmoi n\u00eb realizimin e k\u00ebtij seminari n\u00eb plazhin e tij \u201cTropicana\u201d, duke na p\u00ebrkrahur financiarisht dhe moralisht. Fal\u00ebnderojm\u00eb edhe t\u00eb gjith\u00eb pun\u00ebtor\u00ebt e k\u00ebtij plazhi, si dhe prind\u00ebrit e an\u00ebtar\u00ebve tan\u00eb, t\u00eb cil\u00ebt kan\u00eb kontribuar p\u00ebr nj\u00eb pjes\u00eb t\u00eb shpenzimeve.<\/p>\n<p><strong><br \/>\nUDH\u00cbHEQ\u00cbSIA E KLUBIT T\u00cb KARATES\u00cb \u201cULQINI\u201d<br \/>\n\n\t\t<style type=\"text\/css\">\n\t\t\t#gallery-1 {\n\t\t\t\tmargin: auto;\n\t\t\t}\n\t\t\t#gallery-1 .gallery-item {\n\t\t\t\tfloat: left;\n\t\t\t\tmargin-top: 10px;\n\t\t\t\ttext-align: center;\n\t\t\t\twidth: 33%;\n\t\t\t}\n\t\t\t#gallery-1 img {\n\t\t\t\tborder: 2px solid #cfcfcf;\n\t\t\t}\n\t\t\t#gallery-1 .gallery-caption {\n\t\t\t\tmargin-left: 0;\n\t\t\t}\n\t\t\t\/* see gallery_shortcode() in wp-includes\/media.php *\/\n\t\t<\/style>\n\t\t<div id='gallery-1' class='gallery galleryid-35396 gallery-columns-3 gallery-size-thumbnail'><dl class='gallery-item'>\n\t\t\t<dt class='gallery-icon '>\n\t\t\t\t<a href='https:\/\/www.visit-ulcinj.com\/blog\/wp-content\/uploads\/2010\/07\/Klubi-i-karates\u00c3\u00ab-Ulqini-Seminari-Vera-2010.1.JPG'><img width=\"1\" height=\"1\" src=\"https:\/\/www.visit-ulcinj.com\/blog\/wp-content\/uploads\/2010\/07\/Klubi-i-karates\u00c3\u00ab-Ulqini-Seminari-Vera-2010.1.JPG\" class=\"attachment-thumbnail size-thumbnail\" alt=\"\" loading=\"lazy\" \/><\/a>\n\t\t\t<\/dt><\/dl><dl class='gallery-item'>\n\t\t\t<dt class='gallery-icon '>\n\t\t\t\t<a href='https:\/\/www.visit-ulcinj.com\/blog\/wp-content\/uploads\/2010\/07\/Klubi-i-karates\u00c3\u00ab-Ulqini-Seminari-Vera-2010.2_picnik.jpg'><img width=\"1\" height=\"1\" src=\"https:\/\/www.visit-ulcinj.com\/blog\/wp-content\/uploads\/2010\/07\/Klubi-i-karates\u00c3\u00ab-Ulqini-Seminari-Vera-2010.2_picnik.jpg\" class=\"attachment-thumbnail size-thumbnail\" alt=\"\" loading=\"lazy\" \/><\/a>\n\t\t\t<\/dt><\/dl><dl class='gallery-item'>\n\t\t\t<dt class='gallery-icon '>\n\t\t\t\t<a href='https:\/\/www.visit-ulcinj.com\/blog\/wp-content\/uploads\/2010\/07\/Klubi-i-karates\u00c3\u00ab-Ulqini-Seminari-Vera-2010.3_picnik.jpg'><img width=\"1\" height=\"1\" src=\"https:\/\/www.visit-ulcinj.com\/blog\/wp-content\/uploads\/2010\/07\/Klubi-i-karates\u00c3\u00ab-Ulqini-Seminari-Vera-2010.3_picnik.jpg\" class=\"attachment-thumbnail size-thumbnail\" alt=\"\" loading=\"lazy\" \/><\/a>\n\t\t\t<\/dt><\/dl><br style=\"clear: both\" \/><dl class='gallery-item'>\n\t\t\t<dt class='gallery-icon '>\n\t\t\t\t<a href='https:\/\/www.visit-ulcinj.com\/blog\/wp-content\/uploads\/2010\/07\/Klubi-i-karates\u00c3\u00ab-Ulqini-Seminari-Vera-2010.4_picnik.jpg'><img width=\"1\" height=\"1\" src=\"https:\/\/www.visit-ulcinj.com\/blog\/wp-content\/uploads\/2010\/07\/Klubi-i-karates\u00c3\u00ab-Ulqini-Seminari-Vera-2010.4_picnik.jpg\" class=\"attachment-thumbnail size-thumbnail\" alt=\"\" loading=\"lazy\" \/><\/a>\n\t\t\t<\/dt><\/dl><dl class='gallery-item'>\n\t\t\t<dt class='gallery-icon '>\n\t\t\t\t<a href='https:\/\/www.visit-ulcinj.com\/blog\/wp-content\/uploads\/2010\/07\/Klubi-i-karates\u00c3\u00ab-Ulqini-Seminari-Vera-2010.5_picnik.jpg'><img width=\"1\" height=\"1\" src=\"https:\/\/www.visit-ulcinj.com\/blog\/wp-content\/uploads\/2010\/07\/Klubi-i-karates\u00c3\u00ab-Ulqini-Seminari-Vera-2010.5_picnik.jpg\" class=\"attachment-thumbnail size-thumbnail\" alt=\"\" loading=\"lazy\" \/><\/a>\n\t\t\t<\/dt><\/dl><dl class='gallery-item'>\n\t\t\t<dt class='gallery-icon '>\n\t\t\t\t<a href='https:\/\/www.visit-ulcinj.com\/blog\/wp-content\/uploads\/2010\/07\/Klubi-i-karates\u00c3\u00ab-Ulqini-Seminari-Vera-2010.6_picnik.jpg'><img width=\"1\" height=\"1\" src=\"https:\/\/www.visit-ulcinj.com\/blog\/wp-content\/uploads\/2010\/07\/Klubi-i-karates\u00c3\u00ab-Ulqini-Seminari-Vera-2010.6_picnik.jpg\" class=\"attachment-thumbnail size-thumbnail\" alt=\"\" loading=\"lazy\" \/><\/a>\n\t\t\t<\/dt><\/dl><br style=\"clear: both\" \/><dl class='gallery-item'>\n\t\t\t<dt class='gallery-icon '>\n\t\t\t\t<a href='https:\/\/www.visit-ulcinj.com\/blog\/wp-content\/uploads\/2010\/07\/Klubi-i-karates\u00c3\u00ab-Ulqini-Seminari-Vera-2010.7_picnik.jpg'><img width=\"1\" height=\"1\" src=\"https:\/\/www.visit-ulcinj.com\/blog\/wp-content\/uploads\/2010\/07\/Klubi-i-karates\u00c3\u00ab-Ulqini-Seminari-Vera-2010.7_picnik.jpg\" class=\"attachment-thumbnail size-thumbnail\" alt=\"\" loading=\"lazy\" \/><\/a>\n\t\t\t<\/dt><\/dl><dl class='gallery-item'>\n\t\t\t<dt class='gallery-icon '>\n\t\t\t\t<a href='https:\/\/www.visit-ulcinj.com\/blog\/wp-content\/uploads\/2010\/07\/Klubi-i-karates\u00c3\u00ab-Ulqini-Seminari-Vera-2010.9_picnik.jpg'><img width=\"1\" height=\"1\" src=\"https:\/\/www.visit-ulcinj.com\/blog\/wp-content\/uploads\/2010\/07\/Klubi-i-karates\u00c3\u00ab-Ulqini-Seminari-Vera-2010.9_picnik.jpg\" class=\"attachment-thumbnail size-thumbnail\" alt=\"\" loading=\"lazy\" \/><\/a>\n\t\t\t<\/dt><\/dl><dl class='gallery-item'>\n\t\t\t<dt class='gallery-icon '>\n\t\t\t\t<a href='https:\/\/www.visit-ulcinj.com\/blog\/wp-content\/uploads\/2010\/07\/Klubi-i-karates\u00c3\u00ab-Ulqini-Seminari-Vera-2010.11_picnik.jpg'><img width=\"1\" height=\"1\" src=\"https:\/\/www.visit-ulcinj.com\/blog\/wp-content\/uploads\/2010\/07\/Klubi-i-karates\u00c3\u00ab-Ulqini-Seminari-Vera-2010.11_picnik.jpg\" class=\"attachment-thumbnail size-thumbnail\" alt=\"\" loading=\"lazy\" \/><\/a>\n\t\t\t<\/dt><\/dl><br style=\"clear: both\" \/><dl class='gallery-item'>\n\t\t\t<dt class='gallery-icon '>\n\t\t\t\t<a href='https:\/\/www.visit-ulcinj.com\/blog\/wp-content\/uploads\/2010\/07\/Klubi-i-karates\u00c3\u00ab-Ulqini-Seminari-Vera-2010.12_picnik.jpg'><img width=\"1\" height=\"1\" src=\"https:\/\/www.visit-ulcinj.com\/blog\/wp-content\/uploads\/2010\/07\/Klubi-i-karates\u00c3\u00ab-Ulqini-Seminari-Vera-2010.12_picnik.jpg\" class=\"attachment-thumbnail size-thumbnail\" alt=\"\" loading=\"lazy\" \/><\/a>\n\t\t\t<\/dt><\/dl><dl class='gallery-item'>\n\t\t\t<dt class='gallery-icon '>\n\t\t\t\t<a href='https:\/\/www.visit-ulcinj.com\/blog\/wp-content\/uploads\/2010\/07\/Klubi-i-karates\u00c3\u00ab-Ulqini-Seminari-Vera-2010.13_picnik.jpg'><img width=\"1\" height=\"1\" src=\"https:\/\/www.visit-ulcinj.com\/blog\/wp-content\/uploads\/2010\/07\/Klubi-i-karates\u00c3\u00ab-Ulqini-Seminari-Vera-2010.13_picnik.jpg\" class=\"attachment-thumbnail size-thumbnail\" alt=\"\" loading=\"lazy\" \/><\/a>\n\t\t\t<\/dt><\/dl><dl class='gallery-item'>\n\t\t\t<dt class='gallery-icon '>\n\t\t\t\t<a href='https:\/\/www.visit-ulcinj.com\/blog\/wp-content\/uploads\/2010\/07\/Klubi-i-karates\u00c3\u00ab-Ulqini-Seminari-Vera-2010.14_picnik.jpg'><img width=\"1\" height=\"1\" src=\"https:\/\/www.visit-ulcinj.com\/blog\/wp-content\/uploads\/2010\/07\/Klubi-i-karates\u00c3\u00ab-Ulqini-Seminari-Vera-2010.14_picnik.jpg\" class=\"attachment-thumbnail size-thumbnail\" alt=\"\" loading=\"lazy\" \/><\/a>\n\t\t\t<\/dt><\/dl><br style=\"clear: both\" \/><dl class='gallery-item'>\n\t\t\t<dt class='gallery-icon '>\n\t\t\t\t<a href='https:\/\/www.visit-ulcinj.com\/blog\/wp-content\/uploads\/2010\/07\/Klubi-i-karates\u00c3\u00ab-Ulqini-Seminari-Vera-2010.15_picnik.jpg'><img width=\"1\" height=\"1\" src=\"https:\/\/www.visit-ulcinj.com\/blog\/wp-content\/uploads\/2010\/07\/Klubi-i-karates\u00c3\u00ab-Ulqini-Seminari-Vera-2010.15_picnik.jpg\" class=\"attachment-thumbnail size-thumbnail\" alt=\"\" loading=\"lazy\" \/><\/a>\n\t\t\t<\/dt><\/dl><dl class='gallery-item'>\n\t\t\t<dt class='gallery-icon '>\n\t\t\t\t<a href='https:\/\/www.visit-ulcinj.com\/blog\/wp-content\/uploads\/2010\/07\/Klubi-i-karates\u00c3\u00ab-Ulqini-Seminari-Vera-2010.16_picnik.jpg'><img width=\"1\" height=\"1\" src=\"https:\/\/www.visit-ulcinj.com\/blog\/wp-content\/uploads\/2010\/07\/Klubi-i-karates\u00c3\u00ab-Ulqini-Seminari-Vera-2010.16_picnik.jpg\" class=\"attachment-thumbnail size-thumbnail\" alt=\"\" loading=\"lazy\" \/><\/a>\n\t\t\t<\/dt><\/dl>\n\t\t\t<br style='clear: both' \/>\n\t\t<\/div>\n<br \/>\n<!--YouTube Error: bad URL entered--><\/strong><\/p>\n","protected":false},"excerpt":{"rendered":"<p>P\u00ebrfundoi pjesa e par\u00eb e seminarit t\u00eb XV t\u00eb Klubit t\u00eb karates\u00eb \u201cUlqini\u201d \u2013 \u201cVera 2010\u201d SEMINARI \u201cVERA 2010\u201d Klubi i karates\u00eb \u201cUlqini\u201d edhe k\u00ebsaj vere gjat\u00eb muajit qershor organizoi seminarin \u201cVera 2010\u201d p\u00ebr an\u00ebtar\u00ebt e klubit. Tashm\u00eb ky seminar u b\u00eb tradicional, pasi q\u00eb k\u00ebt\u00eb vit sh\u00ebnoi 15 vjetorin e mbajtjes s\u00eb tij. Seminari [&hellip;]<\/p>\n","protected":false},"author":1,"featured_media":0,"comment_status":"open","ping_status":"closed","sticky":false,"template":"","format":"standard","meta":{"spay_email":"","jetpack_publicize_message":"","jetpack_is_tweetstorm":false,"jetpack_publicize_feature_enabled":true},"categories":[3],"tags":[12353,7310,9714,2079,2077,14881,2076,14880,14882],"jetpack_publicize_connections":[],"yoast_head":"<!-- This site is optimized with the Yoast SEO plugin v19.1 - https:\/\/yoast.com\/wordpress\/plugins\/seo\/ -->\n<title>Klubi i karates\u00eb Ulqini Seminari - Vera 2010 - Lajme nga Ulqini<\/title>\n<meta name=\"description\" content=\"P\u00ebrfundoi pjesa e par\u00eb e seminarit t\u00eb XV t\u00eb Klubit t\u00eb karates\u00eb \u201cUlqini\u201d \u2013 \u201cVera 2010\u201d SEMINARI \u201cVERA 2010\u201d Klubi i karates\u00eb \u201cUlqini\u201d edhe k\u00ebsaj vere gjat\u00eb\" \/>\n<meta name=\"robots\" content=\"index, follow, max-snippet:-1, max-image-preview:large, max-video-preview:-1\" \/>\n<link rel=\"canonical\" href=\"https:\/\/www.visit-ulcinj.com\/blog\/2010\/07\/11\/klubi-i-karatese-ulqini-seminari-vera-2010\/\" \/>\n<meta property=\"og:locale\" content=\"en_US\" \/>\n<meta property=\"og:type\" content=\"article\" \/>\n<meta property=\"og:title\" content=\"Klubi i karates\u00eb Ulqini Seminari - Vera 2010 - Lajme nga Ulqini\" \/>\n<meta property=\"og:description\" content=\"P\u00ebrfundoi pjesa e par\u00eb e seminarit t\u00eb XV t\u00eb Klubit t\u00eb karates\u00eb \u201cUlqini\u201d \u2013 \u201cVera 2010\u201d SEMINARI \u201cVERA 2010\u201d Klubi i karates\u00eb \u201cUlqini\u201d edhe k\u00ebsaj vere gjat\u00eb\" \/>\n<meta property=\"og:url\" content=\"https:\/\/www.visit-ulcinj.com\/blog\/2010\/07\/11\/klubi-i-karatese-ulqini-seminari-vera-2010\/\" \/>\n<meta property=\"og:site_name\" content=\"Lajme nga Ulqini\" \/>\n<meta property=\"article:published_time\" content=\"2010-07-11T06:25:26+00:00\" \/>\n<meta property=\"og:image\" content=\"https:\/\/www.visit-ulcinj.com\/blog\/wp-content\/uploads\/2010\/07\/Klubi-i-karates\u00c3\u00ab-Ulqini-Seminari-Vera-2010.1.JPG\" \/>\n<meta name=\"twitter:label1\" content=\"Written by\" \/>\n\t<meta name=\"twitter:data1\" content=\"ulqini\" \/>\n\t<meta name=\"twitter:label2\" content=\"Est. reading time\" \/>\n\t<meta name=\"twitter:data2\" content=\"2 minutes\" \/>\n<script type=\"application\/ld+json\" class=\"yoast-schema-graph\">{\"@context\":\"https:\/\/schema.org\",\"@graph\":[{\"@type\":\"WebSite\",\"@id\":\"https:\/\/www.visit-ulcinj.com\/blog\/#website\",\"url\":\"https:\/\/www.visit-ulcinj.com\/blog\/\",\"name\":\"Lajme nga Ulqini\",\"description\":\"Lajme,Vijesti,Ulqini,Ulqin,Crna Gora,Mali i Zi\",\"potentialAction\":[{\"@type\":\"SearchAction\",\"target\":{\"@type\":\"EntryPoint\",\"urlTemplate\":\"https:\/\/www.visit-ulcinj.com\/blog\/?s={search_term_string}\"},\"query-input\":\"required name=search_term_string\"}],\"inLanguage\":\"en-US\"},{\"@type\":\"WebPage\",\"@id\":\"https:\/\/www.visit-ulcinj.com\/blog\/2010\/07\/11\/klubi-i-karatese-ulqini-seminari-vera-2010\/#webpage\",\"url\":\"https:\/\/www.visit-ulcinj.com\/blog\/2010\/07\/11\/klubi-i-karatese-ulqini-seminari-vera-2010\/\",\"name\":\"Klubi i karates\u00eb Ulqini Seminari - Vera 2010 - Lajme nga Ulqini\",\"isPartOf\":{\"@id\":\"https:\/\/www.visit-ulcinj.com\/blog\/#website\"},\"datePublished\":\"2010-07-11T06:25:26+00:00\",\"dateModified\":\"2010-07-11T06:25:26+00:00\",\"author\":{\"@id\":\"https:\/\/www.visit-ulcinj.com\/blog\/#\/schema\/person\/dcab619c614d3038751c63bc2aadc06d\"},\"description\":\"P\u00ebrfundoi pjesa e par\u00eb e seminarit t\u00eb XV t\u00eb Klubit t\u00eb karates\u00eb \u201cUlqini\u201d \u2013 \u201cVera 2010\u201d SEMINARI \u201cVERA 2010\u201d Klubi i karates\u00eb \u201cUlqini\u201d edhe k\u00ebsaj vere gjat\u00eb\",\"breadcrumb\":{\"@id\":\"https:\/\/www.visit-ulcinj.com\/blog\/2010\/07\/11\/klubi-i-karatese-ulqini-seminari-vera-2010\/#breadcrumb\"},\"inLanguage\":\"en-US\",\"potentialAction\":[{\"@type\":\"ReadAction\",\"target\":[\"https:\/\/www.visit-ulcinj.com\/blog\/2010\/07\/11\/klubi-i-karatese-ulqini-seminari-vera-2010\/\"]}]},{\"@type\":\"BreadcrumbList\",\"@id\":\"https:\/\/www.visit-ulcinj.com\/blog\/2010\/07\/11\/klubi-i-karatese-ulqini-seminari-vera-2010\/#breadcrumb\",\"itemListElement\":[{\"@type\":\"ListItem\",\"position\":1,\"name\":\"Klubi i karates\u00eb Ulqini Seminari &#8211; Vera 2010\"}]},{\"@type\":\"Person\",\"@id\":\"https:\/\/www.visit-ulcinj.com\/blog\/#\/schema\/person\/dcab619c614d3038751c63bc2aadc06d\",\"name\":\"ulqini\",\"sameAs\":[\"http:\/\/www.visit-ulcinj.com\"],\"url\":\"https:\/\/www.visit-ulcinj.com\/blog\/author\/admin\/\"}]}<\/script>\n<!-- \/ Yoast SEO plugin. -->","yoast_head_json":{"title":"Klubi i karates\u00eb Ulqini Seminari - Vera 2010 - Lajme nga Ulqini","description":"P\u00ebrfundoi pjesa e par\u00eb e seminarit t\u00eb XV t\u00eb Klubit t\u00eb karates\u00eb \u201cUlqini\u201d \u2013 \u201cVera 2010\u201d SEMINARI \u201cVERA 2010\u201d Klubi i karates\u00eb \u201cUlqini\u201d edhe k\u00ebsaj vere gjat\u00eb","robots":{"index":"index","follow":"follow","max-snippet":"max-snippet:-1","max-image-preview":"max-image-preview:large","max-video-preview":"max-video-preview:-1"},"canonical":"https:\/\/www.visit-ulcinj.com\/blog\/2010\/07\/11\/klubi-i-karatese-ulqini-seminari-vera-2010\/","og_locale":"en_US","og_type":"article","og_title":"Klubi i karates\u00eb Ulqini Seminari - Vera 2010 - Lajme nga Ulqini","og_description":"P\u00ebrfundoi pjesa e par\u00eb e seminarit t\u00eb XV t\u00eb Klubit t\u00eb karates\u00eb \u201cUlqini\u201d \u2013 \u201cVera 2010\u201d SEMINARI \u201cVERA 2010\u201d Klubi i karates\u00eb \u201cUlqini\u201d edhe k\u00ebsaj vere gjat\u00eb","og_url":"https:\/\/www.visit-ulcinj.com\/blog\/2010\/07\/11\/klubi-i-karatese-ulqini-seminari-vera-2010\/","og_site_name":"Lajme nga Ulqini","article_published_time":"2010-07-11T06:25:26+00:00","og_image":[{"url":"https:\/\/www.visit-ulcinj.com\/blog\/wp-content\/uploads\/2010\/07\/Klubi-i-karates\u00c3\u00ab-Ulqini-Seminari-Vera-2010.1.JPG"}],"twitter_misc":{"Written by":"ulqini","Est. reading time":"2 minutes"},"schema":{"@context":"https:\/\/schema.org","@graph":[{"@type":"WebSite","@id":"https:\/\/www.visit-ulcinj.com\/blog\/#website","url":"https:\/\/www.visit-ulcinj.com\/blog\/","name":"Lajme nga Ulqini","description":"Lajme,Vijesti,Ulqini,Ulqin,Crna Gora,Mali i Zi","potentialAction":[{"@type":"SearchAction","target":{"@type":"EntryPoint","urlTemplate":"https:\/\/www.visit-ulcinj.com\/blog\/?s={search_term_string}"},"query-input":"required name=search_term_string"}],"inLanguage":"en-US"},{"@type":"WebPage","@id":"https:\/\/www.visit-ulcinj.com\/blog\/2010\/07\/11\/klubi-i-karatese-ulqini-seminari-vera-2010\/#webpage","url":"https:\/\/www.visit-ulcinj.com\/blog\/2010\/07\/11\/klubi-i-karatese-ulqini-seminari-vera-2010\/","name":"Klubi i karates\u00eb Ulqini Seminari - Vera 2010 - Lajme nga Ulqini","isPartOf":{"@id":"https:\/\/www.visit-ulcinj.com\/blog\/#website"},"datePublished":"2010-07-11T06:25:26+00:00","dateModified":"2010-07-11T06:25:26+00:00","author":{"@id":"https:\/\/www.visit-ulcinj.com\/blog\/#\/schema\/person\/dcab619c614d3038751c63bc2aadc06d"},"description":"P\u00ebrfundoi pjesa e par\u00eb e seminarit t\u00eb XV t\u00eb Klubit t\u00eb karates\u00eb \u201cUlqini\u201d \u2013 \u201cVera 2010\u201d SEMINARI \u201cVERA 2010\u201d Klubi i karates\u00eb \u201cUlqini\u201d edhe k\u00ebsaj vere gjat\u00eb","breadcrumb":{"@id":"https:\/\/www.visit-ulcinj.com\/blog\/2010\/07\/11\/klubi-i-karatese-ulqini-seminari-vera-2010\/#breadcrumb"},"inLanguage":"en-US","potentialAction":[{"@type":"ReadAction","target":["https:\/\/www.visit-ulcinj.com\/blog\/2010\/07\/11\/klubi-i-karatese-ulqini-seminari-vera-2010\/"]}]},{"@type":"BreadcrumbList","@id":"https:\/\/www.visit-ulcinj.com\/blog\/2010\/07\/11\/klubi-i-karatese-ulqini-seminari-vera-2010\/#breadcrumb","itemListElement":[{"@type":"ListItem","position":1,"name":"Klubi i karates\u00eb Ulqini Seminari &#8211; Vera 2010"}]},{"@type":"Person","@id":"https:\/\/www.visit-ulcinj.com\/blog\/#\/schema\/person\/dcab619c614d3038751c63bc2aadc06d","name":"ulqini","sameAs":["http:\/\/www.visit-ulcinj.com"],"url":"https:\/\/www.visit-ulcinj.com\/blog\/author\/admin\/"}]}},"jetpack_featured_media_url":"","jetpack_sharing_enabled":true,"jetpack_shortlink":"https:\/\/wp.me\/pe6lTn-9cU","_links":{"self":[{"href":"https:\/\/www.visit-ulcinj.com\/blog\/wp-json\/wp\/v2\/posts\/35396"}],"collection":[{"href":"https:\/\/www.visit-ulcinj.com\/blog\/wp-json\/wp\/v2\/posts"}],"about":[{"href":"https:\/\/www.visit-ulcinj.com\/blog\/wp-json\/wp\/v2\/types\/post"}],"author":[{"embeddable":true,"href":"https:\/\/www.visit-ulcinj.com\/blog\/wp-json\/wp\/v2\/users\/1"}],"replies":[{"embeddable":true,"href":"https:\/\/www.visit-ulcinj.com\/blog\/wp-json\/wp\/v2\/comments?post=35396"}],"version-history":[{"count":0,"href":"https:\/\/www.visit-ulcinj.com\/blog\/wp-json\/wp\/v2\/posts\/35396\/revisions"}],"wp:attachment":[{"href":"https:\/\/www.visit-ulcinj.com\/blog\/wp-json\/wp\/v2\/media?parent=35396"}],"wp:term":[{"taxonomy":"category","embeddable":true,"href":"https:\/\/www.visit-ulcinj.com\/blog\/wp-json\/wp\/v2\/categories?post=35396"},{"taxonomy":"post_tag","embeddable":true,"href":"https:\/\/www.visit-ulcinj.com\/blog\/wp-json\/wp\/v2\/tags?post=35396"}],"curies":[{"name":"wp","href":"https:\/\/api.w.org\/{rel}","templated":true}]}}