{"id":35414,"date":"2010-07-11T15:08:30","date_gmt":"2010-07-11T13:08:30","guid":{"rendered":"http:\/\/www.visit-ulcinj.com\/blog\/?p=35414"},"modified":"2010-07-11T15:29:15","modified_gmt":"2010-07-11T13:29:15","slug":"ditet-e-nxehta-te-rezarta-shkurtes","status":"publish","type":"post","link":"https:\/\/www.visit-ulcinj.com\/blog\/2010\/07\/11\/ditet-e-nxehta-te-rezarta-shkurtes\/","title":{"rendered":"Dit\u00ebt e nxehta t\u00eb Rezarta Shkurt\u00ebs"},"content":{"rendered":"<p><a href=\"http:\/\/www.visit-ulcinj.com\/blog\/wp-content\/uploads\/2010\/07\/Rezarta-Shkurta1.jpg\"><img loading=\"lazy\" class=\"alignleft size-full wp-image-35415\" title=\"Rezarta Shkurta\" src=\"http:\/\/www.visit-ulcinj.com\/blog\/wp-content\/uploads\/2010\/07\/Rezarta-Shkurta1.jpg\" alt=\"Rezarta Shkurta\" width=\"490\" height=\"370\" \/><\/a>Tiran\u00eb, 11 korrik &#8211; Me lookun e ri nga bionde n\u00eb brune, madje me flok\u00eb m\u00eb t\u00eb zgjatur, Rezarta Shkurta \u00ebsht\u00eb fokusuar nga paparac\u00ebt n\u00eb pishin\u00eb bashk\u00eb me nj\u00eb mikesh\u00ebn e saj.<br \/>\nN\u00eb k\u00ebto dit\u00eb t\u00eb nxehta t\u00eb ver\u00ebs k\u00ebng\u00ebtarja \u00ebsht\u00eb par\u00eb teksa kalonte disa momente t\u00eb bukura buz\u00eb pishin\u00ebs kur n\u00eb krah kishte mikesh\u00ebn e saj dhe jo t\u00eb dashurin Ermalin, transmeton Ballkanweb.<\/p>\n<p><strong>Ballkanweb<br \/>\n<br \/>\n<!--YouTube Error: bad URL entered--><\/strong><\/p>\n<p><strong> <\/strong><\/p>\n","protected":false},"excerpt":{"rendered":"<p>Tiran\u00eb, 11 korrik &#8211; Me lookun e ri nga bionde n\u00eb brune, madje me flok\u00eb m\u00eb t\u00eb zgjatur, Rezarta Shkurta \u00ebsht\u00eb fokusuar nga paparac\u00ebt n\u00eb pishin\u00eb bashk\u00eb me nj\u00eb mikesh\u00ebn e saj. N\u00eb k\u00ebto dit\u00eb t\u00eb nxehta t\u00eb ver\u00ebs k\u00ebng\u00ebtarja \u00ebsht\u00eb par\u00eb teksa kalonte disa momente t\u00eb bukura buz\u00eb pishin\u00ebs kur n\u00eb krah kishte mikesh\u00ebn [&hellip;]<\/p>\n","protected":false},"author":1,"featured_media":0,"comment_status":"open","ping_status":"closed","sticky":false,"template":"","format":"standard","meta":{"spay_email":"","jetpack_publicize_message":"","jetpack_is_tweetstorm":false,"jetpack_publicize_feature_enabled":true},"categories":[1],"tags":[4953],"jetpack_publicize_connections":[],"yoast_head":"<!-- This site is optimized with the Yoast SEO plugin v19.1 - https:\/\/yoast.com\/wordpress\/plugins\/seo\/ -->\n<title>Dit\u00ebt e nxehta t\u00eb Rezarta Shkurt\u00ebs - Lajme nga Ulqini<\/title>\n<meta name=\"description\" content=\"Tiran\u00eb, 11 korrik - Me lookun e ri nga bionde n\u00eb brune, madje me flok\u00eb m\u00eb t\u00eb zgjatur, Rezarta Shkurta \u00ebsht\u00eb fokusuar nga paparac\u00ebt n\u00eb pishin\u00eb bashk\u00eb me\" \/>\n<meta name=\"robots\" content=\"index, follow, max-snippet:-1, max-image-preview:large, max-video-preview:-1\" \/>\n<link rel=\"canonical\" href=\"https:\/\/www.visit-ulcinj.com\/blog\/2010\/07\/11\/ditet-e-nxehta-te-rezarta-shkurtes\/\" \/>\n<meta property=\"og:locale\" content=\"en_US\" \/>\n<meta property=\"og:type\" content=\"article\" \/>\n<meta property=\"og:title\" content=\"Dit\u00ebt e nxehta t\u00eb Rezarta Shkurt\u00ebs - Lajme nga Ulqini\" \/>\n<meta property=\"og:description\" content=\"Tiran\u00eb, 11 korrik - Me lookun e ri nga bionde n\u00eb brune, madje me flok\u00eb m\u00eb t\u00eb zgjatur, Rezarta Shkurta \u00ebsht\u00eb fokusuar nga paparac\u00ebt n\u00eb pishin\u00eb bashk\u00eb me\" \/>\n<meta property=\"og:url\" content=\"https:\/\/www.visit-ulcinj.com\/blog\/2010\/07\/11\/ditet-e-nxehta-te-rezarta-shkurtes\/\" \/>\n<meta property=\"og:site_name\" content=\"Lajme nga Ulqini\" \/>\n<meta property=\"article:published_time\" content=\"2010-07-11T13:08:30+00:00\" \/>\n<meta property=\"article:modified_time\" content=\"2010-07-11T13:29:15+00:00\" \/>\n<meta property=\"og:image\" content=\"https:\/\/www.visit-ulcinj.com\/blog\/wp-content\/uploads\/2010\/07\/Rezarta-Shkurta1-150x150.jpg\" \/>\n<meta name=\"twitter:label1\" content=\"Written by\" \/>\n\t<meta name=\"twitter:data1\" content=\"ulqini\" \/>\n<script type=\"application\/ld+json\" class=\"yoast-schema-graph\">{\"@context\":\"https:\/\/schema.org\",\"@graph\":[{\"@type\":\"WebSite\",\"@id\":\"https:\/\/www.visit-ulcinj.com\/blog\/#website\",\"url\":\"https:\/\/www.visit-ulcinj.com\/blog\/\",\"name\":\"Lajme nga Ulqini\",\"description\":\"Lajme,Vijesti,Ulqini,Ulqin,Crna Gora,Mali i Zi\",\"potentialAction\":[{\"@type\":\"SearchAction\",\"target\":{\"@type\":\"EntryPoint\",\"urlTemplate\":\"https:\/\/www.visit-ulcinj.com\/blog\/?s={search_term_string}\"},\"query-input\":\"required name=search_term_string\"}],\"inLanguage\":\"en-US\"},{\"@type\":\"ImageObject\",\"inLanguage\":\"en-US\",\"@id\":\"https:\/\/www.visit-ulcinj.com\/blog\/2010\/07\/11\/ditet-e-nxehta-te-rezarta-shkurtes\/#primaryimage\",\"url\":\"http:\/\/www.visit-ulcinj.com\/blog\/wp-content\/uploads\/2010\/07\/Rezarta-Shkurta1.jpg\",\"contentUrl\":\"http:\/\/www.visit-ulcinj.com\/blog\/wp-content\/uploads\/2010\/07\/Rezarta-Shkurta1.jpg\"},{\"@type\":\"WebPage\",\"@id\":\"https:\/\/www.visit-ulcinj.com\/blog\/2010\/07\/11\/ditet-e-nxehta-te-rezarta-shkurtes\/#webpage\",\"url\":\"https:\/\/www.visit-ulcinj.com\/blog\/2010\/07\/11\/ditet-e-nxehta-te-rezarta-shkurtes\/\",\"name\":\"Dit\u00ebt e nxehta t\u00eb Rezarta Shkurt\u00ebs - Lajme nga Ulqini\",\"isPartOf\":{\"@id\":\"https:\/\/www.visit-ulcinj.com\/blog\/#website\"},\"primaryImageOfPage\":{\"@id\":\"https:\/\/www.visit-ulcinj.com\/blog\/2010\/07\/11\/ditet-e-nxehta-te-rezarta-shkurtes\/#primaryimage\"},\"datePublished\":\"2010-07-11T13:08:30+00:00\",\"dateModified\":\"2010-07-11T13:29:15+00:00\",\"author\":{\"@id\":\"https:\/\/www.visit-ulcinj.com\/blog\/#\/schema\/person\/dcab619c614d3038751c63bc2aadc06d\"},\"description\":\"Tiran\u00eb, 11 korrik - Me lookun e ri nga bionde n\u00eb brune, madje me flok\u00eb m\u00eb t\u00eb zgjatur, Rezarta Shkurta \u00ebsht\u00eb fokusuar nga paparac\u00ebt n\u00eb pishin\u00eb bashk\u00eb me\",\"breadcrumb\":{\"@id\":\"https:\/\/www.visit-ulcinj.com\/blog\/2010\/07\/11\/ditet-e-nxehta-te-rezarta-shkurtes\/#breadcrumb\"},\"inLanguage\":\"en-US\",\"potentialAction\":[{\"@type\":\"ReadAction\",\"target\":[\"https:\/\/www.visit-ulcinj.com\/blog\/2010\/07\/11\/ditet-e-nxehta-te-rezarta-shkurtes\/\"]}]},{\"@type\":\"BreadcrumbList\",\"@id\":\"https:\/\/www.visit-ulcinj.com\/blog\/2010\/07\/11\/ditet-e-nxehta-te-rezarta-shkurtes\/#breadcrumb\",\"itemListElement\":[{\"@type\":\"ListItem\",\"position\":1,\"name\":\"Dit\u00ebt e nxehta t\u00eb Rezarta Shkurt\u00ebs\"}]},{\"@type\":\"Person\",\"@id\":\"https:\/\/www.visit-ulcinj.com\/blog\/#\/schema\/person\/dcab619c614d3038751c63bc2aadc06d\",\"name\":\"ulqini\",\"sameAs\":[\"http:\/\/www.visit-ulcinj.com\"],\"url\":\"https:\/\/www.visit-ulcinj.com\/blog\/author\/admin\/\"}]}<\/script>\n<!-- \/ Yoast SEO plugin. -->","yoast_head_json":{"title":"Dit\u00ebt e nxehta t\u00eb Rezarta Shkurt\u00ebs - Lajme nga Ulqini","description":"Tiran\u00eb, 11 korrik - Me lookun e ri nga bionde n\u00eb brune, madje me flok\u00eb m\u00eb t\u00eb zgjatur, Rezarta Shkurta \u00ebsht\u00eb fokusuar nga paparac\u00ebt n\u00eb pishin\u00eb bashk\u00eb me","robots":{"index":"index","follow":"follow","max-snippet":"max-snippet:-1","max-image-preview":"max-image-preview:large","max-video-preview":"max-video-preview:-1"},"canonical":"https:\/\/www.visit-ulcinj.com\/blog\/2010\/07\/11\/ditet-e-nxehta-te-rezarta-shkurtes\/","og_locale":"en_US","og_type":"article","og_title":"Dit\u00ebt e nxehta t\u00eb Rezarta Shkurt\u00ebs - Lajme nga Ulqini","og_description":"Tiran\u00eb, 11 korrik - Me lookun e ri nga bionde n\u00eb brune, madje me flok\u00eb m\u00eb t\u00eb zgjatur, Rezarta Shkurta \u00ebsht\u00eb fokusuar nga paparac\u00ebt n\u00eb pishin\u00eb bashk\u00eb me","og_url":"https:\/\/www.visit-ulcinj.com\/blog\/2010\/07\/11\/ditet-e-nxehta-te-rezarta-shkurtes\/","og_site_name":"Lajme nga Ulqini","article_published_time":"2010-07-11T13:08:30+00:00","article_modified_time":"2010-07-11T13:29:15+00:00","og_image":[{"url":"https:\/\/www.visit-ulcinj.com\/blog\/wp-content\/uploads\/2010\/07\/Rezarta-Shkurta1-150x150.jpg"}],"twitter_misc":{"Written by":"ulqini"},"schema":{"@context":"https:\/\/schema.org","@graph":[{"@type":"WebSite","@id":"https:\/\/www.visit-ulcinj.com\/blog\/#website","url":"https:\/\/www.visit-ulcinj.com\/blog\/","name":"Lajme nga Ulqini","description":"Lajme,Vijesti,Ulqini,Ulqin,Crna Gora,Mali i Zi","potentialAction":[{"@type":"SearchAction","target":{"@type":"EntryPoint","urlTemplate":"https:\/\/www.visit-ulcinj.com\/blog\/?s={search_term_string}"},"query-input":"required name=search_term_string"}],"inLanguage":"en-US"},{"@type":"ImageObject","inLanguage":"en-US","@id":"https:\/\/www.visit-ulcinj.com\/blog\/2010\/07\/11\/ditet-e-nxehta-te-rezarta-shkurtes\/#primaryimage","url":"http:\/\/www.visit-ulcinj.com\/blog\/wp-content\/uploads\/2010\/07\/Rezarta-Shkurta1.jpg","contentUrl":"http:\/\/www.visit-ulcinj.com\/blog\/wp-content\/uploads\/2010\/07\/Rezarta-Shkurta1.jpg"},{"@type":"WebPage","@id":"https:\/\/www.visit-ulcinj.com\/blog\/2010\/07\/11\/ditet-e-nxehta-te-rezarta-shkurtes\/#webpage","url":"https:\/\/www.visit-ulcinj.com\/blog\/2010\/07\/11\/ditet-e-nxehta-te-rezarta-shkurtes\/","name":"Dit\u00ebt e nxehta t\u00eb Rezarta Shkurt\u00ebs - Lajme nga Ulqini","isPartOf":{"@id":"https:\/\/www.visit-ulcinj.com\/blog\/#website"},"primaryImageOfPage":{"@id":"https:\/\/www.visit-ulcinj.com\/blog\/2010\/07\/11\/ditet-e-nxehta-te-rezarta-shkurtes\/#primaryimage"},"datePublished":"2010-07-11T13:08:30+00:00","dateModified":"2010-07-11T13:29:15+00:00","author":{"@id":"https:\/\/www.visit-ulcinj.com\/blog\/#\/schema\/person\/dcab619c614d3038751c63bc2aadc06d"},"description":"Tiran\u00eb, 11 korrik - Me lookun e ri nga bionde n\u00eb brune, madje me flok\u00eb m\u00eb t\u00eb zgjatur, Rezarta Shkurta \u00ebsht\u00eb fokusuar nga paparac\u00ebt n\u00eb pishin\u00eb bashk\u00eb me","breadcrumb":{"@id":"https:\/\/www.visit-ulcinj.com\/blog\/2010\/07\/11\/ditet-e-nxehta-te-rezarta-shkurtes\/#breadcrumb"},"inLanguage":"en-US","potentialAction":[{"@type":"ReadAction","target":["https:\/\/www.visit-ulcinj.com\/blog\/2010\/07\/11\/ditet-e-nxehta-te-rezarta-shkurtes\/"]}]},{"@type":"BreadcrumbList","@id":"https:\/\/www.visit-ulcinj.com\/blog\/2010\/07\/11\/ditet-e-nxehta-te-rezarta-shkurtes\/#breadcrumb","itemListElement":[{"@type":"ListItem","position":1,"name":"Dit\u00ebt e nxehta t\u00eb Rezarta Shkurt\u00ebs"}]},{"@type":"Person","@id":"https:\/\/www.visit-ulcinj.com\/blog\/#\/schema\/person\/dcab619c614d3038751c63bc2aadc06d","name":"ulqini","sameAs":["http:\/\/www.visit-ulcinj.com"],"url":"https:\/\/www.visit-ulcinj.com\/blog\/author\/admin\/"}]}},"jetpack_featured_media_url":"","jetpack_sharing_enabled":true,"jetpack_shortlink":"https:\/\/wp.me\/pe6lTn-9dc","_links":{"self":[{"href":"https:\/\/www.visit-ulcinj.com\/blog\/wp-json\/wp\/v2\/posts\/35414"}],"collection":[{"href":"https:\/\/www.visit-ulcinj.com\/blog\/wp-json\/wp\/v2\/posts"}],"about":[{"href":"https:\/\/www.visit-ulcinj.com\/blog\/wp-json\/wp\/v2\/types\/post"}],"author":[{"embeddable":true,"href":"https:\/\/www.visit-ulcinj.com\/blog\/wp-json\/wp\/v2\/users\/1"}],"replies":[{"embeddable":true,"href":"https:\/\/www.visit-ulcinj.com\/blog\/wp-json\/wp\/v2\/comments?post=35414"}],"version-history":[{"count":0,"href":"https:\/\/www.visit-ulcinj.com\/blog\/wp-json\/wp\/v2\/posts\/35414\/revisions"}],"wp:attachment":[{"href":"https:\/\/www.visit-ulcinj.com\/blog\/wp-json\/wp\/v2\/media?parent=35414"}],"wp:term":[{"taxonomy":"category","embeddable":true,"href":"https:\/\/www.visit-ulcinj.com\/blog\/wp-json\/wp\/v2\/categories?post=35414"},{"taxonomy":"post_tag","embeddable":true,"href":"https:\/\/www.visit-ulcinj.com\/blog\/wp-json\/wp\/v2\/tags?post=35414"}],"curies":[{"name":"wp","href":"https:\/\/api.w.org\/{rel}","templated":true}]}}