{"id":35432,"date":"2010-07-11T16:37:28","date_gmt":"2010-07-11T14:37:28","guid":{"rendered":"http:\/\/www.visit-ulcinj.com\/blog\/?p=35432"},"modified":"2010-07-11T16:42:13","modified_gmt":"2010-07-11T14:42:13","slug":"arta-bajrami-shtatzene-dhe-e-pandalshme","status":"publish","type":"post","link":"https:\/\/www.visit-ulcinj.com\/blog\/2010\/07\/11\/arta-bajrami-shtatzene-dhe-e-pandalshme\/","title":{"rendered":"Arta Bajrami shtatz\u00ebn\u00eb dhe e pandalshme"},"content":{"rendered":"<p><a href=\"http:\/\/www.visit-ulcinj.com\/blog\/wp-content\/uploads\/2010\/07\/Arta-Bajrami-.2.jpg\"><img loading=\"lazy\" class=\"alignleft size-full wp-image-35434\" title=\"Arta Bajrami .2\" src=\"http:\/\/www.visit-ulcinj.com\/blog\/wp-content\/uploads\/2010\/07\/Arta-Bajrami-.2.jpg\" alt=\"Arta Bajrami .2\" width=\"490\" height=\"390\" \/><\/a>K\u00ebng\u00ebtarja kosovare Arta Bajrami s\u00eb fundi ka lansuar nj\u00eb video-klip t\u00eb ri, ku v\u00ebrehet qart\u00eb edhe barku i fryr\u00eb i saj.<br \/>\nB\u00ebhet fjal\u00eb p\u00ebr k\u00ebng\u00ebn e titulluar \u201cN\u00ebse ty\u2026\u201d, q\u00eb \u00ebsht\u00eb realizuar nga \u201cMax Production\u201d, n\u00eb Tiran\u00eb.<br \/>\nInteresante n\u00eb k\u00ebt\u00eb klip \u00ebsht\u00eb se pavar\u00ebsisht barkut t\u00eb zmadhuar t\u00eb k\u00ebng\u00ebtares, q\u00eb bie leht\u00eb n\u00eb sy, ajo nuk ka ndryshuar asgj\u00eb nga ekstravaganca e saj, vet\u00ebm se k\u00ebsaj radhe paraqitet me flok\u00eb t\u00eb zeza.<br \/>\nMe sa duket k\u00ebng\u00ebtarja \u00ebsht\u00eb duke kaluar nj\u00eb shtatz\u00ebni t\u00eb qet\u00eb dhe pa probleme pasi edhe n\u00eb klip ka vazhduar performancat me k\u00ebrcime spektakolare. Arta \u00ebsht\u00eb e martuar me Xhimi Sekira\u00e7\u00ebn, nj\u00eb biznesmen nga Kosova i cili jeton n\u00eb Germani.<\/p>\n<p><br \/>\n<!--YouTube Error: bad URL entered--><\/p>\n","protected":false},"excerpt":{"rendered":"<p>K\u00ebng\u00ebtarja kosovare Arta Bajrami s\u00eb fundi ka lansuar nj\u00eb video-klip t\u00eb ri, ku v\u00ebrehet qart\u00eb edhe barku i fryr\u00eb i saj. B\u00ebhet fjal\u00eb p\u00ebr k\u00ebng\u00ebn e titulluar \u201cN\u00ebse ty\u2026\u201d, q\u00eb \u00ebsht\u00eb realizuar nga \u201cMax Production\u201d, n\u00eb Tiran\u00eb. Interesante n\u00eb k\u00ebt\u00eb klip \u00ebsht\u00eb se pavar\u00ebsisht barkut t\u00eb zmadhuar t\u00eb k\u00ebng\u00ebtares, q\u00eb bie leht\u00eb n\u00eb sy, ajo [&hellip;]<\/p>\n","protected":false},"author":1,"featured_media":0,"comment_status":"open","ping_status":"closed","sticky":false,"template":"","format":"standard","meta":{"spay_email":"","jetpack_publicize_message":"","jetpack_is_tweetstorm":false,"jetpack_publicize_feature_enabled":true},"categories":[1],"tags":[4955,14884],"jetpack_publicize_connections":[],"yoast_head":"<!-- This site is optimized with the Yoast SEO plugin v19.1 - https:\/\/yoast.com\/wordpress\/plugins\/seo\/ -->\n<title>Arta Bajrami shtatz\u00ebn\u00eb dhe e pandalshme - Lajme nga Ulqini<\/title>\n<meta name=\"description\" content=\"K\u00ebng\u00ebtarja kosovare Arta Bajrami s\u00eb fundi ka lansuar nj\u00eb video-klip t\u00eb ri, ku v\u00ebrehet qart\u00eb edhe barku i fryr\u00eb i saj. B\u00ebhet fjal\u00eb p\u00ebr k\u00ebng\u00ebn e titulluar\" \/>\n<meta name=\"robots\" content=\"index, follow, max-snippet:-1, max-image-preview:large, max-video-preview:-1\" \/>\n<link rel=\"canonical\" href=\"https:\/\/www.visit-ulcinj.com\/blog\/2010\/07\/11\/arta-bajrami-shtatzene-dhe-e-pandalshme\/\" \/>\n<meta property=\"og:locale\" content=\"en_US\" \/>\n<meta property=\"og:type\" content=\"article\" \/>\n<meta property=\"og:title\" content=\"Arta Bajrami shtatz\u00ebn\u00eb dhe e pandalshme - Lajme nga Ulqini\" \/>\n<meta property=\"og:description\" content=\"K\u00ebng\u00ebtarja kosovare Arta Bajrami s\u00eb fundi ka lansuar nj\u00eb video-klip t\u00eb ri, ku v\u00ebrehet qart\u00eb edhe barku i fryr\u00eb i saj. B\u00ebhet fjal\u00eb p\u00ebr k\u00ebng\u00ebn e titulluar\" \/>\n<meta property=\"og:url\" content=\"https:\/\/www.visit-ulcinj.com\/blog\/2010\/07\/11\/arta-bajrami-shtatzene-dhe-e-pandalshme\/\" \/>\n<meta property=\"og:site_name\" content=\"Lajme nga Ulqini\" \/>\n<meta property=\"article:published_time\" content=\"2010-07-11T14:37:28+00:00\" \/>\n<meta property=\"article:modified_time\" content=\"2010-07-11T14:42:13+00:00\" \/>\n<meta property=\"og:image\" content=\"https:\/\/www.visit-ulcinj.com\/blog\/wp-content\/uploads\/2010\/07\/Arta-Bajrami-.1-150x150.jpg\" \/>\n<meta name=\"twitter:label1\" content=\"Written by\" \/>\n\t<meta name=\"twitter:data1\" content=\"ulqini\" \/>\n\t<meta name=\"twitter:label2\" content=\"Est. reading time\" \/>\n\t<meta name=\"twitter:data2\" content=\"1 minute\" \/>\n<script type=\"application\/ld+json\" class=\"yoast-schema-graph\">{\"@context\":\"https:\/\/schema.org\",\"@graph\":[{\"@type\":\"WebSite\",\"@id\":\"https:\/\/www.visit-ulcinj.com\/blog\/#website\",\"url\":\"https:\/\/www.visit-ulcinj.com\/blog\/\",\"name\":\"Lajme nga Ulqini\",\"description\":\"Lajme,Vijesti,Ulqini,Ulqin,Crna Gora,Mali i Zi\",\"potentialAction\":[{\"@type\":\"SearchAction\",\"target\":{\"@type\":\"EntryPoint\",\"urlTemplate\":\"https:\/\/www.visit-ulcinj.com\/blog\/?s={search_term_string}\"},\"query-input\":\"required name=search_term_string\"}],\"inLanguage\":\"en-US\"},{\"@type\":\"ImageObject\",\"inLanguage\":\"en-US\",\"@id\":\"https:\/\/www.visit-ulcinj.com\/blog\/2010\/07\/11\/arta-bajrami-shtatzene-dhe-e-pandalshme\/#primaryimage\",\"url\":\"http:\/\/www.visit-ulcinj.com\/blog\/wp-content\/uploads\/2010\/07\/Arta-Bajrami-.2.jpg\",\"contentUrl\":\"http:\/\/www.visit-ulcinj.com\/blog\/wp-content\/uploads\/2010\/07\/Arta-Bajrami-.2.jpg\"},{\"@type\":\"WebPage\",\"@id\":\"https:\/\/www.visit-ulcinj.com\/blog\/2010\/07\/11\/arta-bajrami-shtatzene-dhe-e-pandalshme\/#webpage\",\"url\":\"https:\/\/www.visit-ulcinj.com\/blog\/2010\/07\/11\/arta-bajrami-shtatzene-dhe-e-pandalshme\/\",\"name\":\"Arta Bajrami shtatz\u00ebn\u00eb dhe e pandalshme - Lajme nga Ulqini\",\"isPartOf\":{\"@id\":\"https:\/\/www.visit-ulcinj.com\/blog\/#website\"},\"primaryImageOfPage\":{\"@id\":\"https:\/\/www.visit-ulcinj.com\/blog\/2010\/07\/11\/arta-bajrami-shtatzene-dhe-e-pandalshme\/#primaryimage\"},\"datePublished\":\"2010-07-11T14:37:28+00:00\",\"dateModified\":\"2010-07-11T14:42:13+00:00\",\"author\":{\"@id\":\"https:\/\/www.visit-ulcinj.com\/blog\/#\/schema\/person\/dcab619c614d3038751c63bc2aadc06d\"},\"description\":\"K\u00ebng\u00ebtarja kosovare Arta Bajrami s\u00eb fundi ka lansuar nj\u00eb video-klip t\u00eb ri, ku v\u00ebrehet qart\u00eb edhe barku i fryr\u00eb i saj. B\u00ebhet fjal\u00eb p\u00ebr k\u00ebng\u00ebn e titulluar\",\"breadcrumb\":{\"@id\":\"https:\/\/www.visit-ulcinj.com\/blog\/2010\/07\/11\/arta-bajrami-shtatzene-dhe-e-pandalshme\/#breadcrumb\"},\"inLanguage\":\"en-US\",\"potentialAction\":[{\"@type\":\"ReadAction\",\"target\":[\"https:\/\/www.visit-ulcinj.com\/blog\/2010\/07\/11\/arta-bajrami-shtatzene-dhe-e-pandalshme\/\"]}]},{\"@type\":\"BreadcrumbList\",\"@id\":\"https:\/\/www.visit-ulcinj.com\/blog\/2010\/07\/11\/arta-bajrami-shtatzene-dhe-e-pandalshme\/#breadcrumb\",\"itemListElement\":[{\"@type\":\"ListItem\",\"position\":1,\"name\":\"Arta Bajrami shtatz\u00ebn\u00eb dhe e pandalshme\"}]},{\"@type\":\"Person\",\"@id\":\"https:\/\/www.visit-ulcinj.com\/blog\/#\/schema\/person\/dcab619c614d3038751c63bc2aadc06d\",\"name\":\"ulqini\",\"sameAs\":[\"http:\/\/www.visit-ulcinj.com\"],\"url\":\"https:\/\/www.visit-ulcinj.com\/blog\/author\/admin\/\"}]}<\/script>\n<!-- \/ Yoast SEO plugin. -->","yoast_head_json":{"title":"Arta Bajrami shtatz\u00ebn\u00eb dhe e pandalshme - Lajme nga Ulqini","description":"K\u00ebng\u00ebtarja kosovare Arta Bajrami s\u00eb fundi ka lansuar nj\u00eb video-klip t\u00eb ri, ku v\u00ebrehet qart\u00eb edhe barku i fryr\u00eb i saj. B\u00ebhet fjal\u00eb p\u00ebr k\u00ebng\u00ebn e titulluar","robots":{"index":"index","follow":"follow","max-snippet":"max-snippet:-1","max-image-preview":"max-image-preview:large","max-video-preview":"max-video-preview:-1"},"canonical":"https:\/\/www.visit-ulcinj.com\/blog\/2010\/07\/11\/arta-bajrami-shtatzene-dhe-e-pandalshme\/","og_locale":"en_US","og_type":"article","og_title":"Arta Bajrami shtatz\u00ebn\u00eb dhe e pandalshme - Lajme nga Ulqini","og_description":"K\u00ebng\u00ebtarja kosovare Arta Bajrami s\u00eb fundi ka lansuar nj\u00eb video-klip t\u00eb ri, ku v\u00ebrehet qart\u00eb edhe barku i fryr\u00eb i saj. B\u00ebhet fjal\u00eb p\u00ebr k\u00ebng\u00ebn e titulluar","og_url":"https:\/\/www.visit-ulcinj.com\/blog\/2010\/07\/11\/arta-bajrami-shtatzene-dhe-e-pandalshme\/","og_site_name":"Lajme nga Ulqini","article_published_time":"2010-07-11T14:37:28+00:00","article_modified_time":"2010-07-11T14:42:13+00:00","og_image":[{"url":"https:\/\/www.visit-ulcinj.com\/blog\/wp-content\/uploads\/2010\/07\/Arta-Bajrami-.1-150x150.jpg"}],"twitter_misc":{"Written by":"ulqini","Est. reading time":"1 minute"},"schema":{"@context":"https:\/\/schema.org","@graph":[{"@type":"WebSite","@id":"https:\/\/www.visit-ulcinj.com\/blog\/#website","url":"https:\/\/www.visit-ulcinj.com\/blog\/","name":"Lajme nga Ulqini","description":"Lajme,Vijesti,Ulqini,Ulqin,Crna Gora,Mali i Zi","potentialAction":[{"@type":"SearchAction","target":{"@type":"EntryPoint","urlTemplate":"https:\/\/www.visit-ulcinj.com\/blog\/?s={search_term_string}"},"query-input":"required name=search_term_string"}],"inLanguage":"en-US"},{"@type":"ImageObject","inLanguage":"en-US","@id":"https:\/\/www.visit-ulcinj.com\/blog\/2010\/07\/11\/arta-bajrami-shtatzene-dhe-e-pandalshme\/#primaryimage","url":"http:\/\/www.visit-ulcinj.com\/blog\/wp-content\/uploads\/2010\/07\/Arta-Bajrami-.2.jpg","contentUrl":"http:\/\/www.visit-ulcinj.com\/blog\/wp-content\/uploads\/2010\/07\/Arta-Bajrami-.2.jpg"},{"@type":"WebPage","@id":"https:\/\/www.visit-ulcinj.com\/blog\/2010\/07\/11\/arta-bajrami-shtatzene-dhe-e-pandalshme\/#webpage","url":"https:\/\/www.visit-ulcinj.com\/blog\/2010\/07\/11\/arta-bajrami-shtatzene-dhe-e-pandalshme\/","name":"Arta Bajrami shtatz\u00ebn\u00eb dhe e pandalshme - Lajme nga Ulqini","isPartOf":{"@id":"https:\/\/www.visit-ulcinj.com\/blog\/#website"},"primaryImageOfPage":{"@id":"https:\/\/www.visit-ulcinj.com\/blog\/2010\/07\/11\/arta-bajrami-shtatzene-dhe-e-pandalshme\/#primaryimage"},"datePublished":"2010-07-11T14:37:28+00:00","dateModified":"2010-07-11T14:42:13+00:00","author":{"@id":"https:\/\/www.visit-ulcinj.com\/blog\/#\/schema\/person\/dcab619c614d3038751c63bc2aadc06d"},"description":"K\u00ebng\u00ebtarja kosovare Arta Bajrami s\u00eb fundi ka lansuar nj\u00eb video-klip t\u00eb ri, ku v\u00ebrehet qart\u00eb edhe barku i fryr\u00eb i saj. B\u00ebhet fjal\u00eb p\u00ebr k\u00ebng\u00ebn e titulluar","breadcrumb":{"@id":"https:\/\/www.visit-ulcinj.com\/blog\/2010\/07\/11\/arta-bajrami-shtatzene-dhe-e-pandalshme\/#breadcrumb"},"inLanguage":"en-US","potentialAction":[{"@type":"ReadAction","target":["https:\/\/www.visit-ulcinj.com\/blog\/2010\/07\/11\/arta-bajrami-shtatzene-dhe-e-pandalshme\/"]}]},{"@type":"BreadcrumbList","@id":"https:\/\/www.visit-ulcinj.com\/blog\/2010\/07\/11\/arta-bajrami-shtatzene-dhe-e-pandalshme\/#breadcrumb","itemListElement":[{"@type":"ListItem","position":1,"name":"Arta Bajrami shtatz\u00ebn\u00eb dhe e pandalshme"}]},{"@type":"Person","@id":"https:\/\/www.visit-ulcinj.com\/blog\/#\/schema\/person\/dcab619c614d3038751c63bc2aadc06d","name":"ulqini","sameAs":["http:\/\/www.visit-ulcinj.com"],"url":"https:\/\/www.visit-ulcinj.com\/blog\/author\/admin\/"}]}},"jetpack_featured_media_url":"","jetpack_sharing_enabled":true,"jetpack_shortlink":"https:\/\/wp.me\/pe6lTn-9du","_links":{"self":[{"href":"https:\/\/www.visit-ulcinj.com\/blog\/wp-json\/wp\/v2\/posts\/35432"}],"collection":[{"href":"https:\/\/www.visit-ulcinj.com\/blog\/wp-json\/wp\/v2\/posts"}],"about":[{"href":"https:\/\/www.visit-ulcinj.com\/blog\/wp-json\/wp\/v2\/types\/post"}],"author":[{"embeddable":true,"href":"https:\/\/www.visit-ulcinj.com\/blog\/wp-json\/wp\/v2\/users\/1"}],"replies":[{"embeddable":true,"href":"https:\/\/www.visit-ulcinj.com\/blog\/wp-json\/wp\/v2\/comments?post=35432"}],"version-history":[{"count":0,"href":"https:\/\/www.visit-ulcinj.com\/blog\/wp-json\/wp\/v2\/posts\/35432\/revisions"}],"wp:attachment":[{"href":"https:\/\/www.visit-ulcinj.com\/blog\/wp-json\/wp\/v2\/media?parent=35432"}],"wp:term":[{"taxonomy":"category","embeddable":true,"href":"https:\/\/www.visit-ulcinj.com\/blog\/wp-json\/wp\/v2\/categories?post=35432"},{"taxonomy":"post_tag","embeddable":true,"href":"https:\/\/www.visit-ulcinj.com\/blog\/wp-json\/wp\/v2\/tags?post=35432"}],"curies":[{"name":"wp","href":"https:\/\/api.w.org\/{rel}","templated":true}]}}